{"id":11079,"__str__":"Despacho - Inclus\u00e3o na pauta para discuss\u00e3o e an\u00e1lise de 21/05/2025 por Presidente da CLJR","link_detail_backend":"/materia/documentoacessorio/11079","metadata":{},"nome":"Inclus\u00e3o na pauta para discuss\u00e3o e an\u00e1lise","data":"2025-05-21","autor":"Presidente da CLJR","ementa":"Tendo em vista o recebimento da Den\u00fancia n\u00ba 22/2025, recebida pelo servi\u00e7o de Ouvidoria online da C\u00e2mara Municipal de Piumhi em 16/05/2025, \u00e0s 19h31 \u2013 Assunto: Desvio de fun\u00e7\u00e3o na Secretaria Municipal de Sa\u00fade P\u00fablica, DETERMINO a inclus\u00e3o da Den\u00fancia n\u00ba 22/2025 na pauta da pr\u00f3xima reuni\u00e3o da Comiss\u00e3o de Legisla\u00e7\u00e3o, Justi\u00e7a e Reda\u00e7\u00e3o \u2013 CLJR para discuss\u00e3o e an\u00e1lise.\r\nPublique-se e cumpra-se.","indexacao":"Discuss\u00e3o an\u00e1lise Den\u00fancia 22/2025","arquivo":"http://sapl.piumhi.mg.leg.br/media/sapl/public/documentoacessorio/2025/11079/2025-05-21_desp_reu_cljr_den_22_proc_47.pdf","data_ultima_atualizacao":"2025-05-21T15:38:40.990152-03:00","materia":7711,"tipo":7}