{"id":11193,"__str__":"Edital de Convoca\u00e7\u00e3o - Pauta 12\u00aa Reuni\u00e3o Ordin\u00e1ria Conjunta de 04/06/2025 por Presidentes da CLJR, CFO, CSPPMUC e CSS","link_detail_backend":"/materia/documentoacessorio/11193","metadata":{},"nome":"Pauta 12\u00aa Reuni\u00e3o Ordin\u00e1ria Conjunta","data":"2025-06-04","autor":"Presidentes da CLJR, CFO, CSPPMUC e CSS","ementa":"Os Vereadores Presidentes da Comiss\u00e3o de Legisla\u00e7\u00e3o, Justi\u00e7a e Reda\u00e7\u00e3o \u2013 CLJR, da Comiss\u00e3o de Finan\u00e7as e Or\u00e7amento \u2013 CFO, da Comiss\u00e3o de Servi\u00e7os e Pol\u00edticas P\u00fablicas Municipais, Urbanismo e Cidadania - CSPPMUC e da Comiss\u00e3o de Sa\u00fade e Saneamento \u2013 CSS, no uso de suas atribui\u00e7\u00f5es regimentais, convocam os demais membros para se reunirem no dia 05/06/2025 (quinta-feira), \u00e0s 17h, no Plenarinho \u201cVereador Prof. Osmar Rezende da Silva\u201d da C\u00e2mara Municipal de Piumhi, com o objetivo de apreciar a seguinte pauta: \r\nEm conjunto: Comiss\u00e3o de Legisla\u00e7\u00e3o, Justi\u00e7a e Reda\u00e7\u00e3o \u2013 CLJR, Comiss\u00e3o de Servi\u00e7os e Pol\u00edticas P\u00fablicas Municipais, Urbanismo e Cidadania \u2013 CSPPMUC e Comiss\u00e3o de Sa\u00fade e Saneamento - CSS:\r\nI - Discuss\u00e3o e an\u00e1lise do Projeto de Lei n\u00ba 36/2025, de autoria do Vereador Jo\u00e3o Marcos Macedo Silveira, que \u201cAltera a Lei Municipal n\u00b0 2.705/2023, que inclui no Calend\u00e1rio Oficial do Munic\u00edpio de Piumhi o Dia Municipal do Orgulho Autista e d\u00e1 outras provid\u00eancias\u201d.","indexacao":"an\u00e1lise do Projeto de Lei n\u00ba 36/2025","arquivo":"http://sapl.piumhi.mg.leg.br/media/sapl/public/documentoacessorio/2025/11193/2025-06-04_ed_conv_12a_reu_ord_conj_comissoes.pdf","data_ultima_atualizacao":"2025-06-05T12:21:12.466730-03:00","materia":7631,"tipo":17}