{"id":12901,"__str__":"Despacho - C\u00f3pia Desp. Inclus\u00e3o pauta Req. 39 e PRE 2 delib. de 18/03/2026 por Presidente da C\u00e2mara Municipal de Piumhi","link_detail_backend":"/materia/documentoacessorio/12901","metadata":{},"nome":"C\u00f3pia Desp. Inclus\u00e3o pauta Req. 39 e PRE 2 delib.","data":"2026-03-18","autor":"Presidente da C\u00e2mara Municipal de Piumhi","ementa":"Acuso o recebimento do Parecer n\u00ba 17/2026, de autoria da Comiss\u00e3o de Legisla\u00e7\u00e3o, Justi\u00e7a e Reda\u00e7\u00e3o \u2013 CLJR, referente ao Projeto de Resolu\u00e7\u00e3o n\u00ba 2/2026, da lavra da Comiss\u00e3o de Finan\u00e7as e Or\u00e7amento - CFO, que \u201cDisp\u00f5e sobre a aprova\u00e7\u00e3o do Parecer Pr\u00e9vio, processo n\u00ba 1188887, do Tribunal de Contas do Estado de Minas Gerais, referente \u00e0s Contas do Executivo Municipal do exerc\u00edcio de 2024 e d\u00e1 outras provid\u00eancias\u201d, bem como do Requerimento n\u00ba 39/2025, de autoria da CLJR, para delibera\u00e7\u00e3o do Projeto de Resolu\u00e7\u00e3o n\u00ba 2/2026 em \u00fanica discuss\u00e3o e vota\u00e7\u00e3o na Sess\u00e3o Extraordin\u00e1ria de Julgamento da Presta\u00e7\u00e3o de Contas do Poder Executivo Municipal \u2013 exerc\u00edcio de 2024, processo n\u00ba 1188887, a ser realizada no dia 31/03/2026 (ter\u00e7a-feira), \u00e0s 18h30, conforme Portaria n\u00ba 10, de 6 de fevereiro de 2026, que \u201cDisp\u00f5e sobre intima\u00e7\u00e3o do Chefe do Poder Executivo Municipal referente \u00e0 aprova\u00e7\u00e3o das Contas do exerc\u00edcio 2024 e d\u00e1 outras provid\u00eancias\u201d.\r\nDetermino a inclus\u00e3o do Requerimento n\u00ba 39/2025 e do Projeto de Resolu\u00e7\u00e3o n\u00ba 2/2026 na pauta da ordem do dia da 5\u00aa Sess\u00e3o Extraordin\u00e1ria, a ser realizada no dia 31 de mar\u00e7o de 2026 (ter\u00e7a-feira), \u00e0s 18h30, para delibera\u00e7\u00e3o plen\u00e1ria, com expedi\u00e7\u00e3o do Edital de Convoca\u00e7\u00e3o aos nobres Vereadores para a referida sess\u00e3o.\r\nPublique-se e cumpra-se.","indexacao":"delibera\u00e7\u00e3o plen\u00e1ria Requerimento n\u00ba 39/2025 Projeto de Resolu\u00e7\u00e3o n\u00ba 2/2026 5\u00aa Sess\u00e3o Extraordin\u00e1ria","arquivo":"http://sapl.piumhi.mg.leg.br/media/sapl/public/documentoacessorio/2025/12901/2026-03-18_copia_desp_req_39_turno_unico_pre_2.pdf","data_ultima_atualizacao":"2026-03-20T15:38:34.129479-03:00","materia":8438,"tipo":7}