{"id":2363,"__str__":"Despacho - Inclus\u00e3o na pauta para discuss\u00e3o e an\u00e1lise de 03/12/2019 por CLJR e CFO","link_detail_backend":"/materia/documentoacessorio/2363","metadata":{},"nome":"Inclus\u00e3o na pauta para discuss\u00e3o e an\u00e1lise","data":"2019-12-03","autor":"CLJR e CFO","ementa":"Tendo em vista o in\u00edcio do recesso parlamentar previsto para o dia 16/12/2019 e, considerando que no dia 09/12/2019 ser\u00e1 a \u00faltima Sess\u00e3o Ordin\u00e1ria da 3\u00aa Sess\u00e3o Legislativa Ordin\u00e1ria. DETERMINO a inclus\u00e3o do presente projeto na pauta da 27\u00aa Reuni\u00e3o Ordin\u00e1ria Conjunta da Comiss\u00e3o de Legisla\u00e7\u00e3o, Justi\u00e7a e Reda\u00e7\u00e3o, Comiss\u00e3o de Finan\u00e7as e Or\u00e7amento e Comiss\u00e3o de Servi\u00e7os e Pol\u00edticas P\u00fablicas Municipais, Urbanismo e Cidadania a ser realizada no dia 04 de dezembro de 2019 (quarta-feira), \u00e0s 17h, para discuss\u00e3o e an\u00e1lise. Publique-se e cumpra-se.","indexacao":"discuss\u00e3o e an\u00e1lise altera a lei di\u00e1rias agentes pol\u00edticos e servidores municipais","arquivo":"http://sapl.piumhi.mg.leg.br/media/sapl/public/documentoacessorio/2019/2363/despacho_discussao_e_analise.pdf","data_ultima_atualizacao":"2020-10-19T09:11:00.996780-03:00","materia":1351,"tipo":7}