{"id":2443,"__str__":"Despacho - Inclus\u00e3o na Pauta - 1\u00aa/\u00danica Discuss\u00e3o e Vota\u00e7\u00e3o de 19/12/2019 por Presidente da C\u00e2mara Municipal de Piumhi","link_detail_backend":"/materia/documentoacessorio/2443","metadata":{},"nome":"Inclus\u00e3o na Pauta - 1\u00aa/\u00danica Discuss\u00e3o e Vota\u00e7\u00e3o","data":"2019-12-19","autor":"Presidente da C\u00e2mara Municipal de Piumhi","ementa":"Tendo em vista a emiss\u00e3o de Pareceres pela Assessoria Jur\u00eddica desta Casa Legislativa, bem como pela Comiss\u00e3o de Legisla\u00e7\u00e3o, Justi\u00e7a e Reda\u00e7\u00e3o. Comiss\u00e3o de Finan\u00e7as e Or\u00e7amento e Comiss\u00e3o de Servi\u00e7os e Pol\u00edticas P\u00fablicas Municipais, Urbanismo e Cidadania, determino a inclus\u00e3o do Requerimento n\u00b0 181/2019 e do referido projeto na pauta da ordem do dia da 11\u00aa Sess\u00e3o Extraordin\u00e1ria a ser realizada no dia 20/12/2019 (sexta-feira) \u00e0s 18h. para delibera\u00e7\u00e3o plen\u00e1ria. Publique-se e cumpra-se.","indexacao":"delibera\u00e7\u00e3o desafeta\u00e7\u00e3o de bem p\u00fablico e autoriza\u00e7\u00e3o para doa\u00e7\u00e3o \u00e0 Uni\u00e3o Federal","arquivo":"http://sapl.piumhi.mg.leg.br/media/sapl/public/documentoacessorio/2019/2443/despacho_deliberacao.pdf","data_ultima_atualizacao":"2020-10-27T09:16:21.345195-03:00","materia":1432,"tipo":7}