{"id":3610,"__str__":"Despacho - Deferimento do Requerimento 068/2021 de 14/05/2021 por Presidente da C\u00e2mara Municipal de Piumhi","link_detail_backend":"/materia/documentoacessorio/3610","metadata":{},"nome":"Deferimento do Requerimento 068/2021","data":"2021-05-14","autor":"Presidente da C\u00e2mara Municipal de Piumhi","ementa":"Acuso o recebimento do Requerimento n\u00b0 068/2021, de autoria da COMISS\u00c3O DE LEGISLA\u00c7\u00c3O, JUSTI\u00c7A E REDA\u00c7\u00c3O E COMISS\u00c3O DE SERVI\u00c7OS E POL\u00cdTICAS P\u00daBLICAS MUNICIPAIS, URBANISMO E CIDADANIA, e, DEFIRO:\r\n- A tramita\u00e7\u00e3o de forma conjunta entre estas Comiss\u00f5es Permanentes do Projeto de Lei n\u00b0 033 que \u201cInstitui a Semana Municipal de Valoriza\u00e7\u00e3o da Vida e Preven\u00e7\u00e3o do Suic\u00eddio no Munic\u00edpio de Piumhi e d\u00e1 outras provid\u00eancias\u201d.","indexacao":"Tramita\u00e7\u00e3o Conjunta Projeto de Lei 033 2021","arquivo":"http://sapl.piumhi.mg.leg.br/media/sapl/public/documentoacessorio/2021/3610/2021-05-14_despreq068.forconjpl033.pdf","data_ultima_atualizacao":"2021-06-24T10:43:18.869599-03:00","materia":3296,"tipo":7}