{"id":3688,"__str__":"Despacho - Inclus\u00e3o na Ordem do Dia para 1\u00aa vota\u00e7\u00e3o de 01/07/2021 por Presidente da C\u00e2mara Municipal de Piumhi","link_detail_backend":"/materia/documentoacessorio/3688","metadata":{},"nome":"Inclus\u00e3o na Ordem do Dia para 1\u00aa vota\u00e7\u00e3o","data":"2021-07-01","autor":"Presidente da C\u00e2mara Municipal de Piumhi","ementa":"Acuso o recebimento do Parecer Jur\u00eddico n\u00ba 049/2021, protocolizado nesta Casa Legislativa no dia 28 de maio de 2021, referente ao Projeto de Lei n\u00ba 036/2021 que \u201cInclui no Calend\u00e1rio Oficial do Munic\u00edpio de Piumhi o dia 12 de maio como o dia Municipal do Profissional de Sa\u00fade e d\u00e1 outras provid\u00eancias\u201d, e Parecer n\u00ba 055/2021 da Comiss\u00e3o de Legisla\u00e7\u00e3o, Justi\u00e7a e Reda\u00e7\u00e3o e Comiss\u00e3o de Servi\u00e7os e Pol\u00edticas P\u00fablicas Municipais, Urbanismo e Cidadania protocolizado no dia 25 de junho de 2021. Determino a inclus\u00e3o do Projeto de Lei n\u00ba 036/2021 na pauta da ordem do dia da 27\u00aa Sess\u00e3o Ordin\u00e1ria, a ser realizada no dia 5 de julho de 2021 (segunda-feira), \u00e0s 19h30, para primeira delibera\u00e7\u00e3o plen\u00e1ria. Publique-se e cumpra-se.","indexacao":"inclus\u00e3o projeto pauta","arquivo":"http://sapl.piumhi.mg.leg.br/media/sapl/public/documentoacessorio/2021/3688/2021-07-01_despinclpauta1o_turno_pl036.pdf","data_ultima_atualizacao":"2021-07-02T11:55:48.930879-03:00","materia":3265,"tipo":7}