{"id":5793,"__str__":"Edital de Convoca\u00e7\u00e3o - Edital de Convoca\u00e7\u00e3o 26\u00aa Reuni\u00e3o Ordin\u00e1ria Conj. de 26/11/2019 por Presidente da CFO","link_detail_backend":"/materia/documentoacessorio/5793","metadata":{},"nome":"Edital de Convoca\u00e7\u00e3o 26\u00aa Reuni\u00e3o Ordin\u00e1ria Conj.","data":"2019-11-26","autor":"Presidente da CFO","ementa":"0 Vereador, Jos\u00e9 Seabra de Oliveira, Presidente da Comiss\u00e3o de Finan\u00e7as e Or\u00e7amento, no uso de suas atribui\u00e7\u00f5es regimentais, convoca os Vereadores: Jos\u00e9 Ant\u00f4nio Camargo J\u00fanior (Vice-Presidente da C.F.O); Ant\u00f4nio Fernando Gomes (Secret\u00e1rio/Relator da C.F.O) e Magno Manoel Marques (Suplente da C.F.O). para a 26a Reuni\u00e3o Ordin\u00e1ria Conjunta da Comiss\u00e3o de Finan\u00e7as e Or\u00e7amento, Comiss\u00e3o de Legisla\u00e7\u00e3o, Justi\u00e7a e Reda\u00e7\u00e3o e Comiss\u00e3o de Servi\u00e7os e Pol\u00edticas P\u00fablicas Municipais, Urbanismo e Cidadania, a ser realizada no dia 27/11/2019 (quarta-feira), \u00e0s 15:30hs. no Plenarinho da C\u00e2mara Municipal de Piumhi, com o objetivo de apreciar a seguinte pauta:\r\nIV - An\u00e1lise e emiss\u00e3o de Parecer referente \u00e0 Presta\u00e7\u00e3o de Contas do Munic\u00edpio de Piumhi relativamente ao Exerc\u00edcio de 2014, Processo n\u00b0 958815 - em apenso: 1007832 (Pedido\r\nde Reexame)","indexacao":"convoca\u00e7\u00e3o para reuni\u00e3o ordin\u00e1ria","arquivo":"http://sapl.piumhi.mg.leg.br/media/sapl/public/documentoacessorio/2019/5793/edital_de_convocacao_26a_reuniao_ord_conj_cfo_csppmuc_cljr_27112019.pdf","data_ultima_atualizacao":"2022-09-30T15:05:04.629935-03:00","materia":1239,"tipo":17}