{"id":681,"__str__":"Proposi\u00e7\u00e3o de Lei - 47 de 09/10/2018 por Presidente C\u00e2mara Municipal de Piumhi","link_detail_backend":"/materia/documentoacessorio/681","metadata":{},"nome":"47","data":"2018-10-09","autor":"Presidente C\u00e2mara Municipal de Piumhi","ementa":"\u201cAssegura vagas na Educa\u00e7\u00e3o Infantil e Fundamental I da Educa\u00e7\u00e3o B\u00e1sica aos alunos acometidos pelo Transtorno do Espectro Autista e d\u00e1 outras provid\u00eancias\u201d.","indexacao":"","arquivo":"http://sapl.piumhi.mg.leg.br/media/sapl/public/documentoacessorio/2018/681/proposicao_de_lei_no_47_-_2018i.pdf","data_ultima_atualizacao":"2019-03-21T10:51:22.523801-03:00","materia":842,"tipo":10}