{"id":7987,"__str__":"Despacho - Inclus\u00e3o na Pauta - 2\u00aa discuss\u00e3o e vota\u00e7\u00e3o de 05/12/2023 por Presidente da C\u00e2mara Municipal de Piumhi","link_detail_backend":"/materia/documentoacessorio/7987","metadata":{},"nome":"Inclus\u00e3o na Pauta - 2\u00aa discuss\u00e3o e vota\u00e7\u00e3o","data":"2023-12-05","autor":"Presidente da C\u00e2mara Municipal de Piumhi","ementa":"Tendo em vista a aprova\u00e7\u00e3o em \u00fanica discuss\u00e3o e vota\u00e7\u00e3o das Emendas Gerais n\u00b0 014/2023 ao n\u00b0 022/2023, contendo as Emendas Impositivas n\u00b0s 01 a 09 Projeto de Lei n\u00b0 057/2023, bem como em 1\u00ba turno do referido projeto, todos por 7 (sete) votos, na 41\u00aa Sess\u00e3o Ordin\u00e1ria, realizada no dia 4 de dezembro de 2023, determino a inclus\u00e3o do Projeto de Lei n\u00b0 057/2023 na pauta da ordem do dia da 42\u00aa Sess\u00e3o Ordin\u00e1ria, a ser realizada no dia 12 de dezembro de 2023 (ter\u00e7a-feira), conforme disp\u00f5e a altera\u00e7\u00e3o expressa na Portaria n\u00b0 049, de 4 de dezembro de 2023, para 2\u00aa discuss\u00e3o e vota\u00e7\u00e3o,\r\nPublique-se e cumpra-se.","indexacao":"Inclus\u00e3o pauta segundo turno","arquivo":"http://sapl.piumhi.mg.leg.br/media/sapl/public/documentoacessorio/2023/7987/2023-12-05_desp_pauta_2o_turno_pl_057.pdf","data_ultima_atualizacao":"2023-12-05T16:50:41.664535-03:00","materia":5608,"tipo":7}