{"id":9313,"__str__":"Despacho - Inclus\u00e3o na pauta para discuss\u00e3o e an\u00e1lise de 10/09/2024 por Presidentes da CLJR e CFO","link_detail_backend":"/materia/documentoacessorio/9313","metadata":{},"nome":"Inclus\u00e3o na pauta para discuss\u00e3o e an\u00e1lise","data":"2024-09-10","autor":"Presidentes da CLJR e CFO","ementa":"Acusamos o recebimento, no prazo regimental, do Parecer n\u00ba 043/2024, de autoria do Secret\u00e1rio/Relator da Comiss\u00e3o de Legisla\u00e7\u00e3o, Justi\u00e7a e Reda\u00e7\u00e3o (CLJR), Vereador Gilvan Ant\u00f4nio da Silva, e do Secret\u00e1rio/Relator da Comiss\u00e3o de Finan\u00e7as e Or\u00e7amento (CFO), Vereador Jo\u00e3o Marcos Macedo Silveira, referentes ao Projeto de Lei n\u00ba 028/2024, que \u201cDisp\u00f5e sobre a fixa\u00e7\u00e3o do valor dos subs\u00eddios mensais do Prefeito, Vice-prefeito e Secret\u00e1rios Municipais para o quadri\u00eanio 2025/2028 e d\u00e1 outras provid\u00eancias\u201d.\r\nInclua-se o presente projeto na pauta da pr\u00f3xima Reuni\u00e3o Conjunta da Comiss\u00e3o de Legisla\u00e7\u00e3o, Justi\u00e7a e Reda\u00e7\u00e3o e da Comiss\u00e3o de Finan\u00e7as e Or\u00e7amento para discuss\u00e3o e an\u00e1lise.\r\nPublique-se e cumpra-se.","indexacao":"pauta reuni\u00e3o conjunta","arquivo":"http://sapl.piumhi.mg.leg.br/media/sapl/public/documentoacessorio/2024/9313/2024-09-10_desp_rec_par_043_prox_reu_conj.pdf","data_ultima_atualizacao":"2024-09-10T09:48:17.258088-03:00","materia":6527,"tipo":7}