{"id":1125,"__str__":"Of\u00edcio/Solicita\u00e7\u00e3o n\u00ba 63 de 2019","link_detail_backend":"/materia/1125","metadata":{},"numero":63,"ano":2019,"numero_protocolo":null,"data_apresentacao":"2019-08-12","tipo_apresentacao":"E","data_publicacao":null,"numero_origem_externa":"","ano_origem_externa":null,"data_origem_externa":null,"apelido":"","dias_prazo":null,"data_fim_prazo":null,"em_tramitacao":false,"polemica":null,"objeto":"","complementar":false,"ementa":"Cumprimentando-o cordialmente e desde j\u00e1 congratulando-o pelos excelentes trabalhos desenvolvidos por Vossa Excel\u00eancia frente ao Senado Federal, em prol dos munic\u00edpios mineiros, servimo-nos do presente expediente para solicitar-lhe especial aten\u00e7\u00e3o ao assunto abaixo a saber:\r\nTrata-se de pedido de apoio formulado pelo Instituto Federal de Educa\u00e7\u00e3o, Ci\u00eancia e Tecnologia de Minas Gerais - Campus Avan\u00e7ado Piumhi, datado de 05 de dezembro de 2017 e 06 de agosto de 2019, no sentido de transformar o IFMG Campus Avan\u00e7ado Piumhi em Campus, (does. em anexo).\r\nPara viabilizar a amplia\u00e7\u00e3o das \u00e1reas e ofertas de cursos, capacitar e modificar a vida de diversas pessoas \u00e9 de extrema relev\u00e2ncia a transforma\u00e7\u00e3o em Campus Expans\u00e3o - 70/45, objetivando a verticaliza\u00e7\u00e3o do ensino na unidade, com a abertura de novos cursos superiores, t\u00e9cnico e integrado ao ensino m\u00e9dio. Desta forma, servimo-nos do presente expediente para reiterar o oficio encaminhado a V. Exa (Of\u00edcio n\u00b0 0115/2017-GABDIR/CAMPUS AVAN\u00c7ADO...","indexacao":"IFMG Campus Piumhi amplia\u00e7\u00e3o das \u00e1reas oferta de cursos","observacao":"","resultado":"","texto_original":"http://sapl.piumhi.mg.leg.br/media/sapl/public/materialegislativa/2019/1125/oficio_no_63-2019-vereadores.pdf","data_ultima_atualizacao":"2019-08-22T10:05:50.507618-03:00","ip":"186.232.21.216","ultima_edicao":null,"tipo":33,"regime_tramitacao":1,"tipo_origem_externa":null,"local_origem_externa":null,"user":32,"anexadas":[],"autores":[1,2]}