{"id":1320,"__str__":"Of\u00edcio/Solicita\u00e7\u00e3o n\u00ba 106 de 2019","link_detail_backend":"/materia/1320","metadata":{},"numero":106,"ano":2019,"numero_protocolo":null,"data_apresentacao":"2019-11-14","tipo_apresentacao":"E","data_publicacao":null,"numero_origem_externa":"","ano_origem_externa":null,"data_origem_externa":null,"apelido":"","dias_prazo":null,"data_fim_prazo":null,"em_tramitacao":false,"polemica":null,"objeto":"","complementar":false,"ementa":"Reitera Of\u00edcio n\u00ba 62/2019/VEREADORES, referente a amplia\u00e7\u00e3o das \u00e1reas e ofertas de cursos de capacita\u00e7\u00e3o, transformando o \u201cCampus Avan\u00e7ado\u201d em \u201cCampus\u201d do IFMG Piumhi.","indexacao":"instituto campus IFMG","observacao":"","resultado":"","texto_original":"http://sapl.piumhi.mg.leg.br/media/sapl/public/materialegislativa/2019/1320/oficio_no_106-2019-vereadores.pdf","data_ultima_atualizacao":"2019-11-25T10:31:33.396005-03:00","ip":"186.232.21.101","ultima_edicao":null,"tipo":33,"regime_tramitacao":1,"tipo_origem_externa":null,"local_origem_externa":null,"user":32,"anexadas":[],"autores":[1,2]}