{"id":1574,"__str__":"Of\u00edcio/Solicita\u00e7\u00e3o n\u00ba 12 de 2020","link_detail_backend":"/materia/1574","metadata":{},"numero":12,"ano":2020,"numero_protocolo":null,"data_apresentacao":"2020-02-06","tipo_apresentacao":"E","data_publicacao":null,"numero_origem_externa":"","ano_origem_externa":null,"data_origem_externa":null,"apelido":"","dias_prazo":null,"data_fim_prazo":null,"em_tramitacao":false,"polemica":null,"objeto":"","complementar":false,"ementa":"Cumprimentando-o cordialmente, sirvo-me do presente expediente para solicitar-lhe especial aten\u00e7\u00e3o e empenho ao assunto abaixo, \u00e0 saber:\r\nA Vereadora abaixo subscrita, foi recentemente procurada pelos pais Douglas Henrique Souza Machado e Ta\u00eds Gon\u00e7alves do Nascimento, residentes na Rua Jos\u00e9 Terra, n\u00famero 136, o qual informaram a necessidade de trabalhar e precisam de uma vaga em alguma creche do munic\u00edpio, de prefer\u00eancia pr\u00f3ximo \u00e0 sua resid\u00eancia, para a filha \u2018T.E.N.M\u2019 nascida em 29/09/2016. Diante de tal situa\u00e7\u00e3o, solicito ent\u00e3o que seja atendido o pedido dos mun\u00edcipes.","indexacao":"vaga creche","observacao":"","resultado":"","texto_original":"http://sapl.piumhi.mg.leg.br/media/sapl/public/materialegislativa/2020/1574/2020-02-04_oficio_no_012-vereadora.pdf","data_ultima_atualizacao":"2020-02-27T08:53:26.766049-03:00","ip":"177.52.54.247","ultima_edicao":"2020-02-27T08:51:05.226975-03:00","tipo":33,"regime_tramitacao":1,"tipo_origem_externa":null,"local_origem_externa":null,"user":32,"anexadas":[],"autores":[9]}