{"id":1598,"__str__":"Of\u00edcio/Solicita\u00e7\u00e3o n\u00ba 17 de 2020","link_detail_backend":"/materia/1598","metadata":{},"numero":17,"ano":2020,"numero_protocolo":null,"data_apresentacao":"2020-02-13","tipo_apresentacao":"E","data_publicacao":null,"numero_origem_externa":"","ano_origem_externa":null,"data_origem_externa":null,"apelido":"","dias_prazo":null,"data_fim_prazo":null,"em_tramitacao":false,"polemica":null,"objeto":"","complementar":false,"ementa":"A COMISS\u00c3O DE LEGISLA\u00c7\u00c3O, JUSTI\u00c7A E REDA\u00c7\u00c3O, solicita especial aten\u00e7\u00e3o sobre o assunto abaixo a saber: Trata-se da Indica\u00e7\u00e3o encaminhada por estes vereadores sugerindo a implanta\u00e7\u00e3o do cart\u00e3o alimenta\u00e7\u00e3o para os servidores p\u00fablicos do Munic\u00edpio de Piumhi. Conforme \u00e9 de conhecimento p\u00fablico a C\u00e2mara de vereadores aprovou recentemente o Projeto de Lei que autoriza a implanta\u00e7\u00e3o do cart\u00e3o alimenta\u00e7\u00e3o a seus servidores, sendo que o processo licitat\u00f3rio para a sele\u00e7\u00e3o da empresa gerenciadora j\u00e1 se encontra em andamento. Cientes de que o cart\u00e3o alimenta\u00e7\u00e3o propicia maior liberdade aos servidores em suas compras, bem como aquece a economia local, \u00e9 o presente para solicitar de V. Exa. informa\u00e7\u00f5es acerca da Indica\u00e7\u00e3o encaminhada ao Executivo no ano de 2019, manifestando-se por escrito, no prazo legal acerca do posicionamento da Administra\u00e7\u00e3o, mais precisamente: Se ir\u00e1 implantar o cart\u00e3o alimenta\u00e7\u00e3o para seus servidores e quais os procedimentos j\u00e1 foram adotados para efetiva\u00e7\u00e3o...","indexacao":"cart\u00e3o alimenta\u00e7\u00e3o","observacao":"","resultado":"","texto_original":"http://sapl.piumhi.mg.leg.br/media/sapl/public/materialegislativa/2020/1598/2020-02-11_oficio_no_017-comissao.pdf","data_ultima_atualizacao":"2020-02-28T11:51:50.530132-03:00","ip":"177.52.54.247","ultima_edicao":"2020-02-28T11:49:40.853047-03:00","tipo":33,"regime_tramitacao":1,"tipo_origem_externa":null,"local_origem_externa":null,"user":32,"anexadas":[],"autores":[14]}