{"id":2439,"__str__":"Requerimento n\u00ba 76 de 2020","link_detail_backend":"/materia/2439","metadata":{},"numero":76,"ano":2020,"numero_protocolo":null,"data_apresentacao":"2020-08-19","tipo_apresentacao":"E","data_publicacao":null,"numero_origem_externa":"","ano_origem_externa":null,"data_origem_externa":null,"apelido":"","dias_prazo":null,"data_fim_prazo":null,"em_tramitacao":false,"polemica":false,"objeto":"","complementar":false,"ementa":"A COMISS\u00c3O DE LEGISLA\u00c7\u00c3O, JUSTI\u00c7A E REDA\u00c7\u00c3O E COMISS\u00c3O DE SERVI\u00c7OS E POL\u00cdTICAS P\u00daBLICAS MUNICIPAIS, URBANISMO E CIDADANIA, com fulcro no art. 49, \u00a7 3\u00ba, inciso II, do Regimento Interno, v\u00eam atrav\u00e9s deste, requerer de V. Exa. que a an\u00e1lise e delibera\u00e7\u00e3o do Projeto de Lei n\u00b0 037/2020, de autoria do Chefe do Poder Executivo Municipal, que \u201cAutoriza a realiza\u00e7\u00e3o da Confer\u00eancia de Educa\u00e7\u00e3o e avalia\u00e7\u00f5es do plano municipal de educa\u00e7\u00e3o descritas na Lei Municipal n\u00b0 2.203/2015 no ano de 2021 e d\u00e1 outras provid\u00eancias\u201d, protocolizado nesta Casa Legislativa em 28 de julho de 2020, ocorra de forma conjunta entre estas Comiss\u00f5es Permanentes.","indexacao":"requerimento confer\u00eancia de educa\u00e7\u00e3o","observacao":"","resultado":"","texto_original":"http://sapl.piumhi.mg.leg.br/media/sapl/public/materialegislativa/2020/2439/requerimento_no_76-2020.pdf","data_ultima_atualizacao":"2022-07-26T14:57:29.678762-03:00","ip":"45.5.168.163","ultima_edicao":"2020-10-09T16:11:14.845699-03:00","tipo":23,"regime_tramitacao":1,"tipo_origem_externa":null,"local_origem_externa":null,"user":32,"anexadas":[],"autores":[14,16]}