{"id":2638,"__str__":"Requerimento n\u00ba 91 de 2020","link_detail_backend":"/materia/2638","metadata":{},"numero":91,"ano":2020,"numero_protocolo":null,"data_apresentacao":"2020-11-03","tipo_apresentacao":"E","data_publicacao":null,"numero_origem_externa":"","ano_origem_externa":null,"data_origem_externa":null,"apelido":"","dias_prazo":null,"data_fim_prazo":null,"em_tramitacao":false,"polemica":false,"objeto":"","complementar":false,"ementa":"A COMISS\u00c3O DE LEGISLA\u00c7\u00c3O, JUSTI\u00c7A E REDA\u00c7\u00c3O, COMISS\u00c3O DE FINAN\u00c7AS E OR\u00c7AMENTO E COMISS\u00c3O DE SERVI\u00c7OS E POL\u00cdTICAS P\u00daBLICAS MUNICIPAIS, URBANISMO E CIDADANIA, com fulcro no art. 49, \u00a7 3\u00ba, inciso II, do Regimento Interno, v\u00eam atrav\u00e9s deste, requerer de V. Exa. que a an\u00e1lise e delibera\u00e7\u00e3o do Projeto de Lei n\u00b0 047/2020, de autoria da Vereadora Shirley Elaine Gon\u00e7alves Faria, que \u201cDisp\u00f5e sobre o atendimento preferencial \u00e0s pessoas com fibromialgia nos locais que especifica e d\u00e1 outras provid\u00eancias\u201d, protocolizado nesta Casa Legislativa em 02 de outubro de 2020, ocorra de forma conjunta entre estas Comiss\u00f5es Permanentes.","indexacao":"requerimento atendimento preferencial \u00e0s pessoas com fibromialgia","observacao":"","resultado":"","texto_original":"http://sapl.piumhi.mg.leg.br/media/sapl/public/materialegislativa/2020/2638/2020-11-03_requerimento_no_091.pdf","data_ultima_atualizacao":"2021-02-23T09:16:46.127748-03:00","ip":"186.232.24.77","ultima_edicao":"2021-02-23T09:16:46.029246-03:00","tipo":23,"regime_tramitacao":1,"tipo_origem_externa":null,"local_origem_externa":null,"user":32,"anexadas":[],"autores":[11,14,16]}