{"id":3627,"__str__":"Of\u00edcio/Solicita\u00e7\u00e3o n\u00ba 139 de 2021","link_detail_backend":"/materia/3627","metadata":{},"numero":139,"ano":2021,"numero_protocolo":null,"data_apresentacao":"2021-09-13","tipo_apresentacao":"E","data_publicacao":null,"numero_origem_externa":"","ano_origem_externa":null,"data_origem_externa":null,"apelido":"","dias_prazo":null,"data_fim_prazo":null,"em_tramitacao":true,"polemica":null,"objeto":"","complementar":false,"ementa":"Sr. Paulo C\u00e9sar Vaz / Prefeito Municipal de Piumhi - Solicita que seja estudada a majora\u00e7\u00e3o do n\u00famero m\u00e1ximo de pessoas no local e o aumento do per\u00edodo nos vel\u00f3rios realizados no Munic\u00edpio.","indexacao":"","observacao":"","resultado":"","texto_original":"http://sapl.piumhi.mg.leg.br/media/sapl/public/materialegislativa/2021/3627/2021-09-13_of_139sol_veloriosondaverde.pdf","data_ultima_atualizacao":"2021-09-17T07:44:19.220842-03:00","ip":"187.94.250.231","ultima_edicao":"2021-09-17T07:44:19.105595-03:00","tipo":33,"regime_tramitacao":1,"tipo_origem_externa":null,"local_origem_externa":null,"user":29,"anexadas":[],"autores":[53]}