{"id":3645,"__str__":"Parecer Jur\u00eddico n\u00ba 58 de 2021","link_detail_backend":"/materia/3645","metadata":{},"numero":58,"ano":2021,"numero_protocolo":null,"data_apresentacao":"2021-09-22","tipo_apresentacao":"E","data_publicacao":null,"numero_origem_externa":"","ano_origem_externa":null,"data_origem_externa":null,"apelido":"","dias_prazo":null,"data_fim_prazo":null,"em_tramitacao":false,"polemica":null,"objeto":"","complementar":false,"ementa":"Parecer Jur\u00eddico- Projeto de Lei n\u00ba 050/2021, que \"inclui no Calend\u00e1rio Oficial de Piumhi o dia 10 de outubro como o dia Municipal da Sa\u00fade Mental e d\u00e1 outras provid\u00eancias\".","indexacao":"Parecer Jur\u00eddico- Projeto de Lei n\u00ba 050/2021, Calend\u00e1rio Oficial de Piumhi o dia 10 de outubro como o dia Municipal da Sa\u00fade Mental.","observacao":"","resultado":"","texto_original":"http://sapl.piumhi.mg.leg.br/media/sapl/public/materialegislativa/2021/3645/2021-09-22_par_jur_058_pl050diamunsaudemental.pdf","data_ultima_atualizacao":"2024-06-18T16:35:50.396905-03:00","ip":"187.94.250.15","ultima_edicao":"2024-06-18T16:35:50.232294-03:00","tipo":28,"regime_tramitacao":1,"tipo_origem_externa":null,"local_origem_externa":null,"user":43,"anexadas":[],"autores":[30]}