{"id":4512,"__str__":"Requerimento n\u00ba 73 de 2022","link_detail_backend":"/materia/4512","metadata":{},"numero":73,"ano":2022,"numero_protocolo":null,"data_apresentacao":"2022-08-09","tipo_apresentacao":"E","data_publicacao":null,"numero_origem_externa":"","ano_origem_externa":null,"data_origem_externa":null,"apelido":"","dias_prazo":null,"data_fim_prazo":null,"em_tramitacao":false,"polemica":null,"objeto":"","complementar":false,"ementa":"Requerem que a an\u00e1lise e delibera\u00e7\u00e3o do Projeto de Lei n\u00ba 047/2022, de autoria dos Vereadores Jo\u00e3o Marcos Macedo Silveira, Carlos Leonel de Oliveira, F\u00e1bio Henrique Novaes Ferreira e Reinaldo dos Reis Silva, que \u201cInclui no Calend\u00e1rio Oficial do Munic\u00edpio de Piumhi o Dia do Socorrista e d\u00e1 outras provid\u00eancias\u201d, protocolizado nesta Casa Legislativa em 27 de julho de 2022, ocorra de forma conjunta entre estas Comiss\u00f5es Permanentes.","indexacao":"Dia do Socorrista","observacao":"","resultado":"","texto_original":"http://sapl.piumhi.mg.leg.br/media/sapl/public/materialegislativa/2022/4512/2022-08-09_req_073_pl047_diadosocorrista.pdf","data_ultima_atualizacao":"2024-03-20T09:55:36.675752-03:00","ip":"187.94.250.43","ultima_edicao":"2024-03-20T09:55:36.549146-03:00","tipo":23,"regime_tramitacao":1,"tipo_origem_externa":null,"local_origem_externa":null,"user":48,"anexadas":[],"autores":[14,16]}