{"id":6213,"__str__":"Projeto de Lei Complementar n\u00ba 2 de 2024","link_detail_backend":"/materia/6213","metadata":{},"numero":2,"ano":2024,"numero_protocolo":null,"data_apresentacao":"2024-04-12","tipo_apresentacao":"E","data_publicacao":null,"numero_origem_externa":"","ano_origem_externa":null,"data_origem_externa":null,"apelido":"","dias_prazo":null,"data_fim_prazo":null,"em_tramitacao":false,"polemica":null,"objeto":"","complementar":true,"ementa":"Altera dispositivos da Lei Complementar 67/2019 que \"Estabelece normas e condi\u00e7\u00f5es para parcelamento, ocupa\u00e7\u00e3o e uso do solo urbano no Munic\u00edpio de Piumhi\".","indexacao":"Estabelece normas e condi\u00e7\u00f5es para parcelamento, ocupa\u00e7\u00e3o e uso do solo urbano","observacao":"1) Projeto de Lei Complementar n\u00ba 002/2024 encaminhado atrav\u00e9s do Of\u00edcio Gab n\u00ba 070/2024, no qual constou como Projeto de Lei Ordin\u00e1ria. O referido projeto foi protocolizado como \"Projeto de Lei Complementar\" por tratar-se de mat\u00e9ria que \"Altera o dispositivo da Lei Complementar 67/2019 que \u201cEstabelece normas e condi\u00e7\u00f5es para parcelamento, ocupa\u00e7\u00e3o e uso do solo urbano no Munic\u00edpio de Piumhi\u201d. \r\n\r\n2) O Chefe do Poder Executivo Municipal requer a delibera\u00e7\u00e3o do Projeto de Lei Complementar n\u00ba 002/2024 em regime de urg\u00eancia. \r\nConforme art. 40 da Lei Org\u00e2nica Municipal: \r\n\"Art. 40.  O Prefeito poder\u00e1 solicitar urg\u00eancia para aprecia\u00e7\u00e3o de projetos de sua iniciativa.\r\n\u00a7 1\u00ba  Solicitada urg\u00eancia, a C\u00e2mara dever\u00e1 se manifestar em at\u00e9 45 (quarenta e cinco) dias sobre a proposi\u00e7\u00e3o, contados da data em que for feita a solicita\u00e7\u00e3o.\r\n\u00a7 2\u00ba  Esgotado o prazo previsto no par\u00e1grafo anterior, sem delibera\u00e7\u00e3o pela C\u00e2mara, ser\u00e1 a proposi\u00e7\u00e3o inclu\u00edda na Ordem do Dia, sobrestando-se \u00e0s demais proposi\u00e7\u00f5es, para que se ultime a vota\u00e7\u00e3o.\r\n\u00a7 3\u00ba  O prazo do par\u00e1grafo 1\u00ba n\u00e3o corre no per\u00edodo de recesso da C\u00e2mara, nem se aplica aos Projetos de Lei Complementar\".","resultado":"","texto_original":"http://sapl.piumhi.mg.leg.br/media/sapl/public/materialegislativa/2024/6213/2024-04-12_of_70_plc_002_parc_ocup_solo_urb.pdf","data_ultima_atualizacao":"2024-06-05T09:26:11.825247-03:00","ip":"187.94.250.43","ultima_edicao":"2024-04-18T16:37:07.918685-03:00","tipo":3,"regime_tramitacao":1,"tipo_origem_externa":null,"local_origem_externa":null,"user":43,"anexadas":[6317,6271,6242,6283],"autores":[32]}