{"id":8342,"__str__":"Requerimento n\u00ba 147 de 2025","link_detail_backend":"/materia/8342","metadata":{},"numero":147,"ano":2025,"numero_protocolo":null,"data_apresentacao":"2025-11-14","tipo_apresentacao":"E","data_publicacao":null,"numero_origem_externa":"","ano_origem_externa":null,"data_origem_externa":null,"apelido":"","dias_prazo":null,"data_fim_prazo":null,"em_tramitacao":false,"polemica":false,"objeto":"","complementar":false,"ementa":"A Comiss\u00e3o de Legisla\u00e7\u00e3o, Justi\u00e7a e Reda\u00e7\u00e3o (CLJR), a Comiss\u00e3o de Finan\u00e7as e Or\u00e7amento (CFO) e a Comiss\u00e3o de Servi\u00e7os e Pol\u00edticas P\u00fablicas Municipais, Urbanismo e Cidadania (CSPPMUC), com fulcro no art. 49, \u00a7 3\u00ba, inciso II do Regimento Interno, requerem de V. Exa. que a an\u00e1lise e delibera\u00e7\u00e3o do Projeto de Lei Complementar n\u00b0 9/2025, de autoria do Chefe do Poder Executivo, que \u201cCria a Guarda Civil Municipal de Piumhi/MG e d\u00e1 outras provid\u00eancias\u201d, protocolizado nesta Casa Legislativa em 31 de outubro de 2025, ocorra de forma conjunta entre essas Comiss\u00f5es Permanentes.","indexacao":"Tramita\u00e7\u00e3o Conjunta Projeto de Lei Complementar 9 2025","observacao":"","resultado":"","texto_original":"http://sapl.piumhi.mg.leg.br/media/sapl/public/materialegislativa/2025/8342/2025-11-14_req_147_tram_conj_plc_9.pdf","data_ultima_atualizacao":"2025-11-14T15:09:24.189855-03:00","ip":"186.232.28.48","ultima_edicao":"2025-11-14T15:08:13.275359-03:00","tipo":23,"regime_tramitacao":1,"tipo_origem_externa":null,"local_origem_externa":null,"user":29,"anexadas":[],"autores":[11,14,16]}