{"id":973,"__str__":"Parecer Jur\u00eddico n\u00ba 27 de 2019","link_detail_backend":"/materia/973","metadata":{},"numero":27,"ano":2019,"numero_protocolo":null,"data_apresentacao":"2019-04-25","tipo_apresentacao":"E","data_publicacao":null,"numero_origem_externa":"","ano_origem_externa":null,"data_origem_externa":null,"apelido":"","dias_prazo":null,"data_fim_prazo":null,"em_tramitacao":false,"polemica":null,"objeto":"","complementar":false,"ementa":"Disp\u00f5e sobre Desafeta\u00e7\u00e3o de bem p\u00fablico e d\u00e1 outras provid\u00eancias.","indexacao":"desafeta\u00e7\u00e3o bem p\u00fablico","observacao":"","resultado":"","texto_original":"http://sapl.piumhi.mg.leg.br/media/sapl/public/materialegislativa/2019/973/parecer_juridico_no_cm_27_-_2019i.pdf","data_ultima_atualizacao":"2020-07-06T20:59:27.364469-03:00","ip":"187.94.249.245","ultima_edicao":"2020-07-06T20:59:26.123747-03:00","tipo":28,"regime_tramitacao":1,"tipo_origem_externa":null,"local_origem_externa":null,"user":2,"anexadas":[],"autores":[30]}