{"id":14142,"__str__":"Solicita\u00e7\u00e3o - Ouvidoria n\u00ba 1 de 2023 | Proferido Despacho | 13/06/2023","link_detail_backend":"/materia/tramitacao/14142","metadata":{},"timestamp":"2023-08-25T16:49:35.068058-03:00","data_tramitacao":"2023-06-13","data_encaminhamento":null,"urgente":false,"turno":"","texto":"Despacho: \"Acuso o recebimento do e-mail enviado pelo senhor Denilson Gabriel de Melo - Coordenador do N\u00facleo de Den\u00fancias e Requisi\u00e7\u00f5es, encaminhando o Of\u00edcio SEMAD/SUPRAM ASFNUDEM n\u00b0 223/2023, em resposta ao Of\u00edcio n\u00b0 243/2023, o qual foi dado conhecimento na 18\u00aa Sess\u00e3o Ordin\u00e1ria, realizada no dia 5 de junho de 2023, bem como o e-mail tamb\u00e9m enviado pelo Denilson Gabriel de Melo - Coordenador do N\u00facleo de Den\u00fancias e Requisi\u00e7\u00f5es, encaminhando o\r\nOf\u00edcio SEMAD/SUPRAM ASF-NUDEM n\u00b0 233/2023 como resposta complementar ao referido Of\u00edcio n\u00b0 223/2023, enviado no dia 02/06/2023, o qual foi dado conhecimento na 19\u00aa Sess\u00e3o Ordin\u00e1ria, realizada no dia 12 de junho de 2023. \r\nInclua-se o presente e-mail na pauta da pr\u00f3xima Reuni\u00e3o da Comiss\u00e3o de Servi\u00e7o, Pol\u00edticas P\u00fablicas Municipais, Urbanismo e Cidadania, para discuss\u00e3o e an\u00e1lise.\r\nPublique-se e cumpra-se\".","data_fim_prazo":null,"ip":"187.94.250.206","ultima_edicao":"2023-08-25T16:46:53.263688-03:00","status":52,"materia":5584,"unidade_tramitacao_local":18,"unidade_tramitacao_destino":18,"user":28}