{"id":20710,"__str__":"Requerimento n\u00ba 25 de 2025 | Proferido Despacho | 28/02/2025","link_detail_backend":"/materia/tramitacao/20710","metadata":{},"timestamp":"2025-02-28T15:40:56.390683-03:00","data_tramitacao":"2025-02-28","data_encaminhamento":null,"urgente":false,"turno":"","texto":"Despacho da Presid\u00eancia: \"Acuso o recebimento do Requerimento n\u00b0 25/2025, de autoria do Vereador Jo\u00e3o L\u00facio Matos, protocolizado nesta Casa Legislativa em 26 de fevereiro de 2025, o qual requer, ap\u00f3s delibera\u00e7\u00e3o plen\u00e1ria, que seja oficiado o Chefe do Poder Executivo para que informe:\r\n1. A quantidade de alunos matriculados na rede municipal de ensino com transtorno espectro do autismo (TEA)?\r\n2. A quantidade de profissionais da educa\u00e7\u00e3o qualificados para o atendimento aos alunos com transtorno espectro do autismo (TEA)?\r\n3. A quantidade de crian\u00e7as cadastradas no Sistema de Sa\u00fade do Munic\u00edpio com transtorno espectro do autismo (TEA) e doen\u00e7as raras?\r\nDETERMINO a inclus\u00e3o do referido requerimento na leitura do expediente e na pauta da ordem do dia da 9\u00aa Sess\u00e3o Ordin\u00e1ria, a ser realizada no dia 5 de mar\u00e7o de 2025, para delibera\u00e7\u00e3o plen\u00e1ria em turno \u00fanico, conforme previsto no artigo 143, inciso I do Regimento Interno. Publique-se e cumpra-se.","data_fim_prazo":null,"ip":"187.94.245.47","ultima_edicao":"2025-04-29T14:10:46.890062-03:00","status":52,"materia":7248,"unidade_tramitacao_local":35,"unidade_tramitacao_destino":35,"user":43}