{"id":20964,"__str__":"Den\u00fancia/Representa\u00e7\u00e3o n\u00ba 11 de 2025 | Proposi\u00e7\u00e3o rejeitada pelo Plen\u00e1rio | 18/03/2025","link_detail_backend":"/materia/tramitacao/20964","metadata":{},"timestamp":"2025-03-19T11:38:01.091903-03:00","data_tramitacao":"2025-03-18","data_encaminhamento":"2025-03-18","urgente":false,"turno":"U","texto":"Procedimento n\u00ba 29/2025, Den\u00fancia n\u00ba 11/2025 rejeitada em \u00fanica discuss\u00e3o e vota\u00e7\u00e3o por 7 (sete) votos contr\u00e1rios na 11\u00aa Sess\u00e3o Ordin\u00e1ria no dia 18/03/2025. O Vice-Presidente da C\u00e2mara (Presidente em exerc\u00edcio) e o denunciado n\u00e3o votam.","data_fim_prazo":null,"ip":"186.232.28.77","ultima_edicao":"2025-03-19T11:32:55.512437-03:00","status":29,"materia":7347,"unidade_tramitacao_local":37,"unidade_tramitacao_destino":33,"user":43}