{"id":22607,"__str__":"Den\u00fancia/Representa\u00e7\u00e3o n\u00ba 27 de 2025 | Aguardando Resposta | 09/06/2025","link_detail_backend":"/materia/tramitacao/22607","metadata":{},"timestamp":"2025-06-10T14:24:27.449633-03:00","data_tramitacao":"2025-06-09","data_encaminhamento":"2025-06-09","urgente":false,"turno":"","texto":"Of\u00edcio n\u00ba 330/2025, encaminhado ao chefe do Poder Executivo Municipal, Dr. Paulo C\u00e9sar Vaz, de autoria da Comiss\u00e3o de Servi\u00e7os e Pol\u00edticas P\u00fablicas Municipais, Urbanismo e Cidadania, o qual encaminhou c\u00f3pia da Den\u00fancia n\u00ba 27/2025 - Procedimento n\u00ba 54/2025, sugeriram que os \u00f3rg\u00e3os competentes promovam uma campanha de conscientiza\u00e7\u00e3o/interven\u00e7\u00e3o junto as pessoas que est\u00e3o em situa\u00e7\u00e3o de rua.\r\nAguardando resposta no prazo de 20 (vinte) dias. Prazo final: 30/06/2025.","data_fim_prazo":"2025-06-30","ip":"187.94.245.47","ultima_edicao":"2025-06-10T14:26:33.823841-03:00","status":46,"materia":7743,"unidade_tramitacao_local":34,"unidade_tramitacao_destino":34,"user":43}