{"id":25316,"__str__":"Projeto de Lei Ordin\u00e1ria n\u00ba 4 de 2026 | Requerimento aprovado em turno \u00fanico | 23/01/2026","link_detail_backend":"/materia/tramitacao/25316","metadata":{},"timestamp":"2026-01-23T14:58:56.411026-03:00","data_tramitacao":"2026-01-23","data_encaminhamento":null,"urgente":true,"turno":"U","texto":"Requerimento n\u00b0 7/2026, com pedido de regime de urg\u00eancia especial do Projeto de Lei n\u00b0 4/2026, aprovado em \u00fanica discuss\u00e3o e vota\u00e7\u00e3o por 7 (sete) votos na 2\u00aa Sess\u00e3o Extraordin\u00e1ria, realizada no dia 23/01/2026.\r\nRegistrada a aus\u00eancia justificada do Vereador Wender Jos\u00e9 de Oliveira. \r\nO Presidente da C\u00e2mara n\u00e3o vota.","data_fim_prazo":null,"ip":"186.232.27.189","ultima_edicao":"2026-01-23T14:56:12.768615-03:00","status":123,"materia":8546,"unidade_tramitacao_local":37,"unidade_tramitacao_destino":37,"user":28}