{"id":16,"__str__":"Shirley da Educa\u00e7\u00e3o (1\u00ba orador)","link_detail_backend":"/sessao/orador/16","metadata":{},"numero_ordem":1,"url_discurso":"","observacao":"manifestou sobre filas nos PSF's e sobre den\u00fancia recebida de uma m\u00e3e solicitando provid\u00eancias sobre o transporte de seu filho.","upload_anexo":null,"sessao_plenaria":120,"parlamentar":9}