{"id":366,"__str__":"Cooperador Jo\u00e3o Marcos (1\u00ba orador)","link_detail_backend":"/sessao/orador/366","metadata":{},"numero_ordem":1,"url_discurso":"","observacao":"Inclus\u00e3o de crian\u00e7a com defici\u00eancia no ensino municipal; retorno das aulas presenciais.","upload_anexo":null,"sessao_plenaria":252,"parlamentar":15}