{"id":1063,"__str__":"Cooperador Jo\u00e3o Marcos (8\u00ba orador)","link_detail_backend":"/sessao/oradorexpediente/1063","metadata":{},"numero_ordem":8,"url_discurso":"","observacao":"Grande Expediente: Setembro Verde/Amarelo; inaugura\u00e7\u00e3o de quadra no bairro Lagoa de Tr\u00e1s; conjunto Vicente de Paula Faria; Covid-19.","upload_anexo":null,"sessao_plenaria":282,"parlamentar":15}