{"id":2511,"__str__":"F\u00e1bio Tulim (3\u00ba orador)","link_detail_backend":"/sessao/oradorexpediente/2511","metadata":{},"numero_ordem":3,"url_discurso":"","observacao":"Grande Expediente: reforma do espa\u00e7o pr\u00f3ximo ao pres\u00eddio; ilumina\u00e7\u00e3o p\u00fablica; poda de \u00e1rvore; Ant\u00f4nio Ligeirinho; asfaltamento.","upload_anexo":null,"sessao_plenaria":530,"parlamentar":13}