{"id":758,"__str__":"Shirley da Educa\u00e7\u00e3o (2\u00ba orador)","link_detail_backend":"/sessao/oradorexpediente/758","metadata":{},"numero_ordem":2,"url_discurso":"","observacao":"Pequeno Expediente: IDEB do Munic\u00edpio; cr\u00edticas \u00e0 pol\u00edtica educacional.","upload_anexo":null,"sessao_plenaria":228,"parlamentar":9}