{"id":922,"__str__":"Shirley da Educa\u00e7\u00e3o (5\u00ba orador)","link_detail_backend":"/sessao/oradorexpediente/922","metadata":{},"numero_ordem":5,"url_discurso":"","observacao":"Pequeno Expediente: Mo\u00e7\u00e3o 002/2021; Indica\u00e7\u00e3o 057/2021.","upload_anexo":null,"sessao_plenaria":253,"parlamentar":9}