{"id":302,"__str__":"Seabra da Farm\u00e1cia (5\u00ba orador)","link_detail_backend":"/sessao/oradorordemdia/302","metadata":{},"numero_ordem":5,"url_discurso":"","observacao":"Projeto de Lei 014/2020: concord\u00e2ncia com a retirada do projeto; realiza\u00e7\u00e3o de campanhas de conscientiza\u00e7\u00e3o sobre o uso de m\u00e1scaras.","upload_anexo":null,"sessao_plenaria":210,"parlamentar":5}