{"headers": {"id": "ID", "ano": "Ano", "numero": "N\u00famero", "tipo__sigla": "Tipo de Mat\u00e9ria Legislativa/Sigla", "tipo__descricao": "Tipo de Mat\u00e9ria Legislativa/Descri\u00e7\u00e3o", "autoria": "Autorias", "texto_original": "Texto Original", "ementa": "Ementa"}, "results": [{"id": "952", "ano": "2019", "numero": "1", "tipo__sigla": "DEREP", "tipo__descricao": "Den\u00fancia/Representa\u00e7\u00e3o", "autoria": "", "texto_original": "http://sapl.piumhi.mg.leg.br/media/sapl/public/materialegislativa/2019/952/denuncia_no_01_2019_.pdf", "ementa": "Den\u00fancia an\u00f4nima de suposta irregularidade da ocupa\u00e7\u00e3o de cargos p\u00fablicos."}, {"id": "953", "ano": "2019", "numero": "2", "tipo__sigla": "DEREP", "tipo__descricao": "Den\u00fancia/Representa\u00e7\u00e3o", "autoria": "", "texto_original": "http://sapl.piumhi.mg.leg.br/media/sapl/public/materialegislativa/2019/953/denuncia_no_02_2019_.pdf", "ementa": "Den\u00fancia relativa a servidores com desvio de fun\u00e7\u00e3o - ACS."}, {"id": "1177", "ano": "2019", "numero": "4", "tipo__sigla": "DEREP", "tipo__descricao": "Den\u00fancia/Representa\u00e7\u00e3o", "autoria": "Guininho do Man\u00e9, Sargento Z\u00e9 Welington, Shirley da Educa\u00e7\u00e3o", "texto_original": "http://sapl.piumhi.mg.leg.br/media/sapl/public/materialegislativa/2019/1177/termo_de_autuacao_no_04-2019_-_denuncia_o0NJelu.pdf", "ementa": "Den\u00fancia para apura\u00e7\u00e3o de supostas irregularidades na constru\u00e7\u00e3o da ponte sobre o Ribeir\u00e3o do Corte, localizada no final da Rua Jo\u00e3o Pinheiro, Bairro Capoeiras. \r\n(Requerimento de Instaura\u00e7\u00e3o de CPI)"}, {"id": "1060", "ano": "2019", "numero": "2", "tipo__sigla": "EME", "tipo__descricao": "Emenda", "autoria": "Sargento Z\u00e9 Welington", "texto_original": "http://sapl.piumhi.mg.leg.br/media/sapl/public/materialegislativa/2019/1060/emenda_no_cm_02-2019.pdf", "ementa": "Emenda Modificativa n\u00b0 01 ao Projeto de Lei n\u00b0 19/2019 que \u201cDisp\u00f5e sobre as diretrizes para a elabora\u00e7\u00e3o da Lei Or\u00e7ament\u00e1ria de 2020 e d\u00e1 outras providencias."}, {"id": "1041", "ano": "2019", "numero": "3", "tipo__sigla": "EME", "tipo__descricao": "Emenda", "autoria": "CLJR - Comiss\u00e3o de Legisla\u00e7\u00e3o, Justi\u00e7a e Reda\u00e7\u00e3o", "texto_original": "http://sapl.piumhi.mg.leg.br/media/sapl/public/materialegislativa/2019/1041/emenda_no_cm_-_03_-_2019_tzCl3ii.pdf", "ementa": "Emenda Modificativa e Aditiva n\u00b0 01 ao Projeto de Resolu\u00e7\u00e3o n\u00b0 03/2019 que \u201cAltera dispositivos da Resolu\u00e7\u00e3o n\u00b0 01/2016 que Disp\u00f5e sobre o Regimento Interno da C\u00e2mara Municipal de Piumhi- MG e d\u00e1 outras provid\u00eancias\u201d."}, {"id": "1106", "ano": "2019", "numero": "4", "tipo__sigla": "EME", "tipo__descricao": "Emenda", "autoria": "Ast\u00e9sio, Sargento Z\u00e9 Welington, Segundinho", "texto_original": "http://sapl.piumhi.mg.leg.br/media/sapl/public/materialegislativa/2019/1106/emenda_no_cm_-_04_-_2019.pdf", "ementa": "Emenda Aditiva n\u00b0 01 ao Projeto de Lei n\u00ba 34/2019 que \u201cInstitui no \u00e2mbito municipal de Piumhi-MG o \u201cPr\u00eamio Boina de Ouro - Policial Nota 10\u201d, e d\u00e1 outras provid\u00eancias."}, {"id": "1107", "ano": "2019", "numero": "6", "tipo__sigla": "EME", "tipo__descricao": "Emenda", "autoria": "Ast\u00e9sio, Fernando Detetive, Gleisson Professor de Biologia, Guininho do Man\u00e9, J\u00fanior Boi, Sargento Z\u00e9 Welington, Seabra da Farm\u00e1cia, Segundinho, Shirley da Educa\u00e7\u00e3o", "texto_original": "http://sapl.piumhi.mg.leg.br/media/sapl/public/materialegislativa/2019/1107/emenda_no_cm_06-2019.pdf", "ementa": "Emenda Aditiva e Modificativa n\u00b0 01/2019 ao Projeto de Lei n\u00b0 38/2019 que \u201cAutoriza o Munic\u00edpio de Piumhi a receber, por doa\u00e7\u00e3o, sem encargos, de estabelecimentos banc\u00e1rios, comerciais ou industriais deste Munic\u00edpio, lixeiras, bancos de pra\u00e7a, biciclet\u00e1rios, uniformes esportivos e materiais esportivos em geral e d\u00e1 outras provid\u00eancias\u201d."}, {"id": "1108", "ano": "2019", "numero": "7", "tipo__sigla": "EME", "tipo__descricao": "Emenda", "autoria": "CFO - Comiss\u00e3o de Finan\u00e7as e Or\u00e7amento, CLJR - Comiss\u00e3o de Legisla\u00e7\u00e3o, Justi\u00e7a e Reda\u00e7\u00e3o, CSPPMUC - Comiss\u00e3o de Servi\u00e7os e Pol\u00edticas P\u00fablicas Municipais, Urbanismo e Cidadania", "texto_original": "http://sapl.piumhi.mg.leg.br/media/sapl/public/materialegislativa/2019/1108/emenda_no_cm_07-2019.pdf", "ementa": "Emenda Modificativa e Aditiva n\u00b0 01/2019 ao Projeto de Lei Complementar n\u00b0 06/2019 que \u201cAltera dispositivo da Lei Complementar n\u00b0 34/2013 que Disp\u00f5e sobre a concess\u00e3o de incentivos fiscais e econ\u00f4micos a empresas que vierem a se instalar ou expandir no Munic\u00edpio de Piumhi/MG e d\u00e1 outras provid\u00eancias\u201d."}, {"id": "1134", "ano": "2019", "numero": "8", "tipo__sigla": "EME", "tipo__descricao": "Emenda", "autoria": "CLJR - Comiss\u00e3o de Legisla\u00e7\u00e3o, Justi\u00e7a e Reda\u00e7\u00e3o", "texto_original": "http://sapl.piumhi.mg.leg.br/media/sapl/public/materialegislativa/2019/1134/emenda_geral_no_cm_08-2019.pdf", "ementa": "Emenda Modificativa, Aditiva e Supressiva n\u00ba 01/2019 ao Projeto de Lei n\u00ba 36/2019 que \u201cEstabelece normas e condi\u00e7\u00f5es para parcelamento, ocupa\u00e7\u00e3o e uso do solo urbano no Munic\u00edpio de Piumhi\u201d."}, {"id": "1518", "ano": "2019", "numero": "9", "tipo__sigla": "EME", "tipo__descricao": "Emenda", "autoria": "Sargento Z\u00e9 Welington, Shirley da Educa\u00e7\u00e3o", "texto_original": "http://sapl.piumhi.mg.leg.br/media/sapl/public/materialegislativa/2019/1518/emenda_geral_no_cm_09-2019.pdf", "ementa": "\u201cEmenda Aditiva n\u00b0 01 ao Projeto de Lei n\" 44/019 que \u201cAutoriza o Poder Executivo Municipal a participar do Programa Minha Casa, Minha Vida - PMCMV e autoriza a doa\u00e7\u00e3o de lotes vinculados ao respectivo programa para pessoas f\u00edsicas de baixa renda que se enquadrem na forma e nas condi\u00e7\u00f5es estabelecidas pela Lei n\u00b0 11.977/2009 e d\u00e1 outras provid\u00eancias\u201d."}, {"id": "1520", "ano": "2019", "numero": "10", "tipo__sigla": "EME", "tipo__descricao": "Emenda", "autoria": "Sargento Z\u00e9 Welington, Shirley da Educa\u00e7\u00e3o", "texto_original": "http://sapl.piumhi.mg.leg.br/media/sapl/public/materialegislativa/2019/1520/emenda_no_cm_10-2019.pdf", "ementa": "\u201cEmenda Aditiva n\" 01 ao Projeto de Lei n\u00b0 47/019 que \u201cAutoriza o Poder Executivo Municipal a participar do Programa Minha Casa, Minha Vida - PMCMV e autoriza a doa\u00e7\u00e3o de lotes vinculados ao respectivo programa para pessoas f\u00edsicas de baixa renda que se enquadrem na forma e nas condi\u00e7\u00f5es estabelecidas pela Lei n\" 11.977/2009 e d\u00e1 outras provid\u00eancias\u201d."}, {"id": "1365", "ano": "2019", "numero": "11", "tipo__sigla": "EME", "tipo__descricao": "Emenda", "autoria": "", "texto_original": "http://sapl.piumhi.mg.leg.br/media/sapl/public/materialegislativa/2019/1365/emenda_11-2019.pdf", "ementa": "\u201cEmenda Impositiva n\u00ba 01 ao Projeto de Lei n\u00ba 42/2019 de 30 de agosto de 2019 que \u201cEstima a receita e fixa a despesa do Munic\u00edpio para o exerc\u00edcio de 2020\u201d."}, {"id": "1366", "ano": "2019", "numero": "12", "tipo__sigla": "EME", "tipo__descricao": "Emenda", "autoria": "", "texto_original": "http://sapl.piumhi.mg.leg.br/media/sapl/public/materialegislativa/2019/1366/emenda_12-2019.pdf", "ementa": "\u201cEmenda Impositiva n\u00ba 02 ao Projeto de Lei n\u00ba 42/2019 de 30 de agosto de 2019 que \u201cEstima a receita e fixa a despesa do Munic\u00edpio para o exerc\u00edcio de 2020\u201d."}, {"id": "1434", "ano": "2019", "numero": "13", "tipo__sigla": "EME", "tipo__descricao": "Emenda", "autoria": "Ast\u00e9sio, Fernando Detetive, Gleisson Professor de Biologia, Guininho do Man\u00e9, J\u00fanior Boi, Sargento Z\u00e9 Welington, Seabra da Farm\u00e1cia, Segundinho, Shirley da Educa\u00e7\u00e3o", "texto_original": "http://sapl.piumhi.mg.leg.br/media/sapl/public/materialegislativa/2019/1434/emenda_no_13-2019.pdf", "ementa": "Emenda Modificativa n\u00b0 01 ao Projeto de Lei n\u00b0 62/2019 que \u201cDisp\u00f5e sobre a cria\u00e7\u00e3o de cart\u00e3o alimenta\u00e7\u00e3o aos servidores p\u00fablicos da C\u00e2mara Municipal de Piumhi/MG, e d\u00e1 outras provid\u00eancias."}, {"id": "1440", "ano": "2019", "numero": "14", "tipo__sigla": "EME", "tipo__descricao": "Emenda", "autoria": "CLJR - Comiss\u00e3o de Legisla\u00e7\u00e3o, Justi\u00e7a e Reda\u00e7\u00e3o", "texto_original": "http://sapl.piumhi.mg.leg.br/media/sapl/public/materialegislativa/2019/1440/emenda_geral_no_14-2019.pdf", "ementa": "Emenda Modificativa e Supressiva n\u00ba 01/2019 ao Projeto de Lei Complementar n\u00ba 04/2019 que \"Disp\u00f5e sobre a organiza\u00e7\u00e3o administrativa do Servi\u00e7o Aut\u00f4nomo de \u00c1gua e Esgoto de Piumhi - Minas Gerais, sua reestrutura\u00e7\u00e3o e a compet\u00eancia de seus \u00f3rg\u00e3os e sobre a reestrutura\u00e7\u00e3o do Plano de Carreiras, de Cargos e Vencimentos dos Servidores da Autarquia e d\u00e1 outras provid\u00eancias\"."}, {"id": "706", "ano": "2019", "numero": "1", "tipo__sigla": "IND", "tipo__descricao": "Indica\u00e7\u00e3o", "autoria": "Shirley da Educa\u00e7\u00e3o", "texto_original": "http://sapl.piumhi.mg.leg.br/media/sapl/public/materialegislativa/2019/706/indicacao_no_1_2019i.pdf", "ementa": "Solicita que seja colocado placas de proibido jogar lixo na Rua Maria Natalina da Cunha, Bairro S\u00e3o Judas."}, {"id": "707", "ano": "2019", "numero": "2", "tipo__sigla": "IND", "tipo__descricao": "Indica\u00e7\u00e3o", "autoria": "Guininho do Man\u00e9, Shirley da Educa\u00e7\u00e3o", "texto_original": "http://sapl.piumhi.mg.leg.br/media/sapl/public/materialegislativa/2019/707/indicacao_no_02_2019i.pdf", "ementa": "Solicita que seja instalado redutor de velocidade na Rua Conselheiro Lafaiete pr\u00f3ximo \u00e0 Escola Municipal Coronel Fidelis."}, {"id": "708", "ano": "2019", "numero": "3", "tipo__sigla": "IND", "tipo__descricao": "Indica\u00e7\u00e3o", "autoria": "Shirley da Educa\u00e7\u00e3o", "texto_original": "http://sapl.piumhi.mg.leg.br/media/sapl/public/materialegislativa/2019/708/indicacao_no_03_-_2019i.pdf", "ementa": "Solicita aten\u00e7\u00e3o especial com rela\u00e7\u00e3o aos reparos no povoado Lagoa dos Martins."}, {"id": "709", "ano": "2019", "numero": "4", "tipo__sigla": "IND", "tipo__descricao": "Indica\u00e7\u00e3o", "autoria": "J\u00fanior Boi", "texto_original": "http://sapl.piumhi.mg.leg.br/media/sapl/public/materialegislativa/2019/709/indicacao_no_04_-_2019i.pdf", "ementa": "Solicita capina e limpeza das ruas do Bairro Santa Clara e Novo Horizonte."}, {"id": "710", "ano": "2019", "numero": "5", "tipo__sigla": "IND", "tipo__descricao": "Indica\u00e7\u00e3o", "autoria": "J\u00fanior Boi", "texto_original": "http://sapl.piumhi.mg.leg.br/media/sapl/public/materialegislativa/2019/710/indicacao_no_05_-_2019i.pdf", "ementa": "Solicita redutor de velocidade na Rua Uberl\u00e2ndia pr\u00f3ximo ao n\u00famero 435."}, {"id": "711", "ano": "2019", "numero": "6", "tipo__sigla": "IND", "tipo__descricao": "Indica\u00e7\u00e3o", "autoria": "J\u00fanior Boi", "texto_original": "http://sapl.piumhi.mg.leg.br/media/sapl/public/materialegislativa/2019/711/indicacao_no_06_-_2019i.pdf", "ementa": "Solicita uma rampa na Rua Professor Leontino Ribeiro, Bairro Vila Agreny."}, {"id": "712", "ano": "2019", "numero": "7", "tipo__sigla": "IND", "tipo__descricao": "Indica\u00e7\u00e3o", "autoria": "J\u00fanior Boi", "texto_original": "http://sapl.piumhi.mg.leg.br/media/sapl/public/materialegislativa/2019/712/indicacao_no_07_-_2019i.pdf", "ementa": "Solicita que seja patrolada a estrada da serra pr\u00f3ximo \u00e0 Fazenda Cachoeira."}, {"id": "725", "ano": "2019", "numero": "8", "tipo__sigla": "IND", "tipo__descricao": "Indica\u00e7\u00e3o", "autoria": "Segundinho", "texto_original": "http://sapl.piumhi.mg.leg.br/media/sapl/public/materialegislativa/2019/725/indicacao_08_2019i.pdf", "ementa": "O Vereador abaixo subscrito, no uso das atribui\u00e7\u00f5es e prerrogativas regimentais, em especial aquelas previstas no art. 136 do Regimento Interno, vem respeitosamente a presen\u00e7a de V. Ex!l, apresentar a presente proposi\u00e7\u00e3o - NA FORMA INDICA\u00c7\u00c3O - e desde j\u00e1 requerer o encaminhamento da mesma ao Prefeito Municipal, para sugerir as seguintes provid\u00eancias com rela\u00e7\u00e3o ao Bairro Capoeiras:\r\n- Limpeza dos lotes baldios localizados;\r\n- Arboriza\u00e7\u00e3o e ilumina\u00e7\u00e3o na entrada do bairro;\r\n- Constru\u00e7\u00e3o de uma pra\u00e7a com academia ao ar livre;\r\n- Agilidade na constru\u00e7\u00e3o da ponte da Rua Jo\u00e3o Pinheiro; - Desobstru\u00e7\u00e3o da Rua Formiga para possibilitar o acesso \u00e0 MG 050 at\u00e9 que se conclua as obras de constru\u00e7\u00e3o da ponte."}, {"id": "726", "ano": "2019", "numero": "9", "tipo__sigla": "IND", "tipo__descricao": "Indica\u00e7\u00e3o", "autoria": "J\u00fanior Boi", "texto_original": "http://sapl.piumhi.mg.leg.br/media/sapl/public/materialegislativa/2019/726/indicacao_09_2019i.pdf", "ementa": "Solicita que seja constru\u00eddo uma porteira na pista de motocross."}, {"id": "727", "ano": "2019", "numero": "10", "tipo__sigla": "IND", "tipo__descricao": "Indica\u00e7\u00e3o", "autoria": "Shirley da Educa\u00e7\u00e3o", "texto_original": "http://sapl.piumhi.mg.leg.br/media/sapl/public/materialegislativa/2019/727/indicacao_10_2019i.pdf", "ementa": "Solicita provid\u00eancia quanto o final da Rua Zoroastro da Costa Lima, Bairro Vila Agreny."}, {"id": "728", "ano": "2019", "numero": "11", "tipo__sigla": "IND", "tipo__descricao": "Indica\u00e7\u00e3o", "autoria": "Shirley da Educa\u00e7\u00e3o", "texto_original": "http://sapl.piumhi.mg.leg.br/media/sapl/public/materialegislativa/2019/728/indicacao_11_2019i.pdf", "ementa": "Solicita que seja reparada a estrada da Mata da Capoeira."}, {"id": "749", "ano": "2019", "numero": "12", "tipo__sigla": "IND", "tipo__descricao": "Indica\u00e7\u00e3o", "autoria": "Shirley da Educa\u00e7\u00e3o", "texto_original": "http://sapl.piumhi.mg.leg.br/media/sapl/public/materialegislativa/2019/749/indicacao_no_12_-_2019i.pdf", "ementa": "Recapeamento asf\u00e1ltico da Rua Severo Veloso, pr\u00f3ximo \u00e0 esquina da Rua Amazonas."}, {"id": "757", "ano": "2019", "numero": "13", "tipo__sigla": "IND", "tipo__descricao": "Indica\u00e7\u00e3o", "autoria": "Gleisson Professor de Biologia", "texto_original": "http://sapl.piumhi.mg.leg.br/media/sapl/public/materialegislativa/2019/757/indicacao_no_13_-_2019i.pdf", "ementa": "Arboriza\u00e7\u00e3o dos logradouros do Bairro P\u00e9rola Negra."}, {"id": "758", "ano": "2019", "numero": "14", "tipo__sigla": "IND", "tipo__descricao": "Indica\u00e7\u00e3o", "autoria": "Gleisson Professor de Biologia", "texto_original": "http://sapl.piumhi.mg.leg.br/media/sapl/public/materialegislativa/2019/758/indicacao_no_14_-_2019i.pdf", "ementa": "Edifica\u00e7\u00e3o de Pra\u00e7a no Bairro P\u00e9rola Negra."}, {"id": "797", "ano": "2019", "numero": "15", "tipo__sigla": "IND", "tipo__descricao": "Indica\u00e7\u00e3o", "autoria": "Guininho do Man\u00e9", "texto_original": "http://sapl.piumhi.mg.leg.br/media/sapl/public/materialegislativa/2019/797/indicacao_no_15_-_2019i.pdf", "ementa": "Provid\u00eancias na Rua Jos\u00e9 Pinto da Costa, Bairro Morada do Sol."}, {"id": "798", "ano": "2019", "numero": "16", "tipo__sigla": "IND", "tipo__descricao": "Indica\u00e7\u00e3o", "autoria": "Shirley da Educa\u00e7\u00e3o", "texto_original": "http://sapl.piumhi.mg.leg.br/media/sapl/public/materialegislativa/2019/798/indicacao_no_16_-_2019i.pdf", "ementa": "Solicita limpeza da Rua Regina Soares de Barros."}, {"id": "799", "ano": "2019", "numero": "17", "tipo__sigla": "IND", "tipo__descricao": "Indica\u00e7\u00e3o", "autoria": "Shirley da Educa\u00e7\u00e3o", "texto_original": "http://sapl.piumhi.mg.leg.br/media/sapl/public/materialegislativa/2019/799/indicacao_no_17_-_2019i.pdf", "ementa": "Solicita transporte escolar a aluno da rede p\u00fablica municipal."}, {"id": "849", "ano": "2019", "numero": "18", "tipo__sigla": "IND", "tipo__descricao": "Indica\u00e7\u00e3o", "autoria": "Guininho do Man\u00e9", "texto_original": "http://sapl.piumhi.mg.leg.br/media/sapl/public/materialegislativa/2019/849/indicacao_no_18_-_2019i.pdf", "ementa": "Solicita recapeamento asf\u00e1ltico na Rua Vicente Camilo, Bairro Cruzeiro."}, {"id": "850", "ano": "2019", "numero": "19", "tipo__sigla": "IND", "tipo__descricao": "Indica\u00e7\u00e3o", "autoria": "Segundinho", "texto_original": "http://sapl.piumhi.mg.leg.br/media/sapl/public/materialegislativa/2019/850/indicacao_no_19_-_2019i.pdf", "ementa": "Solicita melhorias \u00e0 esquina da Rua Aristides Garcia Le\u00e3o com a Rua Get\u00falio Vargas."}, {"id": "875", "ano": "2019", "numero": "20", "tipo__sigla": "IND", "tipo__descricao": "Indica\u00e7\u00e3o", "autoria": "Shirley da Educa\u00e7\u00e3o", "texto_original": "http://sapl.piumhi.mg.leg.br/media/sapl/public/materialegislativa/2019/875/indicacao_no_20_-_2019i.pdf", "ementa": "Solicita poda nas \u00e1rvores da Rua Aleixo Jos\u00e9 de Souza em frente ao n\u00ba 105, Bairro Bela Vista."}, {"id": "851", "ano": "2019", "numero": "21", "tipo__sigla": "IND", "tipo__descricao": "Indica\u00e7\u00e3o", "autoria": "Segundinho", "texto_original": "http://sapl.piumhi.mg.leg.br/media/sapl/public/materialegislativa/2019/851/indicacao_no_21_-_2019i.pdf", "ementa": "Pintar faixas de travessia de pedestres na Rua Visconde de Ouro Preto, em frente \u00e0 C\u00e2mara Municipal."}, {"id": "876", "ano": "2019", "numero": "22", "tipo__sigla": "IND", "tipo__descricao": "Indica\u00e7\u00e3o", "autoria": "J\u00fanior Boi", "texto_original": "http://sapl.piumhi.mg.leg.br/media/sapl/public/materialegislativa/2019/876/indicacao_no_22_-_2019i.pdf", "ementa": "Solicita que sejam tomadas provid\u00eancias quanto ao problema dos postes da Rua Miguel Couto."}, {"id": "877", "ano": "2019", "numero": "23", "tipo__sigla": "IND", "tipo__descricao": "Indica\u00e7\u00e3o", "autoria": "J\u00fanior Boi", "texto_original": "http://sapl.piumhi.mg.leg.br/media/sapl/public/materialegislativa/2019/877/indicacao_no_23_-_2019i.pdf", "ementa": "Solicita que seja instalado um poste na Rua Albertino Soares de Melo, Bairro Lagoa de Tr\u00e1s."}, {"id": "878", "ano": "2019", "numero": "24", "tipo__sigla": "IND", "tipo__descricao": "Indica\u00e7\u00e3o", "autoria": "Shirley da Educa\u00e7\u00e3o", "texto_original": "http://sapl.piumhi.mg.leg.br/media/sapl/public/materialegislativa/2019/878/indicacao_no_24_-_2019i.pdf", "ementa": "Enviar notifica\u00e7\u00e3o aos propriet\u00e1rios de lote da Rua Amazonas para que construam cal\u00e7adas."}, {"id": "879", "ano": "2019", "numero": "25", "tipo__sigla": "IND", "tipo__descricao": "Indica\u00e7\u00e3o", "autoria": "Shirley da Educa\u00e7\u00e3o", "texto_original": "http://sapl.piumhi.mg.leg.br/media/sapl/public/materialegislativa/2019/879/indicacao_no_25_-_2019i.pdf", "ementa": "Solicita que seja patrolada a estrada da fazenda Coqueiros de Espinho."}, {"id": "885", "ano": "2019", "numero": "26", "tipo__sigla": "IND", "tipo__descricao": "Indica\u00e7\u00e3o", "autoria": "Guininho do Man\u00e9, Segundinho", "texto_original": "http://sapl.piumhi.mg.leg.br/media/sapl/public/materialegislativa/2019/885/indicacao_no_26_-_2019i.pdf", "ementa": "Solicita melhorias para a Rua Salviano Damasceno."}, {"id": "886", "ano": "2019", "numero": "27", "tipo__sigla": "IND", "tipo__descricao": "Indica\u00e7\u00e3o", "autoria": "J\u00fanior Boi", "texto_original": "http://sapl.piumhi.mg.leg.br/media/sapl/public/materialegislativa/2019/886/indicacao_no_27_-_2019i.pdf", "ementa": "Solicita que sejam trocadas as l\u00e2mpadas dos postes da Rua Professora Leontina Ribeiro pr\u00f3ximo ao n\u00famero 80."}, {"id": "907", "ano": "2019", "numero": "28", "tipo__sigla": "IND", "tipo__descricao": "Indica\u00e7\u00e3o", "autoria": "Shirley da Educa\u00e7\u00e3o", "texto_original": "http://sapl.piumhi.mg.leg.br/media/sapl/public/materialegislativa/2019/907/indicacao_no_28_-_2019i.pdf", "ementa": "Solicita provid\u00eancia quanto \u00e0 Rua Lenir Soares pr\u00f3ximo ao n\u00famero 458 no Bairro Novo Tempo."}, {"id": "925", "ano": "2019", "numero": "29", "tipo__sigla": "IND", "tipo__descricao": "Indica\u00e7\u00e3o", "autoria": "Sargento Z\u00e9 Welington, Segundinho", "texto_original": "http://sapl.piumhi.mg.leg.br/media/sapl/public/materialegislativa/2019/925/indicacao_no_29_-_2019i.pdf", "ementa": "Proposta de altera\u00e7\u00e3o da Lei Complementar 34/2013 - Incentivos Fiscais."}, {"id": "926", "ano": "2019", "numero": "30", "tipo__sigla": "IND", "tipo__descricao": "Indica\u00e7\u00e3o", "autoria": "Shirley da Educa\u00e7\u00e3o", "texto_original": "http://sapl.piumhi.mg.leg.br/media/sapl/public/materialegislativa/2019/926/indicacao_no_30_-_2019i.pdf", "ementa": "Solicita provid\u00eancia quanto \u00e0 ilumina\u00e7\u00e3o da estrada que d\u00e1 acesso \u00e0 Cruz do Monte."}, {"id": "927", "ano": "2019", "numero": "31", "tipo__sigla": "IND", "tipo__descricao": "Indica\u00e7\u00e3o", "autoria": "Sargento Z\u00e9 Welington, Segundinho", "texto_original": "http://sapl.piumhi.mg.leg.br/media/sapl/public/materialegislativa/2019/927/indicacao_no_31_-_2019i.pdf", "ementa": "Solicita melhorias nas estradas rurais pr\u00f3ximo ao Rochedo, Diamante, C\u00f3rrego do Cavalo e todas as estradas da regi\u00e3o."}, {"id": "928", "ano": "2019", "numero": "32", "tipo__sigla": "IND", "tipo__descricao": "Indica\u00e7\u00e3o", "autoria": "J\u00fanior Boi", "texto_original": "http://sapl.piumhi.mg.leg.br/media/sapl/public/materialegislativa/2019/928/indicacao_no_32_-_2019i.pdf", "ementa": "Solicita provid\u00eancias quanto \u00e0s necessidades do C\u00f3rrego das Magrinhas."}, {"id": "929", "ano": "2019", "numero": "33", "tipo__sigla": "IND", "tipo__descricao": "Indica\u00e7\u00e3o", "autoria": "J\u00fanior Boi", "texto_original": "http://sapl.piumhi.mg.leg.br/media/sapl/public/materialegislativa/2019/929/indicacao_no_33_-_2019i.pdf", "ementa": "Solicita que seja patrolada a estrada pr\u00f3ximo \u00e0 fazenda da Cacilda."}, {"id": "930", "ano": "2019", "numero": "34", "tipo__sigla": "IND", "tipo__descricao": "Indica\u00e7\u00e3o", "autoria": "", "texto_original": "http://sapl.piumhi.mg.leg.br/media/sapl/public/materialegislativa/2019/930/indicacao_no_34_-_2019i.pdf", "ementa": "Solicita melhorias para o Bairro Vila Agreny."}, {"id": "931", "ano": "2019", "numero": "35", "tipo__sigla": "IND", "tipo__descricao": "Indica\u00e7\u00e3o", "autoria": "J\u00fanior Boi", "texto_original": "http://sapl.piumhi.mg.leg.br/media/sapl/public/materialegislativa/2019/931/indicacao_no_35_-_2019i.pdf", "ementa": "Solicita melhorias para o Bairro Novo Tempo."}, {"id": "932", "ano": "2019", "numero": "36", "tipo__sigla": "IND", "tipo__descricao": "Indica\u00e7\u00e3o", "autoria": "J\u00fanior Boi", "texto_original": "http://sapl.piumhi.mg.leg.br/media/sapl/public/materialegislativa/2019/932/indicacao_no_36_-_2019i.pdf", "ementa": "Solicita melhorias para o Bairro Totonha Tom\u00e9."}, {"id": "933", "ano": "2019", "numero": "37", "tipo__sigla": "IND", "tipo__descricao": "Indica\u00e7\u00e3o", "autoria": "J\u00fanior Boi", "texto_original": "http://sapl.piumhi.mg.leg.br/media/sapl/public/materialegislativa/2019/933/indicacao_no_37_-_2019i.pdf", "ementa": "Solicita melhorias para o Bairro Pinda\u00edbas."}, {"id": "934", "ano": "2019", "numero": "38", "tipo__sigla": "IND", "tipo__descricao": "Indica\u00e7\u00e3o", "autoria": "J\u00fanior Boi", "texto_original": "http://sapl.piumhi.mg.leg.br/media/sapl/public/materialegislativa/2019/934/indicacao_no_38_-_2019i.pdf", "ementa": "Solicita melhorias para o Bairro S\u00e3o Francisco."}, {"id": "935", "ano": "2019", "numero": "39", "tipo__sigla": "IND", "tipo__descricao": "Indica\u00e7\u00e3o", "autoria": "J\u00fanior Boi", "texto_original": "http://sapl.piumhi.mg.leg.br/media/sapl/public/materialegislativa/2019/935/indicacao_no_39_-_2019i.pdf", "ementa": "Solicita que seja revitalizada a pavimenta\u00e7\u00e3o da Pra\u00e7a Padre Alberico."}, {"id": "936", "ano": "2019", "numero": "40", "tipo__sigla": "IND", "tipo__descricao": "Indica\u00e7\u00e3o", "autoria": "J\u00fanior Boi", "texto_original": "http://sapl.piumhi.mg.leg.br/media/sapl/public/materialegislativa/2019/936/indicacao_no_40_-_2019i.pdf", "ementa": "Solicita que seja realizada opera\u00e7\u00e3o tapa buracos  nas ruas do Bairro Nova Esperan\u00e7a."}, {"id": "937", "ano": "2019", "numero": "41", "tipo__sigla": "IND", "tipo__descricao": "Indica\u00e7\u00e3o", "autoria": "J\u00fanior Boi", "texto_original": "http://sapl.piumhi.mg.leg.br/media/sapl/public/materialegislativa/2019/937/indicacao_no_41_-_2019i.pdf", "ementa": "Solicita que seja constru\u00edda caixa de conten\u00e7\u00e3o (cacimba) na regi\u00e3o dos Rosas."}, {"id": "938", "ano": "2019", "numero": "42", "tipo__sigla": "IND", "tipo__descricao": "Indica\u00e7\u00e3o", "autoria": "J\u00fanior Boi", "texto_original": "http://sapl.piumhi.mg.leg.br/media/sapl/public/materialegislativa/2019/938/indicacao_no_42_-_2019i.pdf", "ementa": "Solicita limpeza dos matos da estrada que liga Piumhi \u00e0 Penedos."}, {"id": "939", "ano": "2019", "numero": "43", "tipo__sigla": "IND", "tipo__descricao": "Indica\u00e7\u00e3o", "autoria": "J\u00fanior Boi", "texto_original": "http://sapl.piumhi.mg.leg.br/media/sapl/public/materialegislativa/2019/939/indicacao_no_43_-_2019i.pdf", "ementa": "Solicita poda das \u00e1rvores da Pra\u00e7a Agustinho M. Costa em Penedos."}, {"id": "940", "ano": "2019", "numero": "44", "tipo__sigla": "IND", "tipo__descricao": "Indica\u00e7\u00e3o", "autoria": "J\u00fanior Boi", "texto_original": "http://sapl.piumhi.mg.leg.br/media/sapl/public/materialegislativa/2019/940/indicacao_no_44_-_2019i.pdf", "ementa": "Solicita manilhas para ser instalada no c\u00f3rrego pr\u00f3ximo \u00e0 Fazenda do Sr. Rold\u00e3o."}, {"id": "941", "ano": "2019", "numero": "45", "tipo__sigla": "IND", "tipo__descricao": "Indica\u00e7\u00e3o", "autoria": "J\u00fanior Boi", "texto_original": "http://sapl.piumhi.mg.leg.br/media/sapl/public/materialegislativa/2019/941/indicacao_no_45_-_2019i.pdf", "ementa": "Solicita que seja realizado a opera\u00e7\u00e3o tapa buracos na Rua Severo Veloso pr\u00f3ximo ao n\u00famero 112."}, {"id": "942", "ano": "2019", "numero": "46", "tipo__sigla": "IND", "tipo__descricao": "Indica\u00e7\u00e3o", "autoria": "Shirley da Educa\u00e7\u00e3o", "texto_original": "http://sapl.piumhi.mg.leg.br/media/sapl/public/materialegislativa/2019/942/indicacao_no_46_-_2019i.pdf", "ementa": "Provid\u00eancias quanto \u00e0 situa\u00e7\u00e3o prec\u00e1ria da Rua Rosinei Maria de F\u00e1tima."}, {"id": "956", "ano": "2019", "numero": "47", "tipo__sigla": "IND", "tipo__descricao": "Indica\u00e7\u00e3o", "autoria": "Segundinho", "texto_original": "http://sapl.piumhi.mg.leg.br/media/sapl/public/materialegislativa/2019/956/indicacao_47_-_2019i.pdf", "ementa": "Solicita que seja instalada uma lixeira na Pra\u00e7a da esquina da Rua Severo Veloso com Dr. Oswaldo Soares Machado."}, {"id": "957", "ano": "2019", "numero": "48", "tipo__sigla": "IND", "tipo__descricao": "Indica\u00e7\u00e3o", "autoria": "Shirley da Educa\u00e7\u00e3o", "texto_original": "http://sapl.piumhi.mg.leg.br/media/sapl/public/materialegislativa/2019/957/indicacao_48_-_2019i.pdf", "ementa": "Solicita que seja realizada a revitaliza\u00e7\u00e3o da estrada pr\u00f3xima \u00e0 Fazenda Matinha."}, {"id": "959", "ano": "2019", "numero": "49", "tipo__sigla": "IND", "tipo__descricao": "Indica\u00e7\u00e3o", "autoria": "Guininho do Man\u00e9", "texto_original": "http://sapl.piumhi.mg.leg.br/media/sapl/public/materialegislativa/2019/959/indicacao_49_-_2019i_MXdyFzN.pdf", "ementa": "Solicita que seja constru\u00eddo passeio na Avenida Dr. Oswaldo Soares Machado."}, {"id": "982", "ano": "2019", "numero": "50", "tipo__sigla": "IND", "tipo__descricao": "Indica\u00e7\u00e3o", "autoria": "Guininho do Man\u00e9", "texto_original": "http://sapl.piumhi.mg.leg.br/media/sapl/public/materialegislativa/2019/982/indicacao_no_50_-_2019i.pdf", "ementa": "Solicita que seja trocada a l\u00e2mpada da Rua Santo Ant\u00f4nio na esquina do Armaz\u00e9m Marques."}, {"id": "983", "ano": "2019", "numero": "51", "tipo__sigla": "IND", "tipo__descricao": "Indica\u00e7\u00e3o", "autoria": "Segundinho", "texto_original": "http://sapl.piumhi.mg.leg.br/media/sapl/public/materialegislativa/2019/983/indicacao_no_51_-_2019i.pdf", "ementa": "Solicita que seja pintada as faixas de pedestres em torno da Pra\u00e7a do Ros\u00e1rio."}, {"id": "984", "ano": "2019", "numero": "52", "tipo__sigla": "IND", "tipo__descricao": "Indica\u00e7\u00e3o", "autoria": "Segundinho", "texto_original": "http://sapl.piumhi.mg.leg.br/media/sapl/public/materialegislativa/2019/984/indicacao_no_52_-_2019i.pdf", "ementa": "Solicita que seja reparado o asfalto na esquina da rua Anielo Camarano com a rua Melvira Cassini."}, {"id": "1278", "ano": "2019", "numero": "53", "tipo__sigla": "IND", "tipo__descricao": "Indica\u00e7\u00e3o", "autoria": "Segundinho", "texto_original": "http://sapl.piumhi.mg.leg.br/media/sapl/public/materialegislativa/2019/1278/indicacao_no_53-2019.pdf", "ementa": "Solicita que seja instalado um bra\u00e7o de energia na esquina das ruas Rodolfo de Abreu com  Crispim Elias da Cunha."}, {"id": "1049", "ano": "2019", "numero": "57", "tipo__sigla": "IND", "tipo__descricao": "Indica\u00e7\u00e3o", "autoria": "Shirley da Educa\u00e7\u00e3o", "texto_original": "http://sapl.piumhi.mg.leg.br/media/sapl/public/materialegislativa/2019/1049/indicacao_no_57-2019.pdf", "ementa": "Solicita provid\u00eancias para a Rua Floriano Peixoto."}, {"id": "1050", "ano": "2019", "numero": "58", "tipo__sigla": "IND", "tipo__descricao": "Indica\u00e7\u00e3o", "autoria": "Segundinho", "texto_original": "http://sapl.piumhi.mg.leg.br/media/sapl/public/materialegislativa/2019/1050/indicacao_no_58-2019.pdf", "ementa": "Solicita a constru\u00e7\u00e3o das redes de \u00e1gua e esgotos no final da Rua Regina Soares de Barros."}, {"id": "1051", "ano": "2019", "numero": "59", "tipo__sigla": "IND", "tipo__descricao": "Indica\u00e7\u00e3o", "autoria": "Shirley da Educa\u00e7\u00e3o", "texto_original": "http://sapl.piumhi.mg.leg.br/media/sapl/public/materialegislativa/2019/1051/indicacao_no_59-2019.pdf", "ementa": "Solicita que seja pintada uma faixa de pedestres na esquina da Rua Tenente de Freitas com Tereza Hostal\u00e1cio."}, {"id": "1052", "ano": "2019", "numero": "60", "tipo__sigla": "IND", "tipo__descricao": "Indica\u00e7\u00e3o", "autoria": "Sargento Z\u00e9 Welington", "texto_original": "http://sapl.piumhi.mg.leg.br/media/sapl/public/materialegislativa/2019/1052/indicacao_no_60-2019.pdf", "ementa": "Solicita provid\u00eancias para as ruas do Bairro Jardim Santo Ant\u00f4nio."}, {"id": "1078", "ano": "2019", "numero": "61", "tipo__sigla": "IND", "tipo__descricao": "Indica\u00e7\u00e3o", "autoria": "Gleisson Professor de Biologia", "texto_original": "http://sapl.piumhi.mg.leg.br/media/sapl/public/materialegislativa/2019/1078/indicacao_no_61_-_2019.pdf", "ementa": "Solicita construir um coreto na Pra\u00e7a Doutor Avelino de Queiroz e na Pra\u00e7a Padre Alberico de Souza Santos\u201d"}, {"id": "1079", "ano": "2019", "numero": "62", "tipo__sigla": "IND", "tipo__descricao": "Indica\u00e7\u00e3o", "autoria": "J\u00fanior Boi", "texto_original": "http://sapl.piumhi.mg.leg.br/media/sapl/public/materialegislativa/2019/1079/indicacao_no_62_-_2019.pdf", "ementa": "Solicita que seja atendida as reivindica\u00e7\u00f5es dos membros da Igreja Maranata localizada na Rua Miguel Couto n\u00ba 511"}, {"id": "1080", "ano": "2019", "numero": "63", "tipo__sigla": "IND", "tipo__descricao": "Indica\u00e7\u00e3o", "autoria": "J\u00fanior Boi", "texto_original": "http://sapl.piumhi.mg.leg.br/media/sapl/public/materialegislativa/2019/1080/indicacao_no_63_-_2019.pdf", "ementa": "Solicita que seja destinado um caminh\u00e3o pipa para jogar \u00e1gua duas vezes por semana no final da Rua Floriano Peixoto e na Rua Regina Soares Barros"}, {"id": "1081", "ano": "2019", "numero": "64", "tipo__sigla": "IND", "tipo__descricao": "Indica\u00e7\u00e3o", "autoria": "Ast\u00e9sio, Fernando Detetive, Gleisson Professor de Biologia, Guininho do Man\u00e9, J\u00fanior Boi, Sargento Z\u00e9 Welington, Seabra da Farm\u00e1cia, Segundinho, Shirley da Educa\u00e7\u00e3o", "texto_original": "http://sapl.piumhi.mg.leg.br/media/sapl/public/materialegislativa/2019/1081/indicacao_no_64_-_2019.pdf", "ementa": "Conceder \u00e0s secret\u00e1rias escolares o direito de altera\u00e7\u00e3o da carga hor\u00e1ria atual para 06 horas por dia, a exemplo do que ocorreu com as monitoras, com base na Lei Complementar Municipal n\u00ba 60/2018."}, {"id": "1082", "ano": "2019", "numero": "65", "tipo__sigla": "IND", "tipo__descricao": "Indica\u00e7\u00e3o", "autoria": "Segundinho", "texto_original": "http://sapl.piumhi.mg.leg.br/media/sapl/public/materialegislativa/2019/1082/indicacao_no_65_-_2019.pdf", "ementa": "Solicita que seja estudada a possibilidade de doa\u00e7\u00e3o de cesta b\u00e1sica para as fam\u00edlias de baixo poder aquisitivo que fazem tratamento de hemodi\u00e1lise."}, {"id": "1096", "ano": "2019", "numero": "66", "tipo__sigla": "IND", "tipo__descricao": "Indica\u00e7\u00e3o", "autoria": "Ast\u00e9sio, Fernando Detetive, Gleisson Professor de Biologia, Guininho do Man\u00e9, J\u00fanior Boi, Sargento Z\u00e9 Welington, Seabra da Farm\u00e1cia, Segundinho, Shirley da Educa\u00e7\u00e3o", "texto_original": "http://sapl.piumhi.mg.leg.br/media/sapl/public/materialegislativa/2019/1096/indicacao_no_66_-_2019.pdf", "ementa": "Proposta de Projeto de Lei que \"Disp\u00f5e sobre ado\u00e7\u00e3o de \u00e1reas verdes do per\u00edmetro urbano de Piumhi e d\u00e1 outras provid\u00eancias\"."}, {"id": "1114", "ano": "2019", "numero": "67", "tipo__sigla": "IND", "tipo__descricao": "Indica\u00e7\u00e3o", "autoria": "Segundinho", "texto_original": "http://sapl.piumhi.mg.leg.br/media/sapl/public/materialegislativa/2019/1114/indicacao_no_67_-_2019.pdf", "ementa": "Solicita que seja instalada lumin\u00e1ria no poste da Rua Jos\u00e9 Ferreira de Meneses pr\u00f3ximo ao n\u00famero 627, Bairro Novo Horizonte II."}, {"id": "1115", "ano": "2019", "numero": "68", "tipo__sigla": "IND", "tipo__descricao": "Indica\u00e7\u00e3o", "autoria": "Segundinho", "texto_original": "http://sapl.piumhi.mg.leg.br/media/sapl/public/materialegislativa/2019/1115/indicacao_no_68_-_2019.pdf", "ementa": "Solicita que seja colocado uma prote\u00e7\u00e3o de borracha nas laterais do gin\u00e1sio do poliesportivo."}, {"id": "1116", "ano": "2019", "numero": "69", "tipo__sigla": "IND", "tipo__descricao": "Indica\u00e7\u00e3o", "autoria": "Segundinho", "texto_original": "http://sapl.piumhi.mg.leg.br/media/sapl/public/materialegislativa/2019/1116/indicacao_no_69_-_2019.pdf", "ementa": "Promover por meio dos institutos da \"Autoriza\u00e7\u00e3o\" ou \"Permiss\u00e3o\" - A utiliza\u00e7\u00e3o de espa\u00e7o p\u00fablico denominado Rua Get\u00falio Vargas esquina com Padre Abel \"Pra\u00e7a Guia Lopes\", para a fixa\u00e7\u00e3o de busto em homenagem ao professor Theodorico Vieira de Souza."}, {"id": "1110", "ano": "2019", "numero": "71", "tipo__sigla": "IND", "tipo__descricao": "Indica\u00e7\u00e3o", "autoria": "Segundinho", "texto_original": "http://sapl.piumhi.mg.leg.br/media/sapl/public/materialegislativa/2019/1110/indicacao_no_71_-_2019.pdf", "ementa": "Solicita que seja instaladas e pintadas de pare horizontal e vertical a\u00e9rea no Bairro Nova Piumhi."}, {"id": "1111", "ano": "2019", "numero": "72", "tipo__sigla": "IND", "tipo__descricao": "Indica\u00e7\u00e3o", "autoria": "Shirley da Educa\u00e7\u00e3o", "texto_original": "http://sapl.piumhi.mg.leg.br/media/sapl/public/materialegislativa/2019/1111/indicacao_no_72_-_2019.pdf", "ementa": "Solicita implementa\u00e7\u00e3o de boca de lobo em diversas ruas.\r\nSolicita que seja instalados quebra-molas e placas de tr\u00e2nsito em torno da Pra\u00e7a Padre Alberico.\r\nProposta de Projeto de Lei para constru\u00e7\u00e3o de ponte."}, {"id": "1112", "ano": "2019", "numero": "73", "tipo__sigla": "IND", "tipo__descricao": "Indica\u00e7\u00e3o", "autoria": "Shirley da Educa\u00e7\u00e3o", "texto_original": "http://sapl.piumhi.mg.leg.br/media/sapl/public/materialegislativa/2019/1112/indicacao_no_73_-_2019.pdf", "ementa": "Solicita que seja reparado a boca de lobo da Avenida Querobino Mour\u00e3o."}, {"id": "1113", "ano": "2019", "numero": "74", "tipo__sigla": "IND", "tipo__descricao": "Indica\u00e7\u00e3o", "autoria": "Shirley da Educa\u00e7\u00e3o", "texto_original": "http://sapl.piumhi.mg.leg.br/media/sapl/public/materialegislativa/2019/1113/indicacao_no_74_-_2019.pdf", "ementa": "Solicita que seja instalada uma c\u00e2mera de seguran\u00e7a no cruzamento da Rua Jo\u00e3o Leite com a Rua Maico."}, {"id": "1146", "ano": "2019", "numero": "75", "tipo__sigla": "IND", "tipo__descricao": "Indica\u00e7\u00e3o", "autoria": "Segundinho", "texto_original": "http://sapl.piumhi.mg.leg.br/media/sapl/public/materialegislativa/2019/1146/indicacao_no_75_-_2019.pdf", "ementa": "Solicita que sejam pintadas as \u00e1rvores localizadas no centro da Rua Nossa Senhora do Livramento."}, {"id": "1147", "ano": "2019", "numero": "76", "tipo__sigla": "IND", "tipo__descricao": "Indica\u00e7\u00e3o", "autoria": "Ast\u00e9sio, Segundinho", "texto_original": "http://sapl.piumhi.mg.leg.br/media/sapl/public/materialegislativa/2019/1147/indicacao_no_76_-_2019.pdf", "ementa": "Solicita que seja estudada a viabilidade de se implantar estacionamento 45 graus, na Rua Get\u00falio Vargas, defronte a Pra\u00e7a Guia Lopes."}, {"id": "1148", "ano": "2019", "numero": "77", "tipo__sigla": "IND", "tipo__descricao": "Indica\u00e7\u00e3o", "autoria": "Segundinho", "texto_original": "http://sapl.piumhi.mg.leg.br/media/sapl/public/materialegislativa/2019/1148/indicacao_no_77_-_2019.pdf", "ementa": "Proposta de Projeto de Lei que institui a galeria de fotos das ex-coordenadoras das CMEIS e Creches de Piumhi/MG, e d\u00e1 outras provid\u00eancias."}, {"id": "1149", "ano": "2019", "numero": "78", "tipo__sigla": "IND", "tipo__descricao": "Indica\u00e7\u00e3o", "autoria": "Segundinho", "texto_original": "http://sapl.piumhi.mg.leg.br/media/sapl/public/materialegislativa/2019/1149/indicacao_no_78__-2019.pdf", "ementa": "Proposta de Projeto de Lei que disp\u00f5e sobre o programa \"Adote um bem p\u00fablico\" no Munic\u00edpio de Piumhi/MG e d\u00e1 outras provid\u00eancias."}, {"id": "1150", "ano": "2019", "numero": "79", "tipo__sigla": "IND", "tipo__descricao": "Indica\u00e7\u00e3o", "autoria": "Gleisson Professor de Biologia", "texto_original": "http://sapl.piumhi.mg.leg.br/media/sapl/public/materialegislativa/2019/1150/indicacao_no_79_-_2019.pdf", "ementa": "Proposta de Projeto de Lei que institui no calend\u00e1rio de eventos do Munic\u00edpio o m\u00eas de incentivo \u00e0 ado\u00e7\u00e3o, castra\u00e7\u00e3o e preven\u00e7\u00e3o da crueldade contra animais - \"Abril Laranja\"."}, {"id": "1151", "ano": "2019", "numero": "80", "tipo__sigla": "IND", "tipo__descricao": "Indica\u00e7\u00e3o", "autoria": "Shirley da Educa\u00e7\u00e3o", "texto_original": "http://sapl.piumhi.mg.leg.br/media/sapl/public/materialegislativa/2019/1151/indicacao_no_80_-_2019.pdf", "ementa": "Solicita que seja realizada repara\u00e7\u00e3o asf\u00e1ltica na Rua Vagner Soares de Barros."}, {"id": "1176", "ano": "2019", "numero": "81", "tipo__sigla": "IND", "tipo__descricao": "Indica\u00e7\u00e3o", "autoria": "Shirley da Educa\u00e7\u00e3o", "texto_original": "http://sapl.piumhi.mg.leg.br/media/sapl/public/materialegislativa/2019/1176/indicacao_no_81-2019.pdf", "ementa": "Solicita que seja constru\u00eddos quebra-molas ao longo da Rua Amazonas."}, {"id": "1181", "ano": "2019", "numero": "82", "tipo__sigla": "IND", "tipo__descricao": "Indica\u00e7\u00e3o", "autoria": "Gleisson Professor de Biologia", "texto_original": "http://sapl.piumhi.mg.leg.br/media/sapl/public/materialegislativa/2019/1181/indicacao_no_82-2019.pdf", "ementa": "Seja executada infraestrutura no parque municipal ecol\u00f3gico da mina."}, {"id": "1212", "ano": "2019", "numero": "83", "tipo__sigla": "IND", "tipo__descricao": "Indica\u00e7\u00e3o", "autoria": "Gleisson Professor de Biologia", "texto_original": "http://sapl.piumhi.mg.leg.br/media/sapl/public/materialegislativa/2019/1212/indicacao_no83-2019.pdf", "ementa": "Solicita que seja realizada revitaliza\u00e7\u00e3o asf\u00e1ltica na Rua Doutor Manoel Hermeto J\u00fanior, Bairro Nova Esperan\u00e7a."}, {"id": "1228", "ano": "2019", "numero": "84", "tipo__sigla": "IND", "tipo__descricao": "Indica\u00e7\u00e3o", "autoria": "Shirley da Educa\u00e7\u00e3o", "texto_original": "http://sapl.piumhi.mg.leg.br/media/sapl/public/materialegislativa/2019/1228/indicacao_no_84-2019.pdf", "ementa": "Solicita transporte escolar a aluno da rede p\u00fablica municipal."}, {"id": "1229", "ano": "2019", "numero": "85", "tipo__sigla": "IND", "tipo__descricao": "Indica\u00e7\u00e3o", "autoria": "Shirley da Educa\u00e7\u00e3o", "texto_original": "http://sapl.piumhi.mg.leg.br/media/sapl/public/materialegislativa/2019/1229/indicacao_no_85-2019.pdf", "ementa": "Solicita transporte escolar a aluno da rede p\u00fablica municipal."}, {"id": "1230", "ano": "2019", "numero": "86", "tipo__sigla": "IND", "tipo__descricao": "Indica\u00e7\u00e3o", "autoria": "Guininho do Man\u00e9, Segundinho", "texto_original": "http://sapl.piumhi.mg.leg.br/media/sapl/public/materialegislativa/2019/1230/indicacao_no_86-2019.pdf", "ementa": "Solicita limpeza dos matos das ruas do bairro Bela Vista."}, {"id": "1231", "ano": "2019", "numero": "87", "tipo__sigla": "IND", "tipo__descricao": "Indica\u00e7\u00e3o", "autoria": "Shirley da Educa\u00e7\u00e3o", "texto_original": "http://sapl.piumhi.mg.leg.br/media/sapl/public/materialegislativa/2019/1231/indicacao_no_87-2019.pdf", "ementa": "Solicita limpeza do lote localizado na Rua 20 de Julho defronte o Centro Esp\u00edrita Caminho da Luz."}, {"id": "1232", "ano": "2019", "numero": "88", "tipo__sigla": "IND", "tipo__descricao": "Indica\u00e7\u00e3o", "autoria": "Ast\u00e9sio, Fernando Detetive, Gleisson Professor de Biologia, Guininho do Man\u00e9, J\u00fanior Boi, Sargento Z\u00e9 Welington, Seabra da Farm\u00e1cia, Segundinho, Shirley da Educa\u00e7\u00e3o", "texto_original": "http://sapl.piumhi.mg.leg.br/media/sapl/public/materialegislativa/2019/1232/indicacao_no_88-2019.pdf", "ementa": "Instala\u00e7\u00e3o de um bra\u00e7o de energia no poste da esquina da Rua Bueno Brand\u00e3o para a Rua Conselheiro Lafaiete;\r\nInstala\u00e7\u00e3o de um poste pr\u00f3ximo aos n\u00fameros 528 e 556;\r\nTrocar l\u00e2mpadas dos postes da esquina da Rua Raul Soares."}, {"id": "1233", "ano": "2019", "numero": "89", "tipo__sigla": "IND", "tipo__descricao": "Indica\u00e7\u00e3o", "autoria": "Shirley da Educa\u00e7\u00e3o", "texto_original": "http://sapl.piumhi.mg.leg.br/media/sapl/public/materialegislativa/2019/1233/indicacao_no_89-2019.pdf", "ementa": "Solicita transporte escolar a aluno da rede p\u00fablica municipal."}, {"id": "1234", "ano": "2019", "numero": "90", "tipo__sigla": "IND", "tipo__descricao": "Indica\u00e7\u00e3o", "autoria": "Guininho do Man\u00e9, Shirley da Educa\u00e7\u00e3o", "texto_original": "http://sapl.piumhi.mg.leg.br/media/sapl/public/materialegislativa/2019/1234/indicacao_no_90-2019.pdf", "ementa": "Solicita transporte escolar aos alunos da rede municipal."}, {"id": "1242", "ano": "2019", "numero": "91", "tipo__sigla": "IND", "tipo__descricao": "Indica\u00e7\u00e3o", "autoria": "Ast\u00e9sio, Fernando Detetive, Gleisson Professor de Biologia, Guininho do Man\u00e9, J\u00fanior Boi, Sargento Z\u00e9 Welington, Seabra da Farm\u00e1cia, Segundinho, Shirley da Educa\u00e7\u00e3o", "texto_original": "http://sapl.piumhi.mg.leg.br/media/sapl/public/materialegislativa/2019/1242/indicacao_no_91-2019.pdf", "ementa": "Solicita a troca das l\u00e2mpadas da Rua Conselheiro Lafaiete de vapor de merc\u00fario para vapor de s\u00f3dio."}, {"id": "1243", "ano": "2019", "numero": "92", "tipo__sigla": "IND", "tipo__descricao": "Indica\u00e7\u00e3o", "autoria": "Sargento Z\u00e9 Welington", "texto_original": "http://sapl.piumhi.mg.leg.br/media/sapl/public/materialegislativa/2019/1243/indicacao__no_92-2019.pdf", "ementa": "Solicita recapeamento asf\u00e1ltico na Rua Padre Bernardes pr\u00f3ximo ao n\u00famero 274."}, {"id": "1289", "ano": "2019", "numero": "93", "tipo__sigla": "IND", "tipo__descricao": "Indica\u00e7\u00e3o", "autoria": "Ast\u00e9sio", "texto_original": "http://sapl.piumhi.mg.leg.br/media/sapl/public/materialegislativa/2019/1289/indicacao_no_93-2019.pdf", "ementa": "Modificar o anexo da Lei 2.314/2017, alterada pela Lei 2.353/2018, para aumentar o valor da di\u00e1ria de viagens para motorista fora do Estado de Minas Gerais de forma a garantir que os valores sejam compat\u00edveis e suficientes \u00e0 cobertura das despesas com alimenta\u00e7\u00e3o e hospedagem para as quais a di\u00e1ria se destina."}, {"id": "1290", "ano": "2019", "numero": "94", "tipo__sigla": "IND", "tipo__descricao": "Indica\u00e7\u00e3o", "autoria": "Shirley da Educa\u00e7\u00e3o", "texto_original": "http://sapl.piumhi.mg.leg.br/media/sapl/public/materialegislativa/2019/1290/indicacao_no_94-2019.pdf", "ementa": "Solicita transporte escolar para alunos da rede p\u00fablica municipal."}, {"id": "1291", "ano": "2019", "numero": "95", "tipo__sigla": "IND", "tipo__descricao": "Indica\u00e7\u00e3o", "autoria": "Segundinho", "texto_original": "http://sapl.piumhi.mg.leg.br/media/sapl/public/materialegislativa/2019/1291/indicacao_no_95-2019.pdf", "ementa": "Instala\u00e7\u00e3o de um poste de energia el\u00e9trica pr\u00f3ximo ao cruzamento das ruas Miguel Couto com a Rua Augusto de Lima.\r\nInstala\u00e7\u00e3o de um redutor de velocidade pr\u00f3ximo ao cruzamento das ruas Miguel Couto com a Rua Augusto de Lima.\r\nConstru\u00e7\u00e3o de uma rede pluvial na Rua Miguel Couto."}, {"id": "1296", "ano": "2019", "numero": "96", "tipo__sigla": "IND", "tipo__descricao": "Indica\u00e7\u00e3o", "autoria": "Shirley da Educa\u00e7\u00e3o", "texto_original": "http://sapl.piumhi.mg.leg.br/media/sapl/public/materialegislativa/2019/1296/indicacao_no_96-2019.pdf", "ementa": "Solicita que seja colocado placa de PARE na esquina da Rua do Carvalho com a Rua Visconde de Ouro Preto."}, {"id": "1318", "ano": "2019", "numero": "97", "tipo__sigla": "IND", "tipo__descricao": "Indica\u00e7\u00e3o", "autoria": "Shirley da Educa\u00e7\u00e3o", "texto_original": "http://sapl.piumhi.mg.leg.br/media/sapl/public/materialegislativa/2019/1318/indicacao_no_97-2019.pdf", "ementa": "Solicita que seja instalado redutor de velocidade na Rua Francisco Camilo encontro com a Rua Jo\u00e3o Pereira de Barros."}, {"id": "1400", "ano": "2019", "numero": "98", "tipo__sigla": "IND", "tipo__descricao": "Indica\u00e7\u00e3o", "autoria": "Guininho do Man\u00e9", "texto_original": "http://sapl.piumhi.mg.leg.br/media/sapl/public/materialegislativa/2019/1400/indicacao_no_98-2019.pdf", "ementa": "Solicita que seja retirado quebra-molas da Rua S\u00e3o Vicente defronte o n\u00famero 629."}, {"id": "1435", "ano": "2019", "numero": "99", "tipo__sigla": "IND", "tipo__descricao": "Indica\u00e7\u00e3o", "autoria": "Segundinho", "texto_original": "http://sapl.piumhi.mg.leg.br/media/sapl/public/materialegislativa/2019/1435/indicacao_no_99-2019.pdf", "ementa": "Solicita que seja constru\u00eddo uma academia ao ar livre na Pra\u00e7a Jos\u00e9 Firmino (Pra\u00e7a da Rodovi\u00e1ria)."}, {"id": "1436", "ano": "2019", "numero": "100", "tipo__sigla": "IND", "tipo__descricao": "Indica\u00e7\u00e3o", "autoria": "Segundinho", "texto_original": "http://sapl.piumhi.mg.leg.br/media/sapl/public/materialegislativa/2019/1436/indicacao_no_100-2019.pdf", "ementa": "Solicita que seja instalada rede pluvial e em seguida asfaltada o in\u00edcio da Rua Capit\u00e3o Parreira."}, {"id": "1566", "ano": "2019", "numero": "101", "tipo__sigla": "IND", "tipo__descricao": "Indica\u00e7\u00e3o", "autoria": "Shirley da Educa\u00e7\u00e3o", "texto_original": "http://sapl.piumhi.mg.leg.br/media/sapl/public/materialegislativa/2019/1566/2019-12-23_indicacao_no_101.pdf", "ementa": "Modificar no or\u00e7amento de 2020, os valores previstos para CONSTRU\u00c7\u00c3O E AMPLIA\u00c7\u00c3O DE \u00c1REAS DE LAZER (Ficha n. 227) e; CONSTRU\u00c7\u00c3O AMPLIA\u00c7\u00c3O, REFORMA ESCOLAS MUNICIPAIS (Ficha n. 242); acrescentando- lhes 130.000,00 e 120.000,00 respectivamente, em valores oriundos de recursos pr\u00f3prios, reduzindo as referidas import\u00e2ncias da ficha n. 228 - PROMO\u00c7\u00c3O APOIO \u00c0 FESTAS POPULARES FOLCL\u00d3RICAS e; da ficha 1039 - MANUTEN\u00c7\u00c3O DOS SERVI\u00c7OS DE TRANSPORTES"}, {"id": "829", "ano": "2019", "numero": "1", "tipo__sigla": "MSGA", "tipo__descricao": "Mensagem Aditiva", "autoria": "Chefe do Poder Executivo Municipal", "texto_original": "http://sapl.piumhi.mg.leg.br/media/sapl/public/materialegislativa/2019/829/mensagem_aditiva_ao_projeto_lei_no_08_-_2019i_k3Bh8AR.pdf", "ementa": "Mensagem Aditiva ao Projeto de Lei n\u00ba 08/2019 que \"Altera o artigo 8\u00ba da Lei n. 2.039/2011 e d\u00e1 outras provid\u00eancias\"."}, {"id": "918", "ano": "2019", "numero": "2", "tipo__sigla": "MSGA", "tipo__descricao": "Mensagem Aditiva", "autoria": "Chefe do Poder Executivo Municipal", "texto_original": "http://sapl.piumhi.mg.leg.br/media/sapl/public/materialegislativa/2019/918/oficio_no_101_-_2019_ref._mensagem_aditiva_ao_pr_uwLlKQ4.pdf", "ementa": "Mensagem Ativa ao Projeto de Lei n\u00ba 07/2019 que \"Autoriza o Munic\u00edpio de Piumhi a celebrar conv\u00eanio com o Munic\u00edpio de Capit\u00f3lio e d\u00e1 outras provid\u00eancias\"."}, {"id": "958", "ano": "2019", "numero": "3", "tipo__sigla": "MSGA", "tipo__descricao": "Mensagem Aditiva", "autoria": "Chefe do Poder Executivo Municipal", "texto_original": "http://sapl.piumhi.mg.leg.br/media/sapl/public/materialegislativa/2019/958/oficio_no_113_da_mensagem_aditiva_ao_projeto_de__wE3k0TW.pdf", "ementa": "\"Autoriza o Poder Executivo a firmar conv\u00eanio com o Sindicato dos Produtores Rurais de Piumhi e d\u00e1 outras provid\u00eancias\"."}, {"id": "1038", "ano": "2019", "numero": "4", "tipo__sigla": "MSGA", "tipo__descricao": "Mensagem Aditiva", "autoria": "Chefe do Poder Executivo Municipal", "texto_original": "http://sapl.piumhi.mg.leg.br/media/sapl/public/materialegislativa/2019/1038/mensagem_aditiva_ao_projeto_de_lei_no_27-2019.pdf", "ementa": "Mensagem aditiva ao Projeto de Lei n\u00ba 27/2019, alterando a ementa e o artigo 1\u00ba do referido Projeto."}, {"id": "1340", "ano": "2019", "numero": "5", "tipo__sigla": "MSGA", "tipo__descricao": "Mensagem Aditiva", "autoria": "Chefe do Poder Executivo Municipal", "texto_original": "http://sapl.piumhi.mg.leg.br/media/sapl/public/materialegislativa/2019/1340/oficio_no_336-2019.pdf", "ementa": "Encaminha Mensagem Aditiva ao Projeto de Lei Complementar n\u00ba 04/2019."}, {"id": "1395", "ano": "2019", "numero": "6", "tipo__sigla": "MSGA", "tipo__descricao": "Mensagem Aditiva", "autoria": "Chefe do Poder Executivo Municipal", "texto_original": "http://sapl.piumhi.mg.leg.br/media/sapl/public/materialegislativa/2019/1395/mensagem_aditiva.pdf", "ementa": "Mensagem Aditiva ao Projeto de Lei n\u00ba 56/2019."}, {"id": "1392", "ano": "2019", "numero": "4", "tipo__sigla": "MOC", "tipo__descricao": "Mo\u00e7\u00e3o", "autoria": "J\u00fanior Boi", "texto_original": "http://sapl.piumhi.mg.leg.br/media/sapl/public/materialegislativa/2019/1392/mocao_no04-2019.pdf", "ementa": "O Vereador Jos\u00e9 Ant\u00f4nio Camargo J\u00fanior, vem, respeitosamente, com amparo no artigo 137, Par\u00e1grafo \u00danico, do Regimento Interno, requerer seja registrada MO\u00c7\u00c3O DE PREOCUPA\u00c7\u00c3O E REP\u00daDIO COM A PRETENDIDA PRIVATIZA\u00c7\u00c3O DA EMPRESA BRASILEIRA DE CORREIOS E TEL\u00c9GRAFOS - ECT."}, {"id": "607", "ano": "2019", "numero": "2", "tipo__sigla": "OFSOL", "tipo__descricao": "Of\u00edcio/Solicita\u00e7\u00e3o", "autoria": "Ast\u00e9sio", "texto_original": "http://sapl.piumhi.mg.leg.br/media/sapl/public/materialegislativa/2019/607/oficio_no_02_-_2019_-_gab_presidentei.pdf", "ementa": "Trata-se do Projeto de Lei Complementar n. 02/2019, que disp\u00f5e sobre a altera\u00e7\u00e3o da Lei Complementar n. 052/2018 que institui o Plano de Carreiras, de Cargos e vencimentos dos Servidores Municipais de Piumhi-MG.\r\nReferido Projeto cria cargos de Secret\u00e1rio Adjunto, Diretor e, vagas para Assessor Jur\u00eddico e T\u00e9cnico cm Contabilidade no \u00e2mbito da Administra\u00e7\u00e3o, trazendo como justificativa \u201ca necessidade existente em \u00e1reas sens\u00edveis da Administra\u00e7\u00e3o e que exigem uma alta demanda de trabalho tendo sido identificado defasagem em cargos estrat\u00e9gicos para o bom andamento do servi\u00e7o p\u00fablico\r\nE>m que pese o referido Projeto estar devidamente acompanhado da justificativa acima, entendemos pela necessidade de uma reuni\u00e3o com o jur\u00eddico do Poder Executivo para que haja uma an\u00e1lise conjunta acerca da demanda e necessidade dos referidos cargos/vagas.\r\nNeste sentido, \u00e9 o presente para solicitar de V.Exa. a designa\u00e7\u00e3o do Procurador Municipal ou Assessor Jur\u00eddico para participar da reuni\u00e3o que ocorrer\u00e1 \u00e0s 18:30h, do dia 04 de fevereiro de 2019, no Plenarinho da C\u00e2mara Municipal de Piumhi/MG"}, {"id": "615", "ano": "2019", "numero": "3", "tipo__sigla": "OFSOL", "tipo__descricao": "Of\u00edcio/Solicita\u00e7\u00e3o", "autoria": "Sargento Z\u00e9 Welington, Segundinho", "texto_original": "http://sapl.piumhi.mg.leg.br/media/sapl/public/materialegislativa/2019/615/oficio_no_09_-_2019_-_vereadores_2i.pdf", "ementa": "Em cordial visita, a Comiss\u00e3o de Legisla\u00e7\u00e3o Justi\u00e7a e Reda\u00e7\u00e3o vale-se presente expediente para, nos termos do art. 143, inc. I, do Regimento Interno desta Casa, requerer de V. Exa., seja encaminhado no prazo legal, a rela\u00e7\u00e3o nominal dos classificados e aprovados no Processo Seletivo Simplificado n. 21/2018 (DT 2019), bem como c\u00f3pia dos T\u00edtulos e demais documentos que serviram de requisitos para a Sele\u00e7\u00e3o, de TODOS os candidatos inscritos para o referido Certame.\r\nIsto porque, chegaram ao conhecimento destes vereadores subscritores, v\u00e1rias reclama\u00e7\u00f5es atrav\u00e9s dos candidatos \u00e0s vagas para o Processo Seletivo Simplificado em refer\u00eancia, que teve por objeto a sele\u00e7\u00e3o para a contrata\u00e7\u00e3o de Monitor, Supervisor Escolar e Professor de Educa\u00e7\u00e3o F\u00edsica, para o exerc\u00edcio de 2019.\r\nA presente solicita\u00e7\u00e3o tem como justificativa a necessidade desta Casa Legislativa dar resposta \u00e0s referidas reclama\u00e7\u00f5es e questionamentos de forma a averiguar a veracidade dos mesmos, implementando as medidas cab\u00edveis."}, {"id": "679", "ano": "2019", "numero": "4", "tipo__sigla": "OFSOL", "tipo__descricao": "Of\u00edcio/Solicita\u00e7\u00e3o", "autoria": "Guininho do Man\u00e9, Sargento Z\u00e9 Welington, Segundinho, Shirley da Educa\u00e7\u00e3o", "texto_original": "http://sapl.piumhi.mg.leg.br/media/sapl/public/materialegislativa/2019/679/oficio_no_04_-_2019_requerimentoi.pdf", "ementa": "Of\u00edcio n\u00ba 04/2019  de autoria dos Vereadores: Shirley Elaine Gon\u00e7alves Faria, Jos\u00e9 Welington da Silva, Jos\u00e9 Segundo Faria e Magno Manoel Marques, os quais requerem ap\u00f3s delibera\u00e7\u00e3o plen\u00e1ria, seja encaminhado ao Excelent\u00edssimo Senhor Prefeito Municipal Adeberto Jos\u00e9 de Melo, solicitando informa\u00e7\u00f5es e documenta\u00e7\u00e3o consistente em: carga hor\u00e1ria, vencimentos, organiza\u00e7\u00e3o funcional e processos licitat\u00f3rios, para an\u00e1lise dos Projetos de Leis Complementares n\u00bas 01 e 02/2019 que Disp\u00f5em sobre a cria\u00e7\u00e3o de Secretarias Adjuntas, Departamento, cargos e vagas no \u00e2mbito da Estrutura Organizacional do Munic\u00edpio."}, {"id": "869", "ano": "2019", "numero": "8", "tipo__sigla": "OFSOL", "tipo__descricao": "Of\u00edcio/Solicita\u00e7\u00e3o", "autoria": "Segundinho", "texto_original": "http://sapl.piumhi.mg.leg.br/media/sapl/public/materialegislativa/2019/869/oficio_no_08_-_2019_-_cljri.pdf", "ementa": "A COMISS\u00c3O DE LEGISLA\u00c7\u00c3O, JUSTI\u00c7A E REDA\u00c7\u00c3O, no uso de suas atribui\u00e7\u00f5es regimentais e com fulcro no disposto na Resolu\u00e7\u00e3o n\u00b0 04, de 12 de julho de 2017, tendo recebido Den\u00fancia an\u00f4nima pelo Canal da Ouvidoria on line, solicita informa\u00e7\u00f5es deste Executivo se j\u00e1 foram tomadas provid\u00eancias a respeito do assunto envolvendo o Ex-Secret\u00e1rio Municipal de Sa\u00fade, Dr. Paulo Cesar Vaz.\r\nSendo s\u00f3 para o momento, segue em anexo c\u00f3pia da den\u00fancia, aguardando manifesta\u00e7\u00e3o no prazo legal (art. 23 da Lei Org\u00e2nica Municipal)"}, {"id": "870", "ano": "2019", "numero": "9", "tipo__sigla": "OFSOL", "tipo__descricao": "Of\u00edcio/Solicita\u00e7\u00e3o", "autoria": "Segundinho", "texto_original": "http://sapl.piumhi.mg.leg.br/media/sapl/public/materialegislativa/2019/870/oficio_no_09_-_2019_-_cljri.pdf", "ementa": "A COMISS\u00c3O DE LEGISLA\u00c7\u00c3O, JUSTI\u00c7A E REDA\u00c7\u00c3O, no uso de suas atribui\u00e7\u00f5es regimentais e com fulcro no disposto na Resolu\u00e7\u00e3o n\u00b0 04, de 12 de julho de 2017, tendo recebido Den\u00fancia an\u00f4nima pelo Canal da Ouvidoria on line, solicita manifesta\u00e7\u00e3o de V. Sa, caso entenda necess\u00e1rio, a respeito dos fatos constantes da presente den\u00fancia.\r\nSendo s\u00f3 para o momento, segue em anexo c\u00f3pia da den\u00fancia, solicitando que a manifesta\u00e7\u00e3o seja apresentada no prazo de 10 (dez) dias."}, {"id": "871", "ano": "2019", "numero": "10", "tipo__sigla": "OFSOL", "tipo__descricao": "Of\u00edcio/Solicita\u00e7\u00e3o", "autoria": "Segundinho", "texto_original": "http://sapl.piumhi.mg.leg.br/media/sapl/public/materialegislativa/2019/871/oficio_no_10_-_2019_-_cljri.pdf", "ementa": "A COMISS\u00c3O DE LEGISLA\u00c7\u00c3O, JUSTI\u00c7A E REDA\u00c7\u00c3O, no uso de suas atribui\u00e7\u00f5es regimentais c com fulcro no disposto na Resolu\u00e7\u00e3o n\u00b0 04, de 12 de julho de 2017, tendo recebido Den\u00fancia pelo Canal da Ouvidoria on line, solicita informa\u00e7\u00f5es desta Secret\u00e1ria a respeito do assunto envolvendo poss\u00edvel desvio de fun\u00e7\u00e3o de servidores p\u00fablicos, especialmente Agentes Comunit\u00e1rios de Sa\u00fade.\r\nNa oportunidade, solicitamos seja encaminhada a esta Comiss\u00e3o rela\u00e7\u00e3o dos Agentes Comunit\u00e1rios de Sa\u00fade, com informa\u00e7\u00e3o de suas respectivas lota\u00e7\u00f5es."}, {"id": "848", "ano": "2019", "numero": "11", "tipo__sigla": "OFSOL", "tipo__descricao": "Of\u00edcio/Solicita\u00e7\u00e3o", "autoria": "Ast\u00e9sio", "texto_original": "http://sapl.piumhi.mg.leg.br/media/sapl/public/materialegislativa/2019/848/oficio_no_11_-_2019_-_gabpresi.pdf", "ementa": "Cumprimentando-o cordialmente, sirvo-me do presente expediente para informar a V. Exa que foi solicitado esclarecimentos nesta Casa por parte do cidad\u00e3o Adilson Lopes Guimar\u00e3es, sobre a utiliza\u00e7\u00e3o de vias p\u00fablicas pelos Servi\u00e7os de Despachantes e Setor de Tr\u00e2nsito da Delegacia de Pol\u00edcia de Piumhi, bloqueando o tr\u00e2nsito da Rua Grijalva Soares Terra e tamb\u00e9m sobre utiliza\u00e7\u00e3o da Rua Tabeli\u00e3o Ov\u00eddio Arantes, por comerciantes, para fins de com\u00e9rcio de ve\u00edculos.\r\nSegundo o que nos foi informado o referido cidad\u00e3o j\u00e1 solicitou provid\u00eancias por parte deste Executivo.\r\nNeste sentido, considerando que o assunto j\u00e1 \u00e9 de conhecimento de V. Exa, solicito manifesta\u00e7\u00e3o sobre os fatos, para que possamos dar uma resposta ao cidad\u00e3o.\r\nSendo s\u00f3 para o momento, seguem em anexo c\u00f3pias dos Of\u00edcios, aguardando manifesta\u00e7\u00e3o no prazo legal (art. 23 da Lei Org\u00e2nica Municipal)."}, {"id": "852", "ano": "2019", "numero": "12", "tipo__sigla": "OFSOL", "tipo__descricao": "Of\u00edcio/Solicita\u00e7\u00e3o", "autoria": "Ast\u00e9sio", "texto_original": "http://sapl.piumhi.mg.leg.br/media/sapl/public/materialegislativa/2019/852/oficio_no_12_-_2019_-_gabpresi.pdf", "ementa": "Cumprimentando-o cordialmente, sirvo-me do presente expediente para informar a V. Exa que foi solicitado esclarecimentos nesta Casa por parte do cidad\u00e3o Adilson Lopes Guimar\u00e3es, sobre a utiliza\u00e7\u00e3o de vias p\u00fablicas pelos Servi\u00e7os de Despachantes e Setor de Tr\u00e2nsito da Delegacia de Pol\u00edcia de Piumhi, bloqueando o tr\u00e2nsito da Rua Grijalva Soares Terra e tamb\u00e9m sobre utiliza\u00e7\u00e3o da Rua Tabeli\u00e3o Ov\u00eddio Arantes, por comerciantes, para fins de com\u00e9rcio de ve\u00edculos.\r\nNeste sentido, considerando que o assunto j\u00e1 \u00e9 de conhecimento de V. Exa, solicito manifesta\u00e7\u00e3o sobre os fatos, para que possamos dar uma resposta ao cidad\u00e3o.\r\nSendo s\u00f3 para o momento, seguem em anexo c\u00f3pias dos Of\u00edcios, aguardando manifesta\u00e7\u00e3o."}, {"id": "847", "ano": "2019", "numero": "13", "tipo__sigla": "OFSOL", "tipo__descricao": "Of\u00edcio/Solicita\u00e7\u00e3o", "autoria": "Ast\u00e9sio", "texto_original": "http://sapl.piumhi.mg.leg.br/media/sapl/public/materialegislativa/2019/847/oficio_no_13_-_2019_-_gabpresi.pdf", "ementa": "Em Reuni\u00e3o Plen\u00e1ria realizada no dia 07 de mar\u00e7o de 2019 foi utilizada a Tribuna Livre por um cidad\u00e3o que manifestou inconformismo sobre os procedimentos relativos ao Atendimento Odontol\u00f3gico no \u00e2mbito do Munic\u00edpio, relato em anexo.\r\nTamb\u00e9m foi entregue pelo cidad\u00e3o c\u00f3pia da Manifesta\u00e7\u00e3o n\u00b0 11, c\u00f3pia em anexo, feita \u00e0 Controladoria Geral do Munic\u00edpio, solicitando provid\u00eancias sobre o com\u00e9rcio de fichas para dentistas, bem como disposi\u00e7\u00e3o de lixos em alguns bairros da cidade.\r\nNeste sentido, tratando-se de assuntos relacionados com a sa\u00fade p\u00fablica, solicitamos manifesta\u00e7\u00e3o no prazo legal (art. 23 da Lei Org\u00e2nica Municipal)."}, {"id": "883", "ano": "2019", "numero": "14", "tipo__sigla": "OFSOL", "tipo__descricao": "Of\u00edcio/Solicita\u00e7\u00e3o", "autoria": "Ast\u00e9sio", "texto_original": "http://sapl.piumhi.mg.leg.br/media/sapl/public/materialegislativa/2019/883/oficio_no_14_-_2019_-_gabpresi.pdf", "ementa": "Com os nossos cumprimentos, honra-nos dirigir a Vossa Excel\u00eancia, nessa oportunidade, para comunicar que estamos finalizando o estudo da minuta da Lei de Parcelamento, Ocupa\u00e7\u00e3o e Uso de Solo Urbano no Munic\u00edpio de Piumhi, para encaminharmos a Vossa Excel\u00eancia.\r\nPara tanto, em sendo aprovada a referida lei, ser\u00e1 necess\u00e1ria a forma\u00e7\u00e3o do Conselho Municipal de Desenvolvimento, em atendimento ao disposto nos artigos 106 e 107 da Lei Complementar 05/2006 (Plano Diretor Municipal).\r\nAssim, solicitamos deste Executivo seja constitu\u00eddo o Conselho com a nomea\u00e7\u00e3o de seus membros, observado o disposto no artigo 107 do Plano Diretor, ou, em j\u00e1 tendo sido nomeados os membros, seja encaminhado a esta Casa o ato de nomea\u00e7\u00e3o."}, {"id": "892", "ano": "2019", "numero": "15", "tipo__sigla": "OFSOL", "tipo__descricao": "Of\u00edcio/Solicita\u00e7\u00e3o", "autoria": "CFO - Comiss\u00e3o de Finan\u00e7as e Or\u00e7amento", "texto_original": "http://sapl.piumhi.mg.leg.br/media/sapl/public/materialegislativa/2019/892/oficio_no_15_-_2019_cfoi.pdf", "ementa": "A COMISS\u00c3O DE FINAN\u00c7AS E OR\u00c7AMENTO, no uso de suas atribui\u00e7\u00f5es regimentais, vem atrav\u00e9s deste, requerer de Vossa Excel\u00eancia, c\u00f3pias integrais da documenta\u00e7\u00e3o correspondente, nos termos relacionados abaixo:\r\n1) Processos Licitat\u00f3rios Tomada de Pre\u00e7os n\u00b0 02/2018, incluindo notas de empenhos e notas fiscais;\r\n2) Preg\u00e3o Presencial n\u00b0 16/2018 (Registro de Pre\u00e7os), incluindo notas de empenhos e notas fiscais;\r\n3) Preg\u00e3o Presencial n\u00b0 12/2018 - Outubro, incluindo notas de empenhos e notas fiscais;\r\n4) Preg\u00e3o Eletr\u00f4nico n\u00b0 12/2018 incluindo, notas de empenhos e notas fiscais.\r\nRequer, ainda, c\u00f3pias dos balancetes das receitas e despesas dos exerc\u00edcios de 2017, 2018 e 2019."}, {"id": "1175", "ano": "2019", "numero": "17", "tipo__sigla": "OFSOL", "tipo__descricao": "Of\u00edcio/Solicita\u00e7\u00e3o", "autoria": "Sargento Z\u00e9 Welington, Segundinho", "texto_original": "http://sapl.piumhi.mg.leg.br/media/sapl/public/materialegislativa/2019/1175/oficio_no_17-2019-vereadores.pdf", "ementa": "Com cordiais sauda\u00e7\u00f5es, servimo-nos do presente para recorrermos aos bons pr\u00e9stimos de Vossa Excel\u00eancia, no sentido de envidar esfor\u00e7os para a destina\u00e7\u00e3o de aparelhos de academias populares (ar livre), kits esportivos para as escolas do munic\u00edpio e jogos de camisas para a pr\u00e1tica de esportes."}, {"id": "893", "ano": "2019", "numero": "18", "tipo__sigla": "OFSOL", "tipo__descricao": "Of\u00edcio/Solicita\u00e7\u00e3o", "autoria": "Sargento Z\u00e9 Welington, Shirley da Educa\u00e7\u00e3o", "texto_original": "http://sapl.piumhi.mg.leg.br/media/sapl/public/materialegislativa/2019/893/oficio_no_18_-_2019_-_vereadori.pdf", "ementa": "Em cordial visita encaminhamos a esta Promotoria c\u00f3pia dos Laudos T\u00e9cnicos de Condi\u00e7\u00f5es Ambientais de Trabalho - LTCATs encaminhados pelo Executivo \u00e0 C\u00e2mara Municipal, atendendo pedidos dos vereadores que a este subscreve.\r\nNaquela oportunidade foi solicitada c\u00f3pia de referidos documentos em raz\u00e3o de diversos questionamentos feitos pelos servidores no sentido de que referidos Laudos n\u00e3o vinham sendo elaborados pelo Munic\u00edpio.\r\nEm que pese a exist\u00eancia destes documentos, observa-se que foram elaborados h\u00e1 mais de 10 (dez) anos c considerando que o Munic\u00edpio possui profissional habilitado contratado para elabora\u00e7\u00e3o destes Laudos, entendemos necess\u00e1rio a apura\u00e7\u00e3o dos fatos, j\u00e1 que em tese, poder\u00e1 configurar les\u00e3o aos cofres p\u00fablicos e tamb\u00e9m ao direito dos servidores.\r\nDe posse da documenta\u00e7\u00e3o estes Vereadores foram voto vencido no sentido de dar andamento \u00e0 apura\u00e7\u00e3o dos fatos, tendo sido determinada o arquivamento da documenta\u00e7\u00e3o."}, {"id": "894", "ano": "2019", "numero": "19", "tipo__sigla": "OFSOL", "tipo__descricao": "Of\u00edcio/Solicita\u00e7\u00e3o", "autoria": "Shirley da Educa\u00e7\u00e3o", "texto_original": "http://sapl.piumhi.mg.leg.br/media/sapl/public/materialegislativa/2019/894/oficio_no_19_-_2019_-_vereadori.pdf", "ementa": "encaminhar a este \u00f3rg\u00e3o do Minist\u00e9rio P\u00fablico, c\u00f3pia das informa\u00e7\u00f5es e documenta\u00e7\u00e3o encaminhadas pelo Poder Executivo \u00e0 C\u00e2mara Municipal de Piumhi-MG, relativamente aos questionamentos realizados por esta vereadora subscritora sobre o Projeto de Lei (j\u00e1 sancionada), que teve por objeto a cria\u00e7\u00e3o dc vagas na estrutura administrativa do munic\u00edpio.\r\nNa ocasi\u00e3o da delibera\u00e7\u00e3o da mat\u00e9ria no \u00e2mbito das Comiss\u00f5es e Plen\u00e1rio, esta vereadora foi voto vencido, mesmo ap\u00f3s demonstrar nas discuss\u00f5es, que o chefe do Poder Executivo j\u00e1 havia nomeado 14 servidores SEM A EXIST\u00caNCIA DE VAGAS para os cargos respectivos, em manifesto afronta ao Princ\u00edpio da Legalidade.\r\nObjetivamente, o Projeto de Lei (j\u00e1 sancionado) tinha objetivo claro de tentar regularizar ato pret\u00e9rito ilegal praticado pela administra\u00e7\u00e3o que nomeou 14 servidores sem que para os cargos existissem vagas. Fato, este, registrado em Sess\u00e3o Plen\u00e1ria pela presidente do Sindicato dos Servidores P\u00fablicos Municipais - SEMPRE."}, {"id": "891", "ano": "2019", "numero": "21", "tipo__sigla": "OFSOL", "tipo__descricao": "Of\u00edcio/Solicita\u00e7\u00e3o", "autoria": "Ast\u00e9sio", "texto_original": "http://sapl.piumhi.mg.leg.br/media/sapl/public/materialegislativa/2019/891/oficio_no_21_-_2019_-_gabpresi.pdf", "ementa": "notas de empenho anexada dos comprovantes de pagamentos; o balancete mensal de receitas e despesas; rela\u00e7\u00e3o de pagamentos aos servidores, devidamente discriminados, com os respectivos vencimentos, vantagens, gratifica\u00e7\u00f5es, horas extras e fun\u00e7\u00f5es ocupadas, relativos aos meses de Outubro/2018, Novembro/2018, Dezembro/2018, Janeiro/2019, Fevereiro/2019 e Mar\u00e7o/2019, na forma do \u00a7 1\u00b0 do artigo 46 da Lei Org\u00e2nica do Munic\u00edpio, at\u00e9 o \u00faltimo dia \u00fatil do m\u00eas de Abril/2019."}, {"id": "908", "ano": "2019", "numero": "22", "tipo__sigla": "OFSOL", "tipo__descricao": "Of\u00edcio/Solicita\u00e7\u00e3o", "autoria": "Fernando Detetive", "texto_original": "http://sapl.piumhi.mg.leg.br/media/sapl/public/materialegislativa/2019/908/oficio_no_22_-_2019_-_vereadoresi.pdf", "ementa": "Com os nossos cumprimentos, honra-nos dirigir a Vossa Excel\u00eancia, nessa oportunidade, para solicitar de V. S. a possibilidade de viabilizar junto aos \u00f3rg\u00e3os do governo do Estado, o fornecimento ao nosso Munic\u00edpio de 21 (vinte e um) mata burros e 1 (um) ve\u00edculo tipo VAN, Sprinter.\r\nOs mata-burros ser\u00e3o assentados em nossas comunidades rurais para compor estradas que ainda possuem porteiras de divisas, o que dificultam, sobremaneira, o tr\u00e2nsito de ve\u00edculos, principalmente os destinados \u00e0s linhas escolares, de forma que suas substitui\u00e7\u00f5es ou instala\u00e7\u00e3o em locais ainda desprovidos de mata burros, melhorariam nossa log\u00edstica de tr\u00e2nsito de ve\u00edculos escolares e pedestres.\r\nO ve\u00edculo ser\u00e1 utilizado para transportes de pacientes em tratamento de hemodi\u00e1lise, pois nossos pacientes t\u00eam que se deslocar para cidades da regi\u00e3o para submeterem aos tratamentos. Embora a prefeitura conte com sua frota de ambul\u00e2ncias, se faz necess\u00e1rio um ve\u00edculo exclusivo para esses pacientes.\r\nNa oportunidade \u00e9 importa"}, {"id": "920", "ano": "2019", "numero": "23", "tipo__sigla": "OFSOL", "tipo__descricao": "Of\u00edcio/Solicita\u00e7\u00e3o", "autoria": "CEDP - Comiss\u00e3o de \u00c9tica e Decoro Parlamentar", "texto_original": "http://sapl.piumhi.mg.leg.br/media/sapl/public/materialegislativa/2019/920/oficio_no_23_-_2019_-_comissaoi.pdf", "ementa": "A Comiss\u00e3o Permanente de \u00c9tica e Decoro Parlamentar, com fulcro na ressalva prevista no inciso I, do art. 143, do Regimento Interno da C\u00e2mara Municipal, vem atrav\u00e9s deste solicitar de V. Exa. c\u00f3pia (f\u00edsica ou digital) do controle de combust\u00edvel \"di\u00e1rio\u201d e \"mensal\u201d de TODOS os ve\u00edculos que comp\u00f5e a frota municipal, relativo ao per\u00edodo de agosto/2016 \u00e0 mar\u00e7o de 2019.\r\nEsta solicita\u00e7\u00e3o tem como justificativa a averigua\u00e7\u00e3o de poss\u00edveis irregularidades trazidas por cidad\u00e3os a esses vereadores."}, {"id": "943", "ano": "2019", "numero": "24", "tipo__sigla": "OFSOL", "tipo__descricao": "Of\u00edcio/Solicita\u00e7\u00e3o", "autoria": "Ast\u00e9sio", "texto_original": "http://sapl.piumhi.mg.leg.br/media/sapl/public/materialegislativa/2019/943/oficio_no_24_-_2019_-_gabpresi.pdf", "ementa": "Cumprimentando-o cordialmente, sirvo-me do presente expediente para encaminhar a este Poder Executivo, Minuta do Projeto de Lei de Parcelamento, Uso e Ocupa\u00e7\u00e3o do Solo, do Munic\u00edpio de Piumhi para, ap\u00f3s an\u00e1lise, seja o mesmo enviado a esta Casa Legislativa na forma de Projeto de Lei, para tramita\u00e7\u00e3o c aprova\u00e7\u00e3o.\r\nNa oportunidade, informo-lhe que a referida minuta foi elaborada mediante minucioso estudo feito em parceria entre a C\u00e2mara Municipal (atrav\u00e9s de sua assessoria jur\u00eddica), o Conselho de Desenvolvimento Econ\u00f4mico de Piumhi e Associa\u00e7\u00e3o dos Arquitetos de Piumhi, ao longo dos \u00faltimos 12 (doze) meses, resultado os trabalhos na minuta que ora encaminha para as provid\u00eancias acima solicitadas."}, {"id": "924", "ano": "2019", "numero": "25", "tipo__sigla": "OFSOL", "tipo__descricao": "Of\u00edcio/Solicita\u00e7\u00e3o", "autoria": "Shirley da Educa\u00e7\u00e3o", "texto_original": "http://sapl.piumhi.mg.leg.br/media/sapl/public/materialegislativa/2019/924/oficio_no_25_-_2019_-_vereadoresi.pdf", "ementa": "Cumprimentando-o cordialmente, sirvo-me do presente expediente para comunicar a den\u00fancia recebida pelos microempres\u00e1rios propriet\u00e1rios de latic\u00ednios. Na presente data fui procurada por alguns propriet\u00e1rios que relataram que a fiscaliza\u00e7\u00e3o na importa\u00e7\u00e3o dos queijos est\u00e1 prejudicando-os. Alegaram que esta fiscaliza\u00e7\u00e3o est\u00e1 exigindo o SIN. e a vigil\u00e2ncia sanit\u00e1ria dificulta a libera\u00e7\u00e3o dos alvar\u00e1s, tendo em vista que os produtos oriundos de outros munic\u00edpios para comercializa\u00e7\u00e3o em Piumhi n\u00e3o est\u00e3o sendo fiscalizados.\r\nSegundo os propriet\u00e1rios a entrada dos queijos de outros munic\u00edpios \u00e9 imensa, o que gera condi\u00e7\u00f5es de trabalho desleal e com isso essa situa\u00e7\u00e3o acontece de forma \"desenfreada\u201d e o desemprego cresce eminentemente.\r\nPortanto precisa-se oferecer melhores suportes aos nossos microempreendedores visando a promo\u00e7\u00e3o de empregos em nosso munic\u00edpio.\r\nAssim, diante do exposto solicito que seja realizada uma fiscaliza\u00e7\u00e3o de forma a atingir a todos, para que n\u00e3o ocorra discord\u00e2ncia."}, {"id": "923", "ano": "2019", "numero": "26", "tipo__sigla": "OFSOL", "tipo__descricao": "Of\u00edcio/Solicita\u00e7\u00e3o", "autoria": "Shirley da Educa\u00e7\u00e3o", "texto_original": "http://sapl.piumhi.mg.leg.br/media/sapl/public/materialegislativa/2019/923/oficio_no_26_-_2019_-_vereadoresi.pdf", "ementa": "Cumprimentando-o cordialmente, sirvo-me do presente expediente em atendimento aos moradores do bairro Olinda, encaminho c\u00f3pia do of\u00edcio junto ao abaixo assinado, onde os mesmos relataram que o local onde ficam os \u00f4nibus terceirizados na Rua Francisco Camarano, est\u00e1 gerando desconforto e aborrecimentos e poss\u00edveis problemas de sa\u00fade aos moradores devido ao forte cheiro de diesel, gases t\u00f3xicos, poeira e os barulhos estridentes pelo e dia e pela madrugada.\r\nDiane do exposto, solicito que esse \"hangar\" seja transferido para um bairro n\u00e3o residencial, ou para algum lote afastado."}, {"id": "919", "ano": "2019", "numero": "27", "tipo__sigla": "OFSOL", "tipo__descricao": "Of\u00edcio/Solicita\u00e7\u00e3o", "autoria": "Ast\u00e9sio", "texto_original": "http://sapl.piumhi.mg.leg.br/media/sapl/public/materialegislativa/2019/919/oficio_no_27_-_2019_-_gabpresi.pdf", "ementa": "\"Autoriza o Munic\u00edpio de Piumhi a celebrar conv\u00eanio com o Munic\u00edpio de Capit\u00f3lio e d\u00e1 outras provid\u00eancias\u201d"}, {"id": "962", "ano": "2019", "numero": "28", "tipo__sigla": "OFSOL", "tipo__descricao": "Of\u00edcio/Solicita\u00e7\u00e3o", "autoria": "Ast\u00e9sio, Fernando Detetive, Gleisson Professor de Biologia, Guininho do Man\u00e9, J\u00fanior Boi, Sargento Z\u00e9 Welington, Seabra da Farm\u00e1cia, Segundinho, Shirley da Educa\u00e7\u00e3o", "texto_original": "http://sapl.piumhi.mg.leg.br/media/sapl/public/materialegislativa/2019/962/oficio_no_28_-_2019_-_gabpresi.pdf", "ementa": "Cumprimentando-o cordialmente, servimo-nos do presente expediente para, nos termos da ressalva constante do inciso I, do art. 143 do Regimento Interno, solicitar de V. Exa o que segue abaixo:\r\nTrata-se de requerimento subscrito por servidora p\u00fablica municipal (em anexo), solicitando desta Casa Legislativa c\u00f3pias dos Editais de Concursos P\u00fablicos, com todos os anexos, inclusive o salarial, realizados nas gest\u00f5es do Ex-Prefeito Wilson Marega Craide e do Ex-Prefeito Dr. Jos\u00e9 Garcia Pereira, para provimento entre outros, do cargo de Fiscal e Auxiliar Administrativo, bem como c\u00f3pias dos respectivos Decretos de nomea\u00e7\u00f5es.\r\nTendo em vista, que os Editais, anexos e Decretos n\u00e3o foram encontrados nos arquivos desta Casa Legislativa, solicitamos de V. Exa c\u00f3pias dos referidos documentos, para cumprimento do requerimento feito pela servidora municipal, na forma por ela requerida.\r\nSendo s\u00f3 para o momento, aguardamos provid\u00eancias no prazo legal (art. 23 da Lei Org\u00e2nica Municipal)."}, {"id": "986", "ano": "2019", "numero": "29", "tipo__sigla": "OFSOL", "tipo__descricao": "Of\u00edcio/Solicita\u00e7\u00e3o", "autoria": "Segundinho", "texto_original": "http://sapl.piumhi.mg.leg.br/media/sapl/public/materialegislativa/2019/986/oficio_no_29_-_2019_-_comissoesi.pdf", "ementa": "A COMISS\u00c3O DE L EGISLA\u00c7\u00c3O, JUSTI\u00c7A E REDA\u00c7\u00c3O, COMISS\u00c3O DE FINAN\u00c7AS E OR\u00c7AMENTO E A COMISS\u00c3O DE SERVI\u00c7OS E POL\u00cdTICAS P\u00daBLICAS\r\nMUNICIPAIS, URBANISMO E CIDADANIA no uso de suas atribui\u00e7\u00f5es regimentais, vem atrav\u00e9s deste, requerer de Vosra Excel\u00eancia, informa\u00e7\u00e3o e toda a documenta\u00e7\u00e3o, nos termos relacionados abaixo:\r\n1) Processos Licitat\u00f3rios da reforma da ponte localizada na Rua Jo\u00e3o Pinheiro;\r\n2) Em qual situa\u00e7\u00e3o se encontra a referida reforma;\r\nSendo s\u00f3 para o momento, aguardamos provid\u00eancias no prazo legal (art. 23 da Lei Org\u00e2nica Municipal)."}, {"id": "960", "ano": "2019", "numero": "30", "tipo__sigla": "OFSOL", "tipo__descricao": "Of\u00edcio/Solicita\u00e7\u00e3o", "autoria": "Shirley da Educa\u00e7\u00e3o", "texto_original": "http://sapl.piumhi.mg.leg.br/media/sapl/public/materialegislativa/2019/960/oficio_no_30_-_2019_-_vereadoresi.pdf", "ementa": "Cumprimentando-o cordialmente, sirvo-me do presente expediente em atendimento as solicita\u00e7\u00f5es da Sra. Dayana Aparecida C\u00e2ndido Santana, venho solicitar de V. Exa que seja disponibilizada uma vaga em alguma das creches ou cmeis do nosso munic\u00edpio para o Kau\u00e3 Miguel C\u00e2ndido Santana de 1 ano e 5 meses.\r\nA fam\u00edlia est\u00e1 passando por grandes dificuldades financeiras, tendo em vista que o pai foi apreendido pela justi\u00e7a, deixando a esposa e o filho sem amparo \u00e0s necessidades b\u00e1sicas, tais como alimenta\u00e7\u00e3o e medicamentos. Diante de tal situa\u00e7\u00e3o fui procurada pela genitora da crian\u00e7a que precisa trabalhar para sobreviver _ sustentar sua crian\u00e7a.\r\nPortanto em atendimento a reivindica\u00e7\u00e3o da Sra. Dayana. venho atrav\u00e9s desta interceder em favor da mesma no sentido que V. Exa possa encaminhar ao Departamento competente desta Administra\u00e7\u00e3o para que tome as devidas provid\u00eancias."}, {"id": "945", "ano": "2019", "numero": "31", "tipo__sigla": "OFSOL", "tipo__descricao": "Of\u00edcio/Solicita\u00e7\u00e3o", "autoria": "Ast\u00e9sio", "texto_original": "http://sapl.piumhi.mg.leg.br/media/sapl/public/materialegislativa/2019/945/oficio_no_31_-_2019_-_gabpresi.pdf", "ementa": "Cumprimentando-o cordialmcntc, sirvo-me do presente expediente para solicitar-lhe especial aten\u00e7\u00e3o ao assunto abaixo, a saber:\r\nTrata-se da documenta\u00e7\u00e3o solicitada por V. Exa., por meio do Of\u00edcio n\u00b0 5233/2019 - SEC/P C\u00e2mara, para fins de instru\u00e7\u00e3o da Representa\u00e7\u00e3o autuada nesta Corte de Contas sob o n. 1031594 (Apenso 1031664), de autoria da Vereadora Shirlcy Elaine Gon\u00e7alves Faria.\r\nTendo em vista a rela\u00e7\u00e3o dos documentos constante do referido Of\u00edcio e, considerando que parte deles est\u00e3o sendo solicitados ao Chefe do Poder Executivo Municipal, em raz\u00e3o de sua inexist\u00eancia nesta Casa Tegislativa, por conta do n\u00e3o recebimento c arquivamento das duas Den\u00fancias, necess\u00e1rio sc faz a prorroga\u00e7\u00e3o do prazo concedido por esta Corte, por mais 15 (quinze) dias, de forma a viabilizar a organiza\u00e7\u00e3o e envio de todas as informa\u00e7\u00f5es solicitadas, sendo o que se requer."}, {"id": "961", "ano": "2019", "numero": "32", "tipo__sigla": "OFSOL", "tipo__descricao": "Of\u00edcio/Solicita\u00e7\u00e3o", "autoria": "Sargento Z\u00e9 Welington", "texto_original": "http://sapl.piumhi.mg.leg.br/media/sapl/public/materialegislativa/2019/961/oficio_no_32_-_2019_-_vereadoresi.pdf", "ementa": "Cumprimentando-o cordialmente, sirvo-me do presente expediente para encaminhar \u00e0 V. Exa. o abaixo assinado e solicitar que seja atendido o pedido das m\u00e3es de Penedos, as mesmas est\u00e3o alegando que por falta da creche, n\u00e3o est\u00e3o tendo condi\u00e7\u00f5es de trabalhar.\r\nDiante da situa\u00e7\u00e3o, solicitamos que se n\u00e3o for poss\u00edvel abrir a creche o ano inteiro, que seja disponibilizado apenas no per\u00edodo da safra de caf\u00e9. assim podendo dar oportunidade para as m\u00e3es trabalharem."}, {"id": "987", "ano": "2019", "numero": "33", "tipo__sigla": "OFSOL", "tipo__descricao": "Of\u00edcio/Solicita\u00e7\u00e3o", "autoria": "CEDP - Comiss\u00e3o de \u00c9tica e Decoro Parlamentar", "texto_original": "http://sapl.piumhi.mg.leg.br/media/sapl/public/materialegislativa/2019/987/oficio_no_33_-_2019_-_comissoesi.pdf", "ementa": "Em cordial visita, servimo-nos do presente expediente para, nos termos da ressalva prevista no inciso 1, do art. 143, do Regimento Interno desta Casa, que dispensa a delibera\u00e7\u00e3o plen\u00e1ria para os casos cm que o pedido de informa\u00e7\u00f5es/documenta\u00e7\u00e3o for subscrito pelas Comiss\u00f5es Permanente/Tempor\u00e1rias, REQUERER de V.Exa. o atendimento - no prazo legal - dos questionamentos, abaixo:\r\n1) Seja encaminhado a esta Comiss\u00e3o, c\u00f3pia do Ato de Nomea\u00e7\u00e3o do Servidor Tiago Henrique Ferreira, que se encontra prestando servi\u00e7os \u00e0 Secretaria Municipal de Educa\u00e7\u00e3o;\r\n02) Seja encaminhado \u00e0 Comiss\u00e3o, c\u00f3pia das atribui\u00e7\u00f5es atinentes ao referido cargo;\r\n03) Informa\u00e7\u00e3o acerca da exist\u00eancia ou n\u00e3o de curso/treinamento do referido servidor (Tiago Henrique Ferreira) para operar o aparelho biom\u00e9trico (SISPONTO), que se encontra na Secretaria de Educa\u00e7\u00e3o;\r\n04) C\u00f3pia dos procedimentos do curso/treinamento do referido servidor (Tiago Henrique Ferreira) que o habilitou a operacionalizar a referida m\u00e1quina, na Secretaria de"}, {"id": "1165", "ano": "2019", "numero": "34", "tipo__sigla": "OFSOL", "tipo__descricao": "Of\u00edcio/Solicita\u00e7\u00e3o", "autoria": "Chefe do Poder Executivo Municipal, Fernando Detetive, J\u00fanior Boi, Seabra da Farm\u00e1cia", "texto_original": "http://sapl.piumhi.mg.leg.br/media/sapl/public/materialegislativa/2019/1165/oficio_no_34-2019.pdf", "ementa": "Solicita a possibilidade de viabilizar junto aos \u00f3rg\u00e3os do governo do Estado, o fornecimento ao Munic\u00edpio de Piumhi, de 01 Torre (antena) de telefonia m\u00f3vel."}, {"id": "1000", "ano": "2019", "numero": "35", "tipo__sigla": "OFSOL", "tipo__descricao": "Of\u00edcio/Solicita\u00e7\u00e3o", "autoria": "Ast\u00e9sio, Fernando Detetive, Gleisson Professor de Biologia, Guininho do Man\u00e9, J\u00fanior Boi, Sargento Z\u00e9 Welington, Seabra da Farm\u00e1cia, Segundinho, Shirley da Educa\u00e7\u00e3o", "texto_original": "http://sapl.piumhi.mg.leg.br/media/sapl/public/materialegislativa/2019/1000/oficio_solicitacao_35-2019.pdf", "ementa": "Cumprimentando-o cordialmente, servimo-nos do presente expediente para solicitar informa\u00e7\u00f5es a respeito da fase cm que se encontram os procedimentos relativos \u00e0 Municipaliza\u00e7\u00e3o do Tr\u00e2nsito em nossa cidade.\r\nE que esta Casa recebeu cm data de 13/05/2019 abaixo-assinado, subscrito por 527 (quinhentos e vinte c sete) cidad\u00e3os, requerendo o apoio do Legislativo para implementa\u00e7\u00e3o da Faixa Azul no centro comercial de Piumhi.\r\nlendo em vista que referido abaixo-assinado j\u00e1 foi anteriormente encaminhado ao Executivo 4V-diante da necessidade de darmos uma resposta aos cidad\u00e3os, considerando a relev\u00e2ncia da pretens\u00e3o e as reivindica\u00e7\u00f5es populares para solucionar a quest\u00e3o do tr\u00e2nsito, \u00e9 que solicitamos informa\u00e7\u00f5es sobre os procedimentos que est\u00e3o sendo adotados pelo Executivo e ainda a previs\u00e3o para a implanta\u00e7\u00e3o da referida Faixa Azul, j\u00e1 que esta Casa Legislativa aprovou v\u00e1rios projetos relacionados ao tr\u00e2nsito, a exemplo da Lei Complementar n\u00b0 38/2015 que Disp\u00f5e sobre a cria\u00e7\u00e3o do estacionamen"}, {"id": "1072", "ano": "2019", "numero": "36", "tipo__sigla": "OFSOL", "tipo__descricao": "Of\u00edcio/Solicita\u00e7\u00e3o", "autoria": "Sargento Z\u00e9 Welington, Shirley da Educa\u00e7\u00e3o", "texto_original": "http://sapl.piumhi.mg.leg.br/media/sapl/public/materialegislativa/2019/1072/oficio_no_36_-_2019-ver.pdf", "ementa": "Solicita esfor\u00e7os para a destina\u00e7\u00e3o de um caminh\u00e3o equipado com ca\u00e7amba coletora e compactador de lixo, para atender parte da demanda do nosso munic\u00edpio."}, {"id": "1008", "ano": "2019", "numero": "37", "tipo__sigla": "OFSOL", "tipo__descricao": "Of\u00edcio/Solicita\u00e7\u00e3o", "autoria": "CFO - Comiss\u00e3o de Finan\u00e7as e Or\u00e7amento", "texto_original": "http://sapl.piumhi.mg.leg.br/media/sapl/public/materialegislativa/2019/1008/oficio_no_37_-_2019_-_cfoi.pdf", "ementa": "A COMISS\u00c3O DE FINAN\u00c7AS E OR\u00c7AMENTO, no uso de suas atribui\u00e7\u00f5es regimentais, vem atrav\u00e9s deste, requerer de Vossa Excel\u00eancia, c\u00f3pias integrais da documenta\u00e7\u00e3o correspondente, nos termos relacionados abaixo:\r\n1) C\u00f3pia dos Processos Licitat\u00f3rios TP 003/2018 (com as respectivas requisi\u00e7\u00f5es de servi\u00e7o e medi\u00e7\u00f5es).\r\n2) c\u00f3pia dos Processos Licitat\u00f3rios TP 004/2018 (com as respectivas requisi\u00e7\u00f5es de servi\u00e7o e medi\u00e7\u00f5es).\r\nSendo s\u00f3 para o momento, aguardamos provid\u00eancias no prazo legal (art. 23 da Lei Org\u00e2nica Municipal)."}, {"id": "1136", "ano": "2019", "numero": "38", "tipo__sigla": "OFSOL", "tipo__descricao": "Of\u00edcio/Solicita\u00e7\u00e3o", "autoria": "Ast\u00e9sio", "texto_original": "http://sapl.piumhi.mg.leg.br/media/sapl/public/materialegislativa/2019/1136/oficio_no_38_-_2019-gabpres.pdf", "ementa": "Cumprimentando-o cordialmente, sirvo-me do presente expediente para reiterar a solicita\u00e7\u00e3o de documenta\u00e7\u00e3o encaminhada a V. Exa atrav\u00e9s do Oficio n\u00b0 28/2019/GABPRES (cm anexo) protocolizado em 23/04/2019. Sendo s\u00f3 para o momento, aguardamos o envio da referida documenta\u00e7\u00e3o no prazo de 10 (dez) dias."}, {"id": "1039", "ano": "2019", "numero": "39", "tipo__sigla": "OFSOL", "tipo__descricao": "Of\u00edcio/Solicita\u00e7\u00e3o", "autoria": "Segundinho", "texto_original": "http://sapl.piumhi.mg.leg.br/media/sapl/public/materialegislativa/2019/1039/oficio_no_39_-_2019-vereadores.pdf", "ementa": "Cumprimentando-o cordialmente, servimo-me do presente expediente para solicitar que seja destinado uma ca\u00e7amba para a Casa de Maria.\r\nO pedido se justifica em raz\u00e3o de que a instala\u00e7\u00e3o de uma ca\u00e7amba possibilitar\u00e1 que os detritos sejam descartados corretamente e com efici\u00eancia, com isso vai evitar in\u00fameros transtornos para os que frequentam o referido local.\r\nTendo em vista que a tal solicita\u00e7\u00e3o foi sugerida pelo setor de endemias, onde informaram que o acumulo de lixos e \u00e1gua gera atra\u00e7\u00e3o de vetores que transmitem doen\u00e7as, a concentra\u00e7\u00e3o de lixo provoca emiss\u00e3o de odores, agride o meio ambiente e deixa a Casa de Maria com aspecto de abandono.\r\nRessaltamos a nossa preocupa\u00e7\u00e3o com a qualidade de vida : o futuro do nosso planeta, esse pensamento \u00e9 fundamental para termos um lugar melhor para viver."}, {"id": "1040", "ano": "2019", "numero": "40", "tipo__sigla": "OFSOL", "tipo__descricao": "Of\u00edcio/Solicita\u00e7\u00e3o", "autoria": "Ast\u00e9sio, Sargento Z\u00e9 Welington, Segundinho", "texto_original": "http://sapl.piumhi.mg.leg.br/media/sapl/public/materialegislativa/2019/1040/oficio_no_40_-_2019_vereadores.pdf", "ementa": "Cumprimentando-o cordialmente solicitamos especial aten\u00e7\u00e3o sobre o assunto abaixo o qual foi protocolado no gabinete do Cr. Wagner Pinto de Souza. Chefe da Pol\u00edcia Civil Delegado Geral e Dr. Kleyverson Rezende Chefe da Divis\u00e3o de Habilita\u00e7\u00e3o atrav\u00e9s de of\u00edcio n\u00b0 Of\u00edcio n\u00b0 94/2018 de 06 de setembro de 2018 e 22 de fevereiro de 2019.\r\nA C\u00e2mara Municipal de Piumhi buscando prosseguir com o acordo realizado junto ao Departamento de Tr\u00e2nsito do Estudo de Minas Gerais para aplica\u00e7\u00e3o das provas eletr\u00f4nicas de Legisla\u00e7\u00e3o em nosso Munic\u00edpio., atrav\u00e9s do CAC (Centro de Atendimento ao Cidad\u00e3o), adequou seu espa\u00e7o f\u00edsico para atendimento da demanda, de forma a atender as necessidades de nossa popula\u00e7\u00e3o.\r\nNesse sentido, foram instalados os computadores, o browser PRODEMGE e a rede local com internet, estando \u00e0 disposi\u00e7\u00e3o do DETRAN, conforme fotos em anexo (arquivo digital - CD).\r\nNa oportunidade, como solicitado, seguem os endere\u00e7os de IP's dos computadores disponibilizados pela C\u00e2mara Municipal..."}, {"id": "1137", "ano": "2019", "numero": "41", "tipo__sigla": "OFSOL", "tipo__descricao": "Of\u00edcio/Solicita\u00e7\u00e3o", "autoria": "Ast\u00e9sio", "texto_original": "http://sapl.piumhi.mg.leg.br/media/sapl/public/materialegislativa/2019/1137/oficio_no_41_-_2019-gabpres.pdf", "ementa": "Cumprimentando-o cordialmente, sirvo-me do presente expediente para, cm atendimento ao of\u00edcio n\u00b0 29/2019/PIR-GAB/PIR-DGE/PIR/IFMG, recebido por esta Casa em 22/05/2019, (em anexo), solicitar a V. Exa informa\u00e7\u00f5es sobre a execu\u00e7\u00e3o da emenda impositiva constante da Lei Or\u00e7ament\u00e1ria do Munic\u00edpio de Piumhi no valor de R$ 50.000,00, para incentivo \u00e0 Pesquisa e Extens\u00e3o do IFMG Campus Avan\u00e7ado Piumhi. Na oportunidade, solicitamos informa\u00e7\u00f5es sobre a previs\u00e3o de execu\u00e7\u00e3o das demais emendas aprovadas nesta Casa, relativas ao or\u00e7amento de 2019."}, {"id": "1062", "ano": "2019", "numero": "42", "tipo__sigla": "OFSOL", "tipo__descricao": "Of\u00edcio/Solicita\u00e7\u00e3o", "autoria": "CEDP - Comiss\u00e3o de \u00c9tica e Decoro Parlamentar, Sargento Z\u00e9 Welington, Shirley da Educa\u00e7\u00e3o", "texto_original": "http://sapl.piumhi.mg.leg.br/media/sapl/public/materialegislativa/2019/1062/oficio_no_42_-_2019_-_comissao.pdf", "ementa": "Solicita c\u00f3pia (f\u00edsica ou digital) de documenta\u00e7\u00e3o complementar relativa ao controle de combust\u00edvel \"Di\u00e1rio\" e \"Mensal\"."}, {"id": "1061", "ano": "2019", "numero": "43", "tipo__sigla": "OFSOL", "tipo__descricao": "Of\u00edcio/Solicita\u00e7\u00e3o", "autoria": "Segundinho", "texto_original": "http://sapl.piumhi.mg.leg.br/media/sapl/public/materialegislativa/2019/1061/oficio_no_43_-_2019_-_comissao.pdf", "ementa": "A COMISS\u00c3O DE LEGISLA\u00c7\u00c3O, JUSTI\u00c7A E REDA\u00c7\u00c3O, no uso de suas atribui\u00e7\u00f5es regimentais, v\u00eam atrav\u00e9s deste solicitar informa\u00e7\u00f5es a respeito da fase em que se encontram os procedimentos relativos \u00e0s Permutas dos lotes nas \u00e1reas de APP e \u00e1reas de risco no \u00e2mbito do Munic\u00edpio de Piumhi. O pedido se justifica em raz\u00e3o das solicita\u00e7\u00f5es em que este Vereador vem recebendo, onde os mun\u00edcipes ressaltaram que est\u00e3o pagando IPTU e n\u00e3o podem construir. Sendo s\u00f3 para o momento, segue em anexo c\u00f3pia do abaixo-assinado, aguardando manifesta\u00e7\u00e3o no prazo legal (art. 23 da Lei Org\u00e2nica Municipal)."}, {"id": "1067", "ano": "2019", "numero": "44", "tipo__sigla": "OFSOL", "tipo__descricao": "Of\u00edcio/Solicita\u00e7\u00e3o", "autoria": "Fernando Detetive, J\u00fanior Boi, Seabra da Farm\u00e1cia", "texto_original": "http://sapl.piumhi.mg.leg.br/media/sapl/public/materialegislativa/2019/1067/oficio_no_44-2019-cfo.pdf", "ementa": "Solicita c\u00f3pias integrais da documenta\u00e7\u00e3o correspondente, nos termos relacionados abaixo:\r\na) c\u00f3pia da documenta\u00e7\u00e3o referente ao Processo Licitat\u00f3rio, modalidade Preg\u00e3o Registro de Pre\u00e7os 14/2019, cujo objeto trata-se de \"Loca\u00e7\u00e3o de \u00d4nibus\";"}, {"id": "1068", "ano": "2019", "numero": "45", "tipo__sigla": "OFSOL", "tipo__descricao": "Of\u00edcio/Solicita\u00e7\u00e3o", "autoria": "Shirley da Educa\u00e7\u00e3o", "texto_original": "http://sapl.piumhi.mg.leg.br/media/sapl/public/materialegislativa/2019/1068/oficio_no_45-2019-vereadores.pdf", "ementa": "Com fulcro no art. 136 do Regimento Interno, reitera a Indica\u00e7\u00e3o n\u00b0 01/2019, em anexo, j\u00e1 apresentada e n\u00e3o atendida."}, {"id": "1086", "ano": "2019", "numero": "46", "tipo__sigla": "OFSOL", "tipo__descricao": "Of\u00edcio/Solicita\u00e7\u00e3o", "autoria": "Sargento Z\u00e9 Welington", "texto_original": "http://sapl.piumhi.mg.leg.br/media/sapl/public/materialegislativa/2019/1086/oficio_no_46_-_2019_-_vereadores.pdf", "ementa": "Servi\u00e7o p\u00fablico dispensado \u00e0 popula\u00e7\u00e3o referente ao Tratamento Fora do Domic\u00edlio (TFD)."}, {"id": "1069", "ano": "2019", "numero": "47", "tipo__sigla": "OFSOL", "tipo__descricao": "Of\u00edcio/Solicita\u00e7\u00e3o", "autoria": "Ast\u00e9sio", "texto_original": "http://sapl.piumhi.mg.leg.br/media/sapl/public/materialegislativa/2019/1069/oficio_no_47_-_2019_-_vereadores.pdf", "ementa": "Solicita que seja enviado of\u00edcio ao Ilustr\u00edssimo Governador do Estado de Minas Gerais, Romeu Zema, e Ilustr\u00edssimo Chefe de Pol\u00edcia Civil, Wagner Pinto de Souza, solicitando-lhes apoio e esfor\u00e7os para que seja a Delegacia Seccional de Pol\u00edcia Civil de Piumhi seja transformada em Delegacia Regional de Pol\u00edcia Civil, com a efetiva nomea\u00e7\u00e3o de m\u00e9dico legista."}, {"id": "1077", "ano": "2019", "numero": "48", "tipo__sigla": "OFSOL", "tipo__descricao": "Of\u00edcio/Solicita\u00e7\u00e3o", "autoria": "Gleisson Professor de Biologia", "texto_original": "http://sapl.piumhi.mg.leg.br/media/sapl/public/materialegislativa/2019/1077/oficio_no_48_-_2019_-_vereadores.pdf", "ementa": "Reitera a Indica\u00e7\u00e3o n\u00ba 87/2017, em anexo, j\u00e1 apresentada e n\u00e3o atendida."}, {"id": "1085", "ano": "2019", "numero": "49", "tipo__sigla": "OFSOL", "tipo__descricao": "Of\u00edcio/Solicita\u00e7\u00e3o", "autoria": "Ast\u00e9sio", "texto_original": "http://sapl.piumhi.mg.leg.br/media/sapl/public/materialegislativa/2019/1085/oficio_no_49_-_2019_-_gabpres.pdf", "ementa": "No ano de 2019, a C\u00e2mara Municipal de Piumhi aprovou emenda impositiva em favor do Instituto Federal de Educa\u00e7\u00e3o Tecnol\u00f3gica de Minas Gerais (IFMG) Campus Avan\u00e7ado Piumhi, com objetivo de incentivar a produ\u00e7\u00e3o de atividades de pesquisa, a\u00e7\u00f5es de extens\u00e3o e pr\u00e1ticas que envolvam metodologias inovadoras no ensino, desenvolvidas no \u00e2mbito da institui\u00e7\u00e3o federal e coordenadas por seu corpo servidoras e servidores (t\u00e9cnicos e docentes), direcionadas \u00e0 Comunidade de Piumhi. Considerando a elevada responsabilidade e relev\u00e2ncia social desta iniciativa in\u00e9dita do Legislativo Municipal, os membros titulares desta Casa, a fim de assegurar benef\u00edcios sociais, culturais, cient\u00edficos e tecnol\u00f3gicos em favor da sociedade piumhiense, define alguns crit\u00e9rios que dever\u00e3o subsidiar a elabora\u00e7\u00e3o, an\u00e1lise e aprova\u00e7\u00e3o dos projetos que ser\u00e3o contemplados pela referida emenda impositiva.\r\n1 - os projetos (pesquisa, extens\u00e3o) dever\u00e3o ser apresentados de acordo com os modelos/formatos oficiais pr\u00f3prios do IFMG.."}, {"id": "1074", "ano": "2019", "numero": "50", "tipo__sigla": "OFSOL", "tipo__descricao": "Of\u00edcio/Solicita\u00e7\u00e3o", "autoria": "Segundinho", "texto_original": "http://sapl.piumhi.mg.leg.br/media/sapl/public/materialegislativa/2019/1074/oficio_no_50_-_2019_-_vereadores.pdf", "ementa": "Cumprimentando-o cordialmente e, desde j\u00e1 congratulando pelos excelentes trabalhos desenvolvidos por V. Ex\u00aa. frente a Assembl\u00e9ia Legislativa de Minas Gerais em prol dos munic\u00edpios mineiros, servimo-nos do presente para solicitar-lhe especial aten\u00e7\u00e3o ao assunto abaixo, \u00e0 saber:\r\nTrata-se da formaliza\u00e7\u00e3o do assunto levado por estes vereadores subscritores at\u00e9 a assessoria do gabinete de V. Ex\u00aa., relativamente \u00e0 necessidade de jun\u00e7\u00e3o de esfor\u00e7os para viabilizar a instala\u00e7\u00e3o de um escrit\u00f3rio da Superintend\u00eancia Regional de Meio Ambiente - SUPRAM, no munic\u00edpio de Piumhi/MG, de forma a atender com efici\u00eancia as demandas deste munic\u00edpio e dos munic\u00edpios que comp\u00f5e a microrregi\u00e3o, que atualmente s\u00e3o obrigados a apresentarem suas demandas no munic\u00edpio de Divin\u00f3polis/MG, causando constantes deslocamentos e \u00f4nus elevados para os usu\u00e1rios.\r\nNa oportunidade, ressaltamos que nossa regi\u00e3o \u00e9 extremamente agr\u00edcola e dependemos muito de servi\u00e7os relacionados ao Meio Ambiente. E ainda estamos a 150 km..."}, {"id": "1097", "ano": "2019", "numero": "51", "tipo__sigla": "OFSOL", "tipo__descricao": "Of\u00edcio/Solicita\u00e7\u00e3o", "autoria": "CFO - Comiss\u00e3o de Finan\u00e7as e Or\u00e7amento, CLJR - Comiss\u00e3o de Legisla\u00e7\u00e3o, Justi\u00e7a e Reda\u00e7\u00e3o, CSPPMUC - Comiss\u00e3o de Servi\u00e7os e Pol\u00edticas P\u00fablicas Municipais, Urbanismo e Cidadania", "texto_original": "http://sapl.piumhi.mg.leg.br/media/sapl/public/materialegislativa/2019/1097/oficio_no_51_-_2019_-_comissoes.pdf", "ementa": "A COMISS\u00c3O DE LEGISLA\u00c7\u00c3O, JUSTI\u00c7A E REDA\u00c7\u00c3O, COMISS\u00c3O DE FINAN\u00c7AS E OR\u00c7AMENTO E A COMISS\u00c3O DE SERVI\u00c7OS E POL\u00cdTICAS P\u00daBLICAS MUNICIPAIS, URBANISMO E CIDADANIA no uso de suas atribui\u00e7\u00f5es regimentais, vem atrav\u00e9s deste, requerer de Vossa Excel\u00eancia, informa\u00e7\u00e3o e toda a documenta\u00e7\u00e3o, nos termos relacionados abaixo:\r\na) C\u00f3pia integral do Processo Licitat\u00f3rio instaurado para a terceiriza\u00e7\u00e3o dos servi\u00e7os de transporte escolar;"}, {"id": "1098", "ano": "2019", "numero": "52", "tipo__sigla": "OFSOL", "tipo__descricao": "Of\u00edcio/Solicita\u00e7\u00e3o", "autoria": "CFO - Comiss\u00e3o de Finan\u00e7as e Or\u00e7amento, CLJR - Comiss\u00e3o de Legisla\u00e7\u00e3o, Justi\u00e7a e Reda\u00e7\u00e3o, CSPPMUC - Comiss\u00e3o de Servi\u00e7os e Pol\u00edticas P\u00fablicas Municipais, Urbanismo e Cidadania, Sargento Z\u00e9 Welington", "texto_original": "http://sapl.piumhi.mg.leg.br/media/sapl/public/materialegislativa/2019/1098/oficio_no_52_-_2019_-_comissoes.pdf", "ementa": "A COMISS\u00c3O DE LEGISLA\u00c7\u00c3O, JUSTI\u00c7A E REDA\u00c7\u00c3O, COMISS\u00c3O DE FINAN\u00c7AS E OR\u00c7AMENTO E A COMISS\u00c3O DE SERVI\u00c7OS E POL\u00cdTICAS P\u00daBLICAS\r\nMUNICIPAIS, URBANISMO E CIDADANIA no uso de suas atribui\u00e7\u00f5es regimentais, vem atrav\u00e9s deste, requerer de Vossa Excel\u00eancia, informa\u00e7\u00e3o e toda a documenta\u00e7\u00e3o, nos termos relacionados abaixo:\r\na) Demonstrativo do saldo financeiro dos \u00faltimos 24 meses;\r\nSendo s\u00f3 para o momento, aguardamos provid\u00eancias no prazo legal (art. 23 da Lei Org\u00e2nica Municipal)."}, {"id": "1099", "ano": "2019", "numero": "53", "tipo__sigla": "OFSOL", "tipo__descricao": "Of\u00edcio/Solicita\u00e7\u00e3o", "autoria": "CSPPMUC - Comiss\u00e3o de Servi\u00e7os e Pol\u00edticas P\u00fablicas Municipais, Urbanismo e Cidadania", "texto_original": "http://sapl.piumhi.mg.leg.br/media/sapl/public/materialegislativa/2019/1099/oficio_no_53_-_2019_-_comissao.pdf", "ementa": "A Comiss\u00e3o de Servi\u00e7os e Pol\u00edticas P\u00fablicas Municipais, Urbanismo e Cidadania, atrav\u00e9s de sua Presidente Shirley Elaine Gon\u00e7alves Faria, com fulcro na ressalva constante da parte final do inciso I, do art. 143, do Regimento Interno desta Casa, vem atrav\u00e9s deste solicitar de V.Ex\u00aa. informa\u00e7\u00f5es acerca do cronograma de execu\u00e7\u00e3o dos servi\u00e7os na ponte sobre o Ribeir\u00e3o do Corte, na rua Jo\u00e3o Pinheiro, com detalhamento das fases de execu\u00e7\u00e3o e previs\u00e3o de t\u00e9rmino, bem como informa\u00e7\u00f5es sobre eventual conv\u00eanio firmado com o estado/uni\u00e3o, encaminhando c\u00f3pia do referido instrumento a esta Casa, a fim de viabilizar a averigua\u00e7\u00e3o de valores do repasse, contrapartida, vig\u00eancia e presta\u00e7\u00e3o de contas. Sendo s\u00f3 para o momento, aguardamos o atendimento desta solicita\u00e7\u00e3o, no prazo legal (art. 23 da Lei Org\u00e2nica Municipal)."}, {"id": "1128", "ano": "2019", "numero": "54", "tipo__sigla": "OFSOL", "tipo__descricao": "Of\u00edcio/Solicita\u00e7\u00e3o", "autoria": "Shirley da Educa\u00e7\u00e3o", "texto_original": "http://sapl.piumhi.mg.leg.br/media/sapl/public/materialegislativa/2019/1128/oficio_no_54_-_2019_-_vereadores.pdf", "ementa": "Solicita atendimento odontol\u00f3gico no CEO para a crian\u00e7a Eduardo Oliveira Costa."}, {"id": "1129", "ano": "2019", "numero": "55", "tipo__sigla": "OFSOL", "tipo__descricao": "Of\u00edcio/Solicita\u00e7\u00e3o", "autoria": "CSPPMUC - Comiss\u00e3o de Servi\u00e7os e Pol\u00edticas P\u00fablicas Municipais, Urbanismo e Cidadania", "texto_original": "http://sapl.piumhi.mg.leg.br/media/sapl/public/materialegislativa/2019/1129/oficio_no_55_-_2019_-_comissao.pdf", "ementa": "Solicita devidas provid\u00eancias para a regulariza\u00e7\u00e3o do transporte de pacientes da localidade de Penedos para Piumhi."}, {"id": "1127", "ano": "2019", "numero": "56", "tipo__sigla": "OFSOL", "tipo__descricao": "Of\u00edcio/Solicita\u00e7\u00e3o", "autoria": "Shirley da Educa\u00e7\u00e3o", "texto_original": "http://sapl.piumhi.mg.leg.br/media/sapl/public/materialegislativa/2019/1127/oficio_no_56_-_2019_-_comissao.pdf", "ementa": "Solicita aten\u00e7\u00e3o especial aos bairros Nova Esperan\u00e7a, Santa Clara I e II, quanto aos individuos \"soltando pipas\" fazendo utiliza\u00e7\u00e3o de produto conhecido como \"cerol\", de forma a reestabelecer a ordem e a tranquilidade aos moradores."}, {"id": "1132", "ano": "2019", "numero": "57", "tipo__sigla": "OFSOL", "tipo__descricao": "Of\u00edcio/Solicita\u00e7\u00e3o", "autoria": "Gleisson Professor de Biologia", "texto_original": "http://sapl.piumhi.mg.leg.br/media/sapl/public/materialegislativa/2019/1132/oficio_no_57_-_2019_-_vereadores.pdf", "ementa": "Reitera Indica\u00e7\u00e3o j\u00e1 apresentada e n\u00e3o atendida."}, {"id": "1121", "ano": "2019", "numero": "58", "tipo__sigla": "OFSOL", "tipo__descricao": "Of\u00edcio/Solicita\u00e7\u00e3o", "autoria": "Ast\u00e9sio, Sargento Z\u00e9 Welington, Segundinho", "texto_original": "http://sapl.piumhi.mg.leg.br/media/sapl/public/materialegislativa/2019/1121/oficio_no_58-2019-vereadores.pdf", "ementa": "Cumprimentando-o cordialmente e desde j\u00e1 congratulando-o pelos excelentes trabalhos desenvolvidos por Vossa Excel\u00eancia frente \u00e0 Assembl\u00e9ia Legislativa de Minas Gerais em prol dos munic\u00edpios mineiros, servimo-nos do presente expediente para agradecer-lhe pelo apoio e aten\u00e7\u00e3o\r\naos pleitos apresentados por estes vereadores, e na oportunidade, solicitar-lhe especial aten\u00e7\u00e3o ao assunto abaixo a saber: Trata-se de Termo de Doa\u00e7\u00e3o celebrado entre o Estado de Minas Gerais, por interm\u00e9dio da Secret\u00e1ria de Estado de Sa\u00fade e o Munic\u00edpio de Piumhi-MG em 28 de dezembro de 2018, para doa\u00e7\u00e3o em car\u00e1ter definitivo e sem encargos de uma ambul\u00e2ncia Peugeot Partner no valor de R$79.000.00 e um micro-\u00f4nibus Mercedes-Benz no valor R$ 249.920.00 (doc. em anexo). A presente doa\u00e7\u00e3o tem como finalidade implementar e melhorar o transporte de pessoas com necessidades de tratamento m\u00e9dico, pacientes doentes/feridos, para realiza\u00e7\u00e3o de consultas ou exames, assistenciais de car\u00e1ter emergencial..."}, {"id": "1131", "ano": "2019", "numero": "59", "tipo__sigla": "OFSOL", "tipo__descricao": "Of\u00edcio/Solicita\u00e7\u00e3o", "autoria": "Shirley da Educa\u00e7\u00e3o", "texto_original": "http://sapl.piumhi.mg.leg.br/media/sapl/public/materialegislativa/2019/1131/oficio_no_59_-_2019_-_vereadores.pdf", "ementa": "Solicita provid\u00eancias para suprir f\u00e9rias de servidor."}, {"id": "1122", "ano": "2019", "numero": "60", "tipo__sigla": "OFSOL", "tipo__descricao": "Of\u00edcio/Solicita\u00e7\u00e3o", "autoria": "Ast\u00e9sio, Fernando Detetive", "texto_original": "http://sapl.piumhi.mg.leg.br/media/sapl/public/materialegislativa/2019/1122/oficio_no_60-2019-vereadores.pdf", "ementa": "Cumprimentando-o cordialmente e desde j\u00e1 congratulando-o pelos excelentes trabalhos desenvolvidos por Vossa Excel\u00eancia frente ao Minist\u00e9rio da Educa\u00e7\u00e3o, servimo-nos do presente expediente para solicitar-lhe especial aten\u00e7\u00e3o ao assunto abaixo a saber: Trata-se de pedido de apoio formulado pelo Instituto Federal de Educa\u00e7\u00e3o, Ci\u00eancia e Tecnologia de Minas Gerais - Campus Avan\u00e7ado Piumhi, datado de 06 de agosto de 2019, no sentido de transformar o 1FMC1 Campus Avan\u00e7ado Piumhi em Campus, (doc. em anexo). Para viabilizar a amplia\u00e7\u00e3o das \u00e1reas e ofertas de cursos, capacitar e modificar a vida de diversas pessoas \u00e9 de extrema relev\u00e2ncia a transforma\u00e7\u00e3o em Campus Expans\u00e3o - 70/45, objetivando a verticaliza\u00e7\u00e3o do ensino na unidade, com a abertura de novos cursos superiores, t\u00e9cnico e integrado ao ensino m\u00e9dio. Desta forma, servimo-nos do presente expediente para encaminhar-lhe o of\u00edcio n\u00b0 51/2019/PIR-GAB/PIR-DGE/PIR/IFMG, solicitando desde j\u00e1 empenho de V. Exa \u00e0 demanda apresentada, para que..."}, {"id": "1123", "ano": "2019", "numero": "61", "tipo__sigla": "OFSOL", "tipo__descricao": "Of\u00edcio/Solicita\u00e7\u00e3o", "autoria": "Ast\u00e9sio, Fernando Detetive", "texto_original": "http://sapl.piumhi.mg.leg.br/media/sapl/public/materialegislativa/2019/1123/oficio_no_61-2019-vereadores.pdf", "ementa": "Cumprimentando-o cordialmente e desde j\u00e1 congratulando-o pelos excelentes trabalhos desenvolvidos por Vossa Excel\u00eancia frente \u00e0 C\u00e2mara dos Deputados, em prol dos munic\u00edpios mineiros, servimo-nos do presente expediente para solicitar-lhe especial aten\u00e7\u00e3o ao assunto abaixo a saber:\r\nTrata-se de pedido de apoio formulado pelo Instituto Federal de Educa\u00e7\u00e3o. Ci\u00eancia e Tecnologia de Minas Gerais - Campus Avan\u00e7ado Piumhi, protocolizado junto ao gabinete de V. Exa no dia 06 de agosto de 2019, no sentido de transformar o IFMG Campus Avan\u00e7ado Piumhi em Campus, (doc. em anexo). Para viabilizar a amplia\u00e7\u00e3o das \u00e1reas e ofertas de cursos, capacitar e modificar a vida de diversas pessoas \u00e9 de extrema relev\u00e2ncia a transforma\u00e7\u00e3o em Campus Expans\u00e3o - 70/45, objetivando a verticaliza\u00e7\u00e3o do ensino na unidade, com a abertura de novos cursos superiores, t\u00e9cnico e integrado ao ensino m\u00e9dio. Desta forma, servimo-nos do presente expediente para encaminhar-lhe o of\u00edcio n\u00b0 52/2019/P1R-GAB/PIR-DGE/PIR/IFMG..."}, {"id": "1124", "ano": "2019", "numero": "62", "tipo__sigla": "OFSOL", "tipo__descricao": "Of\u00edcio/Solicita\u00e7\u00e3o", "autoria": "Ast\u00e9sio, Fernando Detetive", "texto_original": "http://sapl.piumhi.mg.leg.br/media/sapl/public/materialegislativa/2019/1124/oficio_no_62-2019-vereadores.pdf", "ementa": "Cumprimentando-o cordialmente e desde j\u00e1 congratulando-o pelos excelentes trabalhos desenvolvidos por Vossa Excel\u00eancia frente ao Senado Federal, em prol dos munic\u00edpios mineiros, servimo-nos do presente expediente para solicitar-lhe especial aten\u00e7\u00e3o ao assunto abaixo a saber:\r\nTrata-se de pedido de apoio formulado pelo Instituto Federal de Educa\u00e7\u00e3o, Ci\u00eancia e Tecnologia de Minas Gerais - Campus Avan\u00e7ado Piumhi, datado de 06 de agosto de 2019, no sentido de transformar o IFMG Campus Avan\u00e7ado Piumhi em Campus, (doc. em anexo).\r\nPara viabilizar a amplia\u00e7\u00e3o das \u00e1reas e ofertas de cursos, capacitar e modificar a vida de diversas pessoas \u00e9 de extrema relev\u00e2ncia a transforma\u00e7\u00e3o em Campus Expans\u00e3o - 70/45, objetivando a verticaliza\u00e7\u00e3o do ensino na unidade, com a abertura de novos cursos superiores, t\u00e9cnico e integrado ao ensino m\u00e9dio. Desta forma, servimo-nos do presente expediente para encaminhar-lhe o of\u00edcio n\u00b0 53/2019/PJR-GAB/P1R-DGE/PIR/IFMG, solicitando desde j\u00e1 empenho de V. Exa \u00e0 demanda.."}, {"id": "1125", "ano": "2019", "numero": "63", "tipo__sigla": "OFSOL", "tipo__descricao": "Of\u00edcio/Solicita\u00e7\u00e3o", "autoria": "Ast\u00e9sio, Fernando Detetive", "texto_original": "http://sapl.piumhi.mg.leg.br/media/sapl/public/materialegislativa/2019/1125/oficio_no_63-2019-vereadores.pdf", "ementa": "Cumprimentando-o cordialmente e desde j\u00e1 congratulando-o pelos excelentes trabalhos desenvolvidos por Vossa Excel\u00eancia frente ao Senado Federal, em prol dos munic\u00edpios mineiros, servimo-nos do presente expediente para solicitar-lhe especial aten\u00e7\u00e3o ao assunto abaixo a saber:\r\nTrata-se de pedido de apoio formulado pelo Instituto Federal de Educa\u00e7\u00e3o, Ci\u00eancia e Tecnologia de Minas Gerais - Campus Avan\u00e7ado Piumhi, datado de 05 de dezembro de 2017 e 06 de agosto de 2019, no sentido de transformar o IFMG Campus Avan\u00e7ado Piumhi em Campus, (does. em anexo).\r\nPara viabilizar a amplia\u00e7\u00e3o das \u00e1reas e ofertas de cursos, capacitar e modificar a vida de diversas pessoas \u00e9 de extrema relev\u00e2ncia a transforma\u00e7\u00e3o em Campus Expans\u00e3o - 70/45, objetivando a verticaliza\u00e7\u00e3o do ensino na unidade, com a abertura de novos cursos superiores, t\u00e9cnico e integrado ao ensino m\u00e9dio. Desta forma, servimo-nos do presente expediente para reiterar o oficio encaminhado a V. Exa (Of\u00edcio n\u00b0 0115/2017-GABDIR/CAMPUS AVAN\u00c7ADO..."}, {"id": "1126", "ano": "2019", "numero": "64", "tipo__sigla": "OFSOL", "tipo__descricao": "Of\u00edcio/Solicita\u00e7\u00e3o", "autoria": "Ast\u00e9sio", "texto_original": "http://sapl.piumhi.mg.leg.br/media/sapl/public/materialegislativa/2019/1126/oficio_no_64-2019-vereadores.pdf", "ementa": "Cumprimentando-o cordialmente e desde j\u00e1 congratulando-o pelos excelentes trabalhos desenvolvidos por Vossa Excel\u00eancia frente \u00e0 C\u00e2mara dos Deputados, em prol dos munic\u00edpios mineiros, servimo-nos do presente expediente, para solicitar-lhe especial aten\u00e7\u00e3o ao assunto abaixo a saber:\r\nTrata-se de pedidos formulados pela Secret\u00e1ria Municipal de Sa\u00fade, Sra. Aline Silva Barbosa de Castro, protocolizados junto ao Gabinete do Senador Rodrigo Pacheco, solicitando seja intermediado junto ao Minist\u00e9rio da Sa\u00fade recursos na ordem de RS 150.000,00 (Cento e cinquenta mil reais) para aquisi\u00e7\u00e3o de um mam\u00f3grafo e afins, para a Secretaria Municipal de Sa\u00fade de Piumhi. para atender o servi\u00e7o de Diagn\u00f3stico por Imagem e Exames Laboratoriais, unidade executora CNES 2172887 (Of\u00edcio n\u00b0 0240/2019AB em anexo), bem como recursos para aquisi\u00e7\u00e3o de ve\u00edculos adaptados para cadeirantes, sendo uma VAN para atender as necessidades do Centro de Reabilita\u00e7\u00e3o e Hidroterapia CNES 2147386, e um ve\u00edculo..."}, {"id": "1130", "ano": "2019", "numero": "65", "tipo__sigla": "OFSOL", "tipo__descricao": "Of\u00edcio/Solicita\u00e7\u00e3o", "autoria": "Ast\u00e9sio", "texto_original": "http://sapl.piumhi.mg.leg.br/media/sapl/public/materialegislativa/2019/1130/oficio_no_65_-_2019_-_gabpres.pdf", "ementa": "Solicita comunica\u00e7\u00e3o aos \u00f3rg\u00e3os competentes das leis municipais que denominam logradouros."}, {"id": "1152", "ano": "2019", "numero": "66", "tipo__sigla": "OFSOL", "tipo__descricao": "Of\u00edcio/Solicita\u00e7\u00e3o", "autoria": "Sargento Z\u00e9 Welington, Shirley da Educa\u00e7\u00e3o", "texto_original": "http://sapl.piumhi.mg.leg.br/media/sapl/public/materialegislativa/2019/1152/oficio_no_66-2019-vereadores.pdf", "ementa": "Envida esfor\u00e7os para a destina\u00e7\u00e3o de \u00f4nibus escolares para atender parte da demanda do munic\u00edpio de Piumhi."}, {"id": "1153", "ano": "2019", "numero": "67", "tipo__sigla": "OFSOL", "tipo__descricao": "Of\u00edcio/Solicita\u00e7\u00e3o", "autoria": "Sargento Z\u00e9 Welington, Shirley da Educa\u00e7\u00e3o", "texto_original": "http://sapl.piumhi.mg.leg.br/media/sapl/public/materialegislativa/2019/1153/oficio_no_67-2019_-vereadores.pdf", "ementa": "Envida esfor\u00e7os para a destina\u00e7\u00e3o de computadores e impressoras para atender parte da demanda das escolas do munic\u00edpio de Piumhi."}, {"id": "1154", "ano": "2019", "numero": "68", "tipo__sigla": "OFSOL", "tipo__descricao": "Of\u00edcio/Solicita\u00e7\u00e3o", "autoria": "Shirley da Educa\u00e7\u00e3o", "texto_original": "http://sapl.piumhi.mg.leg.br/media/sapl/public/materialegislativa/2019/1154/oficio_no_68_-_2019_-_vereadores.pdf", "ementa": "Solicita o mais breve poss\u00edvel, que seja designada vagas para as crian\u00e7as nas creches para que as m\u00e3es possam trabalhar."}, {"id": "1155", "ano": "2019", "numero": "69", "tipo__sigla": "OFSOL", "tipo__descricao": "Of\u00edcio/Solicita\u00e7\u00e3o", "autoria": "Sargento Z\u00e9 Welington, Segundinho, Shirley da Educa\u00e7\u00e3o", "texto_original": "http://sapl.piumhi.mg.leg.br/media/sapl/public/materialegislativa/2019/1155/oficio_no_69_-_2019_-_vereadores.pdf", "ementa": "Solicita a este Executivo que seja disponibilizado transporte para os estudantes universit\u00e1rios (UNIFOR), que se deslocam diariamente para a cidade de Formiga/MG no per\u00edodo noturno."}, {"id": "1159", "ano": "2019", "numero": "70", "tipo__sigla": "OFSOL", "tipo__descricao": "Of\u00edcio/Solicita\u00e7\u00e3o", "autoria": "CFO - Comiss\u00e3o de Finan\u00e7as e Or\u00e7amento, CLJR - Comiss\u00e3o de Legisla\u00e7\u00e3o, Justi\u00e7a e Reda\u00e7\u00e3o, CSPPMUC - Comiss\u00e3o de Servi\u00e7os e Pol\u00edticas P\u00fablicas Municipais, Urbanismo e Cidadania", "texto_original": "http://sapl.piumhi.mg.leg.br/media/sapl/public/materialegislativa/2019/1159/oficio_no_70-2019-comissoes.pdf", "ementa": "A COMISS\u00c3O DE LEGISLA\u00c7\u00c3O, JUSTI\u00c7A E REDA\u00c7\u00c3O, COMISS\u00c3O DE FINAN\u00c7AS E OR\u00c7AMENTO E A COMISS\u00c3O DE SERVI\u00c7OS E POL\u00cdTICAS P\u00daBLICAS MUNICIPAIS, URBANISMO E CIDADANIA no uso de suas atribui\u00e7\u00f5es regimentais, vem atrav\u00e9s deste, requerer de Vossa Excel\u00eancia, informa\u00e7\u00e3o e toda a documenta\u00e7\u00e3o, nos termos relacionados abaixo:\r\na) Custo mensal para realiza\u00e7\u00e3o do transporte escolar no munic\u00edpio, antes e ap\u00f3s a terceiriza\u00e7\u00e3o dos servi\u00e7os.\r\nb) Seja esclarecido a raz\u00e3o da diferen\u00e7a de pre\u00e7os por Km rodado entre as linhas, considerando que algumas s\u00e3o realizadas por ve\u00edculos com mesma capacidade de passageiros.\r\nc) Valor gasto com as monitoras e a responsabilidade pelo pagamento, se \u00e9 de responsabilidade do munic\u00edpio ou da empresa vencedora da licita\u00e7\u00e3o respons\u00e1vel pelo transporte escolar."}, {"id": "1160", "ano": "2019", "numero": "71", "tipo__sigla": "OFSOL", "tipo__descricao": "Of\u00edcio/Solicita\u00e7\u00e3o", "autoria": "Shirley da Educa\u00e7\u00e3o", "texto_original": "http://sapl.piumhi.mg.leg.br/media/sapl/public/materialegislativa/2019/1160/oficio_no_71-2019-vereadores.pdf", "ementa": "Cumprimentando-o cordialmente, sirvo-me do presente expediente para. nos termos do art. 143,1, solicitar de V.Exa. o que segue abaixo:\r\nTrata-se da Lei Municipal n. 2.371/2018. que instituiu no \u00e2mbito do munic\u00edpio de Piumhi o m\u00eas \u201cSETEMBRO VERDE\" e o dia 21 de setembro como o \u201cDia da Pessoa com Defici\u00eancia\", dedicado \u00e0s a\u00e7\u00f5es de inclus\u00e3o social da pessoa com defici\u00eancia. Considerando que o par\u00e1grafo \u00fanico do artigo primeiro da referida Lei determina que no m\u00eas de setembro ser\u00e3o realizadas a\u00e7\u00f5es, inclusive intersetoriais, com finalidades diversas de inclus\u00e3o, \u00e9 o presente para requerer de V.Exa.. informa\u00e7\u00f5es acerca do cumprimento da norma, bem como seja enviado a esta Casa Legislativa o cronograma contendo as datas,\r\nhor\u00e1rios e as atividades a serem desenvolvidas pelo munic\u00edpio no m\u00eas de setembro que se inicia na pr\u00f3xima semana."}, {"id": "1161", "ano": "2019", "numero": "72", "tipo__sigla": "OFSOL", "tipo__descricao": "Of\u00edcio/Solicita\u00e7\u00e3o", "autoria": "Fernando Detetive, J\u00fanior Boi, Seabra da Farm\u00e1cia", "texto_original": "http://sapl.piumhi.mg.leg.br/media/sapl/public/materialegislativa/2019/1161/oficio_no_72-2019-vereadores.pdf", "ementa": "Solicita o esfor\u00e7o no sentido de agilizar a vinda do castram\u00f3vel \u00e0 Piumhi para promover a castra\u00e7\u00e3o gratuita de c\u00e3es e gatos na cidade."}, {"id": "1162", "ano": "2019", "numero": "73", "tipo__sigla": "OFSOL", "tipo__descricao": "Of\u00edcio/Solicita\u00e7\u00e3o", "autoria": "Ast\u00e9sio, Sargento Z\u00e9 Welington, Segundinho", "texto_original": "http://sapl.piumhi.mg.leg.br/media/sapl/public/materialegislativa/2019/1162/oficio_no_73-2019-vereadores.pdf", "ementa": "Envida esfor\u00e7os para interven\u00e7\u00e3o junto \u00e0 Secretaria de Estado competente para que seja constru\u00eddo um trevo na Rodovia 341 km 15, defronte o Porto Mineiro de Gr\u00e3os."}, {"id": "1163", "ano": "2019", "numero": "74", "tipo__sigla": "OFSOL", "tipo__descricao": "Of\u00edcio/Solicita\u00e7\u00e3o", "autoria": "CSPPMUC - Comiss\u00e3o de Servi\u00e7os e Pol\u00edticas P\u00fablicas Municipais, Urbanismo e Cidadania", "texto_original": "http://sapl.piumhi.mg.leg.br/media/sapl/public/materialegislativa/2019/1163/oficio_no_74-2019-comissao.pdf", "ementa": "A Comiss\u00e3o Permanente de Servi\u00e7os e Pol\u00edticas P\u00fablicas Municipais Urbanismo e Cidadania, com fulcro na ressalva constante da parte final do inciso I, do art. 143, do Regimento Interno desta Casa e, diante da insufici\u00eancia das informa\u00e7\u00f5es encaminhadas \u00e0 esta Casa Legislativa at\u00e9 o momento, relativamente ao CONTROLE DE COMBUST\u00cdVEL utilizado pela frota municipal, vem atrav\u00e9s deste solicitar de V.Exa. (meio f\u00edsico ou digital) a IDENTIFICA\u00c7\u00c3O dos \u201cequipamentos\u201d enumerados nos relat\u00f3rios intitulados de \u201c.Listagem de Abastecimentos Realizados Filtrado por Combust\u00edvel\u201d.\r\nOBJETIVAMENTE. solicito que cada um dos \u201cequipamentos\u201d descritos e enumerados nos referidos Relat\u00f3rios, sejam identificados pelo tipo/categoria de ve\u00edculo (carro, caminh\u00e3o, m\u00e1quina etc...) e, pela placa, devendo ainda ser informado a respectiva Secretaria/Departamento/Setor a que perten\u00e7a."}, {"id": "1164", "ano": "2019", "numero": "75", "tipo__sigla": "OFSOL", "tipo__descricao": "Of\u00edcio/Solicita\u00e7\u00e3o", "autoria": "Segundinho", "texto_original": "http://sapl.piumhi.mg.leg.br/media/sapl/public/materialegislativa/2019/1164/oficio_no_75-2019-vereadores.pdf", "ementa": "Cumprimentando-o cordialmente, sirvo-me do presente expediente para solicitar-lhe especial aten\u00e7\u00e3o ao assunto abaixo, \u00e0 saber:\r\nEste Vereador foi recentemente procurado pelo propriet\u00e1rio do loteamento localizado nas depend\u00eancias da Avenida Amazonas, que relatou os problemas com \u00e1gua pluvial do referido local. Trata- se de um problema antigo que este ano no per\u00edodo das chuvas gerou transtornos e aborrecimentos aos que por l\u00e1 transitam. A \u00e1gua que vem do P\u00e9rola Negra e do Totonha Tom\u00e9 que descem pela referida avenida, s\u00e3o transportadas por manilhas de 60cm, com um grande fluxo de \u00e1gua. O loteamento do Sr. Euclides levar\u00e1 toda \u00e1gua pluvial para o mesmo local, sendo assim, dobrar\u00e1 o fluxo de \u00e1gua.\r\nDiante do exposto, como podemos ver as fotos, em anexo, solicito a interven\u00e7\u00e3o do Chefe do Poder Executivo para que junto \u00e0 Secret\u00e1ria de Obras, para que seja instaladas manilhas de 100 atravessando a avenida e despejando do outro lado, aliviando as duas manilhas de 60."}, {"id": "1173", "ano": "2019", "numero": "76", "tipo__sigla": "OFSOL", "tipo__descricao": "Of\u00edcio/Solicita\u00e7\u00e3o", "autoria": "Sargento Z\u00e9 Welington", "texto_original": "http://sapl.piumhi.mg.leg.br/media/sapl/public/materialegislativa/2019/1173/oficio_no_76-2019-vereadores.pdf", "ementa": "Cumprimentando-o cordialmente, sirvo-me do presente expediente para solicitar-lhe especial aten\u00e7\u00e3o ao assunto abaixo, \u00e0 saber:\r\nnecessidade de um quebra molas na Rua Ant\u00f4nio Esm\u00e9rio, no Bairro S\u00e3o Francisco, tendo em vista, o fluxo de ve\u00edculos que transitam na referida rua que d\u00e1 acesso \u00e0 rodovi\u00e1ria municipal. O local tem grande \u00edndice de ve\u00edculos em alta velocidade, o que tem gerado diversos acidentes, como podemos ver alguns boletins de ocorr\u00eancia e como solicitado pelo Sr. Prefeito segue abaixo assinado dos moradores pr\u00f3ximo ao local, em anexo.\r\nDiante do exposto solicito o mais breve poss\u00edvel, que seja atendidas as reivindica\u00e7\u00f5es dos moradores do Bairro S\u00e3o Francisco."}, {"id": "1237", "ano": "2019", "numero": "77", "tipo__sigla": "OFSOL", "tipo__descricao": "Of\u00edcio/Solicita\u00e7\u00e3o", "autoria": "Gleisson Professor de Biologia", "texto_original": "http://sapl.piumhi.mg.leg.br/media/sapl/public/materialegislativa/2019/1237/oficio_no_77-2019-gabpres.pdf", "ementa": "Solicita provid\u00eancias no sentido de viabilizar a instala\u00e7\u00e3o de postes de ilumina\u00e7\u00e3o na Rodovia MG 050, no trecho que liga o \u201cPosto Brazinho\u201d ao Posto Centen\u00e1rio (KM 264 a Km 266), tendo em vista que o referido local \u00e9 per\u00edmetro urbano."}, {"id": "1187", "ano": "2019", "numero": "78", "tipo__sigla": "OFSOL", "tipo__descricao": "Of\u00edcio/Solicita\u00e7\u00e3o", "autoria": "Shirley da Educa\u00e7\u00e3o", "texto_original": "http://sapl.piumhi.mg.leg.br/media/sapl/public/materialegislativa/2019/1187/oficio_no_78-2019-comissao.pdf", "ementa": "Solicita o envio a esta Casa, c\u00f3pia integral (f\u00edsica ou em m\u00eddia digital) do Processo Licitat\u00f3rio n. 024/2019 (Preg\u00e3o presencial n. 004/2019), no prazo legal."}, {"id": "1179", "ano": "2019", "numero": "79", "tipo__sigla": "OFSOL", "tipo__descricao": "Of\u00edcio/Solicita\u00e7\u00e3o", "autoria": "Shirley da Educa\u00e7\u00e3o", "texto_original": "http://sapl.piumhi.mg.leg.br/media/sapl/public/materialegislativa/2019/1179/oficio_no_79-2019_-_vereadores.pdf", "ementa": "Solicita empenho no sentido estar intervindo junto aos referidos \u00f3rg\u00e3os estaduais (SETOP e SEGOV) a fim de viabilizar uma solu\u00e7\u00e3o que resulte na autoriza\u00e7\u00e3o para a conclus\u00e3o da ponte constru\u00edda sob Ribeir\u00e3o do Corte, localizada no final da rua Jo\u00e3o Pinheiro, bairro Capoeiras, munic\u00edpio de Piumhi/MG."}, {"id": "1241", "ano": "2019", "numero": "80", "tipo__sigla": "OFSOL", "tipo__descricao": "Of\u00edcio/Solicita\u00e7\u00e3o", "autoria": "Ast\u00e9sio, Fernando Detetive, Gleisson Professor de Biologia, Guininho do Man\u00e9, J\u00fanior Boi, Sargento Z\u00e9 Welington, Seabra da Farm\u00e1cia, Segundinho, Shirley da Educa\u00e7\u00e3o", "texto_original": "http://sapl.piumhi.mg.leg.br/media/sapl/public/materialegislativa/2019/1241/oficio_no_80-2019-vereadores.pdf", "ementa": "Cumprimentando-o cordialmente, sirvo-me do presente expediente para solicitar-lhe especial aten\u00e7\u00e3o ao assunto abaixo, \u00e0 saber:\r\nO Senhor Eduardo de Assis, servidor da autarquia SAAE de Piumhi e ex-vereador esteve presente na C\u00e2mara Municipal, e atrav\u00e9s da tribuna-livre durante a 27\u00aa Sess\u00e3o Ordin\u00e1ria fez alguns questionamentos acerca da capacita\u00e7\u00e3o de \u00e1gua do Rio Piumhi. O mesmo apresentou um v\u00eddeo, em anexo, onde esteve presente no local onde seria a obra de capta\u00e7\u00e3o do referido rio, c alegou que a mesma deveria ter come\u00e7ada a 04 anos atr\u00e1s. Eduardo ent\u00e3o ressaltou que esteve representando a autarquia por 02 (dois) anos e na \u00e9poca recebeu uma verba da FUNASA para um conjunto de obras entre elas receber \u00e1gua do rio Piumhi, recurso esse no valor de R$ 4.800,000 (quatro milh\u00f5es e oitocentos mil reais), alegou tamb\u00e9m que a Administra\u00e7\u00e3o juntamente do SAAE constru\u00edram a adutora do Rio de Piumhi e o reservat\u00f3rio. Diante do exposto, atendendo as reivindica\u00e7\u00f5es do cidad\u00e3o, solicitamos..."}, {"id": "1188", "ano": "2019", "numero": "81", "tipo__sigla": "OFSOL", "tipo__descricao": "Of\u00edcio/Solicita\u00e7\u00e3o", "autoria": "Shirley da Educa\u00e7\u00e3o", "texto_original": "http://sapl.piumhi.mg.leg.br/media/sapl/public/materialegislativa/2019/1188/oficio_no_81-2019-comissao.pdf", "ementa": "A Comiss\u00e3o de Servi\u00e7os e Pol\u00edticas P\u00fablicas Municipais, Urbanismo e Cidadania, atrav\u00e9s de sua Presidente Shirley Elaine Gon\u00e7alves Faria, com respaldo legal no inciso II. do art. 143. do Regimento Interno da C\u00e2mara Municipal, vem atrav\u00e9s deste solicitar de V.Sa., seja providenciado e encaminhando (f\u00edsico ou em m\u00eddia digital) \u00e0 esta Casa Legislativa, no prazo improrrog\u00e1vel de 05 (cinco) dias contados do recebimento deste of\u00edcio, o \u201cEspelho da Mem\u00f3ria Fiscal\u201d e \u201cArquivo MFD\u201d relacionados \u00e0 todas as Notas Fiscais originadas dos Contratos Administrativos firmados entre esta empresa e o munic\u00edpio de Piumhi. registrados sob os n\u00fameros 134/2017 (fornecimento de \u00f3leo diesel - vig\u00eancia 19/05/2017 \u00e0 17/11/2017); 298/2017 (fornecimento de \u00f3leo diesel - vig\u00eancia 19/05/2017 u 17/11/2017); 156/2017 (fornecimento de \u00f3leo diesel - vig\u00eancia 21/05/2018 \u00e0 21/11/2018) e; 387/2018 (fornecimento de \u00f3leo diesel- vig\u00eancia 21/11/2018 \u00e0 17/05/2019)."}, {"id": "1240", "ano": "2019", "numero": "82", "tipo__sigla": "OFSOL", "tipo__descricao": "Of\u00edcio/Solicita\u00e7\u00e3o", "autoria": "CSPPMUC - Comiss\u00e3o de Servi\u00e7os e Pol\u00edticas P\u00fablicas Municipais, Urbanismo e Cidadania", "texto_original": "http://sapl.piumhi.mg.leg.br/media/sapl/public/materialegislativa/2019/1240/oficio_no_82-2019-comissao.pdf", "ementa": "A Comiss\u00e3o de Servi\u00e7os e Pol\u00edticas P\u00fablicas Municipais, Urbanismo e Cidadania, atrav\u00e9s de sua Presidente Shirley Elaine Gon\u00e7alves Faria, com respaldo legal no inciso II, do art. 143, do Regimento Interno da C\u00e2mara Municipal, vem atrav\u00e9s deste solicitar de V.Sa., seja providenciado e encaminhando (f\u00edsico ou em m\u00eddia digital) \u00e0 esta Casa Legislativa, no prazo improrrog\u00e1vel de 05 (cinco) dias contados do recebimento deste of\u00edcio, o \u201cEspelho da Mem\u00f3ria Fiscal\u201d e \u201cArquivo MFD\u201d relacionados \u00e0 todas as Notas Fiscais originadas dos Contratos Administrativos firmados entre esta empresa e o munic\u00edpio de Piumhi, registrados sob os n\u00fameros 157/2016 (fornecimento de \u00f3leo diesel S-10 - vig\u00eancia 09/09/2016 \u00e0 23/12/2016); 227/2016 (fornecimento de \u00f3leo diesel - vig\u00eancia 01/01/2017 \u00e0 25/05/2017); 135/2017 (fornecimento de \u00f3leo diesel e gasolina comum - vig\u00eancia 26/05/2017 \u00e0 24/11/2017); 318/2017 (fornecimento de \u00f3leo diesel e gasolina comum - vig\u00eancia 24/11/2017 \u00e0 22/05/2017) e; 141/2019 (fornecimento"}, {"id": "1186", "ano": "2019", "numero": "83", "tipo__sigla": "OFSOL", "tipo__descricao": "Of\u00edcio/Solicita\u00e7\u00e3o", "autoria": "Shirley da Educa\u00e7\u00e3o", "texto_original": "http://sapl.piumhi.mg.leg.br/media/sapl/public/materialegislativa/2019/1186/oficio_no_83-2019_-comissao.pdf", "ementa": "A Comiss\u00e3o de Servi\u00e7os e Pol\u00edticas P\u00fablicas Municipais, Urbanismo e Cidadania. atrav\u00e9s de sua Presidente Shirley Elaine Gon\u00e7alves Faria, com respaldo legal no inciso II, do art. 143, do Regimento Interno da C\u00e2mara Municipal, vem atrav\u00e9s deste solicitar de V.Sa., seja providenciado e encaminhando (f\u00edsico ou em m\u00eddia digital) \u00e0 esta Casa Legislativa, no prazo improrrog\u00e1vel de 05 (cinco) dias contados do recebimento deste of\u00edcio, o \u201cEspelho da Mem\u00f3ria Fiscal\u201d e \u201cArquivo MFD\u201d relacionados \u00e0 todas as Notas Fiscais originadas dos Contratos Administrativos firmados entre esta empresa e o munic\u00edpio de Piumhi, registrados sob os n\u00fameros 228/2016 (fornecimento de gasolina comum - vig\u00eancia 01/01/2017 \u00e0 25/05/2017); 383/2018 (fornecimento de \u00f3leo d\u00edesel - vig\u00eancia 18/11/2018 u 17/05/2019) e; 142/2018 (fornecimento de \u00f3leo d\u00edesel- vig\u00eancia 18/05/2018 \u00e0 18/11/2018)."}, {"id": "1189", "ano": "2019", "numero": "84", "tipo__sigla": "OFSOL", "tipo__descricao": "Of\u00edcio/Solicita\u00e7\u00e3o", "autoria": "Shirley da Educa\u00e7\u00e3o", "texto_original": "http://sapl.piumhi.mg.leg.br/media/sapl/public/materialegislativa/2019/1189/oficio_no_84-2019-comissao.pdf", "ementa": "A Comiss\u00e3o de Servi\u00e7os e Pol\u00edticas P\u00fablicas Municipais, Urbanismo e Cidadania, atrav\u00e9s de sua Presidente Shirley Elaine Gon\u00e7alves Faria, com respaldo legal no inciso II, do art. 143. do Regimento Interno da C\u00e2mara Municipal, vem atrav\u00e9s deste solicitar de V.Sa., seja providenciado e encaminhando (f\u00edsico ou em m\u00eddia digital) \u00e0 esta Casa Legislativa, no prazo improrrog\u00e1vel de 05 (cinco) dias contados do recebimento deste of\u00edcio, o \u201cEspelho da Mem\u00f3ria Fiscal\u201d e \u201cArquivo MFD\u201d relacionados \u00e0 todas as Notas Fiscais originadas dos Contratos Administrativos firmados entre esta empresa e o munic\u00edpio de Piumhi, registrados sob os n\u00fameros 228/2016 (fornecimento de gasolina comum - vig\u00eancia 01/01/2017 \u00e0 25/05/2017); 383/2018 (fornecimento de \u00f3leo diesel - vig\u00eancia 18/11/2018 \u00e0 17/05/2019) e; 142/2018 (fornecimento de \u00f3leo diesel - vig\u00eancia 18/05/2018 \u00e0 18/11/2018)."}, {"id": "1185", "ano": "2019", "numero": "85", "tipo__sigla": "OFSOL", "tipo__descricao": "Of\u00edcio/Solicita\u00e7\u00e3o", "autoria": "Shirley da Educa\u00e7\u00e3o", "texto_original": "http://sapl.piumhi.mg.leg.br/media/sapl/public/materialegislativa/2019/1185/oficio_no_85-2019-comissao.pdf", "ementa": "A Comiss\u00e3o de Servi\u00e7os e Pol\u00edticas P\u00fablicas Municipais, Urbanismo e Cidadania, atrav\u00e9s de sua Presidente Shirley Elaine Gon\u00e7alves Faria, com respaldo legal no inciso II. do art. 143. do Regimento Interno da C\u00e2mara Municipal, vem atrav\u00e9s deste solicitar de V.Sa., seja providenciado e encaminhando (f\u00edsico ou em m\u00eddia digital) \u00e0 esta Casa Legislativa, no prazo improrrog\u00e1vel de 05 (cinco) dias contados do recebimento deste of\u00edcio, o \u201cEspelho da Mem\u00f3ria Fiscal\u201d e \u201cArquivo MFD\u201d relacionados \u00e0 todas as Notas Fiscais originadas do Contrato Administrativo firmado entre esta empresa e o munic\u00edpio de Piumhi. registrados sob os n\u00fameros 252/2016 (fornecimento de \u00f3leo diesel S-10- vig\u00eancia 01/01/2017 \u00e0 25/05/2017)."}, {"id": "1209", "ano": "2019", "numero": "86", "tipo__sigla": "OFSOL", "tipo__descricao": "Of\u00edcio/Solicita\u00e7\u00e3o", "autoria": "Sargento Z\u00e9 Welington, Segundinho", "texto_original": "http://sapl.piumhi.mg.leg.br/media/sapl/public/materialegislativa/2019/1209/oficio_no86-2019-vereador.pdf", "ementa": "Solicita estudo pormenorizado acerca da viabilidade de alterar a atual forma de aquisi\u00e7\u00e3o e entrega das cestas b\u00e1sicas (licita\u00e7\u00e3o para escolha do fornecer direto das cestas prontas), para a sele\u00e7\u00e3o e credenciamento de fornecedores para a escolha e utiliza\u00e7\u00e3o do pr\u00f3prio servidor p\u00fablico."}, {"id": "1210", "ano": "2019", "numero": "87", "tipo__sigla": "OFSOL", "tipo__descricao": "Of\u00edcio/Solicita\u00e7\u00e3o", "autoria": "CLJR - Comiss\u00e3o de Legisla\u00e7\u00e3o, Justi\u00e7a e Reda\u00e7\u00e3o", "texto_original": "http://sapl.piumhi.mg.leg.br/media/sapl/public/materialegislativa/2019/1210/oficio_no87-2019_cljr.pdf", "ementa": "A COMISS\u00c3O DE LEGISLA\u00c7\u00c3O, JUSTI\u00c7A E REDA\u00c7\u00c3O, no uso de suas atribui\u00e7\u00f5es regimentais, vem atrav\u00e9s deste, solicitar de V. Sa especial aten\u00e7\u00e3o ao assunto abaixo a saber: Visando o aprimoramento dos m\u00e9todos e t\u00e9cnicas legislativas, no que se refere a elabora\u00e7\u00e3o de Projetos de Lei, Decreto Legislativo, Resolu\u00e7\u00e3o e Portarias, a C\u00e2mara Municipal de Piumhi adotar\u00e1, a partir desta data, as regras da Lei Complementar n\u00b0 95, de 26 de fevereiro de 1998 (em anexo), a qual disp\u00f5e sobre a elabora\u00e7\u00e3o, reda\u00e7\u00e3o, altera\u00e7\u00e3o e consolida\u00e7\u00e3o das normas, em atendimento ao art. 59 da Constitui\u00e7\u00e3o Federal de 1988. Neste sentido, sugerimos e recomendamos a observ\u00e2ncia da referida Lei Complementar, utilizando-se dos m\u00e9todos nela previstos, para todos os Projetos de Lei encaminhados pelo Executivo Municipal a esta Casa Legislativa."}, {"id": "1238", "ano": "2019", "numero": "89", "tipo__sigla": "OFSOL", "tipo__descricao": "Of\u00edcio/Solicita\u00e7\u00e3o", "autoria": "CSPPMUC - Comiss\u00e3o de Servi\u00e7os e Pol\u00edticas P\u00fablicas Municipais, Urbanismo e Cidadania", "texto_original": "http://sapl.piumhi.mg.leg.br/media/sapl/public/materialegislativa/2019/1238/oficio_no_89-2019-comissao.pdf", "ementa": "A Comiss\u00e3o de Servi\u00e7os e Pol\u00edticas P\u00fablicas Municipais, Urbanismo e Cidadania, atrav\u00e9s de sua Presidente Shirley Elaine Gon\u00e7alves Faria, com respaldo legal no inciso II, do art. 143, do Regimento Interno da C\u00e2mara Municipal, vem atrav\u00e9s deste solicitar de V.Sa., seja providenciado e encaminhando (f\u00edsico ou em m\u00eddia digital) \u00e0 esta Casa Legislativa, no prazo improrrog\u00e1vel de 05 (cinco) dias contados do recebimento deste of\u00edcio, o \u201cEspelho da Mem\u00f3ria Fiscal\u201d e \u201cArquivo MFD\u201d relacionados \u00e0 todas as Notas Fiscais originadas dos Contratos Administrativos firmados entre esta empresa e o munic\u00edpio de Piumhi, registrados sob os n\u00fameros 157/2018 (fornecimento de gasolina comum - vig\u00eancia 21/05/2018 \u00e0 11/11/2018); 388/2018 (fornecimento de gasolina comum - vig\u00eancia 21/11/2018 \u00e0 17/05/2019) e; 143/2019 (fornecimento de \u00f3leo diesel - vig\u00eancia 17/05/2019 \u00e0 17/05/2019). C\u00f3pia dos Contratos anexos."}, {"id": "1244", "ano": "2019", "numero": "90", "tipo__sigla": "OFSOL", "tipo__descricao": "Of\u00edcio/Solicita\u00e7\u00e3o", "autoria": "Shirley da Educa\u00e7\u00e3o", "texto_original": "http://sapl.piumhi.mg.leg.br/media/sapl/public/materialegislativa/2019/1244/oficio_no_90-2019-vereadores.pdf", "ementa": "Solicita que seja instalado quebra molas, o mais breve poss\u00edvel na Rua Silvano Brand\u00e3o, atendendo as reivindica\u00e7\u00f5es dos moradores."}, {"id": "1245", "ano": "2019", "numero": "91", "tipo__sigla": "OFSOL", "tipo__descricao": "Of\u00edcio/Solicita\u00e7\u00e3o", "autoria": "Gleisson Professor de Biologia", "texto_original": "http://sapl.piumhi.mg.leg.br/media/sapl/public/materialegislativa/2019/1245/oficio_n_o_91-2019-vereadores.pdf", "ementa": "Solicita que seja instalado redutor de velocidade, o mais breve poss\u00edvel na Rua Lenir Soares de Melo, atendendo as reivindica\u00e7\u00f5es dos moradores."}, {"id": "1246", "ano": "2019", "numero": "92", "tipo__sigla": "OFSOL", "tipo__descricao": "Of\u00edcio/Solicita\u00e7\u00e3o", "autoria": "Shirley da Educa\u00e7\u00e3o", "texto_original": "http://sapl.piumhi.mg.leg.br/media/sapl/public/materialegislativa/2019/1246/oficio_no_92-2019-comissao.pdf", "ementa": "A Comiss\u00e3o de Servi\u00e7os e Pol\u00edticas P\u00fablicas Municipais, Urbanismo e Cidadania solicita que seja encaminhado a esta Casa, impactos or\u00e7ament\u00e1rios atualizados at\u00e9 a presente data para os Projetos de Leis Complementares n\u00b0s 08, 09, 10, 11, 12 e 13/2019, a fim de viabilizar os estudos e emiss\u00e3o de parecer."}, {"id": "1261", "ano": "2019", "numero": "93", "tipo__sigla": "OFSOL", "tipo__descricao": "Of\u00edcio/Solicita\u00e7\u00e3o", "autoria": "CFO - Comiss\u00e3o de Finan\u00e7as e Or\u00e7amento", "texto_original": "http://sapl.piumhi.mg.leg.br/media/sapl/public/materialegislativa/2019/1261/oficio_no_93-2019-comissao.pdf", "ementa": "A COMISS\u00c3O DE FINAN\u00c7AS E OR\u00c7AMENTO. no uso de suas atribui\u00e7\u00f5es regimentais, vem atrav\u00e9s deste, requerer de Vossa Excel\u00eancia, c\u00f3pias integrais da documenta\u00e7\u00e3o correspondente, nos termos relacionados abaixo:\r\n1. Processo Licitat\u00f3rio (Preg\u00e3o 12/2019 - Processo 74/2019) acompanhado dos Empenhos e Notas Fiscais;\r\n2. Processo Licitat\u00f3rio (Preg\u00e3o Registro de Pre\u00e7os 35/2019 - Processo 79/2019) acompanhado dos Empenhos e Notas Fiscais;\r\nSendo s\u00f3 para o momento, aguardamos provid\u00eancias no prazo legal (art. 23 da Lei Org\u00e2nica Municipal)."}, {"id": "1247", "ano": "2019", "numero": "94", "tipo__sigla": "OFSOL", "tipo__descricao": "Of\u00edcio/Solicita\u00e7\u00e3o", "autoria": "Shirley da Educa\u00e7\u00e3o", "texto_original": "http://sapl.piumhi.mg.leg.br/media/sapl/public/materialegislativa/2019/1247/oficio_no_94-2019-vereadores.pdf", "ementa": "Solicita que seja disponibilizada uma vaga em alguma das creches ou Cemeis do nosso munic\u00edpio para crian\u00e7a nascida no dia 26/02/2017 residente na Rua Severo Veloso 391."}, {"id": "1252", "ano": "2019", "numero": "95", "tipo__sigla": "OFSOL", "tipo__descricao": "Of\u00edcio/Solicita\u00e7\u00e3o", "autoria": "Segundinho", "texto_original": "http://sapl.piumhi.mg.leg.br/media/sapl/public/materialegislativa/2019/1252/oficio_no_95-2019-vereadores_LTzI9lY.pdf", "ementa": "Solicita ao Chefe do Poder Executivo que seja estudada a possibilidade da constru\u00e7\u00e3o de um Portal na entrada e sa\u00edda do munic\u00edpio de Piumhi desejando \u201cBoas vindas e volte sempre\u201d."}, {"id": "1292", "ano": "2019", "numero": "96", "tipo__sigla": "OFSOL", "tipo__descricao": "Of\u00edcio/Solicita\u00e7\u00e3o", "autoria": "CSPPMUC - Comiss\u00e3o de Servi\u00e7os e Pol\u00edticas P\u00fablicas Municipais, Urbanismo e Cidadania", "texto_original": "http://sapl.piumhi.mg.leg.br/media/sapl/public/materialegislativa/2019/1292/oficio_no_96-2019-csppmuc.pdf", "ementa": "Solicito de Vossa Excel\u00eancia, em aten\u00e7\u00e3o ao r. despacho da Assessoria Cont\u00e1bil desta Casa Legislativa, em anexo, sejam encaminhados os impactos or\u00e7ament\u00e1rio/financeiro individuais relativos aos Projetos de Lei Complementar n\u00b0s 08, 09. 10. 11. 12 e 13/2019, atualizados at\u00e9 a presente data, a fim de viabilizar os estudos e emiss\u00e3o de Pareceres Cont\u00e1bil e da Comiss\u00e3o de Servi\u00e7os e Pol\u00edticas P\u00fablicas Municipais, Urbanismo e Cidadania."}, {"id": "1287", "ano": "2019", "numero": "97", "tipo__sigla": "OFSOL", "tipo__descricao": "Of\u00edcio/Solicita\u00e7\u00e3o", "autoria": "Fernando Detetive", "texto_original": "http://sapl.piumhi.mg.leg.br/media/sapl/public/materialegislativa/2019/1287/oficio_no_97-2019-vereadores.pdf", "ementa": "O vereador abaixo subscrito vem atrav\u00e9s deste solicitar ao Senhor Secret\u00e1rio de Obras e Infraestrutura Sr. Edson Pereira da Silva aten\u00e7\u00e3o especial ao assunto a saber: Este vereador foi recentemente procurado pela Senhora Consola\u00e7\u00e3o Goulart Terra, propriet\u00e1ria do im\u00f3vel situado \u00e0 Pra\u00e7a Dr. Avelino de Queiroz 460, onde solicitou autoriza\u00e7\u00e3o para realizar nova pintura na \u201cPra\u00e7a de Patins\u201d, mantendo o mesmo padr\u00e3o de cor da referida pra\u00e7a.\r\nCerto do empenho de V. Exa, no atendimento da presente solicita\u00e7\u00e3o, aproveito o ensejo para externar lhe votos de elevada estima e considera\u00e7\u00e3o.\r\nSendo s\u00f3 para o momento, subscrevo-me e assino."}, {"id": "1302", "ano": "2019", "numero": "98", "tipo__sigla": "OFSOL", "tipo__descricao": "Of\u00edcio/Solicita\u00e7\u00e3o", "autoria": "Ast\u00e9sio, Sargento Z\u00e9 Welington, Segundinho", "texto_original": "http://sapl.piumhi.mg.leg.br/media/sapl/public/materialegislativa/2019/1302/oficio_no_98-2019-vereadores.pdf", "ementa": "Com os nossos cumprimentos, honra-nos dirigir a Vossa Excel\u00eancia, nessa oportunidade, para solicitar de V. S.\\ a possibilidade de viabilizar junto aos \u00f3rg\u00e3os do governo do Estado, o fornecimento ao nosso Munic\u00edpio de jogos de mata burros. Os mata-burros ser\u00e3o assentados em nossas comunidades rurais para compor estradas que ainda possuem porteiras de divisas, o que dificultam, sobremaneira, o tr\u00e2nsito de ve\u00edculos, principalmente os destinados \u00e0s linhas escolares, de forma que suas substitui\u00e7\u00f5es ou instala\u00e7\u00e3o em locais ainda desprovidos de mata burros, melhorariam nossa log\u00edstica de tr\u00e2nsito de ve\u00edculos escolares e pedestres. Na oportunidade \u00e9 importante salientar que somos sabedores do vosso comprometimento com nossa cidade. Sabemos que muitas s\u00e3o as demandas que lhe s\u00e3o pleiteadas diariamente, mas, como \u00e9 conhecedor de nossa realidade, acreditamos no vosso empenho e contamos com vossa eficaz ajuda."}, {"id": "1299", "ano": "2019", "numero": "99", "tipo__sigla": "OFSOL", "tipo__descricao": "Of\u00edcio/Solicita\u00e7\u00e3o", "autoria": "CSPPMUC - Comiss\u00e3o de Servi\u00e7os e Pol\u00edticas P\u00fablicas Municipais, Urbanismo e Cidadania", "texto_original": "http://sapl.piumhi.mg.leg.br/media/sapl/public/materialegislativa/2019/1299/oficio_no_99-2019-csppmuc.pdf", "ementa": "A Comiss\u00e3o de Servi\u00e7os e Pol\u00edticas P\u00fablicas Municipais Urbanismo e Cidadania - CSPPMUC, atrav\u00e9s de sua presidente Shirley Elaine Gon\u00e7alves Faria, nos termos da ressalva prevista no inciso I, do art. 143, do Regimento Interno desta Casa, que dispensa a delibera\u00e7\u00e3o plen\u00e1ria para os casos em que o pedido de informa\u00e7\u00f5es/documenta\u00e7\u00e3o for subscrito pelas Comiss\u00f5es Permanente/Tempor\u00e1rias, REQUERER de V.Exa. o encaminhamento - no prazo legal - dos das seguintes informa\u00e7\u00f5es/documentos:\r\na. C\u00f3pia dos Termos de Conv\u00eanios (ou cong\u00eaneres), acompanhado de eventuais Aditivos existentes; Plano de Trabalho e eventuais altera\u00e7\u00f5es existentes; Medi\u00e7\u00f5es e eventuais Presta\u00e7\u00f5es de Contas PARCIAIS realizadas at\u00e9 o momento; relativas \u00e0 constru\u00e7\u00e3o da ponte sobre o Ribeira do Corte, que liga a rua Jo\u00e3o Pinheiro aos bairros Capoeiras e Nova Piumhi;\r\nb. C\u00f3pia de extratos anal\u00edticos/mensais da movimenta\u00e7\u00e3o financeira de todo o per\u00edodo relativa aos recursos recebidos do Estado de Minas Gerais, decorrente..."}, {"id": "1305", "ano": "2019", "numero": "100", "tipo__sigla": "OFSOL", "tipo__descricao": "Of\u00edcio/Solicita\u00e7\u00e3o", "autoria": "Ast\u00e9sio", "texto_original": "http://sapl.piumhi.mg.leg.br/media/sapl/public/materialegislativa/2019/1305/oficio_no_100-2019-gabpres.pdf", "ementa": "A C\u00e2mara Municipal de Piumhi, atrav\u00e9s de seu Presidente, Ant\u00f4nio Ast\u00e9sio Tavares, INTIMA Vossa Excel\u00eancia para, querendo, manifestar-se acerca da mat\u00e9ria constante do Parecer Pr\u00e9vio - TCEMG, em anexo. Salienta-se que, caso entenda necess\u00e1rio tal manifesta\u00e7\u00e3o, seja a mesma apresentada ao Departamento de Apoio - Se\u00e7\u00e3o Legislativa da C\u00e2mara Municipal, no prazo improrrog\u00e1vel de 10 (dez) dias, contados do recebimento desta.\r\nNa oportunidade, comunico a Vossa Excel\u00eancia que o julgamento do Processo originado do referido Parecer Pr\u00e9vio ocorrer\u00e1 em data de 02/12/2019 (segunda-feira) \u00e0s 20h30, na Sess\u00e3o Extraordin\u00e1ria designada especificamente para esse fim, conforme Portaria n\u00b0 035/2019, em anexo."}, {"id": "1306", "ano": "2019", "numero": "101", "tipo__sigla": "OFSOL", "tipo__descricao": "Of\u00edcio/Solicita\u00e7\u00e3o", "autoria": "Ast\u00e9sio", "texto_original": "http://sapl.piumhi.mg.leg.br/media/sapl/public/materialegislativa/2019/1306/oficio_no_101-2019-gabpres.pdf", "ementa": "A C\u00e2mara Municipal de Piumhi, atrav\u00e9s de seu Presidente, Ant\u00f4nio Ast\u00e9sio Tavares, INTIMA Vossa Excel\u00eancia para, querendo, manifestar-se acerca da mat\u00e9ria constante do Parecer Pr\u00e9vio - TCEMG, em anexo. Salienta-se que, caso entenda necess\u00e1rio tal manifesta\u00e7\u00e3o, seja a mesma apresentada ao Departamento de Apoio - Se\u00e7\u00e3o Legislativa da C\u00e2mara Municipal, no prazo improrrog\u00e1vel de 10 (dez) dias, contados do recebimento desta. Na oportunidade, comunico a Vossa Excel\u00eancia que o julgamento do Processo originado do referido Parecer Pr\u00e9vio ocorrer\u00e1 em data de 02/12/2019 (segunda-feira) \u00e0s 20h30, na Sess\u00e3o Extraordin\u00e1ria designada especificam ente para esse fim, conforme Portaria n\u00b0 035/2019, em anexo."}, {"id": "1300", "ano": "2019", "numero": "102", "tipo__sigla": "OFSOL", "tipo__descricao": "Of\u00edcio/Solicita\u00e7\u00e3o", "autoria": "CSPPMUC - Comiss\u00e3o de Servi\u00e7os e Pol\u00edticas P\u00fablicas Municipais, Urbanismo e Cidadania", "texto_original": "http://sapl.piumhi.mg.leg.br/media/sapl/public/materialegislativa/2019/1300/oficio_no_102-2019-csppmuc.pdf", "ementa": "A Comiss\u00e3o Permanente de Servi\u00e7os e Pol\u00edticas P\u00fablicas Municipais Urbanismo e Cidadania, representada por sua presidente Shirley Elaine Gon\u00e7alves Faria, com fundamento na ressalva constante da parte final do inciso I, do art. 143, do Regimento Interno desta Casa, vem atrav\u00e9s deste expediente, solicitar-lhe o que segue abaixo: Considerando as respeit\u00e1veis atribui\u00e7\u00f5es do cargo de Controle Interno ocupado por V.Sa., bem como as responsabilidades delas decorrentes e. sendo de conhecimento de todos o zelo com que V.Sa, desempenha suas fun\u00e7\u00f5es junto ao munic\u00edpio de Piumhi, esta Comiss\u00e3o de Servi\u00e7os e Pol\u00edticas P\u00fablicas, solicita o encaminhamento, no prazo legal, de todos os relat\u00f3rios/apontamentos/dilig\u00eancias elaborados pelo Controle Interno no per\u00edodo de janeiro/2017 \u00e0 outubro/2019, relativos \u00e0s despesas com a Frota Municipal, especificamente. no que se refere \u00e0 regularidade dos gastos com o consumo de combust\u00edveis, e regularidade e compatibilidade das anota\u00e7\u00f5es das quilometragens di\u00e1rias e"}, {"id": "1303", "ano": "2019", "numero": "103", "tipo__sigla": "OFSOL", "tipo__descricao": "Of\u00edcio/Solicita\u00e7\u00e3o", "autoria": "Ast\u00e9sio, Sargento Z\u00e9 Welington, Segundinho", "texto_original": "http://sapl.piumhi.mg.leg.br/media/sapl/public/materialegislativa/2019/1303/oficio_no_103-2019-vereadores.pdf", "ementa": "Com os nossos cumprimentos, honra-nos dirigir a Vossa Excel\u00eancia, nessa oportunidade, para solicitar de V. Exa. a possibilidade de viabilizar junto ao Centro de comunica\u00e7\u00e3o Social da Aeron\u00e1utica em Bras\u00edlia/DF, uma apresenta\u00e7\u00e3o do \u201cEsquadr\u00e3o de Demonstra\u00e7\u00e3o A\u00e9rea - Esquadrilha da Fuma\u00e7a\", no munic\u00edpio de Piumhi, Portal de entrada do Lago Furnas e da Serra da Canastra. com a intens\u00e3o de proporcionar a toda popula\u00e7\u00e3o Piumhiense esse presente em comemora\u00e7\u00e3o ao anivers\u00e1rio da cidade, refor\u00e7ando assim o sentimento de patriotismo. Encaminhamos em anexo, c\u00f3pia do Of\u00edcio n\u00b0 62/2019 de autoria do Prefeito Municipal. Sr. Adeberto Jos\u00e9 de Melo. Na oportunidade \u00e9 importante salientar que somos sabedores do vosso comprometimento com nossa cidade. Sabemos que muitas s\u00e3o as demandas que lhe s\u00e3o pleiteadas diariamente, mas. como \u00e9 conhecedor de nossa realidade, acreditamos no vosso empenho e contamos com vossa eficaz ajuda. Atenciosamente,"}, {"id": "1304", "ano": "2019", "numero": "104", "tipo__sigla": "OFSOL", "tipo__descricao": "Of\u00edcio/Solicita\u00e7\u00e3o", "autoria": "Sargento Z\u00e9 Welington", "texto_original": "http://sapl.piumhi.mg.leg.br/media/", "ementa": "Solicita encaminhamento para transplante de c\u00f3rneas pelo SUS."}, {"id": "1319", "ano": "2019", "numero": "105", "tipo__sigla": "OFSOL", "tipo__descricao": "Of\u00edcio/Solicita\u00e7\u00e3o", "autoria": "Shirley da Educa\u00e7\u00e3o", "texto_original": "http://sapl.piumhi.mg.leg.br/media/", "ementa": "Solicita vaga em creche para crian\u00e7a."}, {"id": "1320", "ano": "2019", "numero": "106", "tipo__sigla": "OFSOL", "tipo__descricao": "Of\u00edcio/Solicita\u00e7\u00e3o", "autoria": "Ast\u00e9sio, Fernando Detetive", "texto_original": "http://sapl.piumhi.mg.leg.br/media/sapl/public/materialegislativa/2019/1320/oficio_no_106-2019-vereadores.pdf", "ementa": "Reitera Of\u00edcio n\u00ba 62/2019/VEREADORES, referente a amplia\u00e7\u00e3o das \u00e1reas e ofertas de cursos de capacita\u00e7\u00e3o, transformando o \u201cCampus Avan\u00e7ado\u201d em \u201cCampus\u201d do IFMG Piumhi."}, {"id": "1321", "ano": "2019", "numero": "107", "tipo__sigla": "OFSOL", "tipo__descricao": "Of\u00edcio/Solicita\u00e7\u00e3o", "autoria": "Ast\u00e9sio, Fernando Detetive, Gleisson Professor de Biologia, Guininho do Man\u00e9, J\u00fanior Boi, Sargento Z\u00e9 Welington, Seabra da Farm\u00e1cia, Segundinho, Shirley da Educa\u00e7\u00e3o", "texto_original": "http://sapl.piumhi.mg.leg.br/media/sapl/public/materialegislativa/2019/1321/oficio_no_107-2019-vereadores.pdf", "ementa": "Solicita atrav\u00e9s deste, que seja revisto o projeto do plano de cargos do SAAE em rela\u00e7\u00e3o ao pagamento do quinqu\u00eanio, para que o mesmo seja considerado a contagem dos 05 anos para efetiva\u00e7\u00e3o e pagamento de um quinqu\u00eanio aos servidores efetivos do SAAE."}, {"id": "1322", "ano": "2019", "numero": "108", "tipo__sigla": "OFSOL", "tipo__descricao": "Of\u00edcio/Solicita\u00e7\u00e3o", "autoria": "Shirley da Educa\u00e7\u00e3o", "texto_original": "http://sapl.piumhi.mg.leg.br/media/sapl/public/materialegislativa/2019/1322/oficio_no_108-2019-comissao.pdf", "ementa": "A Comiss\u00e3o Permanente de Servi\u00e7os e Pol\u00edticas P\u00fablicas Municipais Urbanismo e Cidadania, representada por sua presidente Shirley Elaine Gon\u00e7alves Faria, com fundamento na ressalva constante da parte final do inciso I. do art. 143, do Regimento Interno desta Casa. vem atrav\u00e9s deste expediente, solicitar-lhe o envio de todos os atos (Decreto/Portaria ou cong\u00eaneres) de NOMEA\u00c7\u00d5ES e EXONERA\u00c7\u00d5ES ocorridas no \u00e2mbito do munic\u00edpio nos meses de setembro, outubro e novembro de 2019. para fins de orientar a an\u00e1lise e a emiss\u00e3o de Parecer dos Projetos de Leis Complementares 08. 09. 10. 11. 12 e 13/2019, que tramitam nesta Casa e se encontram no \u00e2mbito da Comiss\u00e3o de Servi\u00e7os e Pol\u00edticas P\u00fablicas Municipais. Sendo s\u00f3 para o momento, aguardamos provid\u00eancias no prazo legal (art. 23 da Lei Org\u00e2nica Municipal)."}, {"id": "1323", "ano": "2019", "numero": "109", "tipo__sigla": "OFSOL", "tipo__descricao": "Of\u00edcio/Solicita\u00e7\u00e3o", "autoria": "Shirley da Educa\u00e7\u00e3o", "texto_original": "http://sapl.piumhi.mg.leg.br/media/sapl/public/materialegislativa/2019/1323/oficio_no_109-2019-csppmuc.pdf", "ementa": "Solicita aten\u00e7\u00e3o e empenho no sentido de viabilizar junto \u00e0 CODEVASF, recursos financeiros na ordem de R$40.000.00 (quarenta mil reais) para a constru\u00e7\u00e3o de 01 (um) Po\u00e7o Artesiano no Povoado de Lagoa Grande, Zona Rural do munic\u00edpio de Piumhi-MG."}, {"id": "1347", "ano": "2019", "numero": "110", "tipo__sigla": "OFSOL", "tipo__descricao": "Of\u00edcio/Solicita\u00e7\u00e3o", "autoria": "Shirley da Educa\u00e7\u00e3o", "texto_original": "http://sapl.piumhi.mg.leg.br/media/", "ementa": "Requer que alunos da zona rural sejam devidamente transportados, cumprindo assim o que \u00e9 determinado em lei."}, {"id": "1350", "ano": "2019", "numero": "111", "tipo__sigla": "OFSOL", "tipo__descricao": "Of\u00edcio/Solicita\u00e7\u00e3o", "autoria": "Gleisson Professor de Biologia", "texto_original": "http://sapl.piumhi.mg.leg.br/media/sapl/public/materialegislativa/2019/1350/oficio_no_111-2019-vereadores.pdf", "ementa": "Cumprimentando-o cordialmente, sirvo-me do presente expediente para solicitar de V. Sa. especial aten\u00e7\u00e3o ao assunto abaixo, \u00e0 saber: Venho atrav\u00e9s deste solicitar provid\u00eancias no sentido de viabilizar a instala\u00e7\u00e3o de postes de ilumina\u00e7\u00e3o na Rodovia MG 050, no trecho que liga o \u201cPosto Brazinho\u201d ao Posto Centen\u00e1rio (KM 264 a Km 266), tendo em vista que o referido local \u00e9 per\u00edmetro urbano. Sendo s\u00f3 para o momento, renovamos protestos de estima e considera\u00e7\u00e3o."}, {"id": "1414", "ano": "2019", "numero": "112", "tipo__sigla": "OFSOL", "tipo__descricao": "Of\u00edcio/Solicita\u00e7\u00e3o", "autoria": "J\u00fanior Boi", "texto_original": "http://sapl.piumhi.mg.leg.br/media/sapl/public/materialegislativa/2019/1414/oficio_no_112-2019-vereadores.pdf", "ementa": "O vereador abaixo subscrito vem atrav\u00e9s deste solicitar ao Senhor Secret\u00e1rio de Obras e Infraestrutura Sr. Edson Pereira da Silva que seja constru\u00edda uma passagem de \u00e1gua, onde foi instalado um quebra mola na Rua Vilela Trist\u00e3o de Rezende pr\u00f3ximo ao n\u00famero 440, e o mesmo, est\u00e1 dificultando a passagem da \u00e1gua, tomando um desconforto para os moradores."}, {"id": "1415", "ano": "2019", "numero": "113", "tipo__sigla": "OFSOL", "tipo__descricao": "Of\u00edcio/Solicita\u00e7\u00e3o", "autoria": "J\u00fanior Boi", "texto_original": "http://sapl.piumhi.mg.leg.br/media/sapl/public/materialegislativa/2019/1415/oficio_no_113-2019-vereadores.pdf", "ementa": "O vereador abaixo subscrito vem atrav\u00e9s deste solicitar ao Senhor Secret\u00e1rio de Obras e Infraestrutura Sr. Edson Pereira da Silva que seja realizado opera\u00e7\u00e3o tapa buracos na Rua Severo Veloso, esquina com Jos\u00e9 Pope, Bairro Nova Esperan\u00e7a."}, {"id": "1420", "ano": "2019", "numero": "114", "tipo__sigla": "OFSOL", "tipo__descricao": "Of\u00edcio/Solicita\u00e7\u00e3o", "autoria": "J\u00fanior Boi", "texto_original": "http://sapl.piumhi.mg.leg.br/media/sapl/public/materialegislativa/2019/1420/oficio_no_114-2019-vereadores.pdf", "ementa": "O vereador abaixo subscrito vem atrav\u00e9s deste solicitar ao Senhor Secret\u00e1rio de Transporte e Manuten\u00e7\u00e3o Sr. Maur\u00edcio Silva instala\u00e7\u00e3o de uma rotat\u00f3ria de tach\u00e3o na Rua Nossa Senhora do Livramento, esquina com Bossuet Costa. O qual ir\u00e1 melhorar muito Tr\u00e2nsito naquela localidade. \u00c9 de extrema necessidade para a popula\u00e7\u00e3o, se trata de uma rua, com grande fluxo de ve\u00edculos, na quarta feira e Domingo, acontece a feira livre, onde a um grande n\u00famero de pedestres circulando naquela localidade. Gostaria de solicitar o empenho maior por parte da Secretaria de Tr\u00e2nsito, e a possibilidade em atender os usu\u00e1rios daquela localidade."}, {"id": "1422", "ano": "2019", "numero": "115", "tipo__sigla": "OFSOL", "tipo__descricao": "Of\u00edcio/Solicita\u00e7\u00e3o", "autoria": "J\u00fanior Boi", "texto_original": "http://sapl.piumhi.mg.leg.br/media/sapl/public/materialegislativa/2019/1422/oficio_no_115-2019-vereadores.pdf", "ementa": "O vereador abaixo subscrito vem atrav\u00e9s deste solicitar ao Senhor Secret\u00e1rio de Transporte e Manuten\u00e7\u00e3o Sr. Maur\u00edcio Silva aten\u00e7\u00e3o nas estradas Rurais pr\u00f3ximo a Penedos para manuten\u00e7\u00e3o na estrada Rural, m\u00e9dia de 1 km da sa\u00edda de Penedos, sentido Comunidade dos Rosas, onde tamb\u00e9m tem um buraco do lado esquerdo do morro, o qual est\u00e1 deslizando muito, devido a falta de Brita. \u00c9 de extrema necessidade para a popula\u00e7\u00e3o daquela localidade, se trata de uma estrada rural, que liga as comunidades e que est\u00e1 dif\u00edcil transitar. Gostaria de solicitar o empenho maior por parte da Secretaria de Estradas, a possibilidade em atender os moradores daquela localidade."}, {"id": "1416", "ano": "2019", "numero": "116", "tipo__sigla": "OFSOL", "tipo__descricao": "Of\u00edcio/Solicita\u00e7\u00e3o", "autoria": "Shirley da Educa\u00e7\u00e3o", "texto_original": "http://sapl.piumhi.mg.leg.br/media/sapl/public/materialegislativa/2019/1416/oficio_no_116-2019-csppmuc.pdf", "ementa": "Cumprimentando-o cordialmente, sirvo-me do presente para solicitar-lhe especial aten\u00e7\u00e3o e empenho ao assunto abaixo, \u00e0 saber: Esta vereadora foi recentemente procurada por diversos moradores, pais de alunos que relataram que a ponte sobre o Rio Piumhi possui um buraco imenso, conforme foto, em anexo. Os mesmos relataram que o \u00f4nibus escolar est\u00e1 tendo dificuldade em atravessar a ponte, o que tem deixado diversos alunos sem aula. Diante de tal situa\u00e7\u00e3o, solicito que seja realizado a revitaliza\u00e7\u00e3o do buraco."}, {"id": "1423", "ano": "2019", "numero": "117", "tipo__sigla": "OFSOL", "tipo__descricao": "Of\u00edcio/Solicita\u00e7\u00e3o", "autoria": "Shirley da Educa\u00e7\u00e3o", "texto_original": "http://sapl.piumhi.mg.leg.br/media/sapl/public/materialegislativa/2019/1423/oficio_no_117-2019-csppmuc.pdf", "ementa": "Cumprimentando-o cordialmente, sirvo-me do presente para solicitar-lhe especial aten\u00e7\u00e3o e empenho ao assunto abaixo, \u00e0 saber: Esta vereadora foi procurada por diversos moradores do Bairro Pinda\u00edbas, o qual relataram que devido ao Haras JR e o per\u00edodo de chuvas as ruas est\u00e3o alagando e juntando muita lama e sujeira, o que tem gerado transtorno e aborrecimento aos moradores do referido local como podemos ver as fotos, em anexo, n\u00e3o tem condi\u00e7\u00f5es de transitar pelo local. Diante de tal situa\u00e7\u00e3o, solicito ao Prefeito Municipal Sr. Adeberto Jos\u00e9 de Melo que juntamente com o setor competente oficialize o propriet\u00e1rio do Haras para que seja resolvido o problema."}, {"id": "1412", "ano": "2019", "numero": "118", "tipo__sigla": "OFSOL", "tipo__descricao": "Of\u00edcio/Solicita\u00e7\u00e3o", "autoria": "Shirley da Educa\u00e7\u00e3o", "texto_original": "http://sapl.piumhi.mg.leg.br/media/sapl/public/materialegislativa/2019/1412/oficio_no_118-2019-csppmuc.pdf", "ementa": "Em cordial visita, servimo-nos do presente expediente para, nos termos constantes da ressalva prevista no inciso II, do art. 143. do Regimento Interno desta Casa, que dispensa a delibera\u00e7\u00e3o plen\u00e1ria para os casos em que o pedido for subscrito pelas Comiss\u00f5es Permanentes/Tempor\u00e1rias, REQUERER de V. Sa, especial aten\u00e7\u00e3o ao assunto abaixo, \u00e0 saber:\r\nTrata-se da documenta\u00e7\u00e3o encaminhada a esta Comiss\u00e3o por meio do Of\u00edcio intitulado SAAE-PIU-146/2019, consistente na c\u00f3pia do Processo Licitat\u00f3rio n. 024/2019 (requerido por esta Comiss\u00e3o) e, uma \u201cextensa\u201d justificativa da contrata\u00e7\u00e3o (n\u00e3o requerida pela Comiss\u00e3o).\r\nDiante das informa\u00e7\u00f5es \u201cespont\u00e2neas\u201d prestadas por V. Sa., justificando o valor da contrata\u00e7\u00e3o realizada pelo SAAE, \u201cnos contratos existentes no \u00e2mbito do munic\u00edpio e C\u00e2mara\", bem como no fato de que \u201ctratar-se de assessoria ESPECIALIZADA prestada por profissionais dotados de NOT\u00d3RIA ESPECIALIZA\u00c7\u00c3O\u201d, \u00e9 o presente para requerer de V. Sa., o envio a esta Comiss\u00e3o no prazo legal..."}, {"id": "1424", "ano": "2019", "numero": "119", "tipo__sigla": "OFSOL", "tipo__descricao": "Of\u00edcio/Solicita\u00e7\u00e3o", "autoria": "CSPPMUC - Comiss\u00e3o de Servi\u00e7os e Pol\u00edticas P\u00fablicas Municipais, Urbanismo e Cidadania", "texto_original": "http://sapl.piumhi.mg.leg.br/media/sapl/public/materialegislativa/2019/1424/oficio_no_119-2019-csppmuc.pdf", "ementa": "A Comiss\u00e3o de Servi\u00e7os e Pol\u00edticas P\u00fablicas Municipais, Urbanismo e Cidadania, ap\u00f3s delibera\u00e7\u00e3o de seus membros e decis\u00e3o, por unanimidade, serve-se do presente expediente para, nos termos dos Pareceres anexos, solicitar de V. Exa a retirada dos Projetos de Lei Complementar n\u00b0s 08, 09, 10, 11, 12 e 13/2019 em observ\u00e2ncia e obedi\u00eancia ao Princ\u00edpio Constitucional da Moralidade Administrativa."}, {"id": "1425", "ano": "2019", "numero": "120", "tipo__sigla": "OFSOL", "tipo__descricao": "Of\u00edcio/Solicita\u00e7\u00e3o", "autoria": "Gleisson Professor de Biologia", "texto_original": "http://sapl.piumhi.mg.leg.br/media/sapl/public/materialegislativa/2019/1425/oficio_no_120-2019-vereadores.pdf", "ementa": "Cumprimentando-o cordialmente, sirvo-me do presente expediente para. com fulcro no art. 136 do Regimento Interno, reiterar a V. Exa a Indica\u00e7\u00e3o n\u00b0 32/2017, em anexo, j\u00e1 apresentada e n\u00e3o atendida. Sendo s\u00f3 para o momento, renovamos protestos de estima e considera\u00e7\u00e3o."}, {"id": "1426", "ano": "2019", "numero": "121", "tipo__sigla": "OFSOL", "tipo__descricao": "Of\u00edcio/Solicita\u00e7\u00e3o", "autoria": "Gleisson Professor de Biologia", "texto_original": "http://sapl.piumhi.mg.leg.br/media/sapl/public/materialegislativa/2019/1426/oficio_no_121-2019-vereadores.pdf", "ementa": "Cumprimentando-o cordialmente, sirvo-me do presente para solicitar-lhe especial aten\u00e7\u00e3o e empenho ao assunto abaixo, \u00e0 saber: Este vereador foi procurado pelas servidoras do PSF onde funciona o programa Sa\u00fade da Mulher, o qual as mesmas relataram a dificuldade e transtorno que est\u00e3o passando com um ginecologista e um mastologista. Diante de tal situa\u00e7\u00e3o, solicito ao Chefe do Poder Executivo, que estude a possibilidade de contratar mais um ginecologista e um mastologista para atender a demanda do nosso munic\u00edpio."}, {"id": "1453", "ano": "2019", "numero": "122", "tipo__sigla": "OFSOL", "tipo__descricao": "Of\u00edcio/Solicita\u00e7\u00e3o", "autoria": "Ast\u00e9sio, Fernando Detetive, Gleisson Professor de Biologia, Guininho do Man\u00e9, J\u00fanior Boi, Sargento Z\u00e9 Welington, Seabra da Farm\u00e1cia, Segundinho, Shirley da Educa\u00e7\u00e3o", "texto_original": "http://sapl.piumhi.mg.leg.br/media/sapl/public/materialegislativa/2019/1453/oficio_no_122-2019-vereadores.pdf", "ementa": "Cumprimentando-o cordialmente, sirvo-me do presente para solicitar-lhe especial aten\u00e7\u00e3o e empenho ao assunto abaixo, \u00e0 saber: Trata-se das mudan\u00e7as propostas pelo PL 5695/2019 por meio do qual a alimenta\u00e7\u00e3o escolar e o transporte escolar se tomaram pol\u00edticas de responsabilidade exclusivas do estados, DF e dos munic\u00edpios, bem como tamb\u00e9m a pol\u00edtica de aquisi\u00e7\u00e3o de livros did\u00e1ticos e paradid\u00e1ticos e, ainda extingue o Programa Dinheiro Direto Na Escola - PDDE. Na condi\u00e7\u00e3o de representantes eleitos democraticamente no \u00e2mbito do Munic\u00edpio de Piumhi e, sendo os vereadores a classe pol\u00edtica cuja o contato direto com a popula\u00e7\u00e3o e com a realidade se fazem efetivamente mais presentes, servi-nos do presente expediente para manifestar nosso rep\u00fadio \u00e0s propostas constantes do referido Projeto de |Lei, e neste ato, solicitamos-lhe empenho no sentido de unir esfor\u00e7os para que o PL 5695/2019 seja reprovado pelo Congresso Nacional."}, {"id": "1454", "ano": "2019", "numero": "123", "tipo__sigla": "OFSOL", "tipo__descricao": "Of\u00edcio/Solicita\u00e7\u00e3o", "autoria": "Ast\u00e9sio, Fernando Detetive, Gleisson Professor de Biologia, Guininho do Man\u00e9, J\u00fanior Boi, Sargento Z\u00e9 Welington, Seabra da Farm\u00e1cia, Segundinho, Shirley da Educa\u00e7\u00e3o", "texto_original": "http://sapl.piumhi.mg.leg.br/media/sapl/public/materialegislativa/2019/1454/oficio_no_123-2019-vereadores.pdf", "ementa": "Cumprimentando-o cordialmente, sirvo-me do presente para solicitar-lhe especial aten\u00e7\u00e3o e empenho ao assunto abaixo, \u00e0 saber: Trata-se das mudan\u00e7as propostas pelo PL 5695/2019 por meio do qual a alimenta\u00e7\u00e3o escolar e o transporte escolar se tomaram pol\u00edticas de responsabilidade exclusivas do estados, DF e dos munic\u00edpios, bem como tamb\u00e9m a pol\u00edtica de aquisi\u00e7\u00e3o de livros did\u00e1ticos e paradid\u00e1ticos e, ainda extingue o Programa Dinheiro Direto Na Escola - PDDE. Na condi\u00e7\u00e3o de representantes eleitos democraticamente no \u00e2mbito do Munic\u00edpio de Piumhi e, sendo os vereadores a classe pol\u00edtica cuja o contato direto com a popula\u00e7\u00e3o e com a realidade se fazem efetivamente mais presentes, servi-nos do presente expediente para manifestar nosso rep\u00fadio \u00e0s propostas constantes do referido Projeto de [Lei, e neste ato, solicitamos-lhe empenho no sentido de unir esfor\u00e7os para que o PL 5695/2019 seja reprovado pelo Congresso Nacional."}, {"id": "1455", "ano": "2019", "numero": "124", "tipo__sigla": "OFSOL", "tipo__descricao": "Of\u00edcio/Solicita\u00e7\u00e3o", "autoria": "Ast\u00e9sio, Fernando Detetive, Gleisson Professor de Biologia, Guininho do Man\u00e9, J\u00fanior Boi, Sargento Z\u00e9 Welington, Seabra da Farm\u00e1cia, Segundinho, Shirley da Educa\u00e7\u00e3o", "texto_original": "http://sapl.piumhi.mg.leg.br/media/sapl/public/materialegislativa/2019/1455/oficio_no_124-2019_-_vereadores.pdf", "ementa": "Cumprimentando-o cordialmente, sirvo-me do presente para solicitar-lhe especial aten\u00e7\u00e3o e empenho ao assunto abaixo, \u00e0 saber: Trata-se das mudan\u00e7as propostas pelo PL 5695/2019 por meio do qual a alimenta\u00e7\u00e3o escolar e o transporte escolar se tomaram pol\u00edticas de responsabilidade exclusivas do estados, DF e dos munic\u00edpios, bem como tamb\u00e9m a pol\u00edtica de aquisi\u00e7\u00e3o de livros did\u00e1ticos e paradid\u00e1ticos e, ainda extingue o Programa Dinheiro Direto Na Escola - PDDE. Na condi\u00e7\u00e3o de representantes eleitos democraticamente no \u00e2mbito do Munic\u00edpio de Piumhi e, sendo os vereadores a classe pol\u00edtica cuja o contato direto com a popula\u00e7\u00e3o e com a realidade se fazem efetivamente mais presentes, servi-nos do presente expediente para manifestar nosso rep\u00fadio \u00e0s propostas constantes do referido Projeto de |Lei, e neste ato, solicitamos-lhe empenho no sentido de unir esfor\u00e7os para que o PL 5695/2019 seja reprovado pelo Congresso Nacional."}, {"id": "1439", "ano": "2019", "numero": "125", "tipo__sigla": "OFSOL", "tipo__descricao": "Of\u00edcio/Solicita\u00e7\u00e3o", "autoria": "CEDP - Comiss\u00e3o de \u00c9tica e Decoro Parlamentar", "texto_original": "http://sapl.piumhi.mg.leg.br/media/sapl/public/materialegislativa/2019/1439/oficio_no_125-2019-comissao.pdf", "ementa": "A Comiss\u00e3o Permanente de \u00c9tica e Decoro Parlamentar, representada por seu presidente Jos\u00e9 Welington da Silva, com fundamento na ressalva constante da parte final do inciso I, do art. 143, do Regimento Interno desta Casa, vem atrav\u00e9s deste solicitar-lhe o encaminhamento da documenta\u00e7\u00e3o comprobat\u00f3ria de TODAS as despesas relacionadas com os enfeites e ornamenta\u00e7\u00e3o de fim de ano (natalinos) das ruas, pra\u00e7as e demais espa\u00e7os p\u00fablicos do munic\u00edpio de Piumhi, compreendendo os valores com materiais e m\u00e3o-de-obra. consistentes em c\u00f3pia de: a) Processos Licitat\u00f3rios ou Dispensa/Inexigibilidade (se for o caso); b) Notas de Autoriza\u00e7\u00f5es de Fornecimento/Servi\u00e7os (NAF); c) Notas de Empenhos; d) Comprovante de entrega e Recebimento dos materiais/servi\u00e7os, assinado pelo respons\u00e1vel competente e; e) Comprovantes de pagamentos."}, {"id": "1664", "ano": "2019", "numero": "126", "tipo__sigla": "OFSOL", "tipo__descricao": "Of\u00edcio/Solicita\u00e7\u00e3o", "autoria": "Ast\u00e9sio", "texto_original": "http://sapl.piumhi.mg.leg.br/media/sapl/public/materialegislativa/2019/1664/oficio_no_126-2019-gabpres.pdf", "ementa": "A C\u00e2mara Municipal de Piumhi, a pedido dos Vereadores Ant\u00f4nio Ast\u00e9sio Tavares, Jos\u00e9 Segundo Faria e Jos\u00e9 Welington da Silva solicitou ao Deputado Estadual Coronel Sandro L\u00facio Fonseca que intervisse junto ao Estado de Minas Gerais sobre o Termo de Doa\u00e7\u00e3o do Micro-\u00f4nibus, que conforme nos foi informado n\u00e3o foi disponibilizado ao Munic\u00edpio de Piumhi para retirada."}, {"id": "1452", "ano": "2019", "numero": "127", "tipo__sigla": "OFSOL", "tipo__descricao": "Of\u00edcio/Solicita\u00e7\u00e3o", "autoria": "Ast\u00e9sio, Fernando Detetive, Gleisson Professor de Biologia, Guininho do Man\u00e9, J\u00fanior Boi, Sargento Z\u00e9 Welington, Seabra da Farm\u00e1cia, Segundinho, Shirley da Educa\u00e7\u00e3o", "texto_original": "http://sapl.piumhi.mg.leg.br/media/sapl/public/materialegislativa/2019/1452/oficio_no_127-2019-vereadores.pdf", "ementa": "Cumprimentando-o cordialmente, sirvo-me do presente para solicitar-lhe especial aten\u00e7\u00e3o e empenho ao assunto abaixo, \u00e0 saber: Trata-se das mudan\u00e7as propostas pelo PL 5695/2019 por meio do qual a alimenta\u00e7\u00e3o escolar e o transporte escolar se tornaram pol\u00edticas de responsabilidade exclusivas do estado, DF e dos munic\u00edpios, bem como tamb\u00e9m a pol\u00edtica de aquisi\u00e7\u00e3o de livros did\u00e1ticos e paradid\u00e1ticos e, ainda extingue o Programa Dinheiro Direto Na Escola - PDDE. Na condi\u00e7\u00e3o de representantes eleitos democraticamente no \u00e2mbito do Munic\u00edpio de Piumhi e, sendo os vereadores a classe pol\u00edtica cuja o contato direto com a popula\u00e7\u00e3o e com a realidade se fazem efetivamente mais presentes, servi-nos do presente expediente para manifestar nosso rep\u00fadio \u00e0s propostas constantes do referido Projeto de (Lei, e neste ato, solicitamos-lhe empenho no sentido de unir esfor\u00e7os para\r\nque o PL 5695/2019 seja reprovado pelo Congresso Nacional."}, {"id": "1451", "ano": "2019", "numero": "128", "tipo__sigla": "OFSOL", "tipo__descricao": "Of\u00edcio/Solicita\u00e7\u00e3o", "autoria": "Ast\u00e9sio", "texto_original": "http://sapl.piumhi.mg.leg.br/media/sapl/public/materialegislativa/2019/1451/oficio_no_128-2019-gabpres.pdf", "ementa": "Cumprimentando-o cordialmente, sirvo-me do presente para solicitar-lhe especial aten\u00e7\u00e3o e empenho para que seja instalada energia el\u00e9trica at\u00e9 o final da Rua Jos\u00e9 Domingos de Ara\u00fajo, no Bairro Nova Esperan\u00e7a, tendo em vista, que o referido local esta muito escuro e tem gerado transtornos aos moradores."}, {"id": "1568", "ano": "2019", "numero": "129", "tipo__sigla": "OFSOL", "tipo__descricao": "Of\u00edcio/Solicita\u00e7\u00e3o", "autoria": "CSPPMUC - Comiss\u00e3o de Servi\u00e7os e Pol\u00edticas P\u00fablicas Municipais, Urbanismo e Cidadania", "texto_original": "http://sapl.piumhi.mg.leg.br/media/sapl/public/materialegislativa/2019/1568/2019-12-17_oficio_no_129-csppmuc.pdf", "ementa": "Cumprimentando-a cordialmente e, na condi\u00e7\u00e3o de presidente da Comiss\u00e3o Permanente de Servi\u00e7os e Pol\u00edticas P\u00fablicas Municipais Urbanismo e , da\r\nC\u00e2mara Municipal de Piumhi, venho respeitosamente \u00e0 presen\u00e7a de V.Sa., solicitar-lhe especial aten\u00e7\u00e3o ao assunto abaixo a saber: Trata-se do Projeto de Lei Complementar n. 04/2019, que disp\u00f5e sobre o plano de cargos e carreira dos servidores p\u00fablicos do Servi\u00e7o Aut\u00f4nomo de Agua e Esgoto - SAAE de Piumhi-MG, sendo que o referido Projeto encontra-se no \u00e2mbito da Comiss\u00e3o Permanente de Servi\u00e7os e Pol\u00edticas P\u00fablicas Municipais Urbanismo e Cidadania, para an\u00e1lise e emiss\u00e3o de Parecer. Durante a tramita\u00e7\u00e3o do Projeto no \u00e2mbito desta Comiss\u00e3o, fui procurada pelos servidores do SAAE onde, em reuni\u00e3o conjunta, me foi solicitado empenho na aprova\u00e7\u00e3o do referido Projeto, ainda este ano, bem como foram apresentados quest\u00f5es pontuais do Projeto..."}, {"id": "1564", "ano": "2019", "numero": "130", "tipo__sigla": "OFSOL", "tipo__descricao": "Of\u00edcio/Solicita\u00e7\u00e3o", "autoria": "CSPPMUC - Comiss\u00e3o de Servi\u00e7os e Pol\u00edticas P\u00fablicas Municipais, Urbanismo e Cidadania", "texto_original": "http://sapl.piumhi.mg.leg.br/media/sapl/public/materialegislativa/2019/1564/2019-12-17_oficio_no_130-csppmuc.pdf", "ementa": "A Comiss\u00e3o de Servi\u00e7os e Pol\u00edticas P\u00fablicas Municipais, Urbanismo e Cidadania, atrav\u00e9s de sua presidente Shirley Elaine Gon\u00e7alves Faria, solicita que seja encaminhado a esta Comiss\u00e3o Permanente a lista com os nomes de todos os inscritos no Processo Seletivo Simplificado (Edital n\u00b0 08/2019), para o cargo de Supervisor Escolar a ser realizado em janeiro de 2020. Na oportunidade, solicito que a manifesta\u00e7\u00e3o seja protocolada no \u00e2mbito da C\u00e2mara Municipal de Piumhi no prazo de 24 horas, contadas do recebimento deste of\u00edcio, a fim de que seja poss\u00edvel esclarecer os questionamentos dos mun\u00edcipes. Sendo s\u00f3 para o memento, subscrevo-me e assino."}, {"id": "1529", "ano": "2019", "numero": "131", "tipo__sigla": "OFSOL", "tipo__descricao": "Of\u00edcio/Solicita\u00e7\u00e3o", "autoria": "Ast\u00e9sio", "texto_original": "http://sapl.piumhi.mg.leg.br/media/sapl/public/materialegislativa/2019/1529/oficio_no_131-2019-gabpres.pdf", "ementa": "Cumprimentando-o cordialmente, sirvo-me do presente para solicitar-lhe especial aten\u00e7\u00e3o e empenho para que sejam atendidas as demandas de ilumina\u00e7\u00e3o p\u00fablica no Munic\u00edpio de Piumhi. Na oportunidade, encaminho em anexo, as Indica\u00e7\u00f5es de 2017 ate o presente momento, apresentadas pelos vereadores desta Douta C\u00e2mara municipal."}, {"id": "1565", "ano": "2019", "numero": "132", "tipo__sigla": "OFSOL", "tipo__descricao": "Of\u00edcio/Solicita\u00e7\u00e3o", "autoria": "CSPPMUC - Comiss\u00e3o de Servi\u00e7os e Pol\u00edticas P\u00fablicas Municipais, Urbanismo e Cidadania", "texto_original": "http://sapl.piumhi.mg.leg.br/media/sapl/public/materialegislativa/2019/1565/2019-12-19_oficio_no_132-csppmuc.pdf", "ementa": "A Comiss\u00e3o de Servi\u00e7os e Pol\u00edticas P\u00fablicas Municipais, Urbanismo e Cidadania, atrav\u00e9s de sua presidente Shirley Elaine Gon\u00e7alves Faria, solicita o que segue abaixo: Por meio do of\u00edcio 102/2019/CSPPMUC direcionado ao Controle Interno do Munic\u00edpio de Piumhi/MG (c\u00f3pia anexa), foi solicitado informa\u00e7\u00f5es referentes \u00e0 frota municipal, mais precisamente sobre os gastos com combust\u00edveis. Na ocasi\u00e3o foi informado pela Controladora Municipal, por meio do oficio 35/2019 (doc. anexo), que havia pedido exonera\u00e7\u00e3o do cargo e que a resposta e informa\u00e7\u00f5es solicitadas seriam encaminhadas oportunamente por seu sucessor, O QUE AT\u00c9 O PRESENTE MOMENTO N\u00c3O OCORREU, tendo expirado o prazo legal. Assim sendo, \u00e9 o presente para reiterar, na pessoa de V. Exa, o pedido de informa\u00e7\u00f5es, para que sejam encaminhados a esta Casa no prazo de 48 horas, sob pena de tomadas de outras provid\u00eancias cab\u00edveis. Sendo s\u00f3 para o memento, subscrevo-me e assino."}, {"id": "716", "ano": "2019", "numero": "2", "tipo__sigla": "PAR-C", "tipo__descricao": "Parecer - Comiss\u00e3o(\u00f5es)", "autoria": "CLJR - Comiss\u00e3o de Legisla\u00e7\u00e3o, Justi\u00e7a e Reda\u00e7\u00e3o, CSPPMUC - Comiss\u00e3o de Servi\u00e7os e Pol\u00edticas P\u00fablicas Municipais, Urbanismo e Cidadania", "texto_original": "http://sapl.piumhi.mg.leg.br/media/sapl/public/materialegislativa/2019/716/parecer_no_2_de_2019i.pdf", "ementa": "Da  Comiss\u00e3o de Legisla\u00e7\u00e3o, Justi\u00e7a e Reda\u00e7\u00e3o e Comiss\u00e3o de Servi\u00e7os e Pol\u00edticas P\u00fablicas Municipais, Urbanismo e Cidadania, referente ao  Projeto de Lei n\u00b0 58/2018 que \u201cD\u00e1  nome de Jos\u00e9 Germano da Costa  (Z\u00e9 Ces\u00e1rio),  \u00e0  Estrada  de  Acesso  as  Torres  da  Serra  da Pimenta  no  KM  260  da  MG  050,  no  Munic\u00edpio  de Piumhi-MG, e d\u00e1 outras provid\u00eancias\u201d."}, {"id": "721", "ano": "2019", "numero": "3", "tipo__sigla": "PAR-C", "tipo__descricao": "Parecer - Comiss\u00e3o(\u00f5es)", "autoria": "CLJR - Comiss\u00e3o de Legisla\u00e7\u00e3o, Justi\u00e7a e Reda\u00e7\u00e3o", "texto_original": "http://sapl.piumhi.mg.leg.br/media/sapl/public/materialegislativa/2019/721/parecer_no_cm_03-2019.pdf", "ementa": "Da Comiss\u00e3o de Legisla\u00e7\u00e3o, Justi\u00e7a e Reda\u00e7\u00e3o referente ao Projeto de Lei Complementar n\u00b0 01/2019 que \u201cAltera e Acresce dispositivos \u00e0 Lei Complementar n\u00b0 51/2017 que disp\u00f5e sobre a Estrutura Organizacional e Administrativa do Munic\u00edpio de Piumhi e d\u00e1 outras provid\u00eancias\u201d."}, {"id": "722", "ano": "2019", "numero": "4", "tipo__sigla": "PAR-C", "tipo__descricao": "Parecer - Comiss\u00e3o(\u00f5es)", "autoria": "CLJR - Comiss\u00e3o de Legisla\u00e7\u00e3o, Justi\u00e7a e Reda\u00e7\u00e3o", "texto_original": "http://sapl.piumhi.mg.leg.br/media/sapl/public/materialegislativa/2019/722/parecer_cm_no_4_de_2019i.pdf", "ementa": "Da Comiss\u00e3o de Legisla\u00e7\u00e3o, Justi\u00e7a e Reda\u00e7\u00e3o referente ao Projeto de Lei Complementar n\u00b0 02/2019 que \u201cDisp\u00f5e sobre altera\u00e7\u00e3o da Lei Complementar n\u00b0 52/2018 que Institui o Plano de Carreiras, de Cargos e Vencimentos dos Servidores Municipais de Piumhi e d\u00e1 outras provid\u00eancias\u201d."}, {"id": "835", "ano": "2019", "numero": "5", "tipo__sigla": "PAR-C", "tipo__descricao": "Parecer - Comiss\u00e3o(\u00f5es)", "autoria": "Fernando Detetive", "texto_original": "http://sapl.piumhi.mg.leg.br/media/sapl/public/materialegislativa/2019/835/parecer_no_cm_05_2019i.pdf", "ementa": "Da Comiss\u00e3o de Finan\u00e7as e Or\u00e7amento referente ao Projeto de Lei Complementar n\u00b0 01/2019 que \u201cAltera e Acresce dispositivos \u00e0 Lei Complementar n\u00b0  51/2017 que disp\u00f5e sobre a Estrutura Organizacional e Administrativa do Munic\u00edpio de Piumhi e d\u00e1 outras provid\u00eancias\u201d."}, {"id": "884", "ano": "2019", "numero": "6", "tipo__sigla": "PAR-C", "tipo__descricao": "Parecer - Comiss\u00e3o(\u00f5es)", "autoria": "CFO - Comiss\u00e3o de Finan\u00e7as e Or\u00e7amento", "texto_original": "http://sapl.piumhi.mg.leg.br/media/sapl/public/materialegislativa/2019/884/parecer_no_cm_-_06_-_2019i.pdf", "ementa": "Da Comiss\u00e3o de Finan\u00e7as e Or\u00e7amento referente ao Projeto de Lei Complementar n\u00b0 02/2019 que \u201cDisp\u00f5e sobre altera\u00e7\u00e3o da Lei Complementar n\u00b0 52/2018 que institui o Plano de Carreiras, de Cargos e Vencimento dos Servidores Municipais de Piumhi e d\u00e1 outas provid\u00eancias.\u201d"}, {"id": "826", "ano": "2019", "numero": "7", "tipo__sigla": "PAR-C", "tipo__descricao": "Parecer - Comiss\u00e3o(\u00f5es)", "autoria": "CFO - Comiss\u00e3o de Finan\u00e7as e Or\u00e7amento, CLJR - Comiss\u00e3o de Legisla\u00e7\u00e3o, Justi\u00e7a e Reda\u00e7\u00e3o, CSPPMUC - Comiss\u00e3o de Servi\u00e7os e Pol\u00edticas P\u00fablicas Municipais, Urbanismo e Cidadania", "texto_original": "http://sapl.piumhi.mg.leg.br/media/sapl/public/materialegislativa/2019/826/parecer_no_cm_07_-_2019i.pdf", "ementa": "Da Comiss\u00e3o de Legisla\u00e7\u00e3o, Justi\u00e7a e Reda\u00e7\u00e3o, Comiss\u00e3o de Finan\u00e7as e Or\u00e7amento e Comiss\u00e3o de Servi\u00e7os e Pol\u00edticas P\u00fablicas Municipais, Urbanismo  e Cidadania, referente ao Projeto de Lei  n\u00b0 56/2018 que \u201cDisp\u00f5e sobre o acesso gratuito de pessoas com defici\u00eancia em eventos esportivos e socioculturais  no \u00e2mbito do Munic\u00edpio de Piumhi\u201d."}, {"id": "827", "ano": "2019", "numero": "8", "tipo__sigla": "PAR-C", "tipo__descricao": "Parecer - Comiss\u00e3o(\u00f5es)", "autoria": "Fernando Detetive", "texto_original": "http://sapl.piumhi.mg.leg.br/media/sapl/public/materialegislativa/2019/827/parecer_no_cm_08_-_2019i_7mbrHo3.pdf", "ementa": "Da Comiss\u00e3o de Legisla\u00e7\u00e3o, Justi\u00e7a e Reda\u00e7\u00e3o e Comiss\u00e3o de Servi\u00e7os e Pol\u00edticas P\u00fablicas Municipais, Urbanismo e Cidadania, referente ao Projeto de Lei  n\u00b0 59/2018 que \u201cD\u00e1 o nome de Andr\u00e9 Mour\u00e3o, \u00e0 Creche situada na Rua Agneltina Guimar\u00e3es, n. 109, Bairro Novo Tempo em Piumhi-MG, e d\u00e1 outras provid\u00eancias\u201d."}, {"id": "832", "ano": "2019", "numero": "9", "tipo__sigla": "PAR-C", "tipo__descricao": "Parecer - Comiss\u00e3o(\u00f5es)", "autoria": "CFO - Comiss\u00e3o de Finan\u00e7as e Or\u00e7amento, CLJR - Comiss\u00e3o de Legisla\u00e7\u00e3o, Justi\u00e7a e Reda\u00e7\u00e3o, CSPPMUC - Comiss\u00e3o de Servi\u00e7os e Pol\u00edticas P\u00fablicas Municipais, Urbanismo e Cidadania", "texto_original": "http://sapl.piumhi.mg.leg.br/media/sapl/public/materialegislativa/2019/832/parecer_no_cm_09_-_2019.pdf", "ementa": "Da Comiss\u00e3o de Legisla\u00e7\u00e3o, Justi\u00e7a e Reda\u00e7\u00e3o, Comiss\u00e3o de Finan\u00e7as e Or\u00e7amento e Comiss\u00e3o de Servi\u00e7os e Pol\u00edticas P\u00fablicas Municipais, Urbanismo  e Cidadania, referente ao Projeto de Decreto Legislativo n\u00b0 03/2018 que \u201cDisp\u00f5e sobre a homenagem \u201cTrof\u00e9u Ra\u00e7a Negra\u201d em comemora\u00e7\u00e3o ao Dia Nacional da Consci\u00eancia Negra e d\u00e1 outras provid\u00eancias\u201d."}, {"id": "830", "ano": "2019", "numero": "10", "tipo__sigla": "PAR-C", "tipo__descricao": "Parecer - Comiss\u00e3o(\u00f5es)", "autoria": "CFO - Comiss\u00e3o de Finan\u00e7as e Or\u00e7amento, CLJR - Comiss\u00e3o de Legisla\u00e7\u00e3o, Justi\u00e7a e Reda\u00e7\u00e3o, CSPPMUC - Comiss\u00e3o de Servi\u00e7os e Pol\u00edticas P\u00fablicas Municipais, Urbanismo e Cidadania", "texto_original": "http://sapl.piumhi.mg.leg.br/media/sapl/public/materialegislativa/2019/830/parecer_cm_10_-_2019i.pdf", "ementa": "Da Comiss\u00e3o de Legisla\u00e7\u00e3o, Justi\u00e7a e Reda\u00e7\u00e3o, Comiss\u00e3o de Finan\u00e7as e Or\u00e7amento e Comiss\u00e3o de Servi\u00e7os e Pol\u00edticas P\u00fablicas Municipais, Urbanismo e Cidadania referente ao Projeto de Lei n\u00ba 04/2019 que \u201cInclui par\u00e1grafo \u00fanico no artigo 2\u00ba da Lei n\u00b0 2.372/2018, de 17 de dezembro de 2018, autorizando a desafeta\u00e7\u00e3o de \u00e1rea e d\u00e1 outras provid\u00eancias\u201d."}, {"id": "831", "ano": "2019", "numero": "11", "tipo__sigla": "PAR-C", "tipo__descricao": "Parecer - Comiss\u00e3o(\u00f5es)", "autoria": "CFO - Comiss\u00e3o de Finan\u00e7as e Or\u00e7amento, CLJR - Comiss\u00e3o de Legisla\u00e7\u00e3o, Justi\u00e7a e Reda\u00e7\u00e3o, CSPPMUC - Comiss\u00e3o de Servi\u00e7os e Pol\u00edticas P\u00fablicas Municipais, Urbanismo e Cidadania", "texto_original": "http://sapl.piumhi.mg.leg.br/media/sapl/public/materialegislativa/2019/831/2019-02-28_parecer_no_cm_11_-_2019_ref_proj_lei__1NM1E7c.pdf", "ementa": "Da Comiss\u00e3o de Legisla\u00e7\u00e3o, Justi\u00e7a e Reda\u00e7\u00e3o, Comiss\u00e3o de Finan\u00e7as e Or\u00e7amento e Comiss\u00e3o de Servi\u00e7os e Pol\u00edticas P\u00fablicas Municipais, Urbanismo e Cidadania referente ao Projeto de Lei n\u00ba 05/2019 que \u201cInclui par\u00e1grafo \u00fanico no artigo 2\u00ba da Lei n\u00b0 2.373/2018, de 17 de dezembro de 2018, autorizando a desafeta\u00e7\u00e3o de \u00e1rea e d\u00e1 outras provid\u00eancias\u201d."}, {"id": "824", "ano": "2019", "numero": "12", "tipo__sigla": "PAR-C", "tipo__descricao": "Parecer - Comiss\u00e3o(\u00f5es)", "autoria": "CFO - Comiss\u00e3o de Finan\u00e7as e Or\u00e7amento, CLJR - Comiss\u00e3o de Legisla\u00e7\u00e3o, Justi\u00e7a e Reda\u00e7\u00e3o", "texto_original": "http://sapl.piumhi.mg.leg.br/media/sapl/public/materialegislativa/2019/824/parecer_no_12_-_2019i.pdf", "ementa": "Da Comiss\u00e3o de Legisla\u00e7\u00e3o, Justi\u00e7a e Reda\u00e7\u00e3o e Comiss\u00e3o de Finan\u00e7as e Or\u00e7amento, referente ao Projeto de Lei n\u00ba 06/2019 que \u201cConcede piso salarial profissional aos Agentes Comunit\u00e1rios de Sa\u00fade e Agentes de Combate \u00e0s Endemias e d\u00e1 outras providencias\u201d."}, {"id": "820", "ano": "2019", "numero": "13", "tipo__sigla": "PAR-C", "tipo__descricao": "Parecer - Comiss\u00e3o(\u00f5es)", "autoria": "CLJR - Comiss\u00e3o de Legisla\u00e7\u00e3o, Justi\u00e7a e Reda\u00e7\u00e3o, CSPPMUC - Comiss\u00e3o de Servi\u00e7os e Pol\u00edticas P\u00fablicas Municipais, Urbanismo e Cidadania", "texto_original": "http://sapl.piumhi.mg.leg.br/media/sapl/public/materialegislativa/2019/820/parecer_no_cm_13_-_2019i_MKilr0y.pdf", "ementa": "Da Comiss\u00e3o de Legisla\u00e7\u00e3o, Justi\u00e7a e Reda\u00e7\u00e3o e Comiss\u00e3o de Servi\u00e7os e Pol\u00edticas P\u00fablicas Municipais, Urbanismo e Cidadania, referente ao Projeto de Decreto Legislativo n\u00b0 01/2019 que \u201cDisp\u00f5e sobre a outorga da homenagem \u2018Brilhantes Mulheres\u2019 e d\u00e1 outras provid\u00eancias\"."}, {"id": "821", "ano": "2019", "numero": "14", "tipo__sigla": "PAR-C", "tipo__descricao": "Parecer - Comiss\u00e3o(\u00f5es)", "autoria": "CLJR - Comiss\u00e3o de Legisla\u00e7\u00e3o, Justi\u00e7a e Reda\u00e7\u00e3o, CSPPMUC - Comiss\u00e3o de Servi\u00e7os e Pol\u00edticas P\u00fablicas Municipais, Urbanismo e Cidadania", "texto_original": "http://sapl.piumhi.mg.leg.br/media/sapl/public/materialegislativa/2019/821/parecer_no_cm_14-2019.pdf", "ementa": "Da Comiss\u00e3o de Legisla\u00e7\u00e3o, Justi\u00e7a e Reda\u00e7\u00e3o e Comiss\u00e3o de Servi\u00e7os e Pol\u00edticas P\u00fablicas Municipais, Urbanismo e Cidadania referente ao Projeto de Lei n\u00ba 08/2019 que  \u201cAutoriza os donat\u00e1rios oriundos da Lei 2.039/2011 a constru\u00edrem nos lotes recebidos em doa\u00e7\u00e3o e d\u00e1 outras provid\u00eancias\"."}, {"id": "861", "ano": "2019", "numero": "15", "tipo__sigla": "PAR-C", "tipo__descricao": "Parecer - Comiss\u00e3o(\u00f5es)", "autoria": "Fernando Detetive", "texto_original": "http://sapl.piumhi.mg.leg.br/media/sapl/public/materialegislativa/2019/861/parecer_no_cm_15_-_2019i.pdf", "ementa": "Da Comiss\u00e3o de Legisla\u00e7\u00e3o, Justi\u00e7a e Reda\u00e7\u00e3o e Comiss\u00e3o de Finan\u00e7as e Or\u00e7amento, referente ao Projeto de Lei Complementar n\u00b0 05/2019 que \u201cDisp\u00f5e sobre a autoriza\u00e7\u00e3o ao Poder Executivo para conceder desconto no pagamento cm at\u00e9 03 (tr\u00eas) parcelas do Imposto Predial e Territorial Urbano (IPTU) e d\u00e1 outras provid\u00eancias\u201d."}, {"id": "949", "ano": "2019", "numero": "16", "tipo__sigla": "PAR-C", "tipo__descricao": "Parecer - Comiss\u00e3o(\u00f5es)", "autoria": "CLJR - Comiss\u00e3o de Legisla\u00e7\u00e3o, Justi\u00e7a e Reda\u00e7\u00e3o", "texto_original": "http://sapl.piumhi.mg.leg.br/media/sapl/public/materialegislativa/2019/949/parecer_no_cm_16-2019.pdf", "ementa": "Da Comiss\u00e3o de Legisla\u00e7\u00e3o, Justi\u00e7a e  Reda\u00e7\u00e3o  referente ao  Projeto de  Resolu\u00e7\u00e3o  n\u00ba 01/2019 que \u201cRegulamenta a utiliza\u00e7\u00e3o do Plen\u00e1rio e outras depend\u00eancias da C\u00e2mara Municipal de Piumhi por terceiros e d\u00e1 outras providencias\u201d."}, {"id": "978", "ano": "2019", "numero": "17", "tipo__sigla": "PAR-C", "tipo__descricao": "Parecer - Comiss\u00e3o(\u00f5es)", "autoria": "CLJR - Comiss\u00e3o de Legisla\u00e7\u00e3o, Justi\u00e7a e Reda\u00e7\u00e3o, CSPPMUC - Comiss\u00e3o de Servi\u00e7os e Pol\u00edticas P\u00fablicas Municipais, Urbanismo e Cidadania", "texto_original": "http://sapl.piumhi.mg.leg.br/media/sapl/public/materialegislativa/2019/978/parecer_no_cm_17-2019.pdf", "ementa": "Da Comiss\u00e3o de Legisla\u00e7\u00e3o, Justi\u00e7a e Reda\u00e7\u00e3o e Comiss\u00e3o de Servi\u00e7os e Pol\u00edticas P\u00fablicas Municipais, Urbanismo e Cidadania referente ao Projeto de Lei n\u00ba 09/2019 que \u201cD\u00e1 nome Jos\u00e9 Jader Melo - \u00e0 \u201cRua A\u201d, no loteamento Maria Luiza - Bairro Lagoa de Tr\u00e1s, no Munic\u00edpio de Piumhi-MG, e d\u00e1 outras provid\u00eancias\u201d."}, {"id": "902", "ano": "2019", "numero": "18", "tipo__sigla": "PAR-C", "tipo__descricao": "Parecer - Comiss\u00e3o(\u00f5es)", "autoria": "CFO - Comiss\u00e3o de Finan\u00e7as e Or\u00e7amento, CLJR - Comiss\u00e3o de Legisla\u00e7\u00e3o, Justi\u00e7a e Reda\u00e7\u00e3o, CSPPMUC - Comiss\u00e3o de Servi\u00e7os e Pol\u00edticas P\u00fablicas Municipais, Urbanismo e Cidadania", "texto_original": "http://sapl.piumhi.mg.leg.br/media/sapl/public/materialegislativa/2019/902/parecer_no_cm_18_-_2019i.pdf", "ementa": "Da Comiss\u00e3o de Legisla\u00e7\u00e3o, Justi\u00e7a e Reda\u00e7\u00e3o, Comiss\u00e3o de Finan\u00e7as e Or\u00e7amento e Comiss\u00e3o de Servi\u00e7os e Pol\u00edticas P\u00fablicas Municipais, Urbanismo e Cidadania, referente ao Projeto de Lei n\u00ba 12/2019 que \u201cDisp\u00f5e sobre a pol\u00edtica municipal de atendimento dos direitos da crian\u00e7a e do adolescente e d\u00e1 outras provid\u00eancias\u201d."}, {"id": "1522", "ano": "2019", "numero": "19", "tipo__sigla": "PAR-C", "tipo__descricao": "Parecer - Comiss\u00e3o(\u00f5es)", "autoria": "CSPPMUC - Comiss\u00e3o de Servi\u00e7os e Pol\u00edticas P\u00fablicas Municipais, Urbanismo e Cidadania", "texto_original": "http://sapl.piumhi.mg.leg.br/media/sapl/public/materialegislativa/2019/1522/parecer_no_cm_19-2019.pdf", "ementa": "Da Comiss\u00e3o de Servi\u00e7os e Pol\u00edticas P\u00fablicas Municipais, Urbanismo c Cidadania referente ao Projeto de Lei Complementar n\u00b0 01/2019 que \u201cAltera e Acresce dispositivos \u00e0 Lei Complementar n\u00b0 51/2017 que disp\u00f5e sobre a Estrutura Organizacional e Administrativa do Munic\u00edpio de Piumhi e d\u00e1 outras provid\u00eancias\u201d."}, {"id": "914", "ano": "2019", "numero": "20", "tipo__sigla": "PAR-C", "tipo__descricao": "Parecer - Comiss\u00e3o(\u00f5es)", "autoria": "CSPPMUC - Comiss\u00e3o de Servi\u00e7os e Pol\u00edticas P\u00fablicas Municipais, Urbanismo e Cidadania", "texto_original": "http://sapl.piumhi.mg.leg.br/media/sapl/public/materialegislativa/2019/914/parecer_cm_20_-_2019i.pdf", "ementa": "Da Comiss\u00e3o de Servi\u00e7os e Pol\u00edticas P\u00fablicas Municipais, Urbanismo e Cidadania referente ao Projeto de Lei Complementar n\u00b0 02/2019 que \u201cDisp\u00f5e sobre altera\u00e7\u00e3o da Lei Complementar n\u00b0 52/2018 que institui o Plano de Carreiras, de Cargos e Vencimento dos Servidores Municipais de Piumhi c d\u00e1 outas provid\u00eancias.\u201d"}, {"id": "1358", "ano": "2019", "numero": "21", "tipo__sigla": "PAR-C", "tipo__descricao": "Parecer - Comiss\u00e3o(\u00f5es)", "autoria": "CLJR - Comiss\u00e3o de Legisla\u00e7\u00e3o, Justi\u00e7a e Reda\u00e7\u00e3o", "texto_original": "http://sapl.piumhi.mg.leg.br/media/sapl/public/materialegislativa/2019/1358/parecer_no_cm_21-2019_sRCuvtz.pdf", "ementa": "Da Comiss\u00e3o de Legisla\u00e7\u00e3o, Justi\u00e7a e Reda\u00e7\u00e3o, Comiss\u00e3o de Finan\u00e7as e Or\u00e7amento e Comiss\u00e3o de Servi\u00e7os e Pol\u00edticas P\u00fablicas Municipais, Urbanismo e Cidadania, referente ao Projeto de Lei n\u00b0 11/2019 que \u201cAutoriza o Poder Executivo Municipal a proceder \u00e0 concess\u00e3o do uso, para instala\u00e7\u00e3o e manuten\u00e7\u00e3o de placas indicativas de vias e logradouros p\u00fablicos da zona urbana do munic\u00edpio, mediante explora\u00e7\u00e3o de servi\u00e7os de publicidade\u201d."}, {"id": "974", "ano": "2019", "numero": "22", "tipo__sigla": "PAR-C", "tipo__descricao": "Parecer - Comiss\u00e3o(\u00f5es)", "autoria": "CLJR - Comiss\u00e3o de Legisla\u00e7\u00e3o, Justi\u00e7a e Reda\u00e7\u00e3o", "texto_original": "http://sapl.piumhi.mg.leg.br/media/sapl/public/materialegislativa/2019/974/parecer_cm_22_-_2019i.pdf", "ementa": "Da Comiss\u00e3o de Legisla\u00e7\u00e3o, Justi\u00e7a e Reda\u00e7\u00e3o e Comiss\u00e3o de Servi\u00e7os e Pol\u00edticas P\u00fablicas Municipais, Urbanismo e Cidadania, referente ao Projeto de Lei n\u00ba 15/2019 que \u201cD\u00e1 nome de Bairro Alvorada ao Loteamento Alvorada e d\u00e1 outras providencias\u201d."}, {"id": "976", "ano": "2019", "numero": "23", "tipo__sigla": "PAR-C", "tipo__descricao": "Parecer - Comiss\u00e3o(\u00f5es)", "autoria": "CSPPMUC - Comiss\u00e3o de Servi\u00e7os e Pol\u00edticas P\u00fablicas Municipais, Urbanismo e Cidadania", "texto_original": "http://sapl.piumhi.mg.leg.br/media/sapl/public/materialegislativa/2019/976/parecer_cm_23_-_2019i.pdf", "ementa": "Da Comiss\u00e3o de Legisla\u00e7\u00e3o, Justi\u00e7a e Reda\u00e7\u00e3o e Comiss\u00e3o de Servi\u00e7os e Pol\u00edticas P\u00fablicas Municipais, Urbanismo e Cidadania, referente ao Projeto de Lei n\u00b0 16/2019 que \u201cDeclara de utilidade p\u00fablica municipal a Associa\u00e7\u00e3o de Prote\u00e7\u00e3o aos animais de rua de Piumhi - C\u00e3o Viver Associados e d\u00e1 outras provid\u00eancias\u201d."}, {"id": "1339", "ano": "2019", "numero": "24", "tipo__sigla": "PAR-C", "tipo__descricao": "Parecer - Comiss\u00e3o(\u00f5es)", "autoria": "CFO - Comiss\u00e3o de Finan\u00e7as e Or\u00e7amento, CLJR - Comiss\u00e3o de Legisla\u00e7\u00e3o, Justi\u00e7a e Reda\u00e7\u00e3o, CSPPMUC - Comiss\u00e3o de Servi\u00e7os e Pol\u00edticas P\u00fablicas Municipais, Urbanismo e Cidadania", "texto_original": "http://sapl.piumhi.mg.leg.br/media/sapl/public/materialegislativa/2019/1339/parecer_no_cm_24-2019.pdf", "ementa": "Da Comiss\u00e3o de Legisla\u00e7\u00e3o, Justi\u00e7a e Reda\u00e7\u00e3o, Comiss\u00e3o de Finan\u00e7as e Or\u00e7amento e Comiss\u00e3o de Servi\u00e7os e Pol\u00edticas P\u00fablicas Municipais, Urbanismo e Cidadania, referente ao Projeto de Lei n\u00b0 07/2019 que \u201cAutoriza o Munic\u00edpio de Piumhi a celebrar conv\u00eanio com o Munic\u00edpio de Capit\u00f3lio e d\u00e1 outras provid\u00eancias e a Mensagem Aditiva ao referido projeto\u201d"}, {"id": "1460", "ano": "2019", "numero": "25", "tipo__sigla": "PAR-C", "tipo__descricao": "Parecer - Comiss\u00e3o(\u00f5es)", "autoria": "CFO - Comiss\u00e3o de Finan\u00e7as e Or\u00e7amento, CLJR - Comiss\u00e3o de Legisla\u00e7\u00e3o, Justi\u00e7a e Reda\u00e7\u00e3o", "texto_original": "http://sapl.piumhi.mg.leg.br/media/sapl/public/materialegislativa/2019/1460/parecer_no_cm_25-2019.pdf", "ementa": "Da Comiss\u00e3o de Legisla\u00e7\u00e3o, Justi\u00e7a e Reda\u00e7\u00e3o e Comiss\u00e3o de Finan\u00e7as e Or\u00e7amento, referente ao Projeto de Lei n\u00b0 17/2019 que \u201cAutoriza o Poder\r\nExecutivo a conceder anistia fiscal como forma de manuten\u00e7\u00e3o do programa de recupera\u00e7\u00e3o de cr\u00e9ditos tribut\u00e1rios relativos a impostos e taxas, criado pela Lei Municipal n\u00b0 1.709/2005 e d\u00e1 outras provid\u00eancias\u201d."}, {"id": "1462", "ano": "2019", "numero": "26", "tipo__sigla": "PAR-C", "tipo__descricao": "Parecer - Comiss\u00e3o(\u00f5es)", "autoria": "CLJR - Comiss\u00e3o de Legisla\u00e7\u00e3o, Justi\u00e7a e Reda\u00e7\u00e3o", "texto_original": "http://sapl.piumhi.mg.leg.br/media/sapl/public/materialegislativa/2019/1462/parecer_no_cm_26-2019.pdf", "ementa": "Da Comiss\u00e3o de Legisla\u00e7\u00e3o, Justi\u00e7a e Reda\u00e7\u00e3o e Comiss\u00e3o de Servi\u00e7os e Pol\u00edticas P\u00fablicas Municipais, Urbanismo e Cidadania, referente ao Projeto de Lei n\u00b0 18/2019 que \u201cDisp\u00f5e sobre desafeta\u00e7\u00e3o de bem p\u00fablico e d\u00e1 outras provid\u00eancias\u201d."}, {"id": "1345", "ano": "2019", "numero": "27", "tipo__sigla": "PAR-C", "tipo__descricao": "Parecer - Comiss\u00e3o(\u00f5es)", "autoria": "CFO - Comiss\u00e3o de Finan\u00e7as e Or\u00e7amento, CLJR - Comiss\u00e3o de Legisla\u00e7\u00e3o, Justi\u00e7a e Reda\u00e7\u00e3o, CSPPMUC - Comiss\u00e3o de Servi\u00e7os e Pol\u00edticas P\u00fablicas Municipais, Urbanismo e Cidadania", "texto_original": "http://sapl.piumhi.mg.leg.br/media/sapl/public/materialegislativa/2019/1345/parecer_no_cm_27-2019.pdf", "ementa": "Da Comiss\u00e3o de Legisla\u00e7\u00e3o, Justi\u00e7a e Reda\u00e7\u00e3o, Comiss\u00e3o de Finan\u00e7as e Or\u00e7amento e Comiss\u00e3o de Servi\u00e7os e Pol\u00edticas P\u00fablicas Municipais, Urbanismo e Cidadania, referente ao Projeto de Lei n\u00b0 10/2019 que \u201cPermite o Poder Executivo Municipal a autorizar o uso de espa\u00e7o p\u00fablico para instala\u00e7\u00e3o de rel\u00f3gio eletr\u00f4nico informativo, e d\u00e1 outras provid\u00eancias\u201d."}, {"id": "988", "ano": "2019", "numero": "28", "tipo__sigla": "PAR-C", "tipo__descricao": "Parecer - Comiss\u00e3o(\u00f5es)", "autoria": "CLJR - Comiss\u00e3o de Legisla\u00e7\u00e3o, Justi\u00e7a e Reda\u00e7\u00e3o", "texto_original": "http://sapl.piumhi.mg.leg.br/media/sapl/public/materialegislativa/2019/988/parecer_cm_28_-_2019i.pdf", "ementa": "Da Comiss\u00e3o de Legisla\u00e7\u00e3o, Justi\u00e7a e Reda\u00e7\u00e3o, Comiss\u00e3o de Finan\u00e7as e Or\u00e7amento e Comiss\u00e3o de Servi\u00e7os e Pol\u00edticas P\u00fablicas Municipais, Urbanismo e Cidadania, referente ao Veto Integral \u00e0 Proposi\u00e7\u00e3o de Lei n\u00b0 10/2019 (Projeto de Lei n\u00b0 56/2018) que \u201cDisp\u00f5e sobre o acesso gratuito de pessoas com defici\u00eancia em eventos esportivos e socioculturais no \u00e2mbito do Munic\u00edpio de Piumhi\u201d."}, {"id": "985", "ano": "2019", "numero": "29", "tipo__sigla": "PAR-C", "tipo__descricao": "Parecer - Comiss\u00e3o(\u00f5es)", "autoria": "CFO - Comiss\u00e3o de Finan\u00e7as e Or\u00e7amento, CLJR - Comiss\u00e3o de Legisla\u00e7\u00e3o, Justi\u00e7a e Reda\u00e7\u00e3o, CSPPMUC - Comiss\u00e3o de Servi\u00e7os e Pol\u00edticas P\u00fablicas Municipais, Urbanismo e Cidadania", "texto_original": "http://sapl.piumhi.mg.leg.br/media/sapl/public/materialegislativa/2019/985/parecer_no_cm_29-2019.pdf", "ementa": "Da Comiss\u00e3o de Legisla\u00e7\u00e3o, Justi\u00e7a e Reda\u00e7\u00e3o, Comiss\u00e3o de Finan\u00e7as e Or\u00e7amento e Comiss\u00e3o de Servi\u00e7os e Pol\u00edticas P\u00fablicas Municipais, Urbanismo e Cidadania, referente ao Projeto de Lei n\u00b0 13/2019/Mensagem Aditiva que \u201cAutoriza o Poder Executivo a firmar conv\u00eanio com o Sindicato Rural de Piumhi e d\u00e1 outras provid\u00eancias\u201d."}, {"id": "1281", "ano": "2019", "numero": "30", "tipo__sigla": "PAR-C", "tipo__descricao": "Parecer - Comiss\u00e3o(\u00f5es)", "autoria": "CLJR - Comiss\u00e3o de Legisla\u00e7\u00e3o, Justi\u00e7a e Reda\u00e7\u00e3o, CSPPMUC - Comiss\u00e3o de Servi\u00e7os e Pol\u00edticas P\u00fablicas Municipais, Urbanismo e Cidadania", "texto_original": "http://sapl.piumhi.mg.leg.br/media/sapl/public/materialegislativa/2019/1281/parecer_no_cm_30-2019.pdf", "ementa": "Da Comiss\u00e3o de Legisla\u00e7\u00e3o, Justi\u00e7a e Reda\u00e7\u00e3o e Comiss\u00e3o de Servi\u00e7os e Pol\u00edticas P\u00fablicas Municipais, Urbanismo e Cidadania, referente ao Projeto de Resolu\u00e7\u00e3o n\u00b0 02/2019 que \u201cDisp\u00f5e sobre os servi\u00e7os de Ouvidoria no \u00e2mbito da C\u00e2mara Municipal de Piumhi- MG e d\u00e1 outras provid\u00eancias\u201d."}, {"id": "1120", "ano": "2019", "numero": "31", "tipo__sigla": "PAR-C", "tipo__descricao": "Parecer - Comiss\u00e3o(\u00f5es)", "autoria": "CFO - Comiss\u00e3o de Finan\u00e7as e Or\u00e7amento, CLJR - Comiss\u00e3o de Legisla\u00e7\u00e3o, Justi\u00e7a e Reda\u00e7\u00e3o, CSPPMUC - Comiss\u00e3o de Servi\u00e7os e Pol\u00edticas P\u00fablicas Municipais, Urbanismo e Cidadania", "texto_original": "http://sapl.piumhi.mg.leg.br/media/sapl/public/materialegislativa/2019/1120/parecer_no_cm_31_-_2019_cfo.pdf", "ementa": "Da Comiss\u00e3o de Legisla\u00e7\u00e3o, Justi\u00e7a e Reda\u00e7\u00e3o, Comiss\u00e3o de Finan\u00e7as e Or\u00e7amento e Comiss\u00e3o de Servi\u00e7os e Pol\u00edticas P\u00fablicas Municipais, Urbanismo  e Cidadania, referente ao Projeto de Lei n\u00b0 14/2019 que \u201cAltera o art. 5\u00ba, incisos I e II,  \u00a7\u00a7  2\u00ba e 4\u00ba da Lei n\u00b0 1.906/2009 que \u201cCria o Fundo Municipal de  Habita\u00e7\u00e3o de Interesse Social - FHIS e  institui o Conselho Gestor do FHIS\u201d."}, {"id": "2648", "ano": "2019", "numero": "32", "tipo__sigla": "PAR-C", "tipo__descricao": "Parecer - Comiss\u00e3o(\u00f5es)", "autoria": "CFO - Comiss\u00e3o de Finan\u00e7as e Or\u00e7amento, CLJR - Comiss\u00e3o de Legisla\u00e7\u00e3o, Justi\u00e7a e Reda\u00e7\u00e3o, CSPPMUC - Comiss\u00e3o de Servi\u00e7os e Pol\u00edticas P\u00fablicas Municipais, Urbanismo e Cidadania", "texto_original": "http://sapl.piumhi.mg.leg.br/media/sapl/public/materialegislativa/2019/2648/parecer_no_cm-32-2019.pdf", "ementa": "Da Comiss\u00e3o de Legisla\u00e7\u00e3o, Justi\u00e7a e Reda\u00e7\u00e3o, Comiss\u00e3o de Finan\u00e7as e Or\u00e7amento e Comiss\u00e3o de Servi\u00e7os e Pol\u00edticas P\u00fablicas Municipais, Urbanismo e Cidadania, referente ao Projeto de Lei Complementar n\u00b0 04/2019 que \u201cDisp\u00f5e sobre a organiza\u00e7\u00e3o administrativa do Servi\u00e7o Aut\u00f4nomo de \u00c1gua e Esgoto de Piumhi - Minas Gerais, sua reestrutura\u00e7\u00e3o e a compet\u00eancia de seus \u00f3rg\u00e3os e sobre a reestrutura\u00e7\u00e3o do Plano de Carreiras, de Cargos e Vencimentos dos Servidores da Autarquia e d\u00e1 outras provid\u00eancias\u201d."}, {"id": "1465", "ano": "2019", "numero": "33", "tipo__sigla": "PAR-C", "tipo__descricao": "Parecer - Comiss\u00e3o(\u00f5es)", "autoria": "CLJR - Comiss\u00e3o de Legisla\u00e7\u00e3o, Justi\u00e7a e Reda\u00e7\u00e3o, CSPPMUC - Comiss\u00e3o de Servi\u00e7os e Pol\u00edticas P\u00fablicas Municipais, Urbanismo e Cidadania", "texto_original": "http://sapl.piumhi.mg.leg.br/media/sapl/public/materialegislativa/2019/1465/parecer_no_cm_33-2019.pdf", "ementa": "Da Comiss\u00e3o de Legisla\u00e7\u00e3o, Justi\u00e7a e Reda\u00e7\u00e3o e Comiss\u00e3o de Servi\u00e7os e Pol\u00edticas P\u00fablicas Municipais, Urbanismo e Cidadania, referente ao Projeto de Lei n\u00b0 20/2019 que \u201cD\u00e1 nome Olinda Soares Arantes - \u00e0 \u201cRua 01\u201d, no loteamento \u201cPara\u00edso Bela Vista\u201d - Bairro Bela Vista, no Munic\u00edpio de Piumhi-MG, e d\u00e1 outras provid\u00eancias\u201d."}, {"id": "1468", "ano": "2019", "numero": "34", "tipo__sigla": "PAR-C", "tipo__descricao": "Parecer - Comiss\u00e3o(\u00f5es)", "autoria": "CLJR - Comiss\u00e3o de Legisla\u00e7\u00e3o, Justi\u00e7a e Reda\u00e7\u00e3o, CSPPMUC - Comiss\u00e3o de Servi\u00e7os e Pol\u00edticas P\u00fablicas Municipais, Urbanismo e Cidadania", "texto_original": "http://sapl.piumhi.mg.leg.br/media/sapl/public/materialegislativa/2019/1468/parecer_no_cm_34-2019.pdf", "ementa": "Da Comiss\u00e3o de Legisla\u00e7\u00e3o, Justi\u00e7a e Reda\u00e7\u00e3o e Comiss\u00e3o de Servi\u00e7os e Pol\u00edticas P\u00fablicas Municipais, Urbanismo e Cidadania, referente ao Projeto de Lei n\u00b0 21/2019 que \u201cD\u00e1 nome \u201cRua Oliveira Arantes\u201d - \u00e0 \u201cRua 02\u201d, no loteamento \u201cPara\u00edso Bela Vista\u201d - Bairro Bela Vista, no Munic\u00edpio de Piumhi-MG, e d\u00e1 outras provid\u00eancias\u201d."}, {"id": "1471", "ano": "2019", "numero": "35", "tipo__sigla": "PAR-C", "tipo__descricao": "Parecer - Comiss\u00e3o(\u00f5es)", "autoria": "CLJR - Comiss\u00e3o de Legisla\u00e7\u00e3o, Justi\u00e7a e Reda\u00e7\u00e3o, CSPPMUC - Comiss\u00e3o de Servi\u00e7os e Pol\u00edticas P\u00fablicas Municipais, Urbanismo e Cidadania", "texto_original": "http://sapl.piumhi.mg.leg.br/media/sapl/public/materialegislativa/2019/1471/parecer_no_cm_35-2019.pdf", "ementa": "Da Comiss\u00e3o de Legisla\u00e7\u00e3o, Justi\u00e7a e Reda\u00e7\u00e3o e Comiss\u00e3o de Servi\u00e7os e Pol\u00edticas P\u00fablicas Municipais, Urbanismo e Cidadania, referente ao Projeto de Lei n\u00b0 22/2019 que \u201cD\u00e1 nome \u201cRua Arnaldo Soares da Cunha\u201d - \u00e0 \u201cRua 03\u201d, no loteamento \u201cPara\u00edso Bela Vista\u201d - Bairro Bela Vista, no Munic\u00edpio de Piumhi-MG, e d\u00e1 outras provid\u00eancias\u201d."}, {"id": "1474", "ano": "2019", "numero": "36", "tipo__sigla": "PAR-C", "tipo__descricao": "Parecer - Comiss\u00e3o(\u00f5es)", "autoria": "CLJR - Comiss\u00e3o de Legisla\u00e7\u00e3o, Justi\u00e7a e Reda\u00e7\u00e3o, CSPPMUC - Comiss\u00e3o de Servi\u00e7os e Pol\u00edticas P\u00fablicas Municipais, Urbanismo e Cidadania", "texto_original": "http://sapl.piumhi.mg.leg.br/media/sapl/public/materialegislativa/2019/1474/parecer_no_36-2019.pdf", "ementa": "Da Comiss\u00e3o de Legisla\u00e7\u00e3o, Justi\u00e7a e Reda\u00e7\u00e3o e Comiss\u00e3o de Servi\u00e7os e Pol\u00edticas P\u00fablicas Municipais, Urbanismo e Cidadania, referente ao Projeto de Lei n\u00b0 23/2019 que \u201cD\u00e1 nome Josaf\u00e1 Martins de Faria - \u00e0 \u201cRua 04\u201d, no loteamento \u201cPara\u00edso Bela Vista\u201d - Bairro Bela Vista, no Munic\u00edpio de Piumhi-MG, e d\u00e1 outras provid\u00eancias\u201d."}, {"id": "1477", "ano": "2019", "numero": "37", "tipo__sigla": "PAR-C", "tipo__descricao": "Parecer - Comiss\u00e3o(\u00f5es)", "autoria": "CLJR - Comiss\u00e3o de Legisla\u00e7\u00e3o, Justi\u00e7a e Reda\u00e7\u00e3o, CSPPMUC - Comiss\u00e3o de Servi\u00e7os e Pol\u00edticas P\u00fablicas Municipais, Urbanismo e Cidadania", "texto_original": "http://sapl.piumhi.mg.leg.br/media/sapl/public/materialegislativa/2019/1477/parecer_no_cm_37-2019.pdf", "ementa": "Da Comiss\u00e3o de Legisla\u00e7\u00e3o, Justi\u00e7a e Reda\u00e7\u00e3o e Comiss\u00e3o de Servi\u00e7os e Pol\u00edticas P\u00fablicas Municipais, Urbanismo e Cidadania, referente ao Projeto de Lei n\u00b0 24/2019 que \u201cD\u00e1 nome \u00c1lvaro Cardoso de Faria Filho - \u00e0 \u201cRua 05\u201d, no loteamento \u201cPara\u00edso Bela Vista\u201d - Bairro Bela Vista, no Munic\u00edpio de Piumhi-MG, e d\u00e1 outras provid\u00eancias\u201d."}, {"id": "1480", "ano": "2019", "numero": "38", "tipo__sigla": "PAR-C", "tipo__descricao": "Parecer - Comiss\u00e3o(\u00f5es)", "autoria": "CLJR - Comiss\u00e3o de Legisla\u00e7\u00e3o, Justi\u00e7a e Reda\u00e7\u00e3o, CSPPMUC - Comiss\u00e3o de Servi\u00e7os e Pol\u00edticas P\u00fablicas Municipais, Urbanismo e Cidadania", "texto_original": "http://sapl.piumhi.mg.leg.br/media/sapl/public/materialegislativa/2019/1480/parecer_no_cm_38-2019.pdf", "ementa": "Da Comiss\u00e3o de Legisla\u00e7\u00e3o, Justi\u00e7a e Reda\u00e7\u00e3o e Comiss\u00e3o de Servi\u00e7os e Pol\u00edticas P\u00fablicas Municipais, Urbanismo e Cidadania, referente ao Projeto de Lei n\u00b0 25/2019 que \u201cD\u00e1 nome Rolando Arantes (Di Arantes) - \u00e0 Avenida, do loteamento \u201cPara\u00edso Bela Vista\u201d - Bairro Bela Vista, no Munic\u00edpio de Piumhi-MG, e d\u00e1 outras provid\u00eancias\u201d."}, {"id": "1482", "ano": "2019", "numero": "39", "tipo__sigla": "PAR-C", "tipo__descricao": "Parecer - Comiss\u00e3o(\u00f5es)", "autoria": "CLJR - Comiss\u00e3o de Legisla\u00e7\u00e3o, Justi\u00e7a e Reda\u00e7\u00e3o, CSPPMUC - Comiss\u00e3o de Servi\u00e7os e Pol\u00edticas P\u00fablicas Municipais, Urbanismo e Cidadania", "texto_original": "http://sapl.piumhi.mg.leg.br/media/sapl/public/materialegislativa/2019/1482/parecer_no_cm_39-2019.pdf", "ementa": "Da Comiss\u00e3o de Legisla\u00e7\u00e3o, Justi\u00e7a e Reda\u00e7\u00e3o e Comiss\u00e3o de Servi\u00e7os e Pol\u00edticas P\u00fablicas Municipais, Urbanismo e Cidadania, referente ao Projeto de Lei n\u00b0 26/2019 que \u201cD\u00e1 nome Pra\u00e7a dos Ip\u00eas - \u00e0 pra\u00e7a, do loteamento \u201cPara\u00edso Bela Vista\u201d - Bairro Bela Vista, no Munic\u00edpio de Piumhi-MG, e d\u00e1 outras provid\u00eancias\u201d."}, {"id": "1498", "ano": "2019", "numero": "40", "tipo__sigla": "PAR-C", "tipo__descricao": "Parecer - Comiss\u00e3o(\u00f5es)", "autoria": "CFO - Comiss\u00e3o de Finan\u00e7as e Or\u00e7amento, CLJR - Comiss\u00e3o de Legisla\u00e7\u00e3o, Justi\u00e7a e Reda\u00e7\u00e3o", "texto_original": "http://sapl.piumhi.mg.leg.br/media/sapl/public/materialegislativa/2019/1498/parecer_no_cm_40-2019.pdf", "ementa": "Da Comiss\u00e3o de Legisla\u00e7\u00e3o, Justi\u00e7a e Reda\u00e7\u00e3o e Comiss\u00e3o de Finan\u00e7as e Or\u00e7amento, referente ao Projeto de Lei n\u00b0 30/2019 que \u201cDisp\u00f5e sobre a convalida\u00e7\u00e3o ao disposto na Lei n\u00b0 2.320/18, de 24 de janeiro de 2018, e d\u00e1 outras provid\u00eancias\u201d."}, {"id": "1501", "ano": "2019", "numero": "41", "tipo__sigla": "PAR-C", "tipo__descricao": "Parecer - Comiss\u00e3o(\u00f5es)", "autoria": "CLJR - Comiss\u00e3o de Legisla\u00e7\u00e3o, Justi\u00e7a e Reda\u00e7\u00e3o, CSPPMUC - Comiss\u00e3o de Servi\u00e7os e Pol\u00edticas P\u00fablicas Municipais, Urbanismo e Cidadania", "texto_original": "http://sapl.piumhi.mg.leg.br/media/sapl/public/materialegislativa/2019/1501/parecer_no_cm_41-2019.pdf", "ementa": "Da Comiss\u00e3o de Legisla\u00e7\u00e3o, Justi\u00e7a e Reda\u00e7\u00e3o e Comiss\u00e3o de Servi\u00e7os e Pol\u00edticas P\u00fablicas Municipais, Urbanismo e Cidadania, referente ao Projeto de Lei n\u00b0 31/2019 que \u201cAutoriza a donat\u00e1ria oriunda da Lei n\u00b0 2.049/2011 a construir nos lotes recebidos em doa\u00e7\u00e3o e d\u00e1 outras providencias\u201d."}, {"id": "1195", "ano": "2019", "numero": "42", "tipo__sigla": "PAR-C", "tipo__descricao": "Parecer - Comiss\u00e3o(\u00f5es)", "autoria": "CLJR - Comiss\u00e3o de Legisla\u00e7\u00e3o, Justi\u00e7a e Reda\u00e7\u00e3o", "texto_original": "http://sapl.piumhi.mg.leg.br/media/sapl/public/materialegislativa/2019/1195/parecer_no_cm_-_42-2019.pdf", "ementa": "Da Comiss\u00e3o de Legisla\u00e7\u00e3o, Justi\u00e7a e Reda\u00e7\u00e3o c Comiss\u00e3o de Finan\u00e7as e Or\u00e7amento, referente ao Projeto de Lei n\u00b0 19/2019 que \u201cDisp\u00f5e sobre as diretrizes para a elabora\u00e7\u00e3o da Lei Or\u00e7ament\u00e1ria de 2020 e d\u00e1 outras provid\u00eancias\u201d."}, {"id": "1346", "ano": "2019", "numero": "43", "tipo__sigla": "PAR-C", "tipo__descricao": "Parecer - Comiss\u00e3o(\u00f5es)", "autoria": "CFO - Comiss\u00e3o de Finan\u00e7as e Or\u00e7amento, CLJR - Comiss\u00e3o de Legisla\u00e7\u00e3o, Justi\u00e7a e Reda\u00e7\u00e3o, CSPPMUC - Comiss\u00e3o de Servi\u00e7os e Pol\u00edticas P\u00fablicas Municipais, Urbanismo e Cidadania", "texto_original": "http://sapl.piumhi.mg.leg.br/media/sapl/public/materialegislativa/2019/1346/parecer_no_cm_43-2019.pdf", "ementa": "Da Comiss\u00e3o de Legisla\u00e7\u00e3o, Justi\u00e7a e Reda\u00e7\u00e3o, Comiss\u00e3o de Finan\u00e7as e Or\u00e7amento e Comiss\u00e3o de Servi\u00e7os e Pol\u00edticas P\u00fablicas Municipais, Urbanismo e Cidadania, referente ao Projeto de Lei n\u00b0 10/2019 que \u201cPermite o Poder Executivo Municipal a autorizar o uso de espa\u00e7o p\u00fablico para instala\u00e7\u00e3o de rel\u00f3gio eletr\u00f4nico informativo, e d\u00e1 outras provid\u00eancias\u201d."}, {"id": "2649", "ano": "2019", "numero": "44", "tipo__sigla": "PAR-C", "tipo__descricao": "Parecer - Comiss\u00e3o(\u00f5es)", "autoria": "CLJR - Comiss\u00e3o de Legisla\u00e7\u00e3o, Justi\u00e7a e Reda\u00e7\u00e3o", "texto_original": "http://sapl.piumhi.mg.leg.br/media/sapl/public/materialegislativa/2019/2649/parecer_no_cm_044.pdf", "ementa": "Da Comiss\u00e3o de Legisla\u00e7\u00e3o, Justi\u00e7a e Reda\u00e7\u00e3o referente ao Projeto de Resolu\u00e7\u00e3o n\u00b0 03/2019 que \u201cAltera dispositivos da Resolu\u00e7\u00e3o n\u00b0 01/2016 que Disp\u00f5e sobre o Regimento Interno da C\u00e2mara Municipal de Piumhi-MG e d\u00e1 outras provid\u00eancias\u201d"}, {"id": "1487", "ano": "2019", "numero": "45", "tipo__sigla": "PAR-C", "tipo__descricao": "Parecer - Comiss\u00e3o(\u00f5es)", "autoria": "CFO - Comiss\u00e3o de Finan\u00e7as e Or\u00e7amento, CLJR - Comiss\u00e3o de Legisla\u00e7\u00e3o, Justi\u00e7a e Reda\u00e7\u00e3o", "texto_original": "http://sapl.piumhi.mg.leg.br/media/sapl/public/materialegislativa/2019/1487/parecer_no_cm_45-2019.pdf", "ementa": "Da Comiss\u00e3o de Legisla\u00e7\u00e3o, Justi\u00e7a e Reda\u00e7\u00e3o e da Comiss\u00e3o de Finan\u00e7as e Or\u00e7amento sobre o Projeto de Lei n\u00b0 27/2019 que \"Disp\u00f5e sobre a antecipa\u00e7\u00e3o de 50% (cinquenta por cento) do 13\u00b0 sal\u00e1rio aos servidores p\u00fablicos, ativos, inativos, pensionistas e secret\u00e1rios da Administra\u00e7\u00e3o Direta Municipal e do Servi\u00e7o Aut\u00f4nomo de \u00c1gua e Esgoto e d\u00e1 outras provid\u00eancias\"."}, {"id": "1491", "ano": "2019", "numero": "46", "tipo__sigla": "PAR-C", "tipo__descricao": "Parecer - Comiss\u00e3o(\u00f5es)", "autoria": "CFO - Comiss\u00e3o de Finan\u00e7as e Or\u00e7amento, CLJR - Comiss\u00e3o de Legisla\u00e7\u00e3o, Justi\u00e7a e Reda\u00e7\u00e3o", "texto_original": "http://sapl.piumhi.mg.leg.br/media/sapl/public/materialegislativa/2019/1491/parecer_no_cm_46-2019.pdf", "ementa": "Da Comiss\u00e3o de Legisla\u00e7\u00e3o, Justi\u00e7a e Reda\u00e7\u00e3o e da Comiss\u00e3o de Finan\u00e7as e Or\u00e7amento sobre o Projeto de Lei n\u00b0 28/2019 que \"Disp\u00f5e sobre o pagamento do 13\u00b0 sal\u00e1rio aos Agentes Pol\u00edticos do Munic\u00edpio de Piumhi e d\u00e1 outras provid\u00eancias.\""}, {"id": "1494", "ano": "2019", "numero": "47", "tipo__sigla": "PAR-C", "tipo__descricao": "Parecer - Comiss\u00e3o(\u00f5es)", "autoria": "CLJR - Comiss\u00e3o de Legisla\u00e7\u00e3o, Justi\u00e7a e Reda\u00e7\u00e3o", "texto_original": "http://sapl.piumhi.mg.leg.br/media/sapl/public/materialegislativa/2019/1494/parecer_no_cm_47-2019.pdf", "ementa": "Da Comiss\u00e3o de Legisla\u00e7\u00e3o, Justi\u00e7a e Reda\u00e7\u00e3o e da Comiss\u00e3o de Finan\u00e7as e Or\u00e7amento sobre o Projeto de Lei n\u00b0 29/2019 que \"Disp\u00f5e sobre a antecipa\u00e7\u00e3o de 50% (cinquenta por cento) do 13\u00b0 sal\u00e1rio aos servidores da C\u00e2mara Municipal de Piumhi e d\u00e1 outras provid\u00eancias\"."}, {"id": "1515", "ano": "2019", "numero": "48", "tipo__sigla": "PAR-C", "tipo__descricao": "Parecer - Comiss\u00e3o(\u00f5es)", "autoria": "CFO - Comiss\u00e3o de Finan\u00e7as e Or\u00e7amento, CLJR - Comiss\u00e3o de Legisla\u00e7\u00e3o, Justi\u00e7a e Reda\u00e7\u00e3o", "texto_original": "http://sapl.piumhi.mg.leg.br/media/sapl/public/materialegislativa/2019/1515/parecer_no_cm_48-2019.pdf", "ementa": "Da Comiss\u00e3o de Legisla\u00e7\u00e3o, Justi\u00e7a e Reda\u00e7\u00e3o e Comiss\u00e3o de Finan\u00e7as e Or\u00e7amento, referente ao Projeto de Lei n\u00b0 35/2019 que \u201cAltera dispositivos da Lei n\u00b0 2.345/18, \u2018Disp\u00f5e sobre as viagens oficiais e a concess\u00e3o de di\u00e1rias aos Vereadores e Servidores P\u00fablicos do Poder Legislativo de Piumhi e d\u00e1 outras provid\u00eancias\u201d."}, {"id": "1507", "ano": "2019", "numero": "49", "tipo__sigla": "PAR-C", "tipo__descricao": "Parecer - Comiss\u00e3o(\u00f5es)", "autoria": "CFO - Comiss\u00e3o de Finan\u00e7as e Or\u00e7amento, CLJR - Comiss\u00e3o de Legisla\u00e7\u00e3o, Justi\u00e7a e Reda\u00e7\u00e3o, CSPPMUC - Comiss\u00e3o de Servi\u00e7os e Pol\u00edticas P\u00fablicas Municipais, Urbanismo e Cidadania", "texto_original": "http://sapl.piumhi.mg.leg.br/media/sapl/public/materialegislativa/2019/1507/parecer_no_cm_49-2019.pdf", "ementa": "Da Comiss\u00e3o de Legisla\u00e7\u00e3o, Justi\u00e7a e Reda\u00e7\u00e3o, Comiss\u00e3o de Finan\u00e7as e Or\u00e7amento e Comiss\u00e3o de Servi\u00e7os e Pol\u00edticas P\u00fablicas Municipais, Urbanismo e Cidadania, referente ao Projeto de Lei n\u00b0 33/2019 que \u201cDisp\u00f5e sobre a veda\u00e7\u00e3o de nomea\u00e7\u00e3o, no \u00e2mbito da Administra\u00e7\u00e3o p\u00fablica direta e indireta, no Munic\u00edpio de Piumhi/MG, de pessoas condenadas pela pr\u00e1tica dos crimes previstos na Lei Federal n\u00b0 11.340/2006, Lei Maria da Penha, e d\u00e1 outras provid\u00eancias\u201d."}, {"id": "1504", "ano": "2019", "numero": "50", "tipo__sigla": "PAR-C", "tipo__descricao": "Parecer - Comiss\u00e3o(\u00f5es)", "autoria": "CLJR - Comiss\u00e3o de Legisla\u00e7\u00e3o, Justi\u00e7a e Reda\u00e7\u00e3o, CSPPMUC - Comiss\u00e3o de Servi\u00e7os e Pol\u00edticas P\u00fablicas Municipais, Urbanismo e Cidadania", "texto_original": "http://sapl.piumhi.mg.leg.br/media/sapl/public/materialegislativa/2019/1504/parecer_no_cm_50-2019.pdf", "ementa": "Da Comiss\u00e3o de Legisla\u00e7\u00e3o, Justi\u00e7a e Reda\u00e7\u00e3o e Comiss\u00e3o de Servi\u00e7os e Pol\u00edticas P\u00fablicas Municipais, Urbanismo e Cidadania, referente ao Projeto de Lei n\u00b0 32/2019 que \u201cDeclara como de utilidade p\u00fablica municipal a Associa\u00e7\u00e3o Atl\u00e9tica Banco do Brasil - AABB Piumhi e d\u00e1 outras provid\u00eancias\u201d."}, {"id": "1205", "ano": "2019", "numero": "51", "tipo__sigla": "PAR-C", "tipo__descricao": "Parecer - Comiss\u00e3o(\u00f5es)", "autoria": "CFO - Comiss\u00e3o de Finan\u00e7as e Or\u00e7amento, CLJR - Comiss\u00e3o de Legisla\u00e7\u00e3o, Justi\u00e7a e Reda\u00e7\u00e3o, CSPPMUC - Comiss\u00e3o de Servi\u00e7os e Pol\u00edticas P\u00fablicas Municipais, Urbanismo e Cidadania", "texto_original": "http://sapl.piumhi.mg.leg.br/media/sapl/public/materialegislativa/2019/1205/parecer_no_cm_51-2019_mcTttdU.pdf", "ementa": "Da Comiss\u00e3o de Legisla\u00e7\u00e3o, Justi\u00e7a e Reda\u00e7\u00e3o, Comiss\u00e3o de Finan\u00e7as e Or\u00e7amento e Comiss\u00e3o de Servi\u00e7os e Pol\u00edticas P\u00fablicas Municipais, Urbanismo e Cidadania, referente ao Projeto de Lei Complementar n\u00b0 06/2019 que \u201cAltera dispositivos da Lei Complementar n\u00b0 34/2013 que Disp\u00f5e sobre a concess\u00e3o de incentivo fiscais e econ\u00f4micos a empresas que vierem a se instalar ou expandir no Munic\u00edpio de Piumhi - MG e d\u00e1 outras provid\u00eancias\u201d."}, {"id": "1511", "ano": "2019", "numero": "52", "tipo__sigla": "PAR-C", "tipo__descricao": "Parecer - Comiss\u00e3o(\u00f5es)", "autoria": "CFO - Comiss\u00e3o de Finan\u00e7as e Or\u00e7amento, CLJR - Comiss\u00e3o de Legisla\u00e7\u00e3o, Justi\u00e7a e Reda\u00e7\u00e3o, CSPPMUC - Comiss\u00e3o de Servi\u00e7os e Pol\u00edticas P\u00fablicas Municipais, Urbanismo e Cidadania", "texto_original": "http://sapl.piumhi.mg.leg.br/media/sapl/public/materialegislativa/2019/1511/parecer_no_cm_52-2019.pdf", "ementa": "Da Comiss\u00e3o de Legisla\u00e7\u00e3o, Justi\u00e7a e Reda\u00e7\u00e3o, da Comiss\u00e3o de Finan\u00e7as e Or\u00e7amento e da Comiss\u00e3o de Servi\u00e7os e Pol\u00edticas P\u00fablicas Municipais, Urbanismo e Cidadania, referente ao Projeto de Lei n\u00b0 34/2019 que \u201cInstitui no \u00e2mbito municipal de Piumhi-MG o \u201cPr\u00eamio Boina de Ouro - Policial Nota 10\u201d, e d\u00e1 outras provid\u00eancias\u201d."}, {"id": "1156", "ano": "2019", "numero": "53", "tipo__sigla": "PAR-C", "tipo__descricao": "Parecer - Comiss\u00e3o(\u00f5es)", "autoria": "CFO - Comiss\u00e3o de Finan\u00e7as e Or\u00e7amento, CLJR - Comiss\u00e3o de Legisla\u00e7\u00e3o, Justi\u00e7a e Reda\u00e7\u00e3o, CSPPMUC - Comiss\u00e3o de Servi\u00e7os e Pol\u00edticas P\u00fablicas Municipais, Urbanismo e Cidadania", "texto_original": "http://sapl.piumhi.mg.leg.br/media/sapl/public/materialegislativa/2019/1156/parecer_no_cm_53-2019.pdf", "ementa": "Da Comiss\u00e3o de Legisla\u00e7\u00e3o, Justi\u00e7a e Reda\u00e7\u00e3o, da Comiss\u00e3o de Finan\u00e7as e Or\u00e7amento e da Comiss\u00e3o de Servi\u00e7os e Pol\u00edticas P\u00fablicas Municipais, Urbanismo e Cidadania, referente ao Projeto de Lei n\u00b0 36/2019 que \u201cEstabelece normas e condi\u00e7\u00f5es para parcelamento, ocupa\u00e7\u00e3o e uso do solo urbano no Munic\u00edpio de Piumhi\u201d."}, {"id": "1200", "ano": "2019", "numero": "54", "tipo__sigla": "PAR-C", "tipo__descricao": "Parecer - Comiss\u00e3o(\u00f5es)", "autoria": "CLJR - Comiss\u00e3o de Legisla\u00e7\u00e3o, Justi\u00e7a e Reda\u00e7\u00e3o, CSPPMUC - Comiss\u00e3o de Servi\u00e7os e Pol\u00edticas P\u00fablicas Municipais, Urbanismo e Cidadania", "texto_original": "http://sapl.piumhi.mg.leg.br/media/sapl/public/materialegislativa/2019/1200/parecer_no_cm_54-2019_0B0tDan.pdf", "ementa": "Da Comiss\u00e3o de Legisla\u00e7\u00e3o, Justi\u00e7a e Reda\u00e7\u00e3o e da Comiss\u00e3o de Servi\u00e7os e Pol\u00edticas P\u00fablicas Municipais, Urbanismo e Cidadania, referente ao Projeto de Lei Complementar n\u00b0 07/2019 que \u201cDisp\u00f5e sobre a fixa\u00e7\u00e3o dos limites do per\u00edmetro urbano da cidade de Piumhi e d\u00e1 outras provid\u00eancias\u201d."}, {"id": "1215", "ano": "2019", "numero": "55", "tipo__sigla": "PAR-C", "tipo__descricao": "Parecer - Comiss\u00e3o(\u00f5es)", "autoria": "CFO - Comiss\u00e3o de Finan\u00e7as e Or\u00e7amento, CLJR - Comiss\u00e3o de Legisla\u00e7\u00e3o, Justi\u00e7a e Reda\u00e7\u00e3o, CSPPMUC - Comiss\u00e3o de Servi\u00e7os e Pol\u00edticas P\u00fablicas Municipais, Urbanismo e Cidadania", "texto_original": "http://sapl.piumhi.mg.leg.br/media/sapl/public/materialegislativa/2019/1215/parecer_no_cm_55-2019_faKGAbY.pdf", "ementa": "Da Comiss\u00e3o de Legisla\u00e7\u00e3o, Justi\u00e7a e Reda\u00e7\u00e3o, da Comiss\u00e3o de Finan\u00e7as e Or\u00e7amentos e da Comiss\u00e3o de Servi\u00e7os e Pol\u00edticas P\u00fablicas Municipais, Urbanismo e Cidadania, referente ao Projeto de Lei Complementar n\u00b0 14/2019 que \u201cAltera a Lei Complementar n\u00b0 005/2006 que disp\u00f5e do Plano Diretor do Munic\u00edpio de Piumhi, nos termos do cap\u00edtulo III da Lei n\u00b0 10.257, de 10 de julho de 2001 - Estatuto da Cidade\u201d."}, {"id": "1218", "ano": "2019", "numero": "56", "tipo__sigla": "PAR-C", "tipo__descricao": "Parecer - Comiss\u00e3o(\u00f5es)", "autoria": "CLJR - Comiss\u00e3o de Legisla\u00e7\u00e3o, Justi\u00e7a e Reda\u00e7\u00e3o", "texto_original": "http://sapl.piumhi.mg.leg.br/media/sapl/public/materialegislativa/2019/1218/parecer_no_cm_56-2019.pdf", "ementa": "Da Comiss\u00e3o de Legisla\u00e7\u00e3o, Justi\u00e7a e Reda\u00e7\u00e3o, da Comiss\u00e3o de Finan\u00e7as e Or\u00e7amento e da Comiss\u00e3o de Servi\u00e7os e Pol\u00edticas P\u00fablicas Municipais, Urbanismo e Cidadania, referente ao Projeto de Lei n\u00b0 38/2019 de autoria do Chefe do Poder Executivo Municipal que \u201cAutoriza o Munic\u00edpio de Piumhi a receber, por doa\u00e7\u00e3o, sem encargos, de estabelecimentos banc\u00e1rios, comerciais ou industriais deste Munic\u00edpio, lixeiras, bancos de pra\u00e7a, biciclet\u00e1rios, uniformes esportivos e materiais esportivos em geral e d\u00e1 outras provid\u00eancias\u201d e referente \u00e0 Emenda n\u00b0 CM-06/2019 (Emenda Aditiva e Modificativa n\u00b0 01/2019 ao Projeto de Lei n\u00b0 38/2019 de autoria dos Vereadores do Poder Legislativo de Piumhi."}, {"id": "2650", "ano": "2019", "numero": "57", "tipo__sigla": "PAR-C", "tipo__descricao": "Parecer - Comiss\u00e3o(\u00f5es)", "autoria": "CFO - Comiss\u00e3o de Finan\u00e7as e Or\u00e7amento, CLJR - Comiss\u00e3o de Legisla\u00e7\u00e3o, Justi\u00e7a e Reda\u00e7\u00e3o", "texto_original": "http://sapl.piumhi.mg.leg.br/media/sapl/public/materialegislativa/2019/2650/parecer_no_cm_-_57-2019_ref_proj._lei_comp_no_08-2019.pdf", "ementa": "Da Comiss\u00e3o de Legisla\u00e7\u00e3o, Justi\u00e7a e Reda\u00e7\u00e3o e Comiss\u00e3o de Finan\u00e7as e Or\u00e7amento referente ao Projeto de Lei Complementar n\u00b0 08/2019 que \u201cDisp\u00f5e sobre altera\u00e7\u00e3o da Lei Complementar n\u00b0 52/2018, que Institui o Plano de Carreiras, de Cargos e Vencimentos dos Servidores Municipais de Piumhi e d\u00e1 outras provid\u00eancias\u201d."}, {"id": "2651", "ano": "2019", "numero": "58", "tipo__sigla": "PAR-C", "tipo__descricao": "Parecer - Comiss\u00e3o(\u00f5es)", "autoria": "CFO - Comiss\u00e3o de Finan\u00e7as e Or\u00e7amento, CLJR - Comiss\u00e3o de Legisla\u00e7\u00e3o, Justi\u00e7a e Reda\u00e7\u00e3o", "texto_original": "http://sapl.piumhi.mg.leg.br/media/sapl/public/materialegislativa/2019/2651/parecer_no_cm_58-2019_-__proj_de_lei_complementar_no_09-2019.pdf", "ementa": "Da Comiss\u00e3o de Legisla\u00e7\u00e3o, Justi\u00e7a e Reda\u00e7\u00e3o e Comiss\u00e3o de Finan\u00e7as e Or\u00e7amento referente ao Projeto de Lei Complementar n\u00b0 09/2019 que \u201cDisp\u00f5e sobre altera\u00e7\u00e3o da Lei Complementar n\u00b0 52/2018, que Institui o Plano de Carreiras, de Cargos e Vencimentos dos Servidores Municipais de Piumhi e d\u00e1 outras provid\u00eancias\u201d."}, {"id": "2652", "ano": "2019", "numero": "59", "tipo__sigla": "PAR-C", "tipo__descricao": "Parecer - Comiss\u00e3o(\u00f5es)", "autoria": "CFO - Comiss\u00e3o de Finan\u00e7as e Or\u00e7amento, CLJR - Comiss\u00e3o de Legisla\u00e7\u00e3o, Justi\u00e7a e Reda\u00e7\u00e3o", "texto_original": "http://sapl.piumhi.mg.leg.br/media/sapl/public/materialegislativa/2019/2652/parecer_no_cm_59-2019_-__proj_de_lei_complementar_no_10-2019.pdf", "ementa": "Da Comiss\u00e3o de Legisla\u00e7\u00e3o, Justi\u00e7a e Reda\u00e7\u00e3o e Comiss\u00e3o de Finan\u00e7as e Or\u00e7amento referente ao Projeto de Lei Complementar n\u00b0 10/2019 que \u201cDisp\u00f5e sobre altera\u00e7\u00e3o da Lei Complementar n\u00b0 52/2018, que Institui o Plano de Carreiras, de Cargos e Vencimentos dos Servidores Municipais de Piumhi e d\u00e1 outras provid\u00eancias\u201d."}, {"id": "2653", "ano": "2019", "numero": "60", "tipo__sigla": "PAR-C", "tipo__descricao": "Parecer - Comiss\u00e3o(\u00f5es)", "autoria": "CFO - Comiss\u00e3o de Finan\u00e7as e Or\u00e7amento, CLJR - Comiss\u00e3o de Legisla\u00e7\u00e3o, Justi\u00e7a e Reda\u00e7\u00e3o", "texto_original": "http://sapl.piumhi.mg.leg.br/media/sapl/public/materialegislativa/2019/2653/parecer_no_cm-60-2019.pdf", "ementa": "Da Comiss\u00e3o de Legisla\u00e7\u00e3o, Justi\u00e7a e Reda\u00e7\u00e3o e Comiss\u00e3o de Finan\u00e7as e Or\u00e7amento referente ao Projeto de Lei Complementar n\u00b0 11/2019 que \u201cAltera e acresce dispositivos \u00e0 Lei Complementar n\u00b0 51/2017 que disp\u00f5e sobre a Estrutura Organizacional e Administrativa do Munic\u00edpio de Piumhi e d\u00e1 outras provid\u00eancias\u201d."}, {"id": "2654", "ano": "2019", "numero": "61", "tipo__sigla": "PAR-C", "tipo__descricao": "Parecer - Comiss\u00e3o(\u00f5es)", "autoria": "CFO - Comiss\u00e3o de Finan\u00e7as e Or\u00e7amento, CLJR - Comiss\u00e3o de Legisla\u00e7\u00e3o, Justi\u00e7a e Reda\u00e7\u00e3o", "texto_original": "http://sapl.piumhi.mg.leg.br/media/sapl/public/materialegislativa/2019/2654/parecer_nocm-61-2019.pdf", "ementa": "Da Comiss\u00e3o de Legisla\u00e7\u00e3o, Justi\u00e7a e Reda\u00e7\u00e3o e Comiss\u00e3o de Finan\u00e7as e Or\u00e7amento referente ao Projeto de Lei Complementar n\u00b0 12/2019 que \u201cDisp\u00f5e sobre altera\u00e7\u00e3o da Lei Complementar n\u00b0 52/2018, que Institui o Plano de Carreiras, de Cargos e Vencimentos dos Servidores Municipais de Piumhi e d\u00e1 outras provid\u00eancias\u201d."}, {"id": "2655", "ano": "2019", "numero": "62", "tipo__sigla": "PAR-C", "tipo__descricao": "Parecer - Comiss\u00e3o(\u00f5es)", "autoria": "CFO - Comiss\u00e3o de Finan\u00e7as e Or\u00e7amento, CLJR - Comiss\u00e3o de Legisla\u00e7\u00e3o, Justi\u00e7a e Reda\u00e7\u00e3o", "texto_original": "http://sapl.piumhi.mg.leg.br/media/sapl/public/materialegislativa/2019/2655/parecer_nocm-62-2019.pdf", "ementa": "Da Comiss\u00e3o de Legisla\u00e7\u00e3o, Justi\u00e7a e Reda\u00e7\u00e3o e Comiss\u00e3o de Finan\u00e7as e Or\u00e7amento referente ao Projeto de Lei Complementar n\u00b0 13/2019 que \u201cAltera e acresce dispositivos \u00e0 Lei Complementar n\u00b0 51/2017 que disp\u00f5e sobre a Estrutura Organizacional e Administrativa do Munic\u00edpio de Piumhi e d\u00e1 outras provid\u00eancias\u201d."}, {"id": "1198", "ano": "2019", "numero": "63", "tipo__sigla": "PAR-C", "tipo__descricao": "Parecer - Comiss\u00e3o(\u00f5es)", "autoria": "CFO - Comiss\u00e3o de Finan\u00e7as e Or\u00e7amento, CLJR - Comiss\u00e3o de Legisla\u00e7\u00e3o, Justi\u00e7a e Reda\u00e7\u00e3o, CSPPMUC - Comiss\u00e3o de Servi\u00e7os e Pol\u00edticas P\u00fablicas Municipais, Urbanismo e Cidadania", "texto_original": "http://sapl.piumhi.mg.leg.br/media/sapl/public/materialegislativa/2019/1198/parecer_no_cm_63-2019_-_ref_proj_dec_leg_no_03-2019.pdf", "ementa": "Da Comiss\u00e3o de Legisla\u00e7\u00e3o, Justi\u00e7a e Reda\u00e7\u00e3o, Comiss\u00e3o de Finan\u00e7as e Or\u00e7amento e Comiss\u00e3o de Servi\u00e7os e Pol\u00edticas P\u00fablicas Municipais, Urbanismo e Cidadania, referente ao Projeto de Decreto Legislativo n\u00b0 03/2019 que \u201cDisp\u00f5e sobre a outorga do \"Pr\u00eamio Boina de Ouro - Policial Nota 10\", no ano de 2019, e d\u00e1 outras provid\u00eancias\u201d."}, {"id": "1272", "ano": "2019", "numero": "64", "tipo__sigla": "PAR-C", "tipo__descricao": "Parecer - Comiss\u00e3o(\u00f5es)", "autoria": "CFO - Comiss\u00e3o de Finan\u00e7as e Or\u00e7amento, CLJR - Comiss\u00e3o de Legisla\u00e7\u00e3o, Justi\u00e7a e Reda\u00e7\u00e3o, CSPPMUC - Comiss\u00e3o de Servi\u00e7os e Pol\u00edticas P\u00fablicas Municipais, Urbanismo e Cidadania", "texto_original": "http://sapl.piumhi.mg.leg.br/media/sapl/public/materialegislativa/2019/1272/parecer_no_cm_64-2019.pdf", "ementa": "Da Comiss\u00e3o de Legisla\u00e7\u00e3o, Justi\u00e7a e Reda\u00e7\u00e3o, Comiss\u00e3o de Finan\u00e7as e Or\u00e7amento e Comiss\u00e3o de Servi\u00e7os e Pol\u00edticas P\u00fablicas Municipais, Urbanismo e Cidadania, referente ao Projeto de Lei n\u00b0 37/2019 que \u201cAutoriza a celebra\u00e7\u00e3o de Conv\u00eanio de Coopera\u00e7\u00e3o entre o Munic\u00edpio de Piumhi, com a interveni\u00eancia do Servi\u00e7o Aut\u00f4nomo de \u00c1gua e Esgoto, e a Ag\u00eancia Reguladora Intermunicipal de Saneamento B\u00e1sico de Minas Gerais - ARISB-MG para regula\u00e7\u00e3o e fiscaliza\u00e7\u00e3o dos servi\u00e7os de saneamento b\u00e1sico e d\u00e1 outras provid\u00eancias\u201d."}, {"id": "1257", "ano": "2019", "numero": "65", "tipo__sigla": "PAR-C", "tipo__descricao": "Parecer - Comiss\u00e3o(\u00f5es)", "autoria": "CFO - Comiss\u00e3o de Finan\u00e7as e Or\u00e7amento, CLJR - Comiss\u00e3o de Legisla\u00e7\u00e3o, Justi\u00e7a e Reda\u00e7\u00e3o, CSPPMUC - Comiss\u00e3o de Servi\u00e7os e Pol\u00edticas P\u00fablicas Municipais, Urbanismo e Cidadania", "texto_original": "http://sapl.piumhi.mg.leg.br/media/sapl/public/materialegislativa/2019/1257/parecer_no_cm_65-2019_buylRqV.pdf", "ementa": "Da Comiss\u00e3o de Legisla\u00e7\u00e3o, Justi\u00e7a e Reda\u00e7\u00e3o, Comiss\u00e3o de Finan\u00e7as e Or\u00e7amentos e da Comiss\u00e3o de Servi\u00e7os e Pol\u00edticas P\u00fablicas Municipais, Urbanismo e Cidadania, referente ao Projeto de Lei n\u00b0 40/2019 que \u201cRevoga a Lei n\u00b0 2.164/2014, que Disp\u00f5e sobre a autoriza\u00e7\u00e3o ao Poder Executivo para proceder a doa\u00e7\u00e3o de um lote de terreno de propriedade do Munic\u00edpio \u00e0 Associa\u00e7\u00e3o dos Queijeiros do Alto S\u00e3o Francisco - ASQASF\u201d"}, {"id": "1516", "ano": "2019", "numero": "66", "tipo__sigla": "PAR-C", "tipo__descricao": "Parecer - Comiss\u00e3o(\u00f5es)", "autoria": "CLJR - Comiss\u00e3o de Legisla\u00e7\u00e3o, Justi\u00e7a e Reda\u00e7\u00e3o, CSPPMUC - Comiss\u00e3o de Servi\u00e7os e Pol\u00edticas P\u00fablicas Municipais, Urbanismo e Cidadania", "texto_original": "http://sapl.piumhi.mg.leg.br/media/sapl/public/materialegislativa/2019/1516/parecer_no_cm_66-2019.pdf", "ementa": "Da Comiss\u00e3o de Legisla\u00e7\u00e3o, Justi\u00e7a e Reda\u00e7\u00e3o e Comiss\u00e3o de Servi\u00e7os e Pol\u00edticas P\u00fablicas Municipais, Urbanismo e Cidadania, referente ao Projeto de Lei n\u00b0 41/2019 que \u201cDenomina \u2018Rua Salviano Damacena\u2019, o logradouro p\u00fablico ainda n\u00e3o nominado por lei, no Bairro Bela Vista e d\u00e1 outras provid\u00eancias\u201d."}, {"id": "1250", "ano": "2019", "numero": "67", "tipo__sigla": "PAR-C", "tipo__descricao": "Parecer - Comiss\u00e3o(\u00f5es)", "autoria": "CLJR - Comiss\u00e3o de Legisla\u00e7\u00e3o, Justi\u00e7a e Reda\u00e7\u00e3o", "texto_original": "http://sapl.piumhi.mg.leg.br/media/sapl/public/materialegislativa/2019/1250/parecer_no_cm_67-2019_pg7GhrR.pdf", "ementa": "Da Comiss\u00e3o de Legisla\u00e7\u00e3o, Justi\u00e7a e Reda\u00e7\u00e3o e Comiss\u00e3o de Finan\u00e7as e Or\u00e7amento, referente ao Projeto de Resolu\u00e7\u00e3o n\u00b0 05/2019 que \u2018Institui o \u201cBanco de Horas\u201d no \u00e2mbito da C\u00e2mara Municipal de Piumhi/MG e d\u00e1 outras provid\u00eancias."}, {"id": "1335", "ano": "2019", "numero": "68", "tipo__sigla": "PAR-C", "tipo__descricao": "Parecer - Comiss\u00e3o(\u00f5es)", "autoria": "CFO - Comiss\u00e3o de Finan\u00e7as e Or\u00e7amento, CLJR - Comiss\u00e3o de Legisla\u00e7\u00e3o, Justi\u00e7a e Reda\u00e7\u00e3o", "texto_original": "http://sapl.piumhi.mg.leg.br/media/sapl/public/materialegislativa/2019/1335/parecer_no_cm_68-2019.pdf", "ementa": "Da Comiss\u00e3o de Legisla\u00e7\u00e3o, Justi\u00e7a e Reda\u00e7\u00e3o e Comiss\u00e3o de Finan\u00e7as e Or\u00e7amento, referente ao Projeto de Lei n\u00b0 43/2019 que \u201cIncluem Novas A\u00e7\u00f5es a Lei 2316/2017, Plano Plurianual 2018-2021 do Munic\u00edpio de Piumhi para o exerc\u00edcio de 2019\u201d."}, {"id": "1517", "ano": "2019", "numero": "69", "tipo__sigla": "PAR-C", "tipo__descricao": "Parecer - Comiss\u00e3o(\u00f5es)", "autoria": "CFO - Comiss\u00e3o de Finan\u00e7as e Or\u00e7amento, CLJR - Comiss\u00e3o de Legisla\u00e7\u00e3o, Justi\u00e7a e Reda\u00e7\u00e3o, CSPPMUC - Comiss\u00e3o de Servi\u00e7os e Pol\u00edticas P\u00fablicas Municipais, Urbanismo e Cidadania", "texto_original": "http://sapl.piumhi.mg.leg.br/media/sapl/public/materialegislativa/2019/1517/parecer_no_cm_69-2019.pdf", "ementa": "Da Comiss\u00e3o de Legisla\u00e7\u00e3o, Justi\u00e7a e Reda\u00e7\u00e3o, Comiss\u00e3o de Finan\u00e7as e Or\u00e7amentos e Comiss\u00e3o de Servi\u00e7os e Pol\u00edticas P\u00fablicas Municipais, Urbanismo e Cidadania, referente ao Projeto de Lei n\u00ba 44/2019 que \u201cAutoriza o Poder Executivo Municipal a participar do Programa Minha Casa, Minha Vida - PMCMV e autoriza a doa\u00e7\u00e3o de lotes vinculados ao respectivo programa para pessoas f\u00edsicas de baixa renda que se enquadrem na forma e nas condi\u00e7\u00f5es estabelecidas pela Lei n\" 11.977/2009 e d\u00e1 outras provid\u00eancias\u201d."}, {"id": "1519", "ano": "2019", "numero": "70", "tipo__sigla": "PAR-C", "tipo__descricao": "Parecer - Comiss\u00e3o(\u00f5es)", "autoria": "CFO - Comiss\u00e3o de Finan\u00e7as e Or\u00e7amento, CLJR - Comiss\u00e3o de Legisla\u00e7\u00e3o, Justi\u00e7a e Reda\u00e7\u00e3o, CSPPMUC - Comiss\u00e3o de Servi\u00e7os e Pol\u00edticas P\u00fablicas Municipais, Urbanismo e Cidadania", "texto_original": "http://sapl.piumhi.mg.leg.br/media/sapl/public/materialegislativa/2019/1519/parecer_no_cm_70-2019.pdf", "ementa": "Da Comiss\u00e3o de Legisla\u00e7\u00e3o, Justi\u00e7a c Reda\u00e7\u00e3o, Comiss\u00e3o de Finan\u00e7as e Or\u00e7amentos e Comiss\u00e3o de Servi\u00e7os c Pol\u00edticas P\u00fablicas Municipais, Urbanismo e Cidadania, referente ao Projeto de Lei n\u00b0 47/2019 que \u201cAutoriza o Poder Executivo Municipal a participar do Programa Minha Casa, Minha Vida - PMCMV e autoriza a doa\u00e7\u00e3o de lotes vinculados ao respectivo programa para pessoas f\u00edsicas de baixa renda que se enquadrem na forma e nas condi\u00e7\u00f5es estabelecidas pela Lei n\" 11.977/2009 e d\u00e1 outras provid\u00eancias\u201d."}, {"id": "1331", "ano": "2019", "numero": "71", "tipo__sigla": "PAR-C", "tipo__descricao": "Parecer - Comiss\u00e3o(\u00f5es)", "autoria": "CFO - Comiss\u00e3o de Finan\u00e7as e Or\u00e7amento, CLJR - Comiss\u00e3o de Legisla\u00e7\u00e3o, Justi\u00e7a e Reda\u00e7\u00e3o, CSPPMUC - Comiss\u00e3o de Servi\u00e7os e Pol\u00edticas P\u00fablicas Municipais, Urbanismo e Cidadania", "texto_original": "http://sapl.piumhi.mg.leg.br/media/sapl/public/materialegislativa/2019/1331/parecer_no_cm_71-2019.pdf", "ementa": "Da Comiss\u00e3o de Legisla\u00e7\u00e3o, Justi\u00e7a e Reda\u00e7\u00e3o, Comiss\u00e3o de Finan\u00e7as e Or\u00e7amentos e Comiss\u00e3o de Servi\u00e7os e Pol\u00edticas P\u00fablicas Municipais, Urbanismo e Cidadania, referente ao Projeto de Lei n\u00ba 46/2019 que \u201cRatifica a ades\u00e3o do Munic\u00edpio de Piumhi ao Protocolo de Inten\u00e7\u00f5es do Cons\u00f3rcio P\u00fablico: Associa\u00e7\u00e3o P\u00fablica dos Munic\u00edpios da Microrregi\u00e3o do M\u00e9dio Rio Grande - Cons\u00f3rcio AMEG e d\u00e1 outras provid\u00eancias\u201d."}, {"id": "2661", "ano": "2019", "numero": "72", "tipo__sigla": "PAR-C", "tipo__descricao": "Parecer - Comiss\u00e3o(\u00f5es)", "autoria": "CFO - Comiss\u00e3o de Finan\u00e7as e Or\u00e7amento, CLJR - Comiss\u00e3o de Legisla\u00e7\u00e3o, Justi\u00e7a e Reda\u00e7\u00e3o", "texto_original": "http://sapl.piumhi.mg.leg.br/media/sapl/public/materialegislativa/2019/2661/parecer_no_72-2019.pdf", "ementa": "Da Comiss\u00e3o de Legisla\u00e7\u00e3o, Justi\u00e7a e Reda\u00e7\u00e3o e Comiss\u00e3o de Finan\u00e7as e Or\u00e7amento, referente ao Projeto de Lei n\u00b0 42/2019 que \u201cEstima a receita e fixa a despesa do Munic\u00edpio para o exerc\u00edcio de 2020\u201d."}, {"id": "2480", "ano": "2019", "numero": "73", "tipo__sigla": "PAR-C", "tipo__descricao": "Parecer - Comiss\u00e3o(\u00f5es)", "autoria": "CLJR - Comiss\u00e3o de Legisla\u00e7\u00e3o, Justi\u00e7a e Reda\u00e7\u00e3o", "texto_original": "http://sapl.piumhi.mg.leg.br/media/sapl/public/materialegislativa/2019/2480/parecer_73-2019.pdf", "ementa": "Da Comiss\u00e3o de Legisla\u00e7\u00e3o, Justi\u00e7a e Reda\u00e7\u00e3o, Comiss\u00e3o de Finan\u00e7as e Or\u00e7amento e Comiss\u00e3o de Servi\u00e7os e Pol\u00edticas P\u00fablicas Municipais, Urbanismo e Cidadania, referente ao Projeto de Lei n\u00b0 45/2019 que \u201cAutoriza o Poder Executivo Municipal a conceder a t\u00edtulo oneroso ou gratuito, a pessoas f\u00edsicas ou jur\u00eddicas, o uso e ocupa\u00e7\u00e3o de bens municipais para fins de realiza\u00e7\u00e3o de eventos e/ou explora\u00e7\u00e3o econ\u00f4mica, mediante os instrumentos da permiss\u00e3o e concess\u00e3o e d\u00e1 outras provid\u00eancias\u201d."}, {"id": "2541", "ano": "2019", "numero": "74", "tipo__sigla": "PAR-C", "tipo__descricao": "Parecer - Comiss\u00e3o(\u00f5es)", "autoria": "CFO - Comiss\u00e3o de Finan\u00e7as e Or\u00e7amento, CLJR - Comiss\u00e3o de Legisla\u00e7\u00e3o, Justi\u00e7a e Reda\u00e7\u00e3o, CSPPMUC - Comiss\u00e3o de Servi\u00e7os e Pol\u00edticas P\u00fablicas Municipais, Urbanismo e Cidadania", "texto_original": "http://sapl.piumhi.mg.leg.br/media/sapl/public/materialegislativa/2019/2541/parecer_no_74-2019.pdf", "ementa": "Da Comiss\u00e3o de Legisla\u00e7\u00e3o, Justi\u00e7a e Reda\u00e7\u00e3o, Comiss\u00e3o de Finan\u00e7as e Or\u00e7amento e Comiss\u00e3o de Servi\u00e7os e Pol\u00edticas P\u00fablicas Municipais, Urbanismo e Cidadania, referente ao Projeto de Lei n\u00b0 57/2019 que \u201cDisp\u00f5e sobre o trabalho do menor aprendiz no \u00e2mbito da Administra\u00e7\u00e3o P\u00fablica Direta e Indireta do Munic\u00edpio de Piumhi-MG e d\u00e1 outras provid\u00eancias\u201d."}, {"id": "2662", "ano": "2019", "numero": "75", "tipo__sigla": "PAR-C", "tipo__descricao": "Parecer - Comiss\u00e3o(\u00f5es)", "autoria": "CFO - Comiss\u00e3o de Finan\u00e7as e Or\u00e7amento, CLJR - Comiss\u00e3o de Legisla\u00e7\u00e3o, Justi\u00e7a e Reda\u00e7\u00e3o", "texto_original": "http://sapl.piumhi.mg.leg.br/media/sapl/public/materialegislativa/2019/2662/parecer_no_75.pdf", "ementa": "Da Comiss\u00e3o de Legisla\u00e7\u00e3o, Justi\u00e7a e Reda\u00e7\u00e3o e Comiss\u00e3o de Finan\u00e7as e Or\u00e7amento, referente ao Projeto de Resolu\u00e7\u00e3o n\u00b0 06, de 14 de novembro de 2019 que \u201cAutoriza o pagamento de subs\u00eddios dos Vereadores, vencimentos dos Servidores e demais despesas de manuten\u00e7\u00e3o at\u00e9 o dia 20/12/2019 e d\u00e1 outras provid\u00eancias\u201d."}, {"id": "1399", "ano": "2019", "numero": "76", "tipo__sigla": "PAR-C", "tipo__descricao": "Parecer - Comiss\u00e3o(\u00f5es)", "autoria": "CFO - Comiss\u00e3o de Finan\u00e7as e Or\u00e7amento", "texto_original": "http://sapl.piumhi.mg.leg.br/media/sapl/public/materialegislativa/2019/1399/2019-11-27_parecer_no_cm-76.pdf", "ementa": "Da Comiss\u00e3o de Finan\u00e7as e Or\u00e7amento, referente \u00e0 Presta\u00e7\u00e3o de Contas do Executivo Municipal relativo ao exerc\u00edcio de 2014."}, {"id": "2491", "ano": "2019", "numero": "77", "tipo__sigla": "PAR-C", "tipo__descricao": "Parecer - Comiss\u00e3o(\u00f5es)", "autoria": "CFO - Comiss\u00e3o de Finan\u00e7as e Or\u00e7amento, CLJR - Comiss\u00e3o de Legisla\u00e7\u00e3o, Justi\u00e7a e Reda\u00e7\u00e3o, CSPPMUC - Comiss\u00e3o de Servi\u00e7os e Pol\u00edticas P\u00fablicas Municipais, Urbanismo e Cidadania", "texto_original": "http://sapl.piumhi.mg.leg.br/media/sapl/public/materialegislativa/2019/2491/parecer_no_77-2019.pdf", "ementa": "Da Comiss\u00e3o de Legisla\u00e7\u00e3o, Justi\u00e7a e Reda\u00e7\u00e3o, Comiss\u00e3o de Finan\u00e7as e Or\u00e7amento e Comiss\u00e3o de Servi\u00e7os e Pol\u00edticas P\u00fablicas Municipais, Urbanismo e Cidadania, referente ao Projeto de Lei n\u00b0 48/2019 que \u201cDisp\u00f5e sobre a autoriza\u00e7\u00e3o do Poder Executivo a proceder \u00e0 desafeta\u00e7\u00e3o e doa\u00e7\u00e3o de \u00e1rea urbana de propriedade do Munic\u00edpio \u00e0 Igreja Evang\u00e9lica Crist\u00e3 Pentecostal e d\u00e1 outras provid\u00eancias\u201d."}, {"id": "2493", "ano": "2019", "numero": "78", "tipo__sigla": "PAR-C", "tipo__descricao": "Parecer - Comiss\u00e3o(\u00f5es)", "autoria": "CLJR - Comiss\u00e3o de Legisla\u00e7\u00e3o, Justi\u00e7a e Reda\u00e7\u00e3o", "texto_original": "http://sapl.piumhi.mg.leg.br/media/sapl/public/materialegislativa/2019/2493/parecer_no_78-2019.pdf", "ementa": "Da Comiss\u00e3o de Legisla\u00e7\u00e3o, Justi\u00e7a e Reda\u00e7\u00e3o, Comiss\u00e3o de Finan\u00e7as e Or\u00e7amento e Comiss\u00e3o de Servi\u00e7os e Pol\u00edticas P\u00fablicas Municipais, Urbanismo e Cidadania, referente ao Projeto de Lei n\u00b0 49/2019 que \u201cDisp\u00f5e sobre a autoriza\u00e7\u00e3o do Poder Executivo a proceder \u00e0 desafeta\u00e7\u00e3o e doa\u00e7\u00e3o de \u00e1rea urbana de propriedade do Munic\u00edpio \u00e0 Igreja do Evangelho Quadrangular e d\u00e1 outras provid\u00eancias\u201d."}, {"id": "2495", "ano": "2019", "numero": "79", "tipo__sigla": "PAR-C", "tipo__descricao": "Parecer - Comiss\u00e3o(\u00f5es)", "autoria": "CFO - Comiss\u00e3o de Finan\u00e7as e Or\u00e7amento, CLJR - Comiss\u00e3o de Legisla\u00e7\u00e3o, Justi\u00e7a e Reda\u00e7\u00e3o, CSPPMUC - Comiss\u00e3o de Servi\u00e7os e Pol\u00edticas P\u00fablicas Municipais, Urbanismo e Cidadania", "texto_original": "http://sapl.piumhi.mg.leg.br/media/sapl/public/materialegislativa/2019/2495/parecer_no_79-2019.pdf", "ementa": "Da Comiss\u00e3o de Legisla\u00e7\u00e3o, Justi\u00e7a e Reda\u00e7\u00e3o, Comiss\u00e3o de Finan\u00e7as e Or\u00e7amento e Comiss\u00e3o de Servi\u00e7os e Pol\u00edticas P\u00fablicas Municipais, Urbanismo e Cidadania, referente ao Projeto de Lei n\u00b0 50/2019 que \u201cDisp\u00f5e sobre a autoriza\u00e7\u00e3o do Poder Executivo a proceder \u00e0 desafeta\u00e7\u00e3o e doa\u00e7\u00e3o de \u00e1rea urbana de propriedade do Munic\u00edpio \u00e0 Igreja Batista Vale das B\u00ean\u00e7\u00e3os e d\u00e1 outras provid\u00eancias\u201d."}, {"id": "1619", "ano": "2019", "numero": "80", "tipo__sigla": "PAR-C", "tipo__descricao": "Parecer - Comiss\u00e3o(\u00f5es)", "autoria": "CFO - Comiss\u00e3o de Finan\u00e7as e Or\u00e7amento, CLJR - Comiss\u00e3o de Legisla\u00e7\u00e3o, Justi\u00e7a e Reda\u00e7\u00e3o, CSPPMUC - Comiss\u00e3o de Servi\u00e7os e Pol\u00edticas P\u00fablicas Municipais, Urbanismo e Cidadania", "texto_original": "http://sapl.piumhi.mg.leg.br/media/sapl/public/materialegislativa/2019/1619/parecer_no_cm_80-2019.pdf", "ementa": "Da Comiss\u00e3o de Legisla\u00e7\u00e3o, Justi\u00e7a e Reda\u00e7\u00e3o, Comiss\u00e3o de Finan\u00e7as e Or\u00e7amento e Comiss\u00e3o de Servi\u00e7os e Pol\u00edticas P\u00fablicas Municipais, Urbanismo e Cidadania, referente ao Projeto de Lei n\u00ba 51/2019 que \u201cDisp\u00f5e sobre a autoriza\u00e7\u00e3o do Poder Executivo a proceder \u00e0 desafeta\u00e7\u00e3o e doa\u00e7\u00e3o de \u00e1rea urbana de propriedade do Munic\u00edpio \u00e0 Igreja Evang\u00e9lica Face a Face com Deus e d\u00e1 outras provid\u00eancias\u201d."}, {"id": "1621", "ano": "2019", "numero": "81", "tipo__sigla": "PAR-C", "tipo__descricao": "Parecer - Comiss\u00e3o(\u00f5es)", "autoria": "CFO - Comiss\u00e3o de Finan\u00e7as e Or\u00e7amento, CLJR - Comiss\u00e3o de Legisla\u00e7\u00e3o, Justi\u00e7a e Reda\u00e7\u00e3o, CSPPMUC - Comiss\u00e3o de Servi\u00e7os e Pol\u00edticas P\u00fablicas Municipais, Urbanismo e Cidadania", "texto_original": "http://sapl.piumhi.mg.leg.br/media/sapl/public/materialegislativa/2019/1621/parecer_no_cm_81-2019.pdf", "ementa": "Da Comiss\u00e3o de Legisla\u00e7\u00e3o, Justi\u00e7a e Reda\u00e7\u00e3o, Comiss\u00e3o de Finan\u00e7as e Or\u00e7amento e Comiss\u00e3o de Servi\u00e7os e Pol\u00edticas P\u00fablicas Municipais, Urbanismo e Cidadania, referente ao Projeto de Lei n\u00b0 52/2019 que \u201cDisp\u00f5e sobre a autoriza\u00e7\u00e3o do Poder Executivo a proceder \u00e0 desafeta\u00e7\u00e3o e doa\u00e7\u00e3o de \u00e1rea urbana de propriedade do Munic\u00edpio \u00e0 Igreja Evang\u00e9lica Pentecostal Restaura Nossa Terra e d\u00e1 outras provid\u00eancias\u201d."}, {"id": "1623", "ano": "2019", "numero": "82", "tipo__sigla": "PAR-C", "tipo__descricao": "Parecer - Comiss\u00e3o(\u00f5es)", "autoria": "CFO - Comiss\u00e3o de Finan\u00e7as e Or\u00e7amento, CLJR - Comiss\u00e3o de Legisla\u00e7\u00e3o, Justi\u00e7a e Reda\u00e7\u00e3o, CSPPMUC - Comiss\u00e3o de Servi\u00e7os e Pol\u00edticas P\u00fablicas Municipais, Urbanismo e Cidadania", "texto_original": "http://sapl.piumhi.mg.leg.br/media/sapl/public/materialegislativa/2019/1623/parecer_no_cm_82-2019.pdf", "ementa": "Da Comiss\u00e3o de Legisla\u00e7\u00e3o, Justi\u00e7a e Reda\u00e7\u00e3o, Comiss\u00e3o de Finan\u00e7as e Or\u00e7amento e Comiss\u00e3o de Servi\u00e7os e Pol\u00edticas P\u00fablicas Municipais, Urbanismo e Cidadania, referente ao Projeto de Lei n\u00b0 53/2019 que \u201cDisp\u00f5e sobre a autoriza\u00e7\u00e3o do Poder Executivo a proceder \u00e0 desafeta\u00e7\u00e3o e doa\u00e7\u00e3o de \u00e1rea urbana de propriedade do Munic\u00edpio \u00e0 Igreja Pentecostal Cristo \u00e9 Vida e d\u00e1 outras provid\u00eancias\u201d."}, {"id": "2504", "ano": "2019", "numero": "83", "tipo__sigla": "PAR-C", "tipo__descricao": "Parecer - Comiss\u00e3o(\u00f5es)", "autoria": "CFO - Comiss\u00e3o de Finan\u00e7as e Or\u00e7amento, CLJR - Comiss\u00e3o de Legisla\u00e7\u00e3o, Justi\u00e7a e Reda\u00e7\u00e3o, CSPPMUC - Comiss\u00e3o de Servi\u00e7os e Pol\u00edticas P\u00fablicas Municipais, Urbanismo e Cidadania", "texto_original": "http://sapl.piumhi.mg.leg.br/media/sapl/public/materialegislativa/2019/2504/parecer_no_83-2019.pdf", "ementa": "Da Comiss\u00e3o de Legisla\u00e7\u00e3o, Justi\u00e7a e Reda\u00e7\u00e3o, Comiss\u00e3o de Finan\u00e7as e Or\u00e7amento e Comiss\u00e3o de Servi\u00e7os e Pol\u00edticas P\u00fablicas Municipais, Urbanismo e Cidadania, referente ao Projeto de Lei n\u00b0 54/2019 que \u201cDisp\u00f5e sobre a autoriza\u00e7\u00e3o do Poder Executivo a proceder \u00e0 desafeta\u00e7\u00e3o e doa\u00e7\u00e3o de \u00e1rea urbana de propriedade do Munic\u00edpio \u00e0 Conven\u00e7\u00e3o das Igrejas Evang\u00e9licas Pentecostais O Brasil para Cristo e d\u00e1 outras provid\u00eancias\u201d."}, {"id": "2534", "ano": "2019", "numero": "84", "tipo__sigla": "PAR-C", "tipo__descricao": "Parecer - Comiss\u00e3o(\u00f5es)", "autoria": "CFO - Comiss\u00e3o de Finan\u00e7as e Or\u00e7amento, CLJR - Comiss\u00e3o de Legisla\u00e7\u00e3o, Justi\u00e7a e Reda\u00e7\u00e3o, CSPPMUC - Comiss\u00e3o de Servi\u00e7os e Pol\u00edticas P\u00fablicas Municipais, Urbanismo e Cidadania", "texto_original": "http://sapl.piumhi.mg.leg.br/media/sapl/public/materialegislativa/2019/2534/parecer_no_84-2019.pdf", "ementa": "Da Comiss\u00e3o de Legisla\u00e7\u00e3o, Justi\u00e7a e Reda\u00e7\u00e3o, Comiss\u00e3o de Finan\u00e7as e Or\u00e7amento e Comiss\u00e3o de Servi\u00e7os e Pol\u00edticas P\u00fablicas Municipais, Urbanismo e Cidadania, referente ao Projeto de Lei n\u00b0 55/2019 que \u201cDisp\u00f5e sobre a autoriza\u00e7\u00e3o do Poder Executivo a proceder \u00e0 desafeta\u00e7\u00e3o e doa\u00e7\u00e3o de \u00e1rea urbana de propriedade do Munic\u00edpio \u00e0 Igreja Mundial do Poder de Deus e d\u00e1 outras provid\u00eancias\u201d."}, {"id": "2536", "ano": "2019", "numero": "85", "tipo__sigla": "PAR-C", "tipo__descricao": "Parecer - Comiss\u00e3o(\u00f5es)", "autoria": "CFO - Comiss\u00e3o de Finan\u00e7as e Or\u00e7amento, CLJR - Comiss\u00e3o de Legisla\u00e7\u00e3o, Justi\u00e7a e Reda\u00e7\u00e3o, CSPPMUC - Comiss\u00e3o de Servi\u00e7os e Pol\u00edticas P\u00fablicas Municipais, Urbanismo e Cidadania", "texto_original": "http://sapl.piumhi.mg.leg.br/media/sapl/public/materialegislativa/2019/2536/parecer_no_85-2019.pdf", "ementa": "Da Comiss\u00e3o de Legisla\u00e7\u00e3o, Justi\u00e7a e Reda\u00e7\u00e3o, Comiss\u00e3o de Finan\u00e7as e Or\u00e7amento e Comiss\u00e3o de Servi\u00e7os e Pol\u00edticas P\u00fablicas Municipais, Urbanismo e Cidadania, referente ao Projeto de Lei n\u00b0 56/2019 que \u201cDisp\u00f5e sobre a desafeta\u00e7\u00e3o e permuta de bem p\u00fablico e d\u00e1 outras provid\u00eancias\u201d."}, {"id": "2663", "ano": "2019", "numero": "86", "tipo__sigla": "PAR-C", "tipo__descricao": "Parecer - Comiss\u00e3o(\u00f5es)", "autoria": "CSPPMUC - Comiss\u00e3o de Servi\u00e7os e Pol\u00edticas P\u00fablicas Municipais, Urbanismo e Cidadania", "texto_original": "http://sapl.piumhi.mg.leg.br/media/sapl/public/materialegislativa/2019/2663/parecer_no_86.pdf", "ementa": "Da Comiss\u00e3o de Servi\u00e7os e Pol\u00edticas P\u00fablicas Municipais, Urbanismo e Cidadania, referente ao Projeto de Lei Complementar n\u00b0 08/2019 que \u201cDisp\u00f5e sobre altera\u00e7\u00e3o da Lei Complementar n\u00b0 52/2018, que Institui o Plano de Carreiras, de Cargos e Vencimentos dos Servidores Municipais de Piumhi e d\u00e1 outras provid\u00eancias\u201d."}, {"id": "2664", "ano": "2019", "numero": "87", "tipo__sigla": "PAR-C", "tipo__descricao": "Parecer - Comiss\u00e3o(\u00f5es)", "autoria": "CSPPMUC - Comiss\u00e3o de Servi\u00e7os e Pol\u00edticas P\u00fablicas Municipais, Urbanismo e Cidadania", "texto_original": "http://sapl.piumhi.mg.leg.br/media/sapl/public/materialegislativa/2019/2664/parecer_no_87.pdf", "ementa": "Da Comiss\u00e3o de Servi\u00e7os e Pol\u00edticas P\u00fablicas Municipais, Urbanismo e Cidadania, referente ao Projeto de Lei Complementar n\u00b0 09/2019 que \u201cDisp\u00f5e sobre altera\u00e7\u00e3o da Lei Complementar n\u00b0 52/2018, que Institui o Plano de Carreiras, de Cargos e Vencimentos dos Servidores Municipais de Piumhi e d\u00e1 outras provid\u00eancias\u201d."}, {"id": "2674", "ano": "2019", "numero": "88", "tipo__sigla": "PAR-C", "tipo__descricao": "Parecer - Comiss\u00e3o(\u00f5es)", "autoria": "CSPPMUC - Comiss\u00e3o de Servi\u00e7os e Pol\u00edticas P\u00fablicas Municipais, Urbanismo e Cidadania", "texto_original": "http://sapl.piumhi.mg.leg.br/media/sapl/public/materialegislativa/2019/2674/parecer_no_88-2019.pdf", "ementa": "Da Comiss\u00e3o de Servi\u00e7os e Pol\u00edticas P\u00fablicas Municipais, Urbanismo e Cidadania, referente ao Projeto de Lei Complementar n\u00b0 10/2019 que \u201cDisp\u00f5e sobre altera\u00e7\u00e3o da Lei Complementar n\u00b0 52/2018, que Institui o Plano de Carreiras, de Cargos e Vencimentos dos Servidores Municipais de Piumhi e d\u00e1 outras provid\u00eancias\u201d."}, {"id": "2665", "ano": "2019", "numero": "89", "tipo__sigla": "PAR-C", "tipo__descricao": "Parecer - Comiss\u00e3o(\u00f5es)", "autoria": "CSPPMUC - Comiss\u00e3o de Servi\u00e7os e Pol\u00edticas P\u00fablicas Municipais, Urbanismo e Cidadania", "texto_original": "http://sapl.piumhi.mg.leg.br/media/sapl/public/materialegislativa/2019/2665/parecer_no_89.pdf", "ementa": "Da Comiss\u00e3o de Servi\u00e7os e Pol\u00edticas P\u00fablicas Municipais, Urbanismo e Cidadania, referente ao Projeto de Lei Complementar n\u00b0 11/2019 que \u201cAltera e acresce dispositivos \u00e0 Lei Complementar n\u00b0 51/2017, que Disp\u00f5e sobre a estrutura administrativa organizacional e administrativa do Munic\u00edpio de Piumhi e d\u00e1 outras provid\u00eancias\u201d."}, {"id": "2666", "ano": "2019", "numero": "90", "tipo__sigla": "PAR-C", "tipo__descricao": "Parecer - Comiss\u00e3o(\u00f5es)", "autoria": "CSPPMUC - Comiss\u00e3o de Servi\u00e7os e Pol\u00edticas P\u00fablicas Municipais, Urbanismo e Cidadania", "texto_original": "http://sapl.piumhi.mg.leg.br/media/sapl/public/materialegislativa/2019/2666/parecer_no_90.pdf", "ementa": "Da Comiss\u00e3o de Servi\u00e7os e Pol\u00edticas P\u00fablicas Municipais, Urbanismo e Cidadania, referente ao Projeto de Lei Complementar n\u00b0 12/2019 que \u201cDisp\u00f5e\r\nsobre altera\u00e7\u00e3o da Lei Complementar n\u00b0 52/2018, que Institui o Plano de Carreiras, de Cargos e Vencimentos dos Servidores Municipais de Piumhi e d\u00e1 outras provid\u00eancias\u201d."}, {"id": "2667", "ano": "2019", "numero": "91", "tipo__sigla": "PAR-C", "tipo__descricao": "Parecer - Comiss\u00e3o(\u00f5es)", "autoria": "CSPPMUC - Comiss\u00e3o de Servi\u00e7os e Pol\u00edticas P\u00fablicas Municipais, Urbanismo e Cidadania", "texto_original": "http://sapl.piumhi.mg.leg.br/media/sapl/public/materialegislativa/2019/2667/parecer_no_91.pdf", "ementa": "Da Comiss\u00e3o de Servi\u00e7os e Pol\u00edticas P\u00fablicas Municipais, Urbanismo e Cidadania, referente ao Projeto de Lei Complementar n\u00b0 13/2019 que \u201caltera e acresce dispositivos \u00e0 Lei Complementar n\u00b0 51/2017 que disp\u00f5e sobre a Estrutura Organizacional e Administrativa do Munic\u00edpio de Piumhi e d\u00e1 outras provid\u00eancias"}, {"id": "2543", "ano": "2019", "numero": "92", "tipo__sigla": "PAR-C", "tipo__descricao": "Parecer - Comiss\u00e3o(\u00f5es)", "autoria": "CLJR - Comiss\u00e3o de Legisla\u00e7\u00e3o, Justi\u00e7a e Reda\u00e7\u00e3o, CSPPMUC - Comiss\u00e3o de Servi\u00e7os e Pol\u00edticas P\u00fablicas Municipais, Urbanismo e Cidadania", "texto_original": "http://sapl.piumhi.mg.leg.br/media/sapl/public/materialegislativa/2019/2543/parecer_no_92-2019.pdf", "ementa": "Da Comiss\u00e3o de Legisla\u00e7\u00e3o, Justi\u00e7a e Reda\u00e7\u00e3o e Comiss\u00e3o de Servi\u00e7os e Pol\u00edticas P\u00fablicas Municipais, Urbanismo e Cidadania, referente ao Projeto de Lei n\u00b0 58/2019 que \u201cD\u00e1 nome de Bairro Morada P\u00e9 da Serra\u201d ao \u2018Chacreamento Morada P\u00e9 da Serra\u2019 e d\u00e1 outras providencias\u201d."}, {"id": "2546", "ano": "2019", "numero": "93", "tipo__sigla": "PAR-C", "tipo__descricao": "Parecer - Comiss\u00e3o(\u00f5es)", "autoria": "CLJR - Comiss\u00e3o de Legisla\u00e7\u00e3o, Justi\u00e7a e Reda\u00e7\u00e3o, CSPPMUC - Comiss\u00e3o de Servi\u00e7os e Pol\u00edticas P\u00fablicas Municipais, Urbanismo e Cidadania", "texto_original": "http://sapl.piumhi.mg.leg.br/media/sapl/public/materialegislativa/2019/2546/parecer_no_93-2019.pdf", "ementa": "Da Comiss\u00e3o de Legisla\u00e7\u00e3o, Justi\u00e7a e Reda\u00e7\u00e3o e Comiss\u00e3o de Servi\u00e7os e Pol\u00edticas P\u00fablicas Municipais, Urbanismo e Cidadania, referente ao Projeto de Lei n\u00b0 59/2019 que \u201cD\u00e1 nome de Mois\u00e9s Soares de Oliveira - \u00e0 \u201cRua A\u201d, no Bairro Nova Piumhi, no Munic\u00edpio de Piumhi-MG, e d\u00e1 outras provid\u00eancias\u201d."}, {"id": "2552", "ano": "2019", "numero": "94", "tipo__sigla": "PAR-C", "tipo__descricao": "Parecer - Comiss\u00e3o(\u00f5es)", "autoria": "CFO - Comiss\u00e3o de Finan\u00e7as e Or\u00e7amento, CLJR - Comiss\u00e3o de Legisla\u00e7\u00e3o, Justi\u00e7a e Reda\u00e7\u00e3o, CSPPMUC - Comiss\u00e3o de Servi\u00e7os e Pol\u00edticas P\u00fablicas Municipais, Urbanismo e Cidadania", "texto_original": "http://sapl.piumhi.mg.leg.br/media/sapl/public/materialegislativa/2019/2552/parecer_no_94-2019.pdf", "ementa": "Da Comiss\u00e3o de Legisla\u00e7\u00e3o, Justi\u00e7a e Reda\u00e7\u00e3o, Comiss\u00e3o de Finan\u00e7as e Or\u00e7amento e Comiss\u00e3o de Servi\u00e7os e Pol\u00edticas P\u00fablicas Municipais, Urbanismo e Cidadania, referente ao Projeto de Lei n\u00b0 61/2019 que \u201cRegulamenta a concess\u00e3o de hor\u00e1rio especial de trabalho ao servidor p\u00fablico com dependente portador de defici\u00eancia, no \u00e2mbito do Munic\u00edpio de Piumhi-MG e d\u00e1 outras provid\u00eancias\u201d"}, {"id": "2550", "ano": "2019", "numero": "95", "tipo__sigla": "PAR-C", "tipo__descricao": "Parecer - Comiss\u00e3o(\u00f5es)", "autoria": "CFO - Comiss\u00e3o de Finan\u00e7as e Or\u00e7amento, CLJR - Comiss\u00e3o de Legisla\u00e7\u00e3o, Justi\u00e7a e Reda\u00e7\u00e3o", "texto_original": "http://sapl.piumhi.mg.leg.br/media/sapl/public/materialegislativa/2019/2550/parecer_no_95-2019.pdf", "ementa": "Da Comiss\u00e3o de Legisla\u00e7\u00e3o, Justi\u00e7a e Reda\u00e7\u00e3o e Comiss\u00e3o de Finan\u00e7as c Or\u00e7amento, referente ao Projeto de Lei nH 60/2019 que \u201cAltera o anexo I da Lei n\u00b0 2.314/2017, modificada pela Lei 2.353/201 S, que \u201cDisp\u00f5e sobre o pagamento de di\u00e1rias de viagem a agentes pol\u00edticos e servidores municipais e d\u00e1 outras provid\u00eancias\u201d."}, {"id": "2556", "ano": "2019", "numero": "96", "tipo__sigla": "PAR-C", "tipo__descricao": "Parecer - Comiss\u00e3o(\u00f5es)", "autoria": "CFO - Comiss\u00e3o de Finan\u00e7as e Or\u00e7amento, CLJR - Comiss\u00e3o de Legisla\u00e7\u00e3o, Justi\u00e7a e Reda\u00e7\u00e3o, CSPPMUC - Comiss\u00e3o de Servi\u00e7os e Pol\u00edticas P\u00fablicas Municipais, Urbanismo e Cidadania", "texto_original": "http://sapl.piumhi.mg.leg.br/media/sapl/public/materialegislativa/2019/2556/parecer_no_96-2019.pdf", "ementa": "Da Comiss\u00e3o de Legisla\u00e7\u00e3o, Justi\u00e7a e Reda\u00e7\u00e3o, Comiss\u00e3o de Finan\u00e7as e Or\u00e7amento e Comiss\u00e3o de Servi\u00e7os e Pol\u00edticas P\u00fablicas Municipais, Urbanismo e Cidadania, referente ao Projeto de Lei n\u00b0 62/2019 que \u201cDisp\u00f5e sobre a cria\u00e7\u00e3o de cart\u00e3o alimenta\u00e7\u00e3o aos servidores p\u00fablicos da C\u00e2mara Municipal de Piumhi/MG e d\u00e1 outras provid\u00eancias\u201d"}, {"id": "2560", "ano": "2019", "numero": "97", "tipo__sigla": "PAR-C", "tipo__descricao": "Parecer - Comiss\u00e3o(\u00f5es)", "autoria": "CFO - Comiss\u00e3o de Finan\u00e7as e Or\u00e7amento, CLJR - Comiss\u00e3o de Legisla\u00e7\u00e3o, Justi\u00e7a e Reda\u00e7\u00e3o, CSPPMUC - Comiss\u00e3o de Servi\u00e7os e Pol\u00edticas P\u00fablicas Municipais, Urbanismo e Cidadania", "texto_original": "http://sapl.piumhi.mg.leg.br/media/sapl/public/materialegislativa/2019/2560/parecer_no_97-2019.pdf", "ementa": "Da Comiss\u00e3o de Legisla\u00e7\u00e3o, Justi\u00e7a e Reda\u00e7\u00e3o, Comiss\u00e3o de Finan\u00e7as e Or\u00e7amento e Comiss\u00e3o de Servi\u00e7os c Pol\u00edticas P\u00fablicas Municipais, Urbanismo e Cidadania, referente ao Projeto de Lei n\u00b0 63/2019 que \u201cDisp\u00f5e sobre cria\u00e7\u00e3o e denomina\u00e7\u00e3o do Centro Municipal de Educa\u00e7\u00e3o Infantil Andr\u00e9 Mour\u00e3o e d\u00e1 outras provid\u00eancias\"."}, {"id": "3026", "ano": "2019", "numero": "98", "tipo__sigla": "PAR-C", "tipo__descricao": "Parecer - Comiss\u00e3o(\u00f5es)", "autoria": "CFO - Comiss\u00e3o de Finan\u00e7as e Or\u00e7amento, CLJR - Comiss\u00e3o de Legisla\u00e7\u00e3o, Justi\u00e7a e Reda\u00e7\u00e3o", "texto_original": "http://sapl.piumhi.mg.leg.br/media/sapl/public/materialegislativa/2019/3026/parecer_no_98-2019.pdf", "ementa": "Da Comiss\u00e3o de Legisla\u00e7\u00e3o, Justi\u00e7a e Reda\u00e7\u00e3o e Comiss\u00e3o de Finan\u00e7as e Or\u00e7amento, referente ao Projeto de Lei Complementar n\u00b0 04/2019 que \u201cDisp\u00f5e sobre a organiza\u00e7\u00e3o administrativa do Servi\u00e7o Aut\u00f3nomo de Agua e Esgoto de Piumhi - Minas Gerais, sua reestrutura\u00e7\u00e3o e a compet\u00eancia de seus \u00f3rg\u00e3os e sobre a reestrutura\u00e7\u00e3o do Plano de Carreiras, de Cargos e Vencimentos dos Servidores da Autarquia e d\u00e1 outras provid\u00eancias, bem como Mensagem Aditiva ao referido projeto\u201d."}, {"id": "2538", "ano": "2019", "numero": "99", "tipo__sigla": "PAR-C", "tipo__descricao": "Parecer - Comiss\u00e3o(\u00f5es)", "autoria": "CFO - Comiss\u00e3o de Finan\u00e7as e Or\u00e7amento, CLJR - Comiss\u00e3o de Legisla\u00e7\u00e3o, Justi\u00e7a e Reda\u00e7\u00e3o, CSPPMUC - Comiss\u00e3o de Servi\u00e7os e Pol\u00edticas P\u00fablicas Municipais, Urbanismo e Cidadania", "texto_original": "http://sapl.piumhi.mg.leg.br/media/sapl/public/materialegislativa/2019/2538/parecer_no_99-2019.pdf", "ementa": "Da Comiss\u00e3o de Legisla\u00e7\u00e3o, Justi\u00e7a e Reda\u00e7\u00e3o, Comiss\u00e3o de Finan\u00e7as e Or\u00e7amento e Comiss\u00e3o de Servi\u00e7os e Pol\u00edticas P\u00fablicas Municipais, Urbanismo e Cidadania, referente ao Projeto de Lei n\u00b0 56/2019/Mensagem Aditiva que \u201cDisp\u00f5e sobre a desafeta\u00e7\u00e3o e permuta de bem p\u00fablico e d\u00e1 outras provid\u00eancias\u201d."}, {"id": "2142", "ano": "2019", "numero": "100", "tipo__sigla": "PAR-C", "tipo__descricao": "Parecer - Comiss\u00e3o(\u00f5es)", "autoria": "CFO - Comiss\u00e3o de Finan\u00e7as e Or\u00e7amento, CLJR - Comiss\u00e3o de Legisla\u00e7\u00e3o, Justi\u00e7a e Reda\u00e7\u00e3o, CSPPMUC - Comiss\u00e3o de Servi\u00e7os e Pol\u00edticas P\u00fablicas Municipais, Urbanismo e Cidadania", "texto_original": "http://sapl.piumhi.mg.leg.br/media/sapl/public/materialegislativa/2019/2142/parecer_cm_100.pdf", "ementa": "Da Comiss\u00e3o de Legisla\u00e7\u00e3o, Justi\u00e7a e Reda\u00e7\u00e3o, Comiss\u00e3o de Finan\u00e7as e Or\u00e7amento e Comiss\u00e3o de Servi\u00e7os e Pol\u00edticas P\u00fablicas Municipais, Urbanismo e Cidadania, referente ao Projeto de Lei n\u00b0 67/2019 que \u201cInstitui o programa Adote um bem p\u00fablico no Munic\u00edpio de Piumhi e d\u00e1 outras provid\u00eancias.\u201d"}, {"id": "2568", "ano": "2019", "numero": "101", "tipo__sigla": "PAR-C", "tipo__descricao": "Parecer - Comiss\u00e3o(\u00f5es)", "autoria": "CFO - Comiss\u00e3o de Finan\u00e7as e Or\u00e7amento, CLJR - Comiss\u00e3o de Legisla\u00e7\u00e3o, Justi\u00e7a e Reda\u00e7\u00e3o, CSPPMUC - Comiss\u00e3o de Servi\u00e7os e Pol\u00edticas P\u00fablicas Municipais, Urbanismo e Cidadania", "texto_original": "http://sapl.piumhi.mg.leg.br/media/sapl/public/materialegislativa/2019/2568/parecer_no_101-2019.pdf", "ementa": "Da Comiss\u00e3o de Legisla\u00e7\u00e3o, Justi\u00e7a e Reda\u00e7\u00e3o, Comiss\u00e3o de Finan\u00e7as e Or\u00e7amento e Comiss\u00e3o de Servi\u00e7os e Pol\u00edticas P\u00fablicas Municipais, Urbanismo e Cidadania, referente ao Projeto de Lei n\u00b0 68/2019 que \u201cDisp\u00f5e sobre a Pol\u00edtica Municipal de Meio Ambiente, seus fins e mecanismo de formula\u00e7\u00e3o e aplica\u00e7\u00e3o, cria o Sistema Municipal de Meio Ambiente - SISMMA, estabelece o Licenciamento Ambiental Municipal de atividades e empreendimentos potencialmente causadores de polui\u00e7\u00e3o e/ou degrada\u00e7\u00e3o ambiental, especifica as san\u00e7\u00f5es aplic\u00e1veis \u00e0s condutas e atividades lesivas ao meio ambiente, e d\u00e1 outras providencias.\u201d"}, {"id": "2572", "ano": "2019", "numero": "102", "tipo__sigla": "PAR-C", "tipo__descricao": "Parecer - Comiss\u00e3o(\u00f5es)", "autoria": "CFO - Comiss\u00e3o de Finan\u00e7as e Or\u00e7amento, CLJR - Comiss\u00e3o de Legisla\u00e7\u00e3o, Justi\u00e7a e Reda\u00e7\u00e3o, CSPPMUC - Comiss\u00e3o de Servi\u00e7os e Pol\u00edticas P\u00fablicas Municipais, Urbanismo e Cidadania", "texto_original": "http://sapl.piumhi.mg.leg.br/media/sapl/public/materialegislativa/2019/2572/parecer_no_102-2019.pdf", "ementa": "Da Comiss\u00e3o de Legisla\u00e7\u00e3o, Justi\u00e7a e Reda\u00e7\u00e3o, Comiss\u00e3o de Finan\u00e7as e Or\u00e7amento e Comiss\u00e3o de Servi\u00e7os e Pol\u00edticas P\u00fablicas Municipais, Urbanismo e Cidadania, referente ao Projeto de Lei n\u00b0 69/2019 que \u201cAutoriza a libera\u00e7\u00e3o de recursos, contribui\u00e7\u00f5es e aux\u00edlio financeiro no exerc\u00edcio financeiro de 2020 e d\u00e1 outras provid\u00eancias.\u201d"}, {"id": "2582", "ano": "2019", "numero": "103", "tipo__sigla": "PAR-C", "tipo__descricao": "Parecer - Comiss\u00e3o(\u00f5es)", "autoria": "CLJR - Comiss\u00e3o de Legisla\u00e7\u00e3o, Justi\u00e7a e Reda\u00e7\u00e3o", "texto_original": "http://sapl.piumhi.mg.leg.br/media/sapl/public/materialegislativa/2019/2582/parecer_no_103-2019.pdf", "ementa": "Da Comiss\u00e3o de Legisla\u00e7\u00e3o, Justi\u00e7a e Reda\u00e7\u00e3o, Comiss\u00e3o de Finan\u00e7as e Or\u00e7amento e Comiss\u00e3o de Servi\u00e7os e Pol\u00edticas P\u00fablicas Municipais, Urbanismo e Cidadania, referente ao Projeto de Lei n\u00b0 70/2019 que \u201cDisp\u00f5e sobre a desafeta\u00e7\u00e3o de bem p\u00fablico e autoriza\u00e7\u00e3o para doa\u00e7\u00e3o a APAE de Piumhi.\u201d"}, {"id": "2585", "ano": "2019", "numero": "104", "tipo__sigla": "PAR-C", "tipo__descricao": "Parecer - Comiss\u00e3o(\u00f5es)", "autoria": "CFO - Comiss\u00e3o de Finan\u00e7as e Or\u00e7amento, CLJR - Comiss\u00e3o de Legisla\u00e7\u00e3o, Justi\u00e7a e Reda\u00e7\u00e3o, CSPPMUC - Comiss\u00e3o de Servi\u00e7os e Pol\u00edticas P\u00fablicas Municipais, Urbanismo e Cidadania", "texto_original": "http://sapl.piumhi.mg.leg.br/media/sapl/public/materialegislativa/2019/2585/parecer_no_104-2019.pdf", "ementa": "Da Comiss\u00e3o de Legisla\u00e7\u00e3o, Justi\u00e7a Comiss\u00e3o de Finan\u00e7as e Or\u00e7amento e Comiss\u00e3o de Servi\u00e7os e Pol\u00edticas P\u00fablicas Municipais, Urbanismo e Cidadania, referente ao Projeto de Lei n\u00b0 71/2019 que \u201cDisp\u00f5e sobre a desafeta\u00e7\u00e3o de bem p\u00fablico e autoriza\u00e7\u00e3o para doa\u00e7\u00e3o \u00e0 Ordem dos Advogados do Brasil - Se\u00e7\u00e3o de Minas Gerais - 77\u00aa Subse\u00e7\u00e3o de Piumhi e d\u00e1 outras provid\u00eancias.\u201d"}, {"id": "2588", "ano": "2019", "numero": "105", "tipo__sigla": "PAR-C", "tipo__descricao": "Parecer - Comiss\u00e3o(\u00f5es)", "autoria": "CFO - Comiss\u00e3o de Finan\u00e7as e Or\u00e7amento, CLJR - Comiss\u00e3o de Legisla\u00e7\u00e3o, Justi\u00e7a e Reda\u00e7\u00e3o, CSPPMUC - Comiss\u00e3o de Servi\u00e7os e Pol\u00edticas P\u00fablicas Municipais, Urbanismo e Cidadania", "texto_original": "http://sapl.piumhi.mg.leg.br/media/sapl/public/materialegislativa/2019/2588/parecer_no_105-2019.pdf", "ementa": "Da Comiss\u00e3o de Legisla\u00e7\u00e3o, Justi\u00e7a e Reda\u00e7\u00e3o, Comiss\u00e3o de Finan\u00e7as e Or\u00e7amento e Comiss\u00e3o de Servi\u00e7os e Pol\u00edticas P\u00fablicas Municipais, Urbanismo e Cidadania, referente ao Projeto de Lei n\u00b0 72/2019 que \u201cDisp\u00f5e sobre a desafeta\u00e7\u00e3o de bem p\u00fablico c autoriza\u00e7\u00e3o para doa\u00e7\u00e3o \u00e0 Uni\u00e3o Federal e d\u00e1 outras provid\u00eancias.\u201d"}, {"id": "2591", "ano": "2019", "numero": "106", "tipo__sigla": "PAR-C", "tipo__descricao": "Parecer - Comiss\u00e3o(\u00f5es)", "autoria": "CFO - Comiss\u00e3o de Finan\u00e7as e Or\u00e7amento, CLJR - Comiss\u00e3o de Legisla\u00e7\u00e3o, Justi\u00e7a e Reda\u00e7\u00e3o, CSPPMUC - Comiss\u00e3o de Servi\u00e7os e Pol\u00edticas P\u00fablicas Municipais, Urbanismo e Cidadania", "texto_original": "http://sapl.piumhi.mg.leg.br/media/sapl/public/materialegislativa/2019/2591/parecer_no_106-2019.pdf", "ementa": "Da Comiss\u00e3o de Legisla\u00e7\u00e3o, Justi\u00e7a e Reda\u00e7\u00e3o, Comiss\u00e3o de Finan\u00e7as e Or\u00e7amento e Comiss\u00e3o de Servi\u00e7os e Pol\u00edticas P\u00fablicas Municipais, Urbanismo e Cidadania, referente ao Projeto de Lei n\u00b0 73/2019 que \u201cDisp\u00f5e sobre a desafeta\u00e7\u00e3o de bem p\u00fablico e autoriza\u00e7\u00e3o para doa\u00e7\u00e3o ao Lar S\u00e3o Francisco de Assis e d\u00e1 outras provid\u00eancias\u201d."}, {"id": "3027", "ano": "2019", "numero": "107", "tipo__sigla": "PAR-C", "tipo__descricao": "Parecer - Comiss\u00e3o(\u00f5es)", "autoria": "CSPPMUC - Comiss\u00e3o de Servi\u00e7os e Pol\u00edticas P\u00fablicas Municipais, Urbanismo e Cidadania", "texto_original": "http://sapl.piumhi.mg.leg.br/media/sapl/public/materialegislativa/2019/3027/parecer_no_107-2019.pdf", "ementa": "Da Comiss\u00e3o de Servi\u00e7os e Pol\u00edticas P\u00fablicas Municipais, Urbanismo e Cidadania, referente ao Projeto de Lei Complementar n\u00ba 04/2019 que \u201cDisp\u00f5e\r\nsobre a organiza\u00e7\u00e3o administrativa do Servi\u00e7o Aut\u00f3nomo de Agua e Esgoto de Piumhi - Minas Gerais, sua reestrutura\u00e7\u00e3o e a compet\u00eancia de seus \u00f3rg\u00e3os e sobre a reestrutura\u00e7\u00e3o do Plano de Carreiras, de Cargos e Vencimentos dos Servidores da Autarquia e d\u00e1 outras provid\u00eancias, bem como Mensagem Aditiva ao referido projeto e Emenda Geral n\u00b0 CM - 14/2019 (Emenda Modificativa e Supressiva n\u00b0 01/2019 ao Projeto de Lei Complementar n\" 04/2019)\u201d"}, {"id": "639", "ano": "2019", "numero": "1", "tipo__sigla": "PACON", "tipo__descricao": "Parecer Cont\u00e1bil", "autoria": "Assessoria Cont\u00e1bil - ASCONT", "texto_original": "http://sapl.piumhi.mg.leg.br/media/sapl/public/materialegislativa/2019/639/parecer_contabil_no_1_de_2019i.pdf", "ementa": "Parecer Cont\u00e1bil n\u00ba CM-01/2019 referente ao Projeto de Lei n\u00ba 01/2019 que \u201cDisp\u00f5e sobre a revis\u00e3o geral anual dos servidores p\u00fablicos, ativos, inativos e pensionistas da Administra\u00e7\u00e3o Direta e Indireta Municipal e d\u00e1 outras provid\u00eancias\u201d."}, {"id": "640", "ano": "2019", "numero": "2", "tipo__sigla": "PACON", "tipo__descricao": "Parecer Cont\u00e1bil", "autoria": "Assessoria Cont\u00e1bil - ASCONT", "texto_original": "http://sapl.piumhi.mg.leg.br/media/sapl/public/materialegislativa/2019/640/parecer_contabil_no_2_de_2019i.pdf", "ementa": "Parecer Cont\u00e1bil n\u00ba CM-02/2019 referente ao Projeto de Lei n\u00ba 02/2019 que \u201cDisp\u00f5e sobre a revis\u00e3o geral e anual dos vencimentos dos servidores da C\u00e2mara Municipal de Piumhi-MG para o exerc\u00edcio de 2019 e d\u00e1 outras provid\u00eancias\u201d."}, {"id": "641", "ano": "2019", "numero": "3", "tipo__sigla": "PACON", "tipo__descricao": "Parecer Cont\u00e1bil", "autoria": "Assessoria Cont\u00e1bil - ASCONT", "texto_original": "http://sapl.piumhi.mg.leg.br/media/sapl/public/materialegislativa/2019/641/parecer_contabil_no_3_de_2019i.pdf", "ementa": "Parecer Cont\u00e1bil n\u00ba CM-03/2019 referente ao Projeto de Lei n\u00ba 03/2019 que \u201cAutoriza a libera\u00e7\u00e3o de recursos, contribui\u00e7\u00f5es e aux\u00edlio financeiro no exerc\u00edcio financeiro de 2019 e d\u00e1 outras provid\u00eancias\u201d."}, {"id": "642", "ano": "2019", "numero": "4", "tipo__sigla": "PACON", "tipo__descricao": "Parecer Cont\u00e1bil", "autoria": "", "texto_original": "http://sapl.piumhi.mg.leg.br/media/sapl/public/materialegislativa/2019/642/parecer_contabil_no_4_de_2019i.pdf", "ementa": "\"Disp\u00f5e sobre a altera\u00e7\u00e3o da Lei Complementar 52/2018, que institui o Plano de Carreiras, de Cargos e Vencimentos dos Servidores Municipais de Piumhi e d\u00e1 outras provid\u00eancias. \""}, {"id": "713", "ano": "2019", "numero": "5", "tipo__sigla": "PACON", "tipo__descricao": "Parecer Cont\u00e1bil", "autoria": "Assessoria Cont\u00e1bil - ASCONT", "texto_original": "http://sapl.piumhi.mg.leg.br/media/sapl/public/materialegislativa/2019/713/parecer_contabil_no_5_de_2019i_PA8SVZA.pdf", "ementa": "Trata-se o presente o projeto de Lei \"Altera e acresce dispositivos \u00e0 Lei Complementar n\u00ae 51/2017 que disp\u00f5e sobre a Estrutura Organizacional e Administrativa do Munic\u00edpio de Piumhi e d\u00e1 outras provid\u00eancias. \"\r\nO referido projeto traz como objetivo aprimorar a qualidade de atendimento ao cidad\u00e3o. Analisando o mesmo, verifico que ele encontra-se amparado contabilmente dentro das normativas existentes, conforme demonstrado no Impacto Or\u00e7ament\u00e1rio em anexo.\r\nDiante de tais informa\u00e7\u00f5es, sou pelo Parecer FAVOR\u00c1VEL a continuidade de seu tr\u00e2mite Legislativo. Cabendo agora, aos nobres vereadores o poder da decis\u00e3o."}, {"id": "714", "ano": "2019", "numero": "6", "tipo__sigla": "PACON", "tipo__descricao": "Parecer Cont\u00e1bil", "autoria": "Assessoria Cont\u00e1bil - ASCONT", "texto_original": "http://sapl.piumhi.mg.leg.br/media/sapl/public/materialegislativa/2019/714/parecer_contabil_no_6_de_2019i.pdf", "ementa": "Trata-se o presente o projeto de Lei \"Disp\u00f5e sobre altera\u00e7\u00e3o da Lei Complementar n\u00ae 52/2018, que institui o Plano de Carreiras, de Cargos, e Vencimentos dos ServidoresMunicipais de Piumhi e d\u00e1 outras provid\u00eancias. \"\r\nNo referido projeto fica mencionado que o mesmo visa atender \u00e1 necessidade existente em \u00e1reas sens\u00edveis da Administra\u00e7\u00e3o e que exigem uma alta demanda de trabalho. Analisando o mesmo, verifico que encontra-se amparado contabilmente dentro das normativas existentes, conforme demonstrado no Impacto Or\u00e7ament\u00e1rio em anexo.\r\nDiante de tais informa\u00e7\u00f5es, sou pelo Parecer FAVOR\u00c1VEL a continuidade de seu tr\u00e2mite Legislativo. Cabendo agora, aos nobres vereadores o poder da decis\u00e3o."}, {"id": "719", "ano": "2019", "numero": "7", "tipo__sigla": "PACON", "tipo__descricao": "Parecer Cont\u00e1bil", "autoria": "Assessoria Cont\u00e1bil - ASCONT", "texto_original": "http://sapl.piumhi.mg.leg.br/media/sapl/public/materialegislativa/2019/719/parecer_contabil_cm_07_-_2019i.pdf", "ementa": "Parecer Cont\u00e1bil n\u00ba CM-07/2019 referente ao Projeto de Decreto Legislativo n\u00ba 03/2018 que \"Disp\u00f5e a homenagem 'TROF\u00c9U RA\u00c7A NEGRA\" em comemora\u00e7\u00e3o ao dia nacional da consci\u00eancia negra e d\u00e1 outras provid\u00eancias\"."}, {"id": "730", "ano": "2019", "numero": "8", "tipo__sigla": "PACON", "tipo__descricao": "Parecer Cont\u00e1bil", "autoria": "Assessoria Cont\u00e1bil - ASCONT", "texto_original": "http://sapl.piumhi.mg.leg.br/media/sapl/public/materialegislativa/2019/730/parecer_contabil_no_cm_08_-_2019_-_ref._proj_lei_b4Nw21w.pdf", "ementa": "Trata-se o presente o projeto de \"Concede piso salarial profissional aos Agentes Comunit\u00e1rios de Sa\u00fade e Agentes de Controle \u00e0s Endemias e d\u00e1 outras provid\u00eancias. \"\r\n\r\nNo referido projeto traz como objetivo conceder o valor do piso salarial aos Agentes de Comunit\u00e1rios de Sa\u00fade e aos Agente de Controle \u00e0s Endemias conforme Lei n\u00ba 13.708/2018. Analisando o mesmo, verifico que ele se encontra amparado contabilmente dentro das normativas existentes, conforme demonstrado no Impacto Or\u00e7ament\u00e1rio em anexo.\r\n\r\nDiante de tais informa\u00e7\u00f5es, sou pelo Parecer FAVOR\u00c1VEL a continuidade de seu tr\u00e2mite Legislativo. Cabendo agora, aos nobres vereadores o poder da decis\u00e3o."}, {"id": "859", "ano": "2019", "numero": "9", "tipo__sigla": "PACON", "tipo__descricao": "Parecer Cont\u00e1bil", "autoria": "Assessoria Cont\u00e1bil - ASCONT", "texto_original": "http://sapl.piumhi.mg.leg.br/media/sapl/public/materialegislativa/2019/859/parecer_contabil_no_cm_09_-_2019i.pdf", "ementa": "Disp\u00f5e sobre a autoriza\u00e7\u00e3o ao Poder Executivo para conceder desconto no pagamento em at\u00e9 03 (tr\u00eas) parcelas do Imposto Predial e Territorial Urbano (IPTU) c d\u00e1 outras provid\u00eancias."}, {"id": "980", "ano": "2019", "numero": "10", "tipo__sigla": "PACON", "tipo__descricao": "Parecer Cont\u00e1bil", "autoria": "Assessoria Cont\u00e1bil - ASCONT", "texto_original": "http://sapl.piumhi.mg.leg.br/media/sapl/public/materialegislativa/2019/980/parecer_contabil_no_cm_10_-_2019i.pdf", "ementa": "Parecer Cont\u00e1bil n\u00ba CM-10/2019 referente ao Projeto de Lei n\u00ba 12/2019 que \"Disp\u00f5e sobre a pol\u00edtica municipal de atendimento dos direitos da crian\u00e7a e do adolescente e d\u00e1 outras provid\u00eancias\u201d."}, {"id": "1342", "ano": "2019", "numero": "11", "tipo__sigla": "PACON", "tipo__descricao": "Parecer Cont\u00e1bil", "autoria": "Assessoria Cont\u00e1bil - ASCONT", "texto_original": "http://sapl.piumhi.mg.leg.br/media/sapl/public/materialegislativa/2019/1342/parecer_contabil_no_cm_11-2019.pdf", "ementa": "Parecer Cont\u00e1bil referente ao Projeto de Lei n\u00ba 10/2019 que \u201cPERMITE O PODER EXECUTIVO MUNICIPAL A AUTORIZAR O USO DE ESPA\u00c7O P\u00daBLICO PARA INSTALA\u00c7\u00c3O DE REL\u00d3GIO ELETR\u00d4NICO INFORMATIVO, E D\u00c1 OUTRAS PROVID\u00caNCIAS\u201d."}, {"id": "905", "ano": "2019", "numero": "12", "tipo__sigla": "PACON", "tipo__descricao": "Parecer Cont\u00e1bil", "autoria": "Assessoria Cont\u00e1bil - ASCONT", "texto_original": "http://sapl.piumhi.mg.leg.br/media/sapl/public/materialegislativa/2019/905/parecer_contabil_cm_12_-_2019i.pdf", "ementa": "Parecer Cont\u00e1bil referente ao Projeto de Lei Complementar n\u00ba 04/2019 que \"Disp\u00f5e sobre a organiza\u00e7\u00e3o administrativa do Servi\u00e7o Aut\u00f4nomo de \u00c1gua e Esgoto de Piumhi - Minas Gerais, sua reestrutura\u00e7\u00e3o e a compet\u00eancia de seus \u00f3rg\u00e3os e sobre a reestrutura\u00e7\u00e3o do Plano de Carreiras, de Cargos e Vencimentos dos Servidores da Autarquia e d\u00e1 outras provid\u00eancias\"."}, {"id": "912", "ano": "2019", "numero": "13", "tipo__sigla": "PACON", "tipo__descricao": "Parecer Cont\u00e1bil", "autoria": "Assessoria Cont\u00e1bil - ASCONT", "texto_original": "http://sapl.piumhi.mg.leg.br/media/sapl/public/materialegislativa/2019/912/parecer_contabil_cm_13_-_2019i.pdf", "ementa": "\u201cAutoriza o Munic\u00edpio de Piumhi a celebrar conv\u00eanio com o munic\u00edpio de Capit\u00f3lio e d\u00e1 outras provid\u00eancias\u201d."}, {"id": "989", "ano": "2019", "numero": "14", "tipo__sigla": "PACON", "tipo__descricao": "Parecer Cont\u00e1bil", "autoria": "Assessoria Cont\u00e1bil - ASCONT", "texto_original": "http://sapl.piumhi.mg.leg.br/media/sapl/public/materialegislativa/2019/989/parecer_contabil_cm_14_-_2019i.pdf", "ementa": "\u201cAutoriza o Poder Executivo a Firmar Conv\u00eanio com o Sindicato Rural de Piumhi e d\u00e1 outras Provid\u00eancias\u201d."}, {"id": "1117", "ano": "2019", "numero": "15", "tipo__sigla": "PACON", "tipo__descricao": "Parecer Cont\u00e1bil", "autoria": "Assessoria Cont\u00e1bil - ASCONT", "texto_original": "http://sapl.piumhi.mg.leg.br/media/sapl/public/materialegislativa/2019/1117/parecer_contabil_cm_15_-_2019_-_projeto_de_lei__353rltW.pdf", "ementa": "Parecer Cont\u00e1bil referente ao Projeto de Lei n\u00ba 14/2019 que \"Altera o Art. 5\u00ba, incisos I e II, par\u00e1grafos \u00a7\u00a7 2\u00ba e 4\u00ba da Lei n\u00b0 1906/2009 que \u201cCria o Fundo Municipal de Habita\u00e7\u00e3o de Interesse Social - FHIS e institui o Conselho Gestor do FHIS\u201d."}, {"id": "1336", "ano": "2019", "numero": "16", "tipo__sigla": "PACON", "tipo__descricao": "Parecer Cont\u00e1bil", "autoria": "Assessoria Cont\u00e1bil - ASCONT", "texto_original": "http://sapl.piumhi.mg.leg.br/media/sapl/public/materialegislativa/2019/1336/parecer_contabil_no_cm_16-2019.pdf", "ementa": "Parecer Cont\u00e1bil referente \u00e0 Mensagem Aditiva ao Projeto de Lei n\u00ba 07/2019 que \u201cAutoriza o Munic\u00edpio de Piumhi a celebrar conv\u00eanio com o munic\u00edpio de Capit\u00f3lio e d\u00e1 outras provid\u00eancias \u201d."}, {"id": "1458", "ano": "2019", "numero": "17", "tipo__sigla": "PACON", "tipo__descricao": "Parecer Cont\u00e1bil", "autoria": "Assessoria Cont\u00e1bil - ASCONT", "texto_original": "http://sapl.piumhi.mg.leg.br/media/sapl/public/materialegislativa/2019/1458/parecer_contabil_no_17-2019.pdf", "ementa": "Parecer Cont\u00e1bil referente ao Projeto de Lei n\u00ba 17/2019 que \"Autoriza o Poder Executivo a conceder Anistia Fiscal como forma de manuten\u00e7\u00e3o do Programa de Recupera\u00e7\u00e3o de Cr\u00e9ditos Tribut\u00e1rios relativos a impostos e taxas, criado pela Lei Municipal n\u00ba 1709/2005 e d\u00e1 outras provid\u00eancias.\""}, {"id": "990", "ano": "2019", "numero": "18", "tipo__sigla": "PACON", "tipo__descricao": "Parecer Cont\u00e1bil", "autoria": "Assessoria Cont\u00e1bil - ASCONT", "texto_original": "http://sapl.piumhi.mg.leg.br/media/sapl/public/materialegislativa/2019/990/parecer_contabil_no_cm_18-2019.pdf", "ementa": "\"Autoriza o Poder Executivo a Firmar Conv\u00eanio com o Sindicato Rural de Piumhi e d\u00e1 outras Provid\u00eancias\u201d."}, {"id": "1192", "ano": "2019", "numero": "19", "tipo__sigla": "PACON", "tipo__descricao": "Parecer Cont\u00e1bil", "autoria": "Assessoria Cont\u00e1bil - ASCONT", "texto_original": "http://sapl.piumhi.mg.leg.br/media/sapl/public/materialegislativa/2019/1192/parecer_contabil_cm_19-2019_-_ref_projeto_de_le_P8clk7R.pdf", "ementa": "Parecer Cont\u00e1bil referente ao Projeto de Lei n\u00ba 19/2019 que \"Disp\u00f5e sobre as Diretrizes para elabora\u00e7\u00e3o da Lei Or\u00e7ament\u00e1rias de 2020 e d\u00e1 outras provid\u00eancias\"."}, {"id": "1495", "ano": "2019", "numero": "20", "tipo__sigla": "PACON", "tipo__descricao": "Parecer Cont\u00e1bil", "autoria": "Assessoria Cont\u00e1bil - ASCONT", "texto_original": "http://sapl.piumhi.mg.leg.br/media/sapl/public/materialegislativa/2019/1495/parecer_contabil_no_cm_20-2019.pdf", "ementa": "Parecer Cont\u00e1bil referente ao Projeto de Lei n\u00ba 30/2019 que \"Disp\u00f5e sobre a convalida\u00e7\u00e3o ao disposto na Lei Municipal n\u00ba 2.320/2018, de 24 de Janeiro de 2018 e d\u00e1 outras provid\u00eancias. \""}, {"id": "1037", "ano": "2019", "numero": "21", "tipo__sigla": "PACON", "tipo__descricao": "Parecer Cont\u00e1bil", "autoria": "Assessoria Cont\u00e1bil - ASCONT", "texto_original": "http://sapl.piumhi.mg.leg.br/media/sapl/public/materialegislativa/2019/1037/parecer_contabil_cm_no_21-2019_-_projeto_de_lei_isa4Ne1.pdf", "ementa": "Parecer Cont\u00e1bil referente ao Projeto de Lei n\u00ba 29/2019 que Disp\u00f5e sobre a antecipa\u00e7\u00e3o de 50% (cinquenta por cento) do 13\u00ba sal\u00e1rio aos servidores da C\u00e2mara Municipal de Piumhi e d\u00e1 outras provid\u00eancias."}, {"id": "1202", "ano": "2019", "numero": "22", "tipo__sigla": "PACON", "tipo__descricao": "Parecer Cont\u00e1bil", "autoria": "Assessoria Cont\u00e1bil - ASCONT", "texto_original": "http://sapl.piumhi.mg.leg.br/media/sapl/public/materialegislativa/2019/1202/parecer_contabil_no_cm_22-2019.pdf", "ementa": "Trata-se o presente o projeto de Lei complementar\" Altera Dispositivo da Lei Complementar n\u00ba 34/2013 que disp\u00f5e sobre a concess\u00e3o de incentivos fiscais e econ\u00f4micos a Empresas que vierem a se instalar ou expandir no Munic\u00edpio de Piumhi e d\u00e1 outras provid\u00eancias.\""}, {"id": "1508", "ano": "2019", "numero": "23", "tipo__sigla": "PACON", "tipo__descricao": "Parecer Cont\u00e1bil", "autoria": "Assessoria Cont\u00e1bil - ASCONT", "texto_original": "http://sapl.piumhi.mg.leg.br/media/sapl/public/materialegislativa/2019/1508/parecer_contabil_no_cm_23-2019.pdf", "ementa": "Parecer Cont\u00e1bil referente ao Projeto de Lei n\u00ba 34/2019 que \u201cInstitui no \u00e2mbito municipal de Piumhi-MG o \u201cPr\u00eamio Boina de Ouro - Policial Nota 10\u201d, e d\u00e1 outras provid\u00eancias\u201d..\u201d"}, {"id": "1512", "ano": "2019", "numero": "24", "tipo__sigla": "PACON", "tipo__descricao": "Parecer Cont\u00e1bil", "autoria": "Assessoria Cont\u00e1bil - ASCONT", "texto_original": "http://sapl.piumhi.mg.leg.br/media/sapl/public/materialegislativa/2019/1512/parecer_contabil_no_cm_24-2019.pdf", "ementa": "Parecer Cont\u00e1bil referente ao Projeto de Lei n\u00ba 35/2019 que \"Disp\u00f5e sobre as viagens oficiais e a concess\u00e3o de di\u00e1rias aos Vereadores e Servidores P\u00fablicos do Poder Legislativo de Piumhi e d\u00e1 outras provid\u00eancias. \""}, {"id": "1484", "ano": "2019", "numero": "25", "tipo__sigla": "PACON", "tipo__descricao": "Parecer Cont\u00e1bil", "autoria": "Assessoria Cont\u00e1bil - ASCONT", "texto_original": "http://sapl.piumhi.mg.leg.br/media/sapl/public/materialegislativa/2019/1484/parecer_contabil_no_cm_25-2019.pdf", "ementa": "Parecer Cont\u00e1bil referente ao Projeto de Lei n\u00ba 27/2019 que de\" Disp\u00f5e sobre a antecipa\u00e7\u00e3o de 50% (cinquenta por cento) do 13\u00b0 sal\u00e1rio aos servidores p\u00fablicos, ativos, inativos, pensionistas e secret\u00e1rios da Administra\u00e7\u00e3o Direta Municipal e do Servi\u00e7o Aut\u00f4nomo de \u00c1gua e Esgoto e d\u00e1 outras provid\u00eancias.\""}, {"id": "1489", "ano": "2019", "numero": "26", "tipo__sigla": "PACON", "tipo__descricao": "Parecer Cont\u00e1bil", "autoria": "Assessoria Cont\u00e1bil - ASCONT", "texto_original": "http://sapl.piumhi.mg.leg.br/media/sapl/public/materialegislativa/2019/1489/parecer_contabil_no_cm_26-2019.pdf", "ementa": "Parecer Cont\u00e1bil referente ao Projeto de Lei n\u00ba 28/2019 que \"Disp\u00f5e sobre o pagamento do 13\u00b0 sal\u00e1rio aos Agentes Pol\u00edticos do Munic\u00edpio de Piumhi e d\u00e1 outras provid\u00eancias.\""}, {"id": "6206", "ano": "2019", "numero": "27", "tipo__sigla": "PACON", "tipo__descricao": "Parecer Cont\u00e1bil", "autoria": "Assessoria Cont\u00e1bil - ASCONT", "texto_original": "http://sapl.piumhi.mg.leg.br/media/sapl/public/materialegislativa/2019/6206/2019-07-03_par_cont_27_pdl_002_2019.pdf", "ementa": "Parecer Cont\u00e1bil referente ao Projeto de Decreto Legislativo n\u00ba 002/2019 que \"Disp\u00f5e sobre a outorga do T\u00edtulo de Cidad\u00e3o (a) Honor\u00e1rio (a), T\u00edtulo de Honra ao M\u00e9rito e Medalha 20 de Julho, no ano de 2019, e d\u00e1 outras provid\u00eancias.\""}, {"id": "6209", "ano": "2019", "numero": "28", "tipo__sigla": "PACON", "tipo__descricao": "Parecer Cont\u00e1bil", "autoria": "Assessoria Cont\u00e1bil - ASCONT", "texto_original": "http://sapl.piumhi.mg.leg.br/media/sapl/public/materialegislativa/2019/6209/parecer_contabil_cm_28-2019_-_proj._lei_comp_no_08-2019.pdf", "ementa": "Parecer Cont\u00e1bil referente ao Projeto de Lei Complementar n\u00ba 008/2019 que Disp\u00f5e sobre altera\u00e7\u00e3o da Lei Complementar n\u00b0 52/2018, que institui o Plano de Carreiras, de Cargos, e Vencimentos dos Servidores Municipais de Piumhi e d\u00e1 outras provid\u00eancias."}, {"id": "6210", "ano": "2019", "numero": "29", "tipo__sigla": "PACON", "tipo__descricao": "Parecer Cont\u00e1bil", "autoria": "Assessoria Cont\u00e1bil - ASCONT", "texto_original": "http://sapl.piumhi.mg.leg.br/media/sapl/public/materialegislativa/2019/6210/parecer_contabil_cm_29-2019_-_proj._lei_comp_no_09-2019.pdf", "ementa": "Parecer Cont\u00e1bil n\u00ba 29/2019 referente ao Projeto de Lei Complementar n\u00ba 09/2019 que \u201cDisp\u00f5e sobre altera\u00e7\u00e3o da Lei Complementar n\u00b0 52/2018, que institui o Plano de Carreiras, de Cargos, e Vencimentos dos Servidores Municipais de Piumhi e d\u00e1 outras provid\u00eancias\u201d."}, {"id": "6211", "ano": "2019", "numero": "30", "tipo__sigla": "PACON", "tipo__descricao": "Parecer Cont\u00e1bil", "autoria": "Assessoria Cont\u00e1bil - ASCONT", "texto_original": "http://sapl.piumhi.mg.leg.br/media/sapl/public/materialegislativa/2019/6211/parecer_contabil_cm_30-2019_-_proj_lei_comp_no_10-2019.pdf", "ementa": "Parecer Cont\u00e1bil n\u00ba 30/2019 referente ao Projeto de Lei Complementar n\u00ba 10/2019 que \u201cDisp\u00f5e sobre altera\u00e7\u00e3o da Lei Complementar n\u00b0 52/2018, que institui o Plano de Carreiras, de Cargos, e Vencimentos dos Servidores Municipais de Piumhi e d\u00e1 outras provid\u00eancias\u201d."}, {"id": "6215", "ano": "2019", "numero": "32", "tipo__sigla": "PACON", "tipo__descricao": "Parecer Cont\u00e1bil", "autoria": "Assessoria Cont\u00e1bil - ASCONT", "texto_original": "http://sapl.piumhi.mg.leg.br/media/sapl/public/materialegislativa/2019/6215/parecer_contabil_cm_32-2019.pdf", "ementa": "Parecer Cont\u00e1bil n\u00ba 32/2019 Projeto de Lei Complementar n\u00ba 11/2019 que \u201cAltera e acresce dispositivos \u00e0 Lei Complementar n\u00ba 51/2017, que disp\u00f5e sobre a estrutura organizacional e administrativa do munic\u00edpio de Piumhi e d\u00e1 outras provid\u00eancias\u201d."}, {"id": "6218", "ano": "2019", "numero": "33", "tipo__sigla": "PACON", "tipo__descricao": "Parecer Cont\u00e1bil", "autoria": "Assessoria Cont\u00e1bil - ASCONT", "texto_original": "http://sapl.piumhi.mg.leg.br/media/sapl/public/materialegislativa/2019/6218/parecer_contabil_cm_33-2019.pdf", "ementa": "Parecer Cont\u00e1bil referente ao Projeto de Lei Complementar n\u00ba 12/2019 que \u201cDisp\u00f5e sobre altera\u00e7\u00e3o da Lei Complementar n\u00b0 52/2018, que institui o Piano de Carreiras, de Cargos, e Vencimentos dos Servidores Municipais de Piumhi e d\u00e1 outras provid\u00eancias\u201d."}, {"id": "6220", "ano": "2019", "numero": "34", "tipo__sigla": "PACON", "tipo__descricao": "Parecer Cont\u00e1bil", "autoria": "Assessoria Cont\u00e1bil - ASCONT", "texto_original": "http://sapl.piumhi.mg.leg.br/media/sapl/public/materialegislativa/2019/6220/parecer_contabil_cm_34-2019.pdf", "ementa": "Parecer Cont\u00e1bil referente ao Projeto de Lei Complementar n\u00ba 13/2019 que \u201cAltera e acresce dispositivos \u00e0 Lei Complementar n\u00b0 51/2017, que disp\u00f5e sobre a estrutura organizacional e administrativa do munic\u00edpio de Piumhi e d\u00e1 outras provid\u00eancias\u201d."}, {"id": "1270", "ano": "2019", "numero": "35", "tipo__sigla": "PACON", "tipo__descricao": "Parecer Cont\u00e1bil", "autoria": "Assessoria Cont\u00e1bil - ASCONT", "texto_original": "http://sapl.piumhi.mg.leg.br/media/sapl/public/materialegislativa/2019/1270/parecer_contabil_no_cm_35-2019.pdf", "ementa": "Trata-se o presente projeto de Lei, \u201cAutoriza a celebra\u00e7\u00e3o de Conv\u00eanio de Coopera\u00e7\u00e3o entre o Munic\u00edpio de Piumhi, com a interveni\u00eancia do Servi\u00e7o Aut\u00f4nomo de \u00c1gua e Esgoto, e a Ag\u00eancia Reguladora Intermunicipal de Saneamento B\u00e1sico de Minas Gerais - ARISB-MG para regula\u00e7\u00e3o e fiscaliza\u00e7\u00e3o dos servi\u00e7os de saneamento b\u00e1sico e d\u00e1 outras provid\u00eancias\u201d. Neste quesito o que necessita esta assessoria cont\u00e1bil \u00e9 analisar a compatibilidade do projeto com o or\u00e7amento em execu\u00e7\u00e3o, no qual identificamos h\u00e1 necessidade de cria\u00e7\u00e3o de uma nova despesa, assim, podemos identificar no Projeto de Lei em an\u00e1lise o pedido de autoriza\u00e7\u00e3o ao legislativo municipal para cria\u00e7\u00e3o do cr\u00e9dito especial, com a abertura da referida despesa usando como recursos para cria\u00e7\u00e3o da mesma o \u00a7 I\u00ba da lei 4.320/64. Assim, este projeto est\u00e1 dentro das normativas cont\u00e1beis existentes. Diante dos apontamentos acima, sou pelo parecer FAVOR\u00c1VEL a continuidade do tramite do referido projeto, cabendo aos nobres vereadores \u00e0 aprecia\u00e7\u00e3o"}, {"id": "1196", "ano": "2019", "numero": "37", "tipo__sigla": "PACON", "tipo__descricao": "Parecer Cont\u00e1bil", "autoria": "Assessoria Cont\u00e1bil - ASCONT", "texto_original": "http://sapl.piumhi.mg.leg.br/media/sapl/public/materialegislativa/2019/1196/parecer_contabil_no_cm_37-2019.pdf", "ementa": "Parecer Cont\u00e1bil referente ao Projeto de Decreto Legislativo n\u00ba 03/2019 que \u201cDisp\u00f5e sobre a outorga do \"Pr\u00eamio Boina de Ouro - Policial Nota 10\", no ano de 2019, e d\u00e1 outras provid\u00eancias\u201d."}, {"id": "2779", "ano": "2019", "numero": "38", "tipo__sigla": "PACON", "tipo__descricao": "Parecer Cont\u00e1bil", "autoria": "Assessoria Cont\u00e1bil - ASCONT", "texto_original": "http://sapl.piumhi.mg.leg.br/media/sapl/public/materialegislativa/2019/2779/parecer_contabil_no_38-2019.pdf", "ementa": "Parecer Cont\u00e1bil referente ao Projeto de Lei n\u00ba 42/2019 que \"Estima a Receita e Fixa a Despesa do Munic\u00edpio para o Exerc\u00edcio de 2020\"."}, {"id": "1333", "ano": "2019", "numero": "39", "tipo__sigla": "PACON", "tipo__descricao": "Parecer Cont\u00e1bil", "autoria": "Assessoria Cont\u00e1bil - ASCONT", "texto_original": "http://sapl.piumhi.mg.leg.br/media/sapl/public/materialegislativa/2019/1333/parecer_contabil_no_cm_39-2019.pdf", "ementa": "Parecer Cont\u00e1bil referente ao Projeto de Lei n\u00ba 43/2019 que \"Incluem novas a\u00e7\u00f5es a Lei 2316/2017, Plano Plurianual 2018-2021 do Munic\u00edpio de Piumhi para o exerc\u00edcio de 2019. \""}, {"id": "1427", "ano": "2019", "numero": "40", "tipo__sigla": "PACON", "tipo__descricao": "Parecer Cont\u00e1bil", "autoria": "Assessoria Cont\u00e1bil - ASCONT", "texto_original": "http://sapl.piumhi.mg.leg.br/media/sapl/public/materialegislativa/2019/1427/parecer_contabil_no_cm_40-2019.pdf", "ementa": "Parecer Cont\u00e1bil referente ao Projeto de Decreto Legislativo n\u00ba 04/2019."}, {"id": "1284", "ano": "2019", "numero": "41", "tipo__sigla": "PACON", "tipo__descricao": "Parecer Cont\u00e1bil", "autoria": "Assessoria Cont\u00e1bil - ASCONT", "texto_original": "http://sapl.piumhi.mg.leg.br/media/sapl/public/materialegislativa/2019/1284/parecer_contabil_no_cm_41-2019.pdf", "ementa": "Parecer Cont\u00e1bil referente ao Projeto de Lei n\u00ba 46/2019."}, {"id": "2478", "ano": "2019", "numero": "42", "tipo__sigla": "PACON", "tipo__descricao": "Parecer Cont\u00e1bil", "autoria": "Assessoria Cont\u00e1bil - ASCONT", "texto_original": "http://sapl.piumhi.mg.leg.br/media/sapl/public/materialegislativa/2019/2478/parecer_contabil_42-2019.pdf", "ementa": "Parecer Cont\u00e1bil referente ao Projeto de Lei n\u00ba 45/2019 que \u201cAutoriza o Poder Executivo Municipal a conceder a t\u00edtulo oneroso ou gratuito, a pessoas f\u00edsicas ou jur\u00eddicas, o uso e ocupa\u00e7\u00e3o de bens municipais para fins de realiza\u00e7\u00e3o de eventos e/ou explora\u00e7\u00e3o econ\u00f4mica, mediante os instrumentos da permiss\u00e3o e concess\u00e3o e d\u00e1 outras provid\u00eancias\u201d."}, {"id": "6251", "ano": "2019", "numero": "43", "tipo__sigla": "PACON", "tipo__descricao": "Parecer Cont\u00e1bil", "autoria": "Assessoria Cont\u00e1bil - ASCONT", "texto_original": "http://sapl.piumhi.mg.leg.br/media/sapl/public/materialegislativa/2024/6251/parecer_contabil_cm_43-2019_plc_008.pdf", "ementa": "Parecer Cont\u00e1bil referente ao Projeto de Lei Complementar n\u00ba 008/2019 que \"Disp\u00f5e sobre altera\u00e7\u00e3o da Lei Complementar n\u00b0 52/2018, que institui o Plano de Carreiras, de Cargos, e vencimentos dos Servidores Municipais de Piumhi e d\u00e1 outras provid\u00eancias\u201d; \u201cAltera e acresce dispositivos \u00e0 Lei Complementar n\u00b0 51/2017 que disp\u00f5e sobre a Estrutura Organizacional e Administrativa do Munic\u00edpio de Piumhi e d\u00e1 outras Provid\u00eancias\u201d."}, {"id": "1359", "ano": "2019", "numero": "44", "tipo__sigla": "PACON", "tipo__descricao": "Parecer Cont\u00e1bil", "autoria": "Assessoria Cont\u00e1bil - ASCONT", "texto_original": "http://sapl.piumhi.mg.leg.br/media/sapl/public/materialegislativa/2019/1359/parecer_contabil_no_44-2019.pdf", "ementa": "Parecer Cont\u00e1bil referente ao Projeto de Decreto Legislativo n\u00ba 05/2019 que \u201cDisp\u00f5e sobre a outorga do Trof\u00e9u Ra\u00e7a Negra, no ano de 2019, em comemora\u00e7\u00e3o ao Dia Nacional da Consci\u00eancia Negra e d\u00e1 outras provid\u00eancias\u201d."}, {"id": "1398", "ano": "2019", "numero": "45", "tipo__sigla": "PACON", "tipo__descricao": "Parecer Cont\u00e1bil", "autoria": "Assessoria Cont\u00e1bil - ASCONT", "texto_original": "http://sapl.piumhi.mg.leg.br/media/sapl/public/materialegislativa/2019/1398/parecer_contabil_no_cm-45-2019.pdf", "ementa": "Parecer Cont\u00e1bil referente \u00e0 Presta\u00e7\u00e3o de Contas do Munic\u00edpio de Piumhi - Exerc\u00edcio 2014."}, {"id": "2539", "ano": "2019", "numero": "46", "tipo__sigla": "PACON", "tipo__descricao": "Parecer Cont\u00e1bil", "autoria": "Assessoria Cont\u00e1bil - ASCONT", "texto_original": "http://sapl.piumhi.mg.leg.br/media/sapl/public/materialegislativa/2019/2539/despacho_assessoria_contabil.pdf", "ementa": "Parecer Cont\u00e1bil referente ao Projeto de Lei n\u00ba 57/2019 que \u201cDisp\u00f5e sobre o trabalho do menor aprendiz no \u00e2mbito da Administra\u00e7\u00e3o P\u00fablica Direta e Indireta do Munic\u00edpio de Piumhi/MG e d\u00e1 outras provid\u00eancias\u201d."}, {"id": "6252", "ano": "2019", "numero": "47", "tipo__sigla": "PACON", "tipo__descricao": "Parecer Cont\u00e1bil", "autoria": "Assessoria Cont\u00e1bil - ASCONT", "texto_original": "http://sapl.piumhi.mg.leg.br/media/sapl/public/materialegislativa/2019/6252/parecer_contabil_cm_no47-2019.pdf", "ementa": "Parecer Cont\u00e1bil n\u00ba 47/2019 referente ao Projeto de Resolu\u00e7\u00e3o n\u00ba 006/2019 que \"Autoriza o pagamento de subs\u00eddios dos Vereadores, Vencimentos dos Servidores e demais despesas de manuten\u00e7\u00e3o at\u00e9 o dia 20/12/2019 e d\u00e1 outras provid\u00eancias. \u201d"}, {"id": "2547", "ano": "2019", "numero": "48", "tipo__sigla": "PACON", "tipo__descricao": "Parecer Cont\u00e1bil", "autoria": "Assessoria Cont\u00e1bil - ASCONT", "texto_original": "http://sapl.piumhi.mg.leg.br/media/sapl/public/materialegislativa/2019/2547/parecer_contabil_no_48-2019.pdf", "ementa": "Parecer Cont\u00e1bil referente ao Projeto de Lei n\u00ba 60/2019 que \u201cAltera o Anexo I da Lei n\u00b0 2.314/2017, modificada pela Lei 2.353/2018, Que \u201cDisp\u00f5e sobre o pagamento de di\u00e1rias de viagem a agentes pol\u00edticos e servidores municipais e d\u00e1 outras provid\u00eancias\u201d."}, {"id": "2558", "ano": "2019", "numero": "49", "tipo__sigla": "PACON", "tipo__descricao": "Parecer Cont\u00e1bil", "autoria": "Assessoria Cont\u00e1bil - ASCONT", "texto_original": "http://sapl.piumhi.mg.leg.br/media/sapl/public/materialegislativa/2019/2558/parecer_contabil_no_49-2019.pdf", "ementa": "Parecer Cont\u00e1bil referente ao Projeto de Lei n\u00ba 63/2019 que \u201cDisp\u00f5e sobre a cria\u00e7\u00e3o e denomina\u00e7\u00e3o do Centro Municipal de Educa\u00e7\u00e3o Infantil Andr\u00e9 Mour\u00e3o e d\u00e1 outras provid\u00eancias\u201d."}, {"id": "2553", "ano": "2019", "numero": "50", "tipo__sigla": "PACON", "tipo__descricao": "Parecer Cont\u00e1bil", "autoria": "Assessoria Cont\u00e1bil - ASCONT", "texto_original": "http://sapl.piumhi.mg.leg.br/media/sapl/public/materialegislativa/2019/2553/parecer_contabil_no_50-2019.pdf", "ementa": "Parecer Cont\u00e1bil referente ao Projeto de Lei n\u00ba 62/2019 que \u201cDisp\u00f5e sobre a cria\u00e7\u00e3o de Cart\u00e3o Alimenta\u00e7\u00e3o aos servidores p\u00fablicos da C\u00e2mara Municipal de Piumhi/MG, e d\u00e1 outras provid\u00eancias\u201d."}, {"id": "2562", "ano": "2019", "numero": "51", "tipo__sigla": "PACON", "tipo__descricao": "Parecer Cont\u00e1bil", "autoria": "Assessoria Cont\u00e1bil - ASCONT", "texto_original": "http://sapl.piumhi.mg.leg.br/media/sapl/public/materialegislativa/2019/2562/parecer_contabil_no_51-2019.pdf", "ementa": "Parecer Cont\u00e1bil referente ao Projeto de Lei n\u00ba 65/2019 que \u201cAutoriza o Poder Executivo Municipal a instituir gratifica\u00e7\u00e3o para Farmac\u00eautico (s) Respons\u00e1vel (eis) T\u00e9cnico (s) pela Unidade Farm\u00e1cia de Minas e d\u00e1 outras provid\u00eancias\u201d."}, {"id": "1393", "ano": "2019", "numero": "52", "tipo__sigla": "PACON", "tipo__descricao": "Parecer Cont\u00e1bil", "autoria": "Assessoria Cont\u00e1bil - ASCONT", "texto_original": "http://sapl.piumhi.mg.leg.br/media/sapl/public/materialegislativa/2019/1393/parecer_contabil_no_cm_52-2019.pdf", "ementa": "Parecer Cont\u00e1bil referente ao Projeto de Lei Complementar n\u00ba 04/2019 que \"Disp\u00f5e sobre a organiza\u00e7\u00e3o administrativa do Servi\u00e7o Aut\u00f4nomo de \u00c1gua e Esgoto de Piumhi - Minas Gerais, sua reestrutura\u00e7\u00e3o e a compet\u00eancia de seus \u00f3rg\u00e3os e sobre a reestrutura\u00e7\u00e3o do Plano de Carreiras, de Cargos e Vencimentos dos Servidores da Autarquia e d\u00e1 outras provid\u00eancias\"."}, {"id": "2565", "ano": "2019", "numero": "53", "tipo__sigla": "PACON", "tipo__descricao": "Parecer Cont\u00e1bil", "autoria": "Assessoria Cont\u00e1bil - ASCONT", "texto_original": "http://sapl.piumhi.mg.leg.br/media/sapl/public/materialegislativa/2019/2565/parecer_contabil_no_53-2019.pdf", "ementa": "Parecer Cont\u00e1bil referente ao Projeto de Lei n\u00ba 68/2019 que \u201cDisp\u00f5e sobre a Pol\u00edtica Municipal de Meio Ambiente, seus fins e mecanismo de formula\u00e7\u00e3o e aplica\u00e7\u00e3o, cria o Sistema Municipal de Meio Ambiente - SISMMA, estabelece o Licenciamento Ambiental Municipal de atividades e empreendimentos potencialmente causadores de polui\u00e7\u00e3o e/ou degrada\u00e7\u00e3o ambiental, especifica as san\u00e7\u00f5es aplic\u00e1veis \u00e0s condutas e atividades lesivas ao meio ambiente, e d\u00e1 outras providencias.\u201d"}, {"id": "2569", "ano": "2019", "numero": "54", "tipo__sigla": "PACON", "tipo__descricao": "Parecer Cont\u00e1bil", "autoria": "Assessoria Cont\u00e1bil - ASCONT", "texto_original": "http://sapl.piumhi.mg.leg.br/media/sapl/public/materialegislativa/2019/2569/parecer_contabil_no_54-2019.pdf", "ementa": "Parecer Cont\u00e1bil referente ao Projeto de Lei n\u00ba 69/2019 que \u201cAutoriza a libera\u00e7\u00e3o de recurso, contribui\u00e7\u00f5es e aux\u00edlio financeiro no exerc\u00edcio financeiro de 2020 e d\u00e1 outras provid\u00eancias\u201d."}, {"id": "630", "ano": "2019", "numero": "1", "tipo__sigla": "PAJUR", "tipo__descricao": "Parecer Jur\u00eddico", "autoria": "Assessoria Jur\u00eddica - ASJUR", "texto_original": "http://sapl.piumhi.mg.leg.br/media/sapl/public/materialegislativa/2019/630/parecer_juridico_no_1_de_2019i.pdf", "ementa": "Parecer Jur\u00eddico n\u00ba CM-01/2019 que \u201cDisp\u00f5e sobre a revis\u00e3o geral e anual do vencimento dos servidores p\u00fablicos, ativos, inativos, e pensionistas da Administra\u00e7\u00e3o Direta e Indireta Municipal e d\u00e1 outras provid\u00eancias\u201d."}, {"id": "632", "ano": "2019", "numero": "2", "tipo__sigla": "PAJUR", "tipo__descricao": "Parecer Jur\u00eddico", "autoria": "Assessoria Jur\u00eddica - ASJUR", "texto_original": "http://sapl.piumhi.mg.leg.br/media/sapl/public/materialegislativa/2019/632/parecer_juridico_no_2_de_2019i.pdf", "ementa": "Parecer Jur\u00eddico n\u00ba CM-02/2019 referente ao Projeto de Lei n\u00ba 02/2019 que \u201cDisp\u00f5e sobre a revis\u00e3o geral e anual dos vencimentos dos servidores da C\u00e2mara Municipal de Piumhi - MG para o exerc\u00edcio de 2019 e d\u00e1 outras provid\u00eancias\u201c."}, {"id": "634", "ano": "2019", "numero": "3", "tipo__sigla": "PAJUR", "tipo__descricao": "Parecer Jur\u00eddico", "autoria": "Assessoria Jur\u00eddica - ASJUR", "texto_original": "http://sapl.piumhi.mg.leg.br/media/sapl/public/materialegislativa/2019/634/parecer_juridico_no_3_de_2019i.pdf", "ementa": "Parecer Jur\u00eddico n\u00ba 03/2019 referente ao Projeto de Lei n\u00ba 03/2019 que \u201cAutoriza a libera\u00e7\u00e3o de recursos, contribui\u00e7\u00f5es e auxilio financeiro no exerc\u00edcio financeiro de 2019 e d\u00e1 outras provid\u00eancias\u201d."}, {"id": "635", "ano": "2019", "numero": "4", "tipo__sigla": "PAJUR", "tipo__descricao": "Parecer Jur\u00eddico", "autoria": "", "texto_original": "http://sapl.piumhi.mg.leg.br/media/sapl/public/materialegislativa/2019/635/parecer_juridico_no_4_de_2019i.pdf", "ementa": "\u201cDisp\u00f5e sobre a altera\u00e7\u00e3o da Lei Complementar 52/2018, que institui o Plano de Carreiras, de Cargos e Vencimentos dos Servidores Municipais de Piumhi e d\u00e1 outras provid\u00eancias.\""}, {"id": "637", "ano": "2019", "numero": "5", "tipo__sigla": "PAJUR", "tipo__descricao": "Parecer Jur\u00eddico", "autoria": "Assessoria Jur\u00eddica - ASJUR", "texto_original": "http://sapl.piumhi.mg.leg.br/media/sapl/public/materialegislativa/2019/637/parecer_juridico_cm_05_-_2019i_Xevhbsj.pdf", "ementa": "Parecer Jur\u00eddico n\u00ba CM-05/2019 referente ao Projeto de Lei n\u00b0 58/2018 que \"D\u00e1 nome de Jos\u00e9 Germano da Costa (Z\u00e9 Ces\u00e1rio) \u00e0 Estrada de acesso \u00e0s torres da Serra da Pimenta no Km 260 da MG-050, no Munic\u00edpio de Piumhi-MG e d\u00e1 outras providencias\"."}, {"id": "638", "ano": "2019", "numero": "6", "tipo__sigla": "PAJUR", "tipo__descricao": "Parecer Jur\u00eddico", "autoria": "Assessoria Jur\u00eddica - ASJUR", "texto_original": "http://sapl.piumhi.mg.leg.br/media/sapl/public/materialegislativa/2019/638/parecer_juridico_cm_06_-_2019i_gBVmRD9.pdf", "ementa": "Parecer Jur\u00eddico n\u00ba CM-06/2019 referente ao Projeto de Lei n\u00ba 57/2018 que \u201cDisp\u00f5e sobre o preenchimento de Declara\u00e7\u00e3o de \u00d3bito pelos M\u00e9dicos do Munic\u00edpio de Piumhi que atendem nas Unidades B\u00e1sicas de Sa\u00fade ou pelo Sistema de Assist\u00eancia Domiciliar em Piumhi\u2019\u2019."}, {"id": "717", "ano": "2019", "numero": "7", "tipo__sigla": "PAJUR", "tipo__descricao": "Parecer Jur\u00eddico", "autoria": "Assessoria Jur\u00eddica - ASJUR", "texto_original": "http://sapl.piumhi.mg.leg.br/media/sapl/public/materialegislativa/2019/717/parecer_juridico_no_7_de_2019i_aKzMqom.pdf", "ementa": "\u2018\u2018Altera e acresce dispositivos \u00e0 Lei Complementar n\u00b0 51/2017 que disp\u00f5e sobre a Estrutura Organizacional e Administrativa do Munic\u00edpio de Piumhi e d\u00e1 outras provid\u00eancias. \u201d"}, {"id": "718", "ano": "2019", "numero": "8", "tipo__sigla": "PAJUR", "tipo__descricao": "Parecer Jur\u00eddico", "autoria": "Assessoria Jur\u00eddica - ASJUR", "texto_original": "http://sapl.piumhi.mg.leg.br/media/sapl/public/materialegislativa/2019/718/parecer_juridico_no_8_de_2019i.pdf", "ementa": "\u201cDisp\u00f5e sobre altera\u00e7\u00e3o da Lei Complementar n\u00b0 52/2018 que institui o Plano de Carreiras, de Cargos e Vencimentos dos Servidores Municipais de Piumhi e d\u00e1 outras provid\u00eancias. \u201d"}, {"id": "731", "ano": "2019", "numero": "9", "tipo__sigla": "PAJUR", "tipo__descricao": "Parecer Jur\u00eddico", "autoria": "Assessoria Jur\u00eddica - ASJUR", "texto_original": "http://sapl.piumhi.mg.leg.br/media/sapl/public/materialegislativa/2019/731/parecer_juridico_no_cm_09_-_2019_ref_proj_lei_56_-_2018i.pdf", "ementa": "Parecer Jur\u00eddico referente ao Projeto de Lei n\u00ba 56/2018 que \u201cDisp\u00f5e sobre o acesso gratuito de pessoas com defici\u00eancia em eventos esportivos e socioculturais no \u00e2mbito do Munic\u00edpio de Piumhi\u201d."}, {"id": "732", "ano": "2019", "numero": "10", "tipo__sigla": "PAJUR", "tipo__descricao": "Parecer Jur\u00eddico", "autoria": "Assessoria Jur\u00eddica - ASJUR", "texto_original": "http://sapl.piumhi.mg.leg.br/media/sapl/public/materialegislativa/2019/732/parecer_juridico_no_cm_10_-_2019_ref_proj_lei_59_-_2018i.pdf", "ementa": "\"D\u00e1 Nome de Andr\u00e9 Mour\u00e3o \u00e0 Creche situada na Rua Agneltina Guimar\u00e3es, n. 109, Bairro Novo Tempo em Piumhi.\u201d,"}, {"id": "1190", "ano": "2019", "numero": "11", "tipo__sigla": "PAJUR", "tipo__descricao": "Parecer Jur\u00eddico", "autoria": "Assessoria Jur\u00eddica - ASJUR", "texto_original": "http://sapl.piumhi.mg.leg.br/media/sapl/public/materialegislativa/2019/1190/parecer_juridico_no_cm_11-2019_-_proj._dec._leg_9TtkSFY.pdf", "ementa": "Parecer Jur\u00eddico n\u00ba CM-11/2019 referente ao Projeto de Decreto Legislativo n\u00ba 03/2018 que \"Disp\u00f5e sobre a homenagem 'Trof\u00e9u Ra\u00e7a Negra' em comemora\u00e7\u00e3o ao Dia Nacional da Consci\u00eancia Negra e d\u00e1 outras provid\u00eancias\"."}, {"id": "734", "ano": "2019", "numero": "12", "tipo__sigla": "PAJUR", "tipo__descricao": "Parecer Jur\u00eddico", "autoria": "Assessoria Jur\u00eddica - ASJUR", "texto_original": "http://sapl.piumhi.mg.leg.br/media/sapl/public/materialegislativa/2019/734/parecer_juridico_no_cm_12_-_2019_ref_proj_lei__0_Xomk0Pb.pdf", "ementa": "Parecer Jur\u00eddico n\u00ba CM-12/2019 referente ao Projeto de Lei n\u00ba 04/2019 que \u201cInclui par\u00e1grafo \u00fanico no artigo 2\u00ba da Lei n\u00b0 2.372/2018, de 17 de dezembro de 2018, autorizando a desafeta\u00e7\u00e3o de \u00e1rea e d\u00e1 outras provid\u00eancias\u201d."}, {"id": "735", "ano": "2019", "numero": "13", "tipo__sigla": "PAJUR", "tipo__descricao": "Parecer Jur\u00eddico", "autoria": "Assessoria Jur\u00eddica - ASJUR", "texto_original": "http://sapl.piumhi.mg.leg.br/media/sapl/public/materialegislativa/2019/735/parecer_juridico_no_cm_13_-_2019_ref_proj_lei__0_6c3OQ5u.pdf", "ementa": "Parecer Jur\u00eddico n\u00ba CM-13/2019 referente ao Projeto de Lei n\u00ba 05/2019 que \u201cInclui par\u00e1grafo \u00fanico no artigo 2\u00ba da Lei n\u00b0 2.373/2018, de 17 de dezembro de 2018, autorizando a desafeta\u00e7\u00e3o de \u00e1rea e d\u00e1 outras provid\u00eancias\u201d."}, {"id": "745", "ano": "2019", "numero": "14", "tipo__sigla": "PAJUR", "tipo__descricao": "Parecer Jur\u00eddico", "autoria": "Assessoria Jur\u00eddica - ASJUR", "texto_original": "http://sapl.piumhi.mg.leg.br/media/sapl/public/materialegislativa/2019/745/parecer_juridico_no_cm_14_-_2019i.pdf", "ementa": "\u201cConcede piso salarial profissional aos Agentes Comunit\u00e1rios de Sa\u00fade e Agentes de Combate \u00e0 Endemias e d\u00e1 outras provid\u00eancias\u201d."}, {"id": "822", "ano": "2019", "numero": "15", "tipo__sigla": "PAJUR", "tipo__descricao": "Parecer Jur\u00eddico", "autoria": "Assessoria Jur\u00eddica - ASJUR", "texto_original": "http://sapl.piumhi.mg.leg.br/media/sapl/public/materialegislativa/2019/822/parecer_juridico_no_15_-_2019i.pdf", "ementa": "Disp\u00f5e sobre a outorga da homenagem \u2018Brilhantes Mulheres\u2019 e d\u00e1 outras provid\u00eancias."}, {"id": "823", "ano": "2019", "numero": "16", "tipo__sigla": "PAJUR", "tipo__descricao": "Parecer Jur\u00eddico", "autoria": "Assessoria Jur\u00eddica - ASJUR", "texto_original": "http://sapl.piumhi.mg.leg.br/media/sapl/public/materialegislativa/2019/823/parecer_juridico_no_cm_16-2019.pdf", "ementa": "Parecer Jur\u00eddico n\u00ba CM-16/2019 referente ao Projeto de Lei n\u00ba 08/2019/Mensagem Aditiva que \"Autoriza os donat\u00e1rios oriundos da Lei 2.039/2011 a constru\u00edrem nos lotes recebidos em doa\u00e7\u00e3o e d\u00e1 outras provid\u00eancias\u201d."}, {"id": "880", "ano": "2019", "numero": "17", "tipo__sigla": "PAJUR", "tipo__descricao": "Parecer Jur\u00eddico", "autoria": "Assessoria Jur\u00eddica - ASJUR", "texto_original": "http://sapl.piumhi.mg.leg.br/media/sapl/public/materialegislativa/2019/880/parecer_juridico_no_17_-_2019i.pdf", "ementa": "Disp\u00f5e sobre a autoriza\u00e7\u00e3o ao Poder Executivo para conceder desconto no pagamento em at\u00e9 03 (tr\u00eas) parcelas do Imposto Predial e Territorial Urbano - IPTU e d\u00e1 outras provid\u00eancias."}, {"id": "864", "ano": "2019", "numero": "18", "tipo__sigla": "PAJUR", "tipo__descricao": "Parecer Jur\u00eddico", "autoria": "Assessoria Jur\u00eddica - ASJUR", "texto_original": "http://sapl.piumhi.mg.leg.br/media/sapl/public/materialegislativa/2019/864/parecer_juridico_no_18_2019i.pdf", "ementa": "Parecer Jur\u00eddico referente ao Projeto de Resolu\u00e7\u00e3o n\u00ba 01/2019 que \"Regulamenta a utiliza\u00e7\u00e3o do Plen\u00e1rio e outras depend\u00eancias da C\u00e2mara Municipal de Piumhi e d\u00e1 outras provid\u00eancias\"."}, {"id": "866", "ano": "2019", "numero": "19", "tipo__sigla": "PAJUR", "tipo__descricao": "Parecer Jur\u00eddico", "autoria": "Assessoria Jur\u00eddica - ASJUR", "texto_original": "http://sapl.piumhi.mg.leg.br/media/sapl/public/materialegislativa/2019/866/parecer_juridico_no_cm_19_-_2019i.pdf", "ementa": "Parecer Jur\u00eddico n\u00ba CM-19/2019 referente ao Projeto de Lei n\u00ba 09/2019 que \"D\u00e1 Nome de Jos\u00e9 Jader Melo \u00e0 Rua A, no loteamento Maria Luiza - Bairro Lagoa de Tr\u00e1s, no Munic\u00edpio de Piumhi-MG\u201d."}, {"id": "900", "ano": "2019", "numero": "20", "tipo__sigla": "PAJUR", "tipo__descricao": "Parecer Jur\u00eddico", "autoria": "Assessoria Jur\u00eddica - ASJUR", "texto_original": "http://sapl.piumhi.mg.leg.br/media/sapl/public/materialegislativa/2019/900/parecer_juridico_no_cm_20_-_2019i.pdf", "ementa": "Parecer Jur\u00eddico n\u00ba CM-20/2019 referente ao Projeto de Lei n\u00ba 12/2019 que \u201cDisp\u00f5e sobre a pol\u00edtica municipal de atendimento dos direitos da crian\u00e7a e do adolescente e d\u00e1 outras provid\u00eancias\u201d."}, {"id": "1343", "ano": "2019", "numero": "21", "tipo__sigla": "PAJUR", "tipo__descricao": "Parecer Jur\u00eddico", "autoria": "Assessoria Jur\u00eddica - ASJUR", "texto_original": "http://sapl.piumhi.mg.leg.br/media/sapl/public/materialegislativa/2019/1343/parecer_juridico_cm_21_-_2019.pdf", "ementa": "Parecer Jur\u00eddico n\u00ba CM 21-2019 referente ao Projeto de Lei n\u00ba 10/2019 que \u201cPERMITE O PODER EXECUTIVO MUNICIPAL A AUTORIZAR O USO DE ESPA\u00c7O P\u00daBLICO PARA INSTALA\u00c7\u00c3O DE REL\u00d3GIO ELETR\u00d4NICO INFORMATIVO, E D\u00c1 OUTRAS PROVID\u00caNCIAS\u201d."}, {"id": "1010", "ano": "2019", "numero": "22", "tipo__sigla": "PAJUR", "tipo__descricao": "Parecer Jur\u00eddico", "autoria": "Assessoria Jur\u00eddica - ASJUR", "texto_original": "http://sapl.piumhi.mg.leg.br/media/sapl/public/materialegislativa/2019/1010/parecer_juridico_cm_22_-_2019i.pdf", "ementa": "Autoriza o Poder Executivo Municipal a proceder \u00e0 concess\u00e3o do uso, para instala\u00e7\u00e3o e manuten\u00e7\u00e3o de placas indicativas de vias e logradouros p\u00fablicos da zona urbana do munic\u00edpio, mediante explora\u00e7\u00e3o de servi\u00e7os de publicidade."}, {"id": "917", "ano": "2019", "numero": "23", "tipo__sigla": "PAJUR", "tipo__descricao": "Parecer Jur\u00eddico", "autoria": "Assessoria Jur\u00eddica - ASJUR", "texto_original": "http://sapl.piumhi.mg.leg.br/media/sapl/public/materialegislativa/2019/917/parecer_juridico_cm_23_-_2019i.pdf", "ementa": "\"D\u00e1 Nome de Bairro Alvorada ao Loteamento Alvorada e d\u00e1 outras provid\u00eancias\u201d"}, {"id": "916", "ano": "2019", "numero": "24", "tipo__sigla": "PAJUR", "tipo__descricao": "Parecer Jur\u00eddico", "autoria": "Assessoria Jur\u00eddica - ASJUR", "texto_original": "http://sapl.piumhi.mg.leg.br/media/sapl/public/materialegislativa/2019/916/parecer_juridico_cm_24_-_2019i.pdf", "ementa": "\u2018\u2018Declara de Utilidade P\u00fablica a Associa\u00e7\u00e3o de Prote\u00e7\u00e3o aos Animais de Rua de Piumhi - C\u00e3o Viver Associados - e d\u00e1 outras providencias.\u201d"}, {"id": "1367", "ano": "2019", "numero": "25", "tipo__sigla": "PAJUR", "tipo__descricao": "Parecer Jur\u00eddico", "autoria": "Assessoria Jur\u00eddica - ASJUR", "texto_original": "http://sapl.piumhi.mg.leg.br/media/sapl/public/materialegislativa/2019/1367/parecer_juridico_no_cm_25-2019.pdf", "ementa": "Parecer Jur\u00eddico referente ao Projeto de Lei n\u00ba 13/2019 que \u201cAutoriza o Poder Executivo a firmar conv\u00eanio com o Sindicato Rural de Piumhi e d\u00e1 outras provid\u00eancias\u201d."}, {"id": "1337", "ano": "2019", "numero": "26", "tipo__sigla": "PAJUR", "tipo__descricao": "Parecer Jur\u00eddico", "autoria": "Assessoria Jur\u00eddica - ASJUR", "texto_original": "http://sapl.piumhi.mg.leg.br/media/sapl/public/materialegislativa/2019/1337/parecer_juridico_no_cm_26-2019.pdf", "ementa": "Parecer Jur\u00eddico referente ao Projeto de Lei n\u00ba 07/2019 que \"Autoriza o Poder Executivo a firmar conv\u00eanio com o Munic\u00edpio de Capit\u00f3lio e d\u00e1 outras provid\u00eancias\"."}, {"id": "973", "ano": "2019", "numero": "27", "tipo__sigla": "PAJUR", "tipo__descricao": "Parecer Jur\u00eddico", "autoria": "Assessoria Jur\u00eddica - ASJUR", "texto_original": "http://sapl.piumhi.mg.leg.br/media/sapl/public/materialegislativa/2019/973/parecer_juridico_no_cm_27_-_2019i.pdf", "ementa": "Disp\u00f5e sobre Desafeta\u00e7\u00e3o de bem p\u00fablico e d\u00e1 outras provid\u00eancias."}, {"id": "1279", "ano": "2019", "numero": "28", "tipo__sigla": "PAJUR", "tipo__descricao": "Parecer Jur\u00eddico", "autoria": "Assessoria Jur\u00eddica - ASJUR", "texto_original": "http://sapl.piumhi.mg.leg.br/media/sapl/public/materialegislativa/2019/1279/parecer_juridico_no_cm_28-2019.pdf", "ementa": "Parecer Jur\u00eddico referente ao Projeto de Resolu\u00e7\u00e3o n\u00ba 02/2019 que \u201cDisp\u00f5e sobre os servi\u00e7os de Ouvidoria no \u00e2mbito da C\u00e2mara Municipal de Piumhi-MG e d\u00e1 outras provid\u00eancias\"."}, {"id": "975", "ano": "2019", "numero": "29", "tipo__sigla": "PAJUR", "tipo__descricao": "Parecer Jur\u00eddico", "autoria": "Assessoria Jur\u00eddica - ASJUR", "texto_original": "http://sapl.piumhi.mg.leg.br/media/sapl/public/materialegislativa/2019/975/parecer_juridico_no_cm_29_-_2019i.pdf", "ementa": "Autoriza o Poder Executivo a conceder Anistia Fiscal conto forma de manuten\u00e7\u00e3o do Programa de Recupera\u00e7\u00e3o de Cr\u00e9ditos Tribut\u00e1rios relativos a impostos e taxas, criado pela Lei Municipal n\u00b0 1709/2005 e d\u00e1 outras provid\u00eancias"}, {"id": "1118", "ano": "2019", "numero": "31", "tipo__sigla": "PAJUR", "tipo__descricao": "Parecer Jur\u00eddico", "autoria": "Assessoria Jur\u00eddica - ASJUR", "texto_original": "http://sapl.piumhi.mg.leg.br/media/sapl/public/materialegislativa/2019/1118/parecer_juridico_no_cm_31_-_2019_-_ref_projeto__mOnuVqf.pdf", "ementa": "Parecer Jur\u00eddico referente ao Projeto de Lei n\u00ba 14/2019 que \"Altera o Art. 5\u00ba, incisos I e II, par\u00e1grafos \u00a7\u00a7 2\u00ba e 4\u00ba da Lei n\u00b0 1906/2009 que \u201cCria o Fundo Municipal de Habita\u00e7\u00e3o de Interesse Social - FHIS e institui o Conselho Gestor do FHIS\u201d."}, {"id": "3025", "ano": "2019", "numero": "32", "tipo__sigla": "PAJUR", "tipo__descricao": "Parecer Jur\u00eddico", "autoria": "Assessoria Jur\u00eddica - ASJUR", "texto_original": "http://sapl.piumhi.mg.leg.br/media/sapl/public/materialegislativa/2019/3025/parecer_juridico_nocm-32-2019.pdf", "ementa": "Parecer Jur\u00eddico referente ao Projeto de Lei Complementar n\u00ba 04/2019 que \u201cDisp\u00f5e sobre a organiza\u00e7\u00e3o administrativa do Servi\u00e7o Aut\u00f4nomo de \u00c1gua e Esgoto de Piumhi - Minas Gerais, sua reestrutura\u00e7\u00e3o e a compet\u00eancia de seus \u00f3rg\u00e3os e sobre a reestrutura\u00e7\u00e3o do Plano de Carreiras, de Cargos e Vencimentos dos Servidores da Autarquia e d\u00e1 outras provid\u00eancias\"."}, {"id": "1193", "ano": "2019", "numero": "33", "tipo__sigla": "PAJUR", "tipo__descricao": "Parecer Jur\u00eddico", "autoria": "Assessoria Jur\u00eddica - ASJUR", "texto_original": "http://sapl.piumhi.mg.leg.br/media/sapl/public/materialegislativa/2019/1193/parecer_juridico_no_cm_33-2019_-_ref_projeto_de_4Z4mPGk.pdf", "ementa": "Parecer Jur\u00eddico n\u00ba 33/2019 referente ao Projeto de Lei n\u00ba 19/2019 que \u201cDisp\u00f5e sobre as diretrizes para a elabora\u00e7\u00e3o da lei or\u00e7amentaria de 2020 e d\u00e1 outras provid\u00eancias\u201d."}, {"id": "991", "ano": "2019", "numero": "34", "tipo__sigla": "PAJUR", "tipo__descricao": "Parecer Jur\u00eddico", "autoria": "Assessoria Jur\u00eddica - ASJUR", "texto_original": "http://sapl.piumhi.mg.leg.br/media/sapl/public/materialegislativa/2019/991/parecer_juridico_no_cm_34-2019.pdf", "ementa": "Parecer Jur\u00eddico n\u00ba 34/2019 referente ao Projeto de Lei n\u00ba 13/2019 que \u201cAutoriza o Poder Executivo a firmar conv\u00eanio com o Sindicato dos Produtores Rurais de Piumhi e d\u00e1 outras provid\u00eancias\"."}, {"id": "1463", "ano": "2019", "numero": "35", "tipo__sigla": "PAJUR", "tipo__descricao": "Parecer Jur\u00eddico", "autoria": "Assessoria Jur\u00eddica - ASJUR", "texto_original": "http://sapl.piumhi.mg.leg.br/media/sapl/public/materialegislativa/2019/1463/parecer_juridico_no_cm_35-2019.pdf", "ementa": "Parecer Jur\u00eddico referente ao Projeto de Lei Ordin\u00e1ria n\u00ba 20/2019 que \"D\u00e1 nome de Olinda Soares Arantes \u00e0 Rua 01, no loteamento Para\u00edso Bela Vista - Bairro Bela Vista, no Munic\u00edpio de Piumhi-MG\"."}, {"id": "1466", "ano": "2019", "numero": "36", "tipo__sigla": "PAJUR", "tipo__descricao": "Parecer Jur\u00eddico", "autoria": "Assessoria Jur\u00eddica - ASJUR", "texto_original": "http://sapl.piumhi.mg.leg.br/media/sapl/public/materialegislativa/2019/1466/parecer_juridico_no_cm_36-2019.pdf", "ementa": "Parecer Jur\u00eddico referente ao Projeto de Lei n\u00ba 21/2019 que \"D\u00e1 Nome de Oliveira Arantes \u00e0 Rua 02, no loteamento Para\u00edso Bela Vista - Bairro Bela Vista, no Munic\u00edpio de Piumhi-MG\"."}, {"id": "1469", "ano": "2019", "numero": "37", "tipo__sigla": "PAJUR", "tipo__descricao": "Parecer Jur\u00eddico", "autoria": "Assessoria Jur\u00eddica - ASJUR", "texto_original": "http://sapl.piumhi.mg.leg.br/media/sapl/public/materialegislativa/2019/1469/parecer_juridico_no_cm_37-2019.pdf", "ementa": "Parecer Jur\u00eddico referente ao Projeto de Lei n\u00ba 22/2019 que \"D\u00e1 Nome de Arnaldo Soares da Cunha \u00e0 Rua 03, no loteamento Para\u00edso Bela Vista - Bairro Bela Vista, no Munic\u00edpio de Piumhi-MG\"."}, {"id": "1472", "ano": "2019", "numero": "38", "tipo__sigla": "PAJUR", "tipo__descricao": "Parecer Jur\u00eddico", "autoria": "Assessoria Jur\u00eddica - ASJUR", "texto_original": "http://sapl.piumhi.mg.leg.br/media/sapl/public/materialegislativa/2019/1472/parecer_juridico_no_cm_38-2019.pdf", "ementa": "Parecer Jur\u00eddico referente ao Projeto de Lei n\u00ba 23/2019 que \"D\u00e1 Nome de Josaf\u00e1 Martins de Faria \u00e0 Rua 04, no loteamento Para\u00edso Bela Vista - Bairro Bela Vista, no Munic\u00edpio de Piumhi-MG\"."}, {"id": "1475", "ano": "2019", "numero": "39", "tipo__sigla": "PAJUR", "tipo__descricao": "Parecer Jur\u00eddico", "autoria": "Assessoria Jur\u00eddica - ASJUR", "texto_original": "http://sapl.piumhi.mg.leg.br/media/sapl/public/materialegislativa/2019/1475/parecer_juridico_no_cm_39-2019.pdf", "ementa": "Parecer Jur\u00eddico referente ao Projeto de Lei n\u00ba 24/2019 que \"D\u00e1 Nome de \u00c1lvaro Cardoso de Faria Filho \u00e0 Rua 05, no loteamento Para\u00edso Bela Vista - Bairro Bela Vista, no Munic\u00edpio de Piumhi-MG\"."}, {"id": "1478", "ano": "2019", "numero": "40", "tipo__sigla": "PAJUR", "tipo__descricao": "Parecer Jur\u00eddico", "autoria": "Assessoria Jur\u00eddica - ASJUR", "texto_original": "http://sapl.piumhi.mg.leg.br/media/sapl/public/materialegislativa/2019/1478/parecer_juridico_no_cm_40-2019.pdf", "ementa": "Parecer Jur\u00eddico referente ao Projeto de Lei n\u00ba 25/2019 que \"D\u00e1 Nome de Rolando Arantes (Di Arantes) \u00e0 \u201cAvenida\u201d do loteamento Para\u00edso Bela Vista - Bairro Bela Vista, no Munic\u00edpio de Piumhi-MG\"."}, {"id": "1171", "ano": "2019", "numero": "41", "tipo__sigla": "PAJUR", "tipo__descricao": "Parecer Jur\u00eddico", "autoria": "Assessoria Jur\u00eddica - ASJUR", "texto_original": "http://sapl.piumhi.mg.leg.br/media/sapl/public/materialegislativa/2019/1171/parecer_juridico_no_cm_41-2019_tzd5oLl.pdf", "ementa": "Parecer Jur\u00eddico referente ao Projeto de Lei n\u00ba 26/2019 que \"D\u00e1 Nome de Pra\u00e7a dos Ip\u00eas \u00e0 Pra\u00e7a do Loteamento Para\u00edso Bela Vista - Bairro Bela Vista, no Munic\u00edpio de Piumhi-MG\u201d."}, {"id": "1496", "ano": "2019", "numero": "42", "tipo__sigla": "PAJUR", "tipo__descricao": "Parecer Jur\u00eddico", "autoria": "Assessoria Jur\u00eddica - ASJUR", "texto_original": "http://sapl.piumhi.mg.leg.br/media/sapl/public/materialegislativa/2019/1496/parecer_juridico_no_cm_42-2019.pdf", "ementa": "Parecer Jur\u00eddico referente ao Projeto de Lei n\u00ba 30/2019 que \u201cDisp\u00f5e sobre a convalida\u00e7\u00e3o ao disposto na Lei Municipal n. 2.320/2018, de 24 de Janeiro de 2018, e d\u00e1 outras provid\u00eancias\u201d."}, {"id": "1499", "ano": "2019", "numero": "43", "tipo__sigla": "PAJUR", "tipo__descricao": "Parecer Jur\u00eddico", "autoria": "Assessoria Jur\u00eddica - ASJUR", "texto_original": "http://sapl.piumhi.mg.leg.br/media/sapl/public/materialegislativa/2019/1499/parecer_juridico_no_cm_43-2019.pdf", "ementa": "Parecer Jur\u00eddico referente ao Projeto de Lei n\u00ba 31/2019 que \u201cAutoriza a donat\u00e1ria oriunda da Lei 2.049/2011 a construir nos lotes recebidos em doa\u00e7\u00e3o e d\u00e1 outras provid\u00eancias\"."}, {"id": "1492", "ano": "2019", "numero": "46", "tipo__sigla": "PAJUR", "tipo__descricao": "Parecer Jur\u00eddico", "autoria": "Assessoria Jur\u00eddica - ASJUR", "texto_original": "http://sapl.piumhi.mg.leg.br/media/sapl/public/materialegislativa/2019/1492/parecer_juridico__no_cm_46-2019.pdf", "ementa": "Parecer Jur\u00eddico referente ao Projeto de Lei n\u00ba 29/2019 que \"Disp\u00f5e sobre a antecipa\u00e7\u00e3o de 50% (cinquenta por cento) do 13\u00ba sal\u00e1rio aos servidores da C\u00e2mara Municipal de Piumhi e d\u00e1 outras provid\u00eancias.\""}, {"id": "1505", "ano": "2019", "numero": "48", "tipo__sigla": "PAJUR", "tipo__descricao": "Parecer Jur\u00eddico", "autoria": "Assessoria Jur\u00eddica - ASJUR", "texto_original": "http://sapl.piumhi.mg.leg.br/media/sapl/public/materialegislativa/2019/1505/parecer_juridico_no_cm_48-2019.pdf", "ementa": "Parecer Jur\u00eddico referente ao Projeto de Lei n\u00ba 33/2019 que \u201cDisp\u00f5e sobre a veda\u00e7\u00e3o de nomea\u00e7\u00e3o, no \u00e2mbito da Administra\u00e7\u00e3o p\u00fablica direta e indireta, no Munic\u00edpio de Piumhi/MG, de pessoas condenadas pela pr\u00e1tica dos crimes previstos na Lei Federal 11.340/2006, Lei Maria da Penha, e d\u00e1 outras provid\u00eancias."}, {"id": "1513", "ano": "2019", "numero": "49", "tipo__sigla": "PAJUR", "tipo__descricao": "Parecer Jur\u00eddico", "autoria": "Assessoria Jur\u00eddica - ASJUR", "texto_original": "http://sapl.piumhi.mg.leg.br/media/sapl/public/materialegislativa/2019/1513/parecer_juridico_no_cm_49-2019.pdf", "ementa": "Parecer Jur\u00eddico referente ao Projeto de Lei n\u00ba 35/2019 que \u201cAltera dispositivos da Lei n\u00b0 2.345/2018 \u2018Disp\u00f5e sobre as viagens oficiais e a concess\u00e3o de di\u00e1rias aos Vereadores e Servidores P\u00fablicos do Poder Legislativo de Piumhi e d\u00e1 outras provid\u00eancias\u2019 e d\u00e1 outras provid\u00eancias:\u201d"}, {"id": "1485", "ano": "2019", "numero": "50", "tipo__sigla": "PAJUR", "tipo__descricao": "Parecer Jur\u00eddico", "autoria": "Assessoria Jur\u00eddica - ASJUR", "texto_original": "http://sapl.piumhi.mg.leg.br/media/sapl/public/materialegislativa/2019/1485/parecer_juridico_no_cm_50-2019.pdf", "ementa": "Parecer Jur\u00eddico referente ao Projeto de Lei n\u00ba 27/2019 que \u201cantecipar o pagamento de 50% do d\u00e9cimo terceiro sal\u00e1rio aos servidores ativos, inativos, pensionistas e secret\u00e1rios da Administra\u00e7\u00e3o da Administra\u00e7\u00e3o Direta Municipal e do Servi\u00e7o aut\u00f4nomo de \u00c1gua e Esgoto e d\u00e1 outras provid\u00eancias\u201d."}, {"id": "1503", "ano": "2019", "numero": "52", "tipo__sigla": "PAJUR", "tipo__descricao": "Parecer Jur\u00eddico", "autoria": "Assessoria Jur\u00eddica - ASJUR", "texto_original": "http://sapl.piumhi.mg.leg.br/media/sapl/public/materialegislativa/2019/1503/parecer_juridico_no_cm_52-2019.pdf", "ementa": "Parecer Jur\u00eddico referente ao Projeto de Lei n\u00ba 32/2019 que \u201cDeclara de Utilidade P\u00fablica Municipal a Associa\u00e7\u00e3o Atl\u00e9tica Banco do Brasil - AABB Piumhi - e d\u00e1 outras providencias\u201d."}, {"id": "1216", "ano": "2019", "numero": "53", "tipo__sigla": "PAJUR", "tipo__descricao": "Parecer Jur\u00eddico", "autoria": "Assessoria Jur\u00eddica - ASJUR", "texto_original": "http://sapl.piumhi.mg.leg.br/media/sapl/public/materialegislativa/2019/1216/parecer_juridico_no_cm_53-2019.pdf", "ementa": "Parecer Jur\u00eddico referente ao Projeto de Lei Complementar n\u00ba 7/2019 que \"Disp\u00f5e sobre fixa\u00e7\u00e3o dos limites do per\u00edmetro urbano da cidade de Piumhi e d\u00e1 outras provid\u00eancias\"."}, {"id": "1157", "ano": "2019", "numero": "54", "tipo__sigla": "PAJUR", "tipo__descricao": "Parecer Jur\u00eddico", "autoria": "Assessoria Jur\u00eddica - ASJUR", "texto_original": "http://sapl.piumhi.mg.leg.br/media/sapl/public/materialegislativa/2019/1157/parecer_juridico_no_cm-54-2019.pdf", "ementa": "Parecer Jur\u00eddico N\u00b0 CM-54/2019. Referente ao Projeto de Lei n\u00b0 36/2019 que \u201cEstabelece normas e condi\u00e7\u00f5es para Parcelamento, Ocupa\u00e7\u00e3o e Uso do Solo Urbano no Munic\u00edpio de Piumhi e d\u00e1 outras provid\u00eancias. \u201d"}, {"id": "6208", "ano": "2019", "numero": "56", "tipo__sigla": "PAJUR", "tipo__descricao": "Parecer Jur\u00eddico", "autoria": "Assessoria Jur\u00eddica - ASJUR", "texto_original": "http://sapl.piumhi.mg.leg.br/media/sapl/public/materialegislativa/2019/6208/2019-07-03_par_jur_56_pdl_002_2019.pdf", "ementa": "Parecer Jur\u00eddico referente ao Projeto de Decreto Legislativo n\u00ba 56/2019 que \"Disp\u00f5e sobre a outorga da Medalha 20 de Julho, T\u00edtulo de Honra ao M\u00e9rito e T\u00edtulo de Cidad\u00e3o (a) Honor\u00e1rio (a) no ano de 2019 e d\u00e1 outras provid\u00eancias \u201d."}, {"id": "1203", "ano": "2019", "numero": "57", "tipo__sigla": "PAJUR", "tipo__descricao": "Parecer Jur\u00eddico", "autoria": "Assessoria Jur\u00eddica - ASJUR", "texto_original": "http://sapl.piumhi.mg.leg.br/media/sapl/public/materialegislativa/2019/1203/parecer_juridico_no_cm_57-2019.pdf", "ementa": "Parecer Jur\u00eddico referente ao Projeto de Lei Complementar que \u201cAltera dispositivo da Lei complementar n. 34/2013 que disp\u00f5e sobre a concess\u00e3o de incentivos fiscais e econ\u00f4micos a empresas que virem a se instalar ou expandir no munic\u00edpio de Piumhi/MG e d\u00e1 outras provid\u00eancias\u201d."}, {"id": "1510", "ano": "2019", "numero": "58", "tipo__sigla": "PAJUR", "tipo__descricao": "Parecer Jur\u00eddico", "autoria": "Assessoria Jur\u00eddica - ASJUR", "texto_original": "http://sapl.piumhi.mg.leg.br/media/sapl/public/materialegislativa/2019/1510/parecer_juridico_no_cm_58-2019.pdf", "ementa": "Parecer Jur\u00eddico referente ao Projeto de Lei n\u00ba 34/2019 que \u201cInstitui no \u00e2mbito municipal de Piumhi-MG o Pr\u00eamio \u201cBoina de Ouro Pol\u00edcia Nota 10\u201d e d\u00e1 outras provid\u00eancias\u201d."}, {"id": "1214", "ano": "2019", "numero": "59", "tipo__sigla": "PAJUR", "tipo__descricao": "Parecer Jur\u00eddico", "autoria": "Assessoria Jur\u00eddica - ASJUR", "texto_original": "http://sapl.piumhi.mg.leg.br/media/sapl/public/materialegislativa/2019/1214/parecer_juridico_no_cm_59-2019.pdf", "ementa": "Parecer Jur\u00eddico referente ao Projeto de Lei Complementar n\u00ba 14/2019 que \"Altera a Lei Complementar n\u00b0 005/2006 que disp\u00f5e do Plano Diretor do Munic\u00edpio de Piumhi, nos termos do cap\u00edtulo III da Lei n\u00b0 10.257, de 10 de julho de 2001 - Estatuto da Cidade\"."}, {"id": "1092", "ano": "2019", "numero": "61", "tipo__sigla": "PAJUR", "tipo__descricao": "Parecer Jur\u00eddico", "autoria": "Assessoria Jur\u00eddica - ASJUR", "texto_original": "http://sapl.piumhi.mg.leg.br/media/sapl/public/materialegislativa/2019/1092/parecer_juridico_no_cm_61_-_2019.pdf", "ementa": "Parecer Jur\u00eddico referente ao Projeto de Lei n\u00ba 39/2019 que \"Autoriza o Munic\u00edpio de Piumhi - MG a contratar com o Banco de Desenvolvimento de Minas Gerais S/A - BDMG, opera\u00e7\u00f5es de cr\u00e9dito com outorga de garantia e d\u00e1 outras provid\u00eancias\"."}, {"id": "1104", "ano": "2019", "numero": "62", "tipo__sigla": "PAJUR", "tipo__descricao": "Parecer Jur\u00eddico", "autoria": "Assessoria Jur\u00eddica - ASJUR", "texto_original": "http://sapl.piumhi.mg.leg.br/media/sapl/public/materialegislativa/2019/1104/parecer_juridico_no_cm_62_-_2019_ref_proj_lei_c_OQMq0hp.pdf", "ementa": "Disp\u00f5e sobre a altera\u00e7\u00e3o da Lei Complementar 52/2018, que institui o Plano de Carreiras, de Cargos e Vencimentos dos Servidores Municipais de Piumhi e d\u00e1 outras provid\u00eancias."}, {"id": "1103", "ano": "2019", "numero": "63", "tipo__sigla": "PAJUR", "tipo__descricao": "Parecer Jur\u00eddico", "autoria": "Assessoria Jur\u00eddica - ASJUR", "texto_original": "http://sapl.piumhi.mg.leg.br/media/sapl/public/materialegislativa/2019/1103/parecer_juridico_no_cm_63_-_2019_ref_proj_lei_c_yLGF3Ml.pdf", "ementa": "Disp\u00f5e sobre a altera\u00e7\u00e3o da Lei Complementar 52/2018, que institui o Plano de Carreiras, de Cargos e Vencimentos dos Servidores Municipais de Piumhi e d\u00e1 outras provid\u00eancias."}, {"id": "1105", "ano": "2019", "numero": "64", "tipo__sigla": "PAJUR", "tipo__descricao": "Parecer Jur\u00eddico", "autoria": "Assessoria Jur\u00eddica - ASJUR", "texto_original": "http://sapl.piumhi.mg.leg.br/media/sapl/public/materialegislativa/2019/1105/parecer_juridico_no_cm_64_-_2019_ref_proj_lei_c_BMN1oro.pdf", "ementa": "Disp\u00f5e sobre a altera\u00e7\u00e3o da Lei Complementar 52/2018, que institui o Plano de Carreiras, de Cargos e Vencimentos dos Servidores Municipais de Piumhi e d\u00e1 outras provid\u00eancias."}, {"id": "6216", "ano": "2019", "numero": "65", "tipo__sigla": "PAJUR", "tipo__descricao": "Parecer Jur\u00eddico", "autoria": "Assessoria Jur\u00eddica - ASJUR", "texto_original": "http://sapl.piumhi.mg.leg.br/media/sapl/public/materialegislativa/2019/6216/parecer_juridico_no_cm_65-2019.pdf", "ementa": "Parecer Jur\u00eddico referente ao Projeto de Lei Complementar n\u00ba 11/2019 que \u201cAltera e acresce dispositivos \u00e0 Lei Complementar n\u00b0 51/2017 que disp\u00f5e sobre a Estrutura Organizacional e Administrativa do Munic\u00edpio de Piumhi e d\u00e1 outras provid\u00eancias. \u201d"}, {"id": "6217", "ano": "2019", "numero": "66", "tipo__sigla": "PAJUR", "tipo__descricao": "Parecer Jur\u00eddico", "autoria": "Assessoria Jur\u00eddica - ASJUR", "texto_original": "http://sapl.piumhi.mg.leg.br/media/sapl/public/materialegislativa/2019/6217/parecer_juridico_no_cm_66-2019.pdf", "ementa": "Parecer Jur\u00eddico referente ao Projeto de Lei Complementar n\u00ba 12/2019 que \u201cDisp\u00f5e sobre a altera\u00e7\u00e3o da Lei Complementar 52/2018, que institui o Plano de Carreiras, de Cargos e Vencimentos dos Servidores Municipais de Piumhi e d\u00e1 outras provid\u00eancias\u201d."}, {"id": "6219", "ano": "2019", "numero": "67", "tipo__sigla": "PAJUR", "tipo__descricao": "Parecer Jur\u00eddico", "autoria": "Assessoria Jur\u00eddica - ASJUR", "texto_original": "http://sapl.piumhi.mg.leg.br/media/sapl/public/materialegislativa/2019/6219/parecer_juridico_no_cm_67-2019.pdf", "ementa": "Parecer Jur\u00eddico referente ao Projeto de Lei Complementar n\u00ba 13/2019 que \u201cAltera e acresce dispositivos \u00e0 Lei Complementar n\u00b0 51/2017 que disp\u00f5e sobre a Estrutura Organizacional e Administrativa do Munic\u00edpio de Piumhi e d\u00e1 outras provid\u00eancias."}, {"id": "1166", "ano": "2019", "numero": "68", "tipo__sigla": "PAJUR", "tipo__descricao": "Parecer Jur\u00eddico", "autoria": "Assessoria Jur\u00eddica - ASJUR", "texto_original": "http://sapl.piumhi.mg.leg.br/media/sapl/public/materialegislativa/2019/1166/parecer_juridico_no_cm_68-2019_ref._projeto_de__UGy3eG5.pdf", "ementa": "Parecer Jur\u00eddico referente ao Projeto de Lei n\u00ba 40/2019 que Revoga a Lei n\u00ba 2.164/2014, que Disp\u00f5e sobre a autoriza\u00e7\u00e3o ao Poder Executivo para proceder a doa\u00e7\u00e3o de um lote de terreno de propriedade do Munic\u00edpio \u00e0 Associa\u00e7\u00e3o dos Queijeiros do Alto S\u00e3o Francisco - ASQASF."}, {"id": "1273", "ano": "2019", "numero": "69", "tipo__sigla": "PAJUR", "tipo__descricao": "Parecer Jur\u00eddico", "autoria": "Assessoria Jur\u00eddica - ASJUR", "texto_original": "http://sapl.piumhi.mg.leg.br/media/sapl/public/materialegislativa/2019/1273/parecer_juridico_no_cm_69-2019.pdf", "ementa": "\u201cAutoriza a celebra\u00e7\u00e3o de Conv\u00eanio de Coopera\u00e7\u00e3o entre o Munic\u00edpio de Piumhi, com a interveni\u00eancia do Servi\u00e7o de \u00c1gua e Esgoto e a Ag\u00eancia Reguladora Intermunicipal de Saneamento B\u00e1sico de Minas Gerais - ARISB-MG para regula\u00e7\u00e3o e fiscaliza\u00e7\u00e3o dos servi\u00e7os de saneamento b\u00e1sico e d\u00e1 outras provid\u00eancias\u201d"}, {"id": "1521", "ano": "2019", "numero": "70", "tipo__sigla": "PAJUR", "tipo__descricao": "Parecer Jur\u00eddico", "autoria": "Assessoria Jur\u00eddica - ASJUR", "texto_original": "http://sapl.piumhi.mg.leg.br/media/sapl/public/materialegislativa/2019/1521/parecer_juridico_no_cm_70-2019.pdf", "ementa": "Parecer Jur\u00eddico referente ao Projeto de Lei n\u00ba 41/2019 que \"Denomina \"Rua Salviano Damacena\" o logradouro p\u00fablico ainda n\u00e3o nominado por lei no Bairro Bela Vista, e d\u00e1 outras provid\u00eancias\"."}, {"id": "1197", "ano": "2019", "numero": "71", "tipo__sigla": "PAJUR", "tipo__descricao": "Parecer Jur\u00eddico", "autoria": "Assessoria Jur\u00eddica - ASJUR", "texto_original": "http://sapl.piumhi.mg.leg.br/media/sapl/public/materialegislativa/2019/1197/parecer_juridico_no_cm_71-2019.pdf", "ementa": "Parecer Jur\u00eddico referente ao Projeto de Decreto Legislativo n\u00ba 03/2019 que \u201cDisp\u00f5e sobre a outorga do \"Pr\u00eamio Boina de Ouro - Policial Nota 10\", no ano de 2019, e d\u00e1 outras provid\u00eancias\"."}, {"id": "2780", "ano": "2019", "numero": "73", "tipo__sigla": "PAJUR", "tipo__descricao": "Parecer Jur\u00eddico", "autoria": "Assessoria Jur\u00eddica - ASJUR", "texto_original": "http://sapl.piumhi.mg.leg.br/media/sapl/public/materialegislativa/2019/2780/parecer_juridico_no_73-2019.pdf", "ementa": "Parecer Jur\u00eddico referente ao Projeto de Lei n\u00ba 42/2019 que \"Estima a receita e fixa a despesa para o exerc\u00edcio de 2020\"."}, {"id": "1334", "ano": "2019", "numero": "74", "tipo__sigla": "PAJUR", "tipo__descricao": "Parecer Jur\u00eddico", "autoria": "Assessoria Jur\u00eddica - ASJUR", "texto_original": "http://sapl.piumhi.mg.leg.br/media/sapl/public/materialegislativa/2019/1334/parecer_juridico_no_cm_74-2019.pdf", "ementa": "Parecer Jur\u00eddico referente ao Projeto de Lei n\u00ba 43/2019 que \u201cIncluem Novas A\u00e7\u00f5es a Lei 2.316/2017, Plano Plurianual 20 Munic\u00edpio de Piumhi para o Exerc\u00edcio de 2019.\u2019\u2019"}, {"id": "1267", "ano": "2019", "numero": "75", "tipo__sigla": "PAJUR", "tipo__descricao": "Parecer Jur\u00eddico", "autoria": "Assessoria Jur\u00eddica - ASJUR", "texto_original": "http://sapl.piumhi.mg.leg.br/media/sapl/public/materialegislativa/2019/1267/parecer_juridico_no_cm_75-2019.pdf", "ementa": "\u2018\u2018Autoriza o Poder Executivo Municipal a participar do Programa Minha Casa Minha Vida - PMCMV e autoriza a doa\u00e7\u00e3o de lotes vinculados ao respectivo Programa para pessoas f\u00edsicas de baixa renda que se enquadrem na forma e nas condi\u00e7\u00f5es estabelecidas pela Lei n\u00b0 11.977/2009 e d\u00e1 outras provid\u00eancias\u201d"}, {"id": "1268", "ano": "2019", "numero": "76", "tipo__sigla": "PAJUR", "tipo__descricao": "Parecer Jur\u00eddico", "autoria": "Assessoria Jur\u00eddica - ASJUR", "texto_original": "http://sapl.piumhi.mg.leg.br/media/sapl/public/materialegislativa/2019/1268/parecer_juridico_no_cm_76-2019_47009BN.pdf", "ementa": "\u201cAutoriza o Poder Executivo Municipal a participar do Programa Minha Casa Minha Vida - PMCMV e autoriza a doa\u00e7\u00e3o de lotes vinculados ao respectivo Programa para pessoas f\u00edsicas de baixa renda que se enquadrem na forma e nas condi\u00e7\u00f5es estabelecidas pela Lei n\u00b0 11.977/2009 e d\u00e1 outras provid\u00eancias\u201d"}, {"id": "1397", "ano": "2019", "numero": "77", "tipo__sigla": "PAJUR", "tipo__descricao": "Parecer Jur\u00eddico", "autoria": "Assessoria Jur\u00eddica - ASJUR", "texto_original": "http://sapl.piumhi.mg.leg.br/media/sapl/public/materialegislativa/2019/1397/parecer_juridico_no_cm-77-2019.pdf", "ementa": "Parecer Jur\u00eddico referente ao Processo n\u00ba 958815 - Parecer Pr\u00e9vio emitido pelo Tribunal de Contas do Estado de Minas Gerais - TCEMG, sobre as contas do Munic\u00edpio de Piumhi, referente ao exerc\u00edcio de 2014."}, {"id": "1428", "ano": "2019", "numero": "78", "tipo__sigla": "PAJUR", "tipo__descricao": "Parecer Jur\u00eddico", "autoria": "Assessoria Jur\u00eddica - ASJUR", "texto_original": "http://sapl.piumhi.mg.leg.br/media/sapl/public/materialegislativa/2019/1428/parecer_juridico_no_cm_78-2019.pdf", "ementa": "Parecer Jur\u00eddico referente ao Projeto de Decreto Legislativo n\u00ba 04/2019."}, {"id": "1329", "ano": "2019", "numero": "79", "tipo__sigla": "PAJUR", "tipo__descricao": "Parecer Jur\u00eddico", "autoria": "Assessoria Jur\u00eddica - ASJUR", "texto_original": "http://sapl.piumhi.mg.leg.br/media/sapl/public/materialegislativa/2019/1329/parecer_juridico_no_cm_79-2019.pdf", "ementa": "Parecer Jur\u00eddico referente ao Projeto de Lei n\u00ba 46/2019 que \u201cRatifica a ades\u00e3o do munic\u00edpio de Piumhi ao protocolo de inten\u00e7\u00f5es do Cons\u00f3rcio P\u00fablico: Associa\u00e7\u00e3o P\u00fablica dos munic\u00edpios da Microrregi\u00e3o do M\u00e9dio Rio Grande - Cons\u00f3rcio AMEG e d\u00e1 outras provid\u00eancias\"."}, {"id": "2479", "ano": "2019", "numero": "80", "tipo__sigla": "PAJUR", "tipo__descricao": "Parecer Jur\u00eddico", "autoria": "Assessoria Jur\u00eddica - ASJUR", "texto_original": "http://sapl.piumhi.mg.leg.br/media/sapl/public/materialegislativa/2019/2479/parecer_juridico_80-2019.pdf", "ementa": "Parecer Jur\u00eddico referente ao Projeto de Lei n\u00ba 45/2019 que \u201cAutoriza o Poder Executivo Municipal a conceder a t\u00edtulo oneroso ou gratuito, a pessoas f\u00edsicas ou jur\u00eddicas, o uso e ocupa\u00e7\u00e3o de bens municipais para fins de realiza\u00e7\u00e3o de eventos e/ou explora\u00e7\u00e3o econ\u00f4mica, mediante os instrumentos da permiss\u00e3o e concess\u00e3o e d\u00e1 outras provid\u00eancias\u201d."}, {"id": "1360", "ano": "2019", "numero": "81", "tipo__sigla": "PAJUR", "tipo__descricao": "Parecer Jur\u00eddico", "autoria": "Assessoria Jur\u00eddica - ASJUR", "texto_original": "http://sapl.piumhi.mg.leg.br/media/sapl/public/materialegislativa/2019/1360/parecer_juridico_no_cm_81-2019.pdf", "ementa": "Parecer Jur\u00eddico referente ao Projeto de Decreto Legislativo n\u00ba 05/2019 que \u2018\u2018Disp\u00f5e sobre a outorga do \u2018Trof\u00e9u Ra\u00e7a Negra\u2019, no ano de 2019, em comemora\u00e7\u00e3o ao Dia Nacional da Consci\u00eancia Negra e d\u00e1 outras provid\u00eancias\u201d."}, {"id": "1301", "ano": "2019", "numero": "82", "tipo__sigla": "PAJUR", "tipo__descricao": "Parecer Jur\u00eddico", "autoria": "Assessoria Jur\u00eddica - ASJUR", "texto_original": "http://sapl.piumhi.mg.leg.br/media/sapl/public/materialegislativa/2019/1301/parecer_juridico_no_cm_82-2019.pdf", "ementa": "Recurso contra decis\u00e3o do Plen\u00e1rio que deixou de receber requerimento de institui\u00e7\u00e3o de Comiss\u00e3o Parlamentar de Inqu\u00e9rito, referente ao Termo de Autua\u00e7\u00e3o n\u00ba 04/2019."}, {"id": "2490", "ano": "2019", "numero": "83", "tipo__sigla": "PAJUR", "tipo__descricao": "Parecer Jur\u00eddico", "autoria": "Assessoria Jur\u00eddica - ASJUR", "texto_original": "http://sapl.piumhi.mg.leg.br/media/sapl/public/materialegislativa/2019/2490/parecer_juridico_no_83-2019.pdf", "ementa": "Parecer Jur\u00eddico referente ao Projeto de Lei n\u00ba 48/2019 que \u201cDisp\u00f5e sobre a autoriza\u00e7\u00e3o do Poder Executivo a proceder a desafeta\u00e7\u00e3o e doa\u00e7\u00e3o de \u00e1rea urbana de propriedade do Munic\u00edpio \u00e0 Igreja Crist\u00e3 Pentecostal e d\u00e1 outras provid\u00eancias\u201d."}, {"id": "2492", "ano": "2019", "numero": "84", "tipo__sigla": "PAJUR", "tipo__descricao": "Parecer Jur\u00eddico", "autoria": "Assessoria Jur\u00eddica - ASJUR", "texto_original": "http://sapl.piumhi.mg.leg.br/media/sapl/public/materialegislativa/2019/2492/parecer_juridico_84-2019.pdf", "ementa": "Parecer Jur\u00eddico referente ao Projeto de Lei n\u00ba 49/2019 que \u201cDisp\u00f5e sobre a autoriza\u00e7\u00e3o do Poder Executivo a proceder a desafeta\u00e7\u00e3o e doa\u00e7\u00e3o de \u00e1rea urbana de propriedade do Munic\u00edpio \u00e0 Igreja do Evangelho Quadrangular e d\u00e1 outras provid\u00eancias\u201d."}, {"id": "2494", "ano": "2019", "numero": "85", "tipo__sigla": "PAJUR", "tipo__descricao": "Parecer Jur\u00eddico", "autoria": "Assessoria Jur\u00eddica - ASJUR", "texto_original": "http://sapl.piumhi.mg.leg.br/media/sapl/public/materialegislativa/2019/2494/parecer_juridico_no_85-2019.pdf", "ementa": "Parecer Jur\u00eddico referente ao Projeto de Lei n\u00ba 50/2019 que \u201cDisp\u00f5e sobre a autoriza\u00e7\u00e3o do Poder Executivo a proceder a desafeta\u00e7\u00e3o e doa\u00e7\u00e3o de \u00e1rea urbana de propriedade do Munic\u00edpio \u00e0 Igreja Batista Vale das B\u00ean\u00e7\u00e3os e d\u00e1 outras provid\u00eancias\u201d."}, {"id": "1618", "ano": "2019", "numero": "86", "tipo__sigla": "PAJUR", "tipo__descricao": "Parecer Jur\u00eddico", "autoria": "Assessoria Jur\u00eddica - ASJUR", "texto_original": "http://sapl.piumhi.mg.leg.br/media/sapl/public/materialegislativa/2019/1618/parecer_juridico_no_cm_86-2019.pdf", "ementa": "Disp\u00f5e sobre a autoriza\u00e7\u00e3o do Poder Executivo a proceder a desafeta\u00e7\u00e3o e doa\u00e7\u00e3o de \u00e1rea urbana de propriedade do Munic\u00edpio \u00e0 Igreja Evang\u00e9lica Face a Face com Deus e d\u00e1 outras provid\u00eancias."}, {"id": "1620", "ano": "2019", "numero": "87", "tipo__sigla": "PAJUR", "tipo__descricao": "Parecer Jur\u00eddico", "autoria": "Assessoria Jur\u00eddica - ASJUR", "texto_original": "http://sapl.piumhi.mg.leg.br/media/sapl/public/materialegislativa/2019/1620/parecer_juridico_no_cm_87-2019.pdf", "ementa": "Disp\u00f5e sobre a autoriza\u00e7\u00e3o do Poder Executivo a proceder a desafeta\u00e7\u00e3o e doa\u00e7\u00e3o de \u00e1rea urbana de propriedade do Munic\u00edpio \u00e0 Igreja Evang\u00e9lica Pentecostal Restaura Nossa Terra e d\u00e1 outras provid\u00eancias"}, {"id": "1525", "ano": "2019", "numero": "88", "tipo__sigla": "PAJUR", "tipo__descricao": "Parecer Jur\u00eddico", "autoria": "Assessoria Jur\u00eddica - ASJUR", "texto_original": "http://sapl.piumhi.mg.leg.br/media/sapl/public/materialegislativa/2019/1525/parecer_juridico_no_cm_88-2019.pdf", "ementa": "Parecer Jur\u00eddico referente ao Projeto de Lei n\u00ba 53/2019 que \u201cDisp\u00f5e sobre a autoriza\u00e7\u00e3o do Poder Executivo a proceder a desafeta\u00e7\u00e3o e doa\u00e7\u00e3o de \u00e1rea urbana de propriedade do Munic\u00edpio \u00e0 Igreja Pentecostal Cristo \u00e9 Vida e d\u00e1 outras provid\u00eancias\u201d"}, {"id": "2496", "ano": "2019", "numero": "89", "tipo__sigla": "PAJUR", "tipo__descricao": "Parecer Jur\u00eddico", "autoria": "Assessoria Jur\u00eddica - ASJUR", "texto_original": "http://sapl.piumhi.mg.leg.br/media/sapl/public/materialegislativa/2019/2496/parecer_juridico_no_89-2019.pdf", "ementa": "Parecer Jur\u00eddico referente ao Projeto de Lei n\u00ba 54/2019 que \u201cDisp\u00f5e sobre a autoriza\u00e7\u00e3o do Poder Executivo a proceder a desafeta\u00e7\u00e3o e doa\u00e7\u00e3o de \u00e1rea urbana de propriedade do Munic\u00edpio \u00e0 Conven\u00e7\u00e3o das Igrejas Evang\u00e9licas Pentecostais O Brasil Para Cristo e d\u00e1 outras provid\u00eancias\u201d."}, {"id": "2533", "ano": "2019", "numero": "90", "tipo__sigla": "PAJUR", "tipo__descricao": "Parecer Jur\u00eddico", "autoria": "Assessoria Jur\u00eddica - ASJUR", "texto_original": "http://sapl.piumhi.mg.leg.br/media/sapl/public/materialegislativa/2019/2533/parecer_juridico_no_90-2019.pdf", "ementa": "Parecer Jur\u00eddico referente ao Projeto de Lei n\u00ba 55/2019 que \u201cDisp\u00f5e sobre a autoriza\u00e7\u00e3o do Poder Executivo a proceder a desafeta\u00e7\u00e3o e doa\u00e7\u00e3o de \u00e1rea urbana de propriedade do Munic\u00edpio \u00e0 Igreja Mundial do Poder de Deus e d\u00e1 outras provid\u00eancias\u201d."}, {"id": "2535", "ano": "2019", "numero": "91", "tipo__sigla": "PAJUR", "tipo__descricao": "Parecer Jur\u00eddico", "autoria": "Assessoria Jur\u00eddica - ASJUR", "texto_original": "http://sapl.piumhi.mg.leg.br/media/sapl/public/materialegislativa/2019/2535/parecer_juridico_no_91-2019.pdf", "ementa": "Parecer Jur\u00eddico referente ao Projeto de Lei n\u00ba 56/2019 que \u201cDisp\u00f5e sobre a desafeta\u00e7\u00e3o e permuta de bem p\u00fablico e d\u00e1 outras provid\u00eancias\u201d."}, {"id": "2540", "ano": "2019", "numero": "92", "tipo__sigla": "PAJUR", "tipo__descricao": "Parecer Jur\u00eddico", "autoria": "Assessoria Jur\u00eddica - ASJUR", "texto_original": "http://sapl.piumhi.mg.leg.br/media/sapl/public/materialegislativa/2019/2540/parecer_juridico_no_92-2019.pdf", "ementa": "Parecer Jur\u00eddico referente ao Projeto de Lei n\u00ba 57/2019 que \u201cDisp\u00f5e sobre o trabalho do menor aprendiz no \u00e2mbito da Administra\u00e7\u00e3o P\u00fablica Direta e Indireta do Munic\u00edpio de Piumhi/MG e d\u00e1 outras provid\u00eancias\u201d."}, {"id": "2542", "ano": "2019", "numero": "94", "tipo__sigla": "PAJUR", "tipo__descricao": "Parecer Jur\u00eddico", "autoria": "Assessoria Jur\u00eddica - ASJUR", "texto_original": "http://sapl.piumhi.mg.leg.br/media/sapl/public/materialegislativa/2019/2542/parecer_juridico_no_94-2019.pdf", "ementa": "Parecer Jur\u00eddico referente ao Projeto de Lei n\u00ba 58/2019 que \u201cD\u00e1 nome de Bairro Morada P\u00e9 da Serra ao Chacreamento \u2018Morada P\u00e9 da Serra\u2019 e d\u00e1 outras provid\u00eancias\u201d."}, {"id": "2545", "ano": "2019", "numero": "95", "tipo__sigla": "PAJUR", "tipo__descricao": "Parecer Jur\u00eddico", "autoria": "Assessoria Jur\u00eddica - ASJUR", "texto_original": "http://sapl.piumhi.mg.leg.br/media/sapl/public/materialegislativa/2019/2545/parecer_juridico_no_95-2019.pdf", "ementa": "Parecer Jur\u00eddico referente ao Projeto de Lei n\u00ba 59/2019 que \"D\u00e1 Nome de Mois\u00e9s Soares de Oliveira \u00e0 Rua A do Bairro Nova Piumhi, no Munic\u00edpio de Piumhi-MG e d\u00e1 outras provid\u00eancias\"."}, {"id": "2551", "ano": "2019", "numero": "96", "tipo__sigla": "PAJUR", "tipo__descricao": "Parecer Jur\u00eddico", "autoria": "Assessoria Jur\u00eddica - ASJUR", "texto_original": "http://sapl.piumhi.mg.leg.br/media/sapl/public/materialegislativa/2019/2551/parecer_juridico_no_96-2019.pdf", "ementa": "Parecer Jur\u00eddico referente ao Projeto de Lei n\u00ba 61/2019 que \u201cRegulamenta a concess\u00e3o de hor\u00e1rio especial de trabalho ao servidor p\u00fablico com dependente portador de defici\u00eancia, no \u00e2mbito do Munic\u00edpio de Piumhi-MG e d\u00e1 outras provid\u00eancias\"."}, {"id": "2548", "ano": "2019", "numero": "97", "tipo__sigla": "PAJUR", "tipo__descricao": "Parecer Jur\u00eddico", "autoria": "Assessoria Jur\u00eddica - ASJUR", "texto_original": "http://sapl.piumhi.mg.leg.br/media/sapl/public/materialegislativa/2019/2548/parecer_juridico_no_97-2019.pdf", "ementa": "Parecer Jur\u00eddico referente ao Projeto de Lei n\u00ba 60/2019 que \u201cAltera o anexo I da Lei n. 2.314/2017, modificada pela Lei 2.353/2018 que disp\u00f5e sobre o pagamento de di\u00e1rias de viagem a agentes pol\u00edticos e servidores municipais e d\u00e1 outras provid\u00eancias\u201d."}, {"id": "2554", "ano": "2019", "numero": "98", "tipo__sigla": "PAJUR", "tipo__descricao": "Parecer Jur\u00eddico", "autoria": "Assessoria Jur\u00eddica - ASJUR", "texto_original": "http://sapl.piumhi.mg.leg.br/media/sapl/public/materialegislativa/2019/2554/parecer_juridico_no_98-2019.pdf", "ementa": "Parecer Jur\u00eddico referente ao Projeto de Lei n\u00ba 62/2019 que \u201cDisp\u00f5e sobre a cria\u00e7\u00e3o de Cart\u00e3o Alimenta\u00e7\u00e3o aos servidores p\u00fablicos da C\u00e2mara Municipal de Piumhi/MG, e d\u00e1 outras provid\u00eancias\u201d."}, {"id": "2559", "ano": "2019", "numero": "99", "tipo__sigla": "PAJUR", "tipo__descricao": "Parecer Jur\u00eddico", "autoria": "Assessoria Jur\u00eddica - ASJUR", "texto_original": "http://sapl.piumhi.mg.leg.br/media/sapl/public/materialegislativa/2019/2559/parecer_juridico_no_99-2019.pdf", "ementa": "Parecer Jur\u00eddico referente ao Projeto de Lei n\u00ba 63/2019 que \u201cDisp\u00f5e sobre a cria\u00e7\u00e3o e denomina\u00e7\u00e3o do Centro Municipal de Educa\u00e7\u00e3o Infantil Andr\u00e9 Mour\u00e3o e d\u00e1 outras provid\u00eancias\u201d."}, {"id": "1394", "ano": "2019", "numero": "100", "tipo__sigla": "PAJUR", "tipo__descricao": "Parecer Jur\u00eddico", "autoria": "Assessoria Jur\u00eddica - ASJUR", "texto_original": "http://sapl.piumhi.mg.leg.br/media/sapl/public/materialegislativa/2019/1394/parecer_juridico_no_cm_100-2019.pdf", "ementa": "Parecer Jur\u00eddico referente ao Projeto de Lei Complementar n\u00ba 04/2019 que \"Disp\u00f5e sobre a organiza\u00e7\u00e3o administrativa do Servi\u00e7o Aut\u00f4nomo de \u00c1gua e Esgoto de Piumhi - Minas Gerais, sua reestrutura\u00e7\u00e3o e a compet\u00eancia de seus \u00f3rg\u00e3os e sobre a reestrutura\u00e7\u00e3o do Plano de Carreiras, de Cargos e Vencimentos dos Servidores da Autarquia e d\u00e1 outras provid\u00eancias\"."}, {"id": "2561", "ano": "2019", "numero": "101", "tipo__sigla": "PAJUR", "tipo__descricao": "Parecer Jur\u00eddico", "autoria": "Assessoria Jur\u00eddica - ASJUR", "texto_original": "http://sapl.piumhi.mg.leg.br/media/sapl/public/materialegislativa/2019/2561/parecer_juridico_no_101-2019.pdf", "ementa": "Parecer Jur\u00eddico referente ao Projeto de Lei n\u00ba 64/2019 que \u201cDisp\u00f5e sobre a desafeta\u00e7\u00e3o de \u00e1rea urbana de uso comum e d\u00e1 outras provid\u00eancias\u201d."}, {"id": "2563", "ano": "2019", "numero": "102", "tipo__sigla": "PAJUR", "tipo__descricao": "Parecer Jur\u00eddico", "autoria": "Assessoria Jur\u00eddica - ASJUR", "texto_original": "http://sapl.piumhi.mg.leg.br/media/sapl/public/materialegislativa/2019/2563/parecer_juridico_no_102-2019.pdf", "ementa": "Parecer Jur\u00eddico referente ao Projeto de Lei n\u00ba 65/2019 que \u201cAutoriza o Poder Executivo Municipal a instituir gratifica\u00e7\u00e3o para Farmac\u00eautico (s) Respons\u00e1vel (eis) T\u00e9cnico (s) pela Unidade Farm\u00e1cia de Minas e d\u00e1 outras provid\u00eancias\u201d."}, {"id": "2564", "ano": "2019", "numero": "103", "tipo__sigla": "PAJUR", "tipo__descricao": "Parecer Jur\u00eddico", "autoria": "Assessoria Jur\u00eddica - ASJUR", "texto_original": "http://sapl.piumhi.mg.leg.br/media/sapl/public/materialegislativa/2019/2564/parecer_juridico_no_103-2019.pdf", "ementa": "Parecer Jur\u00eddico referente ao Projeto de Lei n\u00ba 66/2019 que \u201cDisp\u00f5e sobre a desafeta\u00e7\u00e3o de bem p\u00fablico e autoriza\u00e7\u00e3o para doa\u00e7\u00e3o ao Estado de Minas Gerais e d\u00e1 outras provid\u00eancias\u201d."}, {"id": "1551", "ano": "2019", "numero": "105", "tipo__sigla": "PAJUR", "tipo__descricao": "Parecer Jur\u00eddico", "autoria": "Assessoria Jur\u00eddica - ASJUR", "texto_original": "http://sapl.piumhi.mg.leg.br/media/sapl/public/materialegislativa/2019/1551/parecer_juridico_no_cm_105-2019.pdf", "ementa": "Parecer Jur\u00eddico referente \u00e0 Instaura\u00e7\u00e3o de CPI para apura\u00e7\u00e3o de poss\u00edveis irregularidades na constru\u00e7\u00e3o da ponte do Ribeir\u00e3o do Corte."}, {"id": "2537", "ano": "2019", "numero": "106", "tipo__sigla": "PAJUR", "tipo__descricao": "Parecer Jur\u00eddico", "autoria": "Assessoria Jur\u00eddica - ASJUR", "texto_original": "http://sapl.piumhi.mg.leg.br/media/sapl/public/materialegislativa/2019/2537/parecer_juridico_no_106-2019.pdf", "ementa": "Parecer Jur\u00eddico referente \u00e0 Mensagem Aditiva ao Projeto de Lei n\u00ba 56/2019."}, {"id": "2141", "ano": "2019", "numero": "107", "tipo__sigla": "PAJUR", "tipo__descricao": "Parecer Jur\u00eddico", "autoria": "Assessoria Jur\u00eddica - ASJUR", "texto_original": "http://sapl.piumhi.mg.leg.br/media/sapl/public/materialegislativa/2019/2141/parecer_juridico.pdf", "ementa": "Parecer Jur\u00eddico referente ao Projeto de Lei n\u00ba 67/2019 que \u201cInstitui o programa Adote um bem p\u00fablico no Munic\u00edpio de Piumhi e d\u00e1 outras provid\u00eancias\u201d."}, {"id": "2566", "ano": "2019", "numero": "108", "tipo__sigla": "PAJUR", "tipo__descricao": "Parecer Jur\u00eddico", "autoria": "Assessoria Jur\u00eddica - ASJUR", "texto_original": "http://sapl.piumhi.mg.leg.br/media/sapl/public/materialegislativa/2019/2566/parecer_juridico_no_108-2019.pdf", "ementa": "Parecer Jur\u00eddico referente ao Projeto de Lei n\u00ba 68/2019 que \u201cDisp\u00f5e sobre a Pol\u00edtica Municipal de Meio Ambiente, seus fins e mecanismo de formula\u00e7\u00e3o e aplica\u00e7\u00e3o, cria o Sistema Municipal de Meio Ambiente - SISMMA, estabelece o Licenciamento Ambiental Municipal de atividades e empreendimentos potencialmente causadores de polui\u00e7\u00e3o e/ou degrada\u00e7\u00e3o ambiental, especifica as san\u00e7\u00f5es aplic\u00e1veis \u00e0s condutas e atividades lesivas ao meio ambiente, e d\u00e1 outras providencias.\u201d"}, {"id": "2570", "ano": "2019", "numero": "109", "tipo__sigla": "PAJUR", "tipo__descricao": "Parecer Jur\u00eddico", "autoria": "Assessoria Jur\u00eddica - ASJUR", "texto_original": "http://sapl.piumhi.mg.leg.br/media/sapl/public/materialegislativa/2019/2570/parecer_juridico_no_109-2019.pdf", "ementa": "Parecer Jur\u00eddico referente ao Projeto de Lei n\u00ba 69/2019 que \u201cAutoriza a libera\u00e7\u00e3o de recurso, contribui\u00e7\u00f5es e aux\u00edlio financeiro no exerc\u00edcio financeiro de 2020 e d\u00e1 outras provid\u00eancias\u201d."}, {"id": "2580", "ano": "2019", "numero": "110", "tipo__sigla": "PAJUR", "tipo__descricao": "Parecer Jur\u00eddico", "autoria": "Assessoria Jur\u00eddica - ASJUR", "texto_original": "http://sapl.piumhi.mg.leg.br/media/sapl/public/materialegislativa/2019/2580/parecer_juridico_no_110-2019.pdf", "ementa": "Parecer Jur\u00eddico referente ao Projeto de Lei n\u00ba 70/2019 que \u201cDisp\u00f5e sobre a desafeta\u00e7\u00e3o de bem p\u00fablico e autoriza\u00e7\u00e3o para doa\u00e7\u00e3o a APAE de Piumhi\u201d."}, {"id": "2583", "ano": "2019", "numero": "111", "tipo__sigla": "PAJUR", "tipo__descricao": "Parecer Jur\u00eddico", "autoria": "Assessoria Jur\u00eddica - ASJUR", "texto_original": "http://sapl.piumhi.mg.leg.br/media/sapl/public/materialegislativa/2019/2583/parecer_juridico_no_111-2019.pdf", "ementa": "Parecer Jur\u00eddico referente ao Projeto de Lei n\u00ba 71/2019 que \u201cDisp\u00f5e sobre a autoriza\u00e7\u00e3o do Poder Executivo a proceder a desafeta\u00e7\u00e3o e doa\u00e7\u00e3o bem p\u00fablico \u00e0 Ordem dos Advogados do Brasil - Se\u00e7\u00e3o de Minas Gerais - 77\u00aa Subse\u00e7\u00e3o de Piumhi e d\u00e1 outras provid\u00eancias\"."}, {"id": "2586", "ano": "2019", "numero": "112", "tipo__sigla": "PAJUR", "tipo__descricao": "Parecer Jur\u00eddico", "autoria": "Assessoria Jur\u00eddica - ASJUR", "texto_original": "http://sapl.piumhi.mg.leg.br/media/sapl/public/materialegislativa/2019/2586/parecer_juridico_no_112-2019.pdf", "ementa": "Parecer Jur\u00eddico referente ao Projeto de Lei n\u00ba 72/2019 que \u201cDisp\u00f5e sobre a desafeta\u00e7\u00e3o de bem p\u00fablico e autoriza\u00e7\u00e3o para doa\u00e7\u00e3o \u00e0 Uni\u00e3o Federal e d\u00e1 outras provid\u00eancias\u201d."}, {"id": "2589", "ano": "2019", "numero": "113", "tipo__sigla": "PAJUR", "tipo__descricao": "Parecer Jur\u00eddico", "autoria": "Assessoria Jur\u00eddica - ASJUR", "texto_original": "http://sapl.piumhi.mg.leg.br/media/sapl/public/materialegislativa/2019/2589/parecer_juridico_no_113-2019.pdf", "ementa": "Parecer Jur\u00eddico referente ao Projeto de Lei n\u00ba 73/2019 que \u201cDisp\u00f5e sobre a desafeta\u00e7\u00e3o de bem p\u00fablico e autoriza\u00e7\u00e3o para doa\u00e7\u00e3o ao Lar S\u00e3o Francisco de Assis e d\u00e1 outras provid\u00eancias\u201d."}, {"id": "921", "ano": "2019", "numero": "1", "tipo__sigla": "PCMUN", "tipo__descricao": "Presta\u00e7\u00e3o de Contas Mensal do Munic\u00edpio de Piumhi", "autoria": "Chefe do Poder Executivo Municipal", "texto_original": "http://sapl.piumhi.mg.leg.br/media/sapl/public/materialegislativa/2019/921/oficio_no_10-2019_-_movimentacao_do_municipio_de_nnTK3sJ.pdf", "ementa": "Em atendimento a Lei Org\u00e2nica Municipal, em anexo envio os arquivos digitalizados, com toda a movimenta\u00e7\u00e3o do Munic\u00edpio de Piumhi, relativo aos meses de outubro, novembro e dezembro de 2018."}, {"id": "1047", "ano": "2019", "numero": "2", "tipo__sigla": "PCMUN", "tipo__descricao": "Presta\u00e7\u00e3o de Contas Mensal do Munic\u00edpio de Piumhi", "autoria": "", "texto_original": "http://sapl.piumhi.mg.leg.br/media/sapl/public/materialegislativa/2019/1047/oficio_no_13_-_2019_-_movimentacao_do_municipio_hdnpMZ1.pdf", "ementa": "Em atendimento a Lei Org\u00e2nica Municipal, em anexo envio os arquivos digitalizados, com toda movimenta\u00e7\u00e3o do Munic\u00edpio de Piumhi, relativo aos meses de Janeiro, Fevereiro e Mar\u00e7o de 2019"}, {"id": "1048", "ano": "2019", "numero": "3", "tipo__sigla": "PCMUN", "tipo__descricao": "Presta\u00e7\u00e3o de Contas Mensal do Munic\u00edpio de Piumhi", "autoria": "", "texto_original": "http://sapl.piumhi.mg.leg.br/media/sapl/public/materialegislativa/2019/1048/oficio_no_14_-_2019_-_movimentacao_do_municipio_bv9Fsn6.pdf", "ementa": "Em atendimento a Lei Org\u00e2nica Municipal, em anexo envio os arquivos digitalizados, com toda a movimenta\u00e7\u00e3o do Munic\u00edpio de Piumhi, relativo ao m\u00eas de Abril de 2019"}, {"id": "1167", "ano": "2019", "numero": "4", "tipo__sigla": "PCMUN", "tipo__descricao": "Presta\u00e7\u00e3o de Contas Mensal do Munic\u00edpio de Piumhi", "autoria": "", "texto_original": "http://sapl.piumhi.mg.leg.br/media/sapl/public/materialegislativa/2019/1167/oficio_no_19_-_2019_pmp_i.pdf", "ementa": "Em atendimento a Lei Org\u00e2nica Municipal, em anexo envio os arquivos digitalizados, com toda a movimenta\u00e7\u00e3o do Munic\u00edpio de Piumhi, relativo ao m\u00eas de maio de 2019."}, {"id": "1183", "ano": "2019", "numero": "5", "tipo__sigla": "PCMUN", "tipo__descricao": "Presta\u00e7\u00e3o de Contas Mensal do Munic\u00edpio de Piumhi", "autoria": "", "texto_original": "http://sapl.piumhi.mg.leg.br/media/sapl/public/materialegislativa/2019/1183/oficio_no_023_-_2019.pdf", "ementa": "Em atendimento a Lei Org\u00e2nica Municipal, em anexo envio os arquivos digitalizados, com toda a movimenta\u00e7\u00e3o do Munic\u00edpio de Piumhi, relativo ao m\u00eas de junho de 2019."}, {"id": "1184", "ano": "2019", "numero": "6", "tipo__sigla": "PCMUN", "tipo__descricao": "Presta\u00e7\u00e3o de Contas Mensal do Munic\u00edpio de Piumhi", "autoria": "", "texto_original": "http://sapl.piumhi.mg.leg.br/media/sapl/public/materialegislativa/2019/1184/oficio_no025-2019.pdf", "ementa": "Em atendimento a Lei Org\u00e2nica Municipal, em anexo envio os arquivos digitalizados, com toda a movimenta\u00e7\u00e3o do Munic\u00edpio de Piumhi, relativo ao m\u00eas de julho de 2019."}, {"id": "1251", "ano": "2019", "numero": "7", "tipo__sigla": "PCMUN", "tipo__descricao": "Presta\u00e7\u00e3o de Contas Mensal do Munic\u00edpio de Piumhi", "autoria": "", "texto_original": "http://sapl.piumhi.mg.leg.br/media/sapl/public/materialegislativa/2019/1251/oficio_no_28-2019.pdf", "ementa": "Em atendimento \u00e0 Lei Org\u00e2nica Municipal, em anexo envio os arquivos digitalizados, com toda a movimenta\u00e7\u00e3o do Munic\u00edpio de Piumhi, relativo ao m\u00eas de agosto de 2019."}, {"id": "1294", "ano": "2019", "numero": "8", "tipo__sigla": "PCMUN", "tipo__descricao": "Presta\u00e7\u00e3o de Contas Mensal do Munic\u00edpio de Piumhi", "autoria": "", "texto_original": "http://sapl.piumhi.mg.leg.br/media/sapl/public/materialegislativa/2019/1294/oficio_no030-2019_SSmdufX.pdf", "ementa": "Em atendimento a Lei Org\u00e2nica Municipal, em anexo envio os arquivos digitalizados, com toda a movimenta\u00e7\u00e3o do Munic\u00edpio de Piumhi, relativo ao m\u00eas de setembro de 2019. As movimenta\u00e7\u00f5es est\u00e3o compostas, entre tantos outros, dos seguintes documentos: 1. Balancete Receita/Despesa; 2. Demonstrativos Numer\u00e1rios; 3. Gastos com Sa\u00fade, Educa\u00e7\u00e3o e Pessoal; 4. Balancetes Cont\u00e1beis Financeiros; 5. Decretos de Suplementa\u00e7\u00e3o nas hip\u00f3teses necess\u00e1rias; 6. Notas de Empenhos de Pagamentos com anota\u00e7\u00e3o de n\u00famero do cheque e conta banc\u00e1ria, acompanhadas de notas fiscais, devidamente discriminadas as mercadorias e servi\u00e7os prestados, e quando necess\u00e1rios de outros documentos exigidos pela legisla\u00e7\u00e3o; Segue em anexo tamb\u00e9m, o Rol de licita\u00e7\u00f5es, na forma impressa, relativo ao m\u00eas de setembro de 2019. Sem mais para o momento, protestos de elevada estima e considera\u00e7\u00e3o."}, {"id": "1413", "ano": "2019", "numero": "9", "tipo__sigla": "PCMUN", "tipo__descricao": "Presta\u00e7\u00e3o de Contas Mensal do Munic\u00edpio de Piumhi", "autoria": "", "texto_original": "http://sapl.piumhi.mg.leg.br/media/sapl/public/materialegislativa/2019/1413/oficio_no_031-2019_39Yk0F9.pdf", "ementa": "Em atendimento a Lei Org\u00e2nica Municipal, em anexo envio os arquivos digitalizados, com toda a movimenta\u00e7\u00e3o do Munic\u00edpio de Piumhi, relativo ao m\u00eas de outubro de 2019. As movimenta\u00e7\u00f5es est\u00e3o compostas, entre tantos outros, dos seguintes documentos: 1. Balancete Receita/Despesa; 2. Demonstrativos Numer\u00e1rios; 3. Gastos com Sa\u00fade, Educa\u00e7\u00e3o e Pessoal; 4. Balancetes Cont\u00e1beis Financeiros; 5. Decretos de Suplementa\u00e7\u00e3o nas hip\u00f3teses necess\u00e1rias; 6. Notas de Empenhos de Pagamentos com anota\u00e7\u00e3o de n\u00famero do cheque e conta banc\u00e1ria, acompanhadas de notas fiscais, devidamente discriminadas as mercadorias e servi\u00e7os prestados, e quando necess\u00e1rios de outros documentos exigidos pela legisla\u00e7\u00e3o; Segue em anexo tamb\u00e9m, o Rol de licita\u00e7\u00f5es, na forma impressa, relativo ao m\u00eas de outubro de 2019. Sem mais para o momento, protestos de elevada estima e considera\u00e7\u00e3o."}, {"id": "1572", "ano": "2019", "numero": "10", "tipo__sigla": "PCMUN", "tipo__descricao": "Presta\u00e7\u00e3o de Contas Mensal do Munic\u00edpio de Piumhi", "autoria": "", "texto_original": "http://sapl.piumhi.mg.leg.br/media/sapl/public/materialegislativa/2019/1572/2020-01-08_oficio_no_002-2020-pmp-envio_de_arquivos.pdf", "ementa": "Em atendimento a Lei Org\u00e2nica Municipal, em anexo envio os arquivos digitalizados, com toda a movimenta\u00e7\u00e3o do Munic\u00edpio de Piumhi, relativo ao m\u00eas de novembro de 2019. As movimenta\u00e7\u00f5es est\u00e3o compostas, entre tantos outros, dos seguintes documentos: 1. Balancete Receita/Despesa;\r\n2. Demonstrativos Numer\u00e1rios; 3. Gastos com Sa\u00fade, Educa\u00e7\u00e3o e Pessoal; 4. Balancetes Cont\u00e1beis Financeiros; 5. Decretos de Suplementa\u00e7\u00e3o nas hip\u00f3teses necess\u00e1rias; 6. Notas de Empenhos de Pagamentos com anota\u00e7\u00e3o de n\u00famero do cheque e conta banc\u00e1ria, acompanhadas de notas fiscais, devidamente discriminadas as mercadorias e servi\u00e7os prestados, e quando necess\u00e1rios de outros documentos exigidos pela legisla\u00e7\u00e3o; Segue em anexo tamb\u00e9m, o Rol de licita\u00e7\u00f5es, na forma impressa, relativo ao m\u00eas de novembro de 2019."}, {"id": "1579", "ano": "2019", "numero": "11", "tipo__sigla": "PCMUN", "tipo__descricao": "Presta\u00e7\u00e3o de Contas Mensal do Munic\u00edpio de Piumhi", "autoria": "", "texto_original": "http://sapl.piumhi.mg.leg.br/media/sapl/public/materialegislativa/2019/1579/2020-01-30_oficio_no_003-pmp.pdf", "ementa": "Em atendimento a Lei Org\u00e2nica Municipal, em anexo envio os arquivos digitalizados. com toda a movimenta\u00e7\u00e3o do Munic\u00edpio de Piumhi. relativo ao m\u00eas de dezembro de 2019. As movimenta\u00e7\u00f5es est\u00e3o compostas, entre tantos outros, dos seguintes documentos: 1. Balancete Receita/Despesa; 2. Demonstrativos Numer\u00e1rios; 3. Gastos com Sa\u00fade. Educa\u00e7\u00e3o e Pessoal; 4. Balancetes Cont\u00e1beis Financeiros; 5. Decretos de Suplementa\u00e7\u00e3o nas hip\u00f3teses necess\u00e1rias; 6. Notas de Empenhos de Pagamentos com anota\u00e7\u00e3o de n\u00famero do cheque e conta banc\u00e1ria, acompanhadas de notas fiscais, devidamente discriminadas as mercadorias e servi\u00e7os prestados, e quando necess\u00e1rios de outros documentos exigidos pela legisla\u00e7\u00e3o; Segue em anexo tamb\u00e9m, o Rol de licita\u00e7\u00f5es, na forma impressa, relativo ao m\u00eas de dezembro de 2019. Sem mais para o momento, protestos de elevada estima e considera\u00e7\u00e3o."}, {"id": "604", "ano": "2019", "numero": "1", "tipo__sigla": "PCSA", "tipo__descricao": "Presta\u00e7\u00e3o de Contas Mensal do SAAE de Piumhi", "autoria": "Servi\u00e7o Aut\u00f4nomo de \u00c1gua e Esgoto", "texto_original": "http://sapl.piumhi.mg.leg.br/media/sapl/public/materialegislativa/2019/604/oficio_saae_piu_005_-_2019i.pdf", "ementa": "Em atendimento a Lei Municipal n\u00b0 1446/2000, encaminhamos em anexo os seguintes arquivos (documentos digitalizados), referente ao m\u00eas de SETEMBRO/2018, para aprecia\u00e7\u00e3o e an\u00e1lise dessa Casa Legislativa:\r\n- Balancetes Mensais e Comprovantes das Despesas/Receitas, acompanhados da Rela\u00e7\u00e3o de Pagamentos dos Servidores, e os processos licitat\u00f3rios realizados no m\u00eas de SETEMBRO/2018."}, {"id": "605", "ano": "2019", "numero": "2", "tipo__sigla": "PCSA", "tipo__descricao": "Presta\u00e7\u00e3o de Contas Mensal do SAAE de Piumhi", "autoria": "Servi\u00e7o Aut\u00f4nomo de \u00c1gua e Esgoto", "texto_original": "http://sapl.piumhi.mg.leg.br/media/sapl/public/materialegislativa/2019/605/oficio_saae_piu_006_-_2019i.pdf", "ementa": "Em atendimento a Lei Municipal n\u00b0 1446/2000, encaminhamos em anexo os seguintes arquivos (documentos digitalizados), referente ao m\u00eas de OUTUBRO/2018, para aprecia\u00e7\u00e3o e an\u00e1lise dessa Casa Legislativa:\r\n- Balancetes Mensais e Comprovantes das Despesas/Receitas, acompanhados da Rela\u00e7\u00e3o de Pagamentos dos Servidores, e os processos licitat\u00f3rios realizados no m\u00eas de OUTUBRO/2018."}, {"id": "606", "ano": "2019", "numero": "3", "tipo__sigla": "PCSA", "tipo__descricao": "Presta\u00e7\u00e3o de Contas Mensal do SAAE de Piumhi", "autoria": "Servi\u00e7o Aut\u00f4nomo de \u00c1gua e Esgoto", "texto_original": "http://sapl.piumhi.mg.leg.br/media/sapl/public/materialegislativa/2019/606/oficio_saae_piu_007_-_2019i_nMb6o7b.pdf", "ementa": "Em atendimento a Lei Municipal n\u00b0 1446/2000, encaminhamos em anexo os seguintes arquivos (documentos digitalizados), referente ao m\u00eas de NOVEMBRO/2018, para aprecia\u00e7\u00e3o e an\u00e1lise dessa Casa Legislativa:\r\n- Balancetes Mensais e Comprovantes das Despesas/Receitas, acompanhados da Rela\u00e7\u00e3o de Pagamentos dos Servidores, e os processos licitat\u00f3rios realizados no m\u00eas de NOVEMBRO/2018."}, {"id": "750", "ano": "2019", "numero": "4", "tipo__sigla": "PCSA", "tipo__descricao": "Presta\u00e7\u00e3o de Contas Mensal do SAAE de Piumhi", "autoria": "", "texto_original": "http://sapl.piumhi.mg.leg.br/media/sapl/public/materialegislativa/2019/750/oficio_saae_piu_026_-_2019i.pdf", "ementa": "Em atendimento \u00e0 Lei Municipal ne 1.446/2.000, encaminhamos em anexo os seguintes arquivos (documentos digitalizados), referentes \u00e0 execu\u00e7\u00e3o or\u00e7ament\u00e1ria e financeira relativa ao m\u00eas de DEZEMBRO/2018, para aprecia\u00e7\u00e3o e an\u00e1lise desta Casa Legislativa:\r\n\u2022 Balancetes mensais e comprovantes das despesas/receitas, acompanhados da rela\u00e7\u00e3o de pagamentos dos servidores e dos processos licitat\u00f3rios realizados no referido m\u00eas.\r\nSem mais para o momento, colocamo-nos \u00e0 disposi\u00e7\u00e3o desta egr\u00e9gia casa legislativa para quaisquer esclarecimentos, e aproveitamos o oportuno para elevar protestos de estima e considera\u00e7\u00e3o."}, {"id": "751", "ano": "2019", "numero": "5", "tipo__sigla": "PCSA", "tipo__descricao": "Presta\u00e7\u00e3o de Contas Mensal do SAAE de Piumhi", "autoria": "", "texto_original": "http://sapl.piumhi.mg.leg.br/media/sapl/public/materialegislativa/2019/751/oficio_no_27_-_2019_-_execucao_orcamentaria_e_fi_2Bs9o5T.pdf", "ementa": "Em atendimento \u00e0 Lei Municipal n\u00ba 1.446/2.000, encaminhamos em anexo os seguintes arquivos (documentos digitalizados), referentes \u00e0 execu\u00e7\u00e3o or\u00e7ament\u00e1ria e financeira relativa ao m\u00eas de JANEIRO/2019, para aprecia\u00e7\u00e3o e an\u00e1lise desta Casa Legislativa:\r\n\u2022 Balancetes mensais e comprovantes das despesas/receitas, acompanhados da rela\u00e7\u00e3o de pagamentos dos servidores e dos processos licitat\u00f3rios realizados no referido m\u00eas.\r\nSem mais para o momento, colocamo-nos \u00e0 disposi\u00e7\u00e3o desta egr\u00e9gia casa legislativa para quaisquer esclarecimentos, e aproveitamos o oportuno para elevar protestos de estima e considera\u00e7\u00e3o."}, {"id": "903", "ano": "2019", "numero": "6", "tipo__sigla": "PCSA", "tipo__descricao": "Presta\u00e7\u00e3o de Contas Mensal do SAAE de Piumhi", "autoria": "Servi\u00e7o Aut\u00f4nomo de \u00c1gua e Esgoto", "texto_original": "http://sapl.piumhi.mg.leg.br/media/sapl/public/materialegislativa/2019/903/oficio_saae_piu_039_-_2019i.pdf", "ementa": "Em atendimento ao of\u00edcio n\u00ba 15/2019/CFO, o qual requer c\u00f3pias dos balancetes das receitas e despesas dos exerc\u00edcios de 2017, 2018 e 2019, encaminhamos os respectivos arquivos digitalizados, para aprecia\u00e7\u00e3o e an\u00e1lise desta Casa Legislativa.\r\nSem mais para o momento, colocamo-nos \u00e0 disposi\u00e7\u00e3o desta egr\u00e9gia casa legislativa para quaisquer esclarecimentos, e aproveitamos o oportuno para elevar protestos de estima e considera\u00e7\u00e3o."}, {"id": "922", "ano": "2019", "numero": "7", "tipo__sigla": "PCSA", "tipo__descricao": "Presta\u00e7\u00e3o de Contas Mensal do SAAE de Piumhi", "autoria": "Servi\u00e7o Aut\u00f4nomo de \u00c1gua e Esgoto", "texto_original": "http://sapl.piumhi.mg.leg.br/media/sapl/public/materialegislativa/2019/922/oficio_no48_-_2019_-_execucao_orcamentaria_e_fin_HLchOAK.pdf", "ementa": "Em atendimento \u00e0 Lei Municipal n9 1.446/2.000, encaminhamos em anexo os seguintes arquivos (documentos digitalizados), referentes \u00e0 execu\u00e7\u00e3o or\u00e7ament\u00e1ria e financeira relativa ao m\u00eas de FEVEREIRO/2019."}, {"id": "996", "ano": "2019", "numero": "8", "tipo__sigla": "PCSA", "tipo__descricao": "Presta\u00e7\u00e3o de Contas Mensal do SAAE de Piumhi", "autoria": "Servi\u00e7o Aut\u00f4nomo de \u00c1gua e Esgoto", "texto_original": "http://sapl.piumhi.mg.leg.br/media/sapl/public/materialegislativa/2019/996/oficio_no_66_-_2019_-_execucao_orcamentaria_e_fi_tXKBHdP.pdf", "ementa": "Em atendimento \u00e0 Lei Municipal n5 1.446/2.000, encaminhamos em anexo os seguintes arquivos (documentos digitalizados), referentes \u00e0 execu\u00e7\u00e3o or\u00e7ament\u00e1ria e financeira relativa ao m\u00eas de MAR\u00c7O/2019, para aprecia\u00e7\u00e3o e an\u00e1lise desta Casa Legislativa:\r\n\u2022 Balancetes mensais e comprovantes das despesas/receitas, acompanhados da rela\u00e7\u00e3o de pagamentos dos servidores e dos processos licitat\u00f3rios realizados no referido m\u00eas."}, {"id": "1046", "ano": "2019", "numero": "9", "tipo__sigla": "PCSA", "tipo__descricao": "Presta\u00e7\u00e3o de Contas Mensal do SAAE de Piumhi", "autoria": "", "texto_original": "http://sapl.piumhi.mg.leg.br/media/sapl/public/materialegislativa/2019/1046/oficio_no_68_-_2019_-_execucao_orcamentaria_e_f_0vbkRNX.pdf", "ementa": "Em atendimento \u00e0 Lei Municipal n^ 1.446/2.000, encaminhamos em anexo os seguintes arquivos (documentos digitalizados), referentes \u00e0 execu\u00e7\u00e3o or\u00e7ament\u00e1ria e financeira relativa ao m\u00eas de ABRIL/2019, para aprecia\u00e7\u00e3o e an\u00e1lise desta Casa Legislativa:\r\n\u2022 Balancetes mensais e comprovantes das despesas/receitas, acompanhados da rela\u00e7\u00e3o de pagamentos dos servidores e dos processos licitat\u00f3rios realizados no referido m\u00eas."}, {"id": "1168", "ano": "2019", "numero": "10", "tipo__sigla": "PCSA", "tipo__descricao": "Presta\u00e7\u00e3o de Contas Mensal do SAAE de Piumhi", "autoria": "Servi\u00e7o Aut\u00f4nomo de \u00c1gua e Esgoto", "texto_original": "http://sapl.piumhi.mg.leg.br/media/sapl/public/materialegislativa/2019/1168/oficio_no_87_-_2019_-_saae_-_piu.pdf", "ementa": "Em atendimento \u00e0 Lei Municipal n\u00ba 1.446/2.000, encaminhamos em anexo os seguintes arquivos (documentos digitalizados), referentes \u00e0 execu\u00e7\u00e3o or\u00e7ament\u00e1ria e financeira relativa ao m\u00eas de MAIO/2019, para aprecia\u00e7\u00e3o e an\u00e1lise desta Casa Legislativa: \u2022 Balancetes mensais e comprovantes das despesas/receitas, acompanhados da rela\u00e7\u00e3o de pagamentos dos servidores e dos processos licitat\u00f3rios realizados no referido m\u00eas."}, {"id": "1264", "ano": "2019", "numero": "11", "tipo__sigla": "PCSA", "tipo__descricao": "Presta\u00e7\u00e3o de Contas Mensal do SAAE de Piumhi", "autoria": "Servi\u00e7o Aut\u00f4nomo de \u00c1gua e Esgoto", "texto_original": "http://sapl.piumhi.mg.leg.br/media/sapl/public/materialegislativa/2019/1264/_oficio_saae_piumhi_no_106_-_2019.pdf", "ementa": "Em atendimento \u00e0 Lei Municipal n\u00ba 1.446/2.000, encaminhamos em anexo os seguintes arquivos (documentos digitalizados), referentes \u00e0 execu\u00e7\u00e3o or\u00e7ament\u00e1ria e financeira relativa ao m\u00eas de JUNHO/2019, para aprecia\u00e7\u00e3o e an\u00e1lise desta Casa Legislativa:\r\n\u2022 Balancetes mensais e comprovantes das despesas/receitas, acompanhados da rela\u00e7\u00e3o de pagamentos dos servidores e dos processos licitat\u00f3rios realizados no referido m\u00eas."}, {"id": "1265", "ano": "2019", "numero": "12", "tipo__sigla": "PCSA", "tipo__descricao": "Presta\u00e7\u00e3o de Contas Mensal do SAAE de Piumhi", "autoria": "Servi\u00e7o Aut\u00f4nomo de \u00c1gua e Esgoto", "texto_original": "http://sapl.piumhi.mg.leg.br/media/sapl/public/materialegislativa/2019/1265/oficio_no_120-2019-saae.pdf", "ementa": "Em atendimento \u00e0 Lei Municipal n\u00ba 1.446/2.000, encaminhamos em anexo os seguintes arquivos (documentos digitalizados), referentes \u00e0 execu\u00e7\u00e3o or\u00e7ament\u00e1ria e financeira relativa ao m\u00eas de JULHO/2019, para aprecia\u00e7\u00e3o e an\u00e1lise desta Casa Legislativa:\r\n\u2022 Balancetes mensais e comprovantes das despesas/receitas, acompanhados da rela\u00e7\u00e3o de pagamentos dos servidores e dos processos licitat\u00f3rios realizados no referido m\u00eas."}, {"id": "1266", "ano": "2019", "numero": "13", "tipo__sigla": "PCSA", "tipo__descricao": "Presta\u00e7\u00e3o de Contas Mensal do SAAE de Piumhi", "autoria": "Servi\u00e7o Aut\u00f4nomo de \u00c1gua e Esgoto", "texto_original": "http://sapl.piumhi.mg.leg.br/media/sapl/public/materialegislativa/2019/1266/oficio__no_137-2019.pdf", "ementa": "Em atendimento \u00e0 Lei Municipal n\u00ba 1.446/2.000, encaminhamos em anexo os seguintes arquivos (documentos digitalizados), referentes \u00e0 execu\u00e7\u00e3o or\u00e7ament\u00e1ria e financeira relativa ao m\u00eas de AGOSTO/2019, para aprecia\u00e7\u00e3o e an\u00e1lise desta Casa Legislativa:\r\n\u2022 Balancetes mensais e comprovantes das despesas/receitas, acompanhados da rela\u00e7\u00e3o de pagamentos dos servidores e dos processos licitat\u00f3rios realizados no referido m\u00eas."}, {"id": "1295", "ano": "2019", "numero": "14", "tipo__sigla": "PCSA", "tipo__descricao": "Presta\u00e7\u00e3o de Contas Mensal do SAAE de Piumhi", "autoria": "Servi\u00e7o Aut\u00f4nomo de \u00c1gua e Esgoto", "texto_original": "http://sapl.piumhi.mg.leg.br/media/sapl/public/materialegislativa/2019/1295/oficio_no_153-2019_DpPd4bl.pdf", "ementa": "Em atendimento \u00e0 Lei Municipal n\u00ba 1.446/2.000, encaminhamos em anexo os seguintes arquivos (documentos digitalizados), referentes \u00e0 execu\u00e7\u00e3o or\u00e7ament\u00e1ria e financeira relativa ao m\u00eas de SETEMBRO/2019, para aprecia\u00e7\u00e3o e an\u00e1lise desta Casa Legislativa: \u2022 Balancetes mensais e comprovantes das despesas/receitas, acompanhados da rela\u00e7\u00e3o de pagamentos dos servidores e dos processos licitat\u00f3rios realizados no referido m\u00eas. Sem mais para o momento, colocamo-nos \u00e0 disposi\u00e7\u00e3o desta egr\u00e9gia casa legislativa para quaisquer esclarecimentos, e aproveitamos o oportuno para elevar protestos de estima e considera\u00e7\u00e3o."}, {"id": "1456", "ano": "2019", "numero": "15", "tipo__sigla": "PCSA", "tipo__descricao": "Presta\u00e7\u00e3o de Contas Mensal do SAAE de Piumhi", "autoria": "Servi\u00e7o Aut\u00f4nomo de \u00c1gua e Esgoto", "texto_original": "http://sapl.piumhi.mg.leg.br/media/sapl/public/materialegislativa/2019/1456/oficio_no_178-2019.pdf", "ementa": "Em atendimento \u00e0 Lei Municipal n\u00ba 1.446/2.000, encaminhamos em anexo os seguintes arquivos (documentos digitalizados), referentes \u00e0 execu\u00e7\u00e3o or\u00e7ament\u00e1ria e financeira relativa ao m\u00eas de OUTUBRO/2019, para aprecia\u00e7\u00e3o e an\u00e1lise desta Casa Legislativa: \u2022 Balancetes mensais e comprovantes das despesas/receitas, acompanhados da rela\u00e7\u00e3o de pagamentos dos servidores e dos processos licitat\u00f3rios realizados no referido m\u00eas. Sem mais para o momento, colocamo-nos \u00e0 disposi\u00e7\u00e3o desta egr\u00e9gia casa legislativa para quaisquer esclarecimentos, e aproveitamos o oportuno para elevar protestos de estima e considera\u00e7\u00e3o."}, {"id": "1457", "ano": "2019", "numero": "16", "tipo__sigla": "PCSA", "tipo__descricao": "Presta\u00e7\u00e3o de Contas Mensal do SAAE de Piumhi", "autoria": "Servi\u00e7o Aut\u00f4nomo de \u00c1gua e Esgoto", "texto_original": "http://sapl.piumhi.mg.leg.br/media/sapl/public/materialegislativa/2019/1457/oficio_no_185-2019-saae.pdf", "ementa": "Em atendimento \u00e0 Lei Municipal n\u00ba 1.446/2.000, encaminhamos em anexo os seguintes arquivos (documentos digitalizados), referentes \u00e0 execu\u00e7\u00e3o or\u00e7ament\u00e1ria e financeira relativa ao m\u00eas de NOVEMBRO/2019, para aprecia\u00e7\u00e3o e an\u00e1lise desta Casa Legislativa:\r\n\u2022 Balancetes mensais e comprovantes das despesas/receitas, acompanhados da rela\u00e7\u00e3o de pagamentos dos servidores e dos processos licitat\u00f3rios realizados no referido m\u00eas."}, {"id": "1581", "ano": "2019", "numero": "17", "tipo__sigla": "PCSA", "tipo__descricao": "Presta\u00e7\u00e3o de Contas Mensal do SAAE de Piumhi", "autoria": "Servi\u00e7o Aut\u00f4nomo de \u00c1gua e Esgoto", "texto_original": "http://sapl.piumhi.mg.leg.br/media/sapl/public/materialegislativa/2019/1581/2020-02-03.pdf", "ementa": "Em atendimento \u00e0 Lei Municipal n\u00ba 1.446/2.000, encaminhamos em anexo os seguintes arquivos (documentos digitalizados), referentes \u00e0 execu\u00e7\u00e3o or\u00e7ament\u00e1ria e financeira relativa ao m\u00eas de DEZEMBRO/2019, para aprecia\u00e7\u00e3o e an\u00e1lise desta Casa Legislativa: \u2022 Balancetes mensais e comprovantes das despesas/receitas, acompanhados da rela\u00e7\u00e3o de pagamentos dos servidores e dos processos licitat\u00f3rios realizados no referido m\u00eas. Sem mais para o momento, colocamo-nos \u00e0 disposi\u00e7\u00e3o desta egr\u00e9gia casa legislativa para quaisquer esclarecimentos, e aproveitamos o oportuno para elevar protestos de estima e considera\u00e7\u00e3o."}, {"id": "759", "ano": "2019", "numero": "1", "tipo__sigla": "PDL", "tipo__descricao": "Projeto de Decreto Legislativo", "autoria": "Ast\u00e9sio", "texto_original": "http://sapl.piumhi.mg.leg.br/media/sapl/public/materialegislativa/2019/759/projeto_decreto_legislativo_no_01_-_2019i.pdf", "ementa": "Disp\u00f5e sobre a outorga da Homenagem \u201cBrilhantes Mulheres\u201d e d\u00e1 outras providencias."}, {"id": "1260", "ano": "2019", "numero": "4", "tipo__sigla": "PDL", "tipo__descricao": "Projeto de Decreto Legislativo", "autoria": "Ast\u00e9sio, Fernando Detetive, Gleisson Professor de Biologia, Guininho do Man\u00e9, J\u00fanior Boi, Sargento Z\u00e9 Welington, Seabra da Farm\u00e1cia, Segundinho, Shirley da Educa\u00e7\u00e3o", "texto_original": "http://sapl.piumhi.mg.leg.br/media/sapl/public/materialegislativa/2019/1260/projeto_de_decreto_legislativo_no_04-2019.pdf", "ementa": "Disp\u00f5e sobre a outorga de homenagem ao 'Pracinha' Piumhiense que lutou na Segunda Guerra Mundial nos anos de 1.939 a 1.945, e d\u00e1 outras provid\u00eancias."}, {"id": "580", "ano": "2019", "numero": "3", "tipo__sigla": "PLC", "tipo__descricao": "Projeto de Lei Complementar", "autoria": "Chefe do Poder Executivo Municipal", "texto_original": "http://sapl.piumhi.mg.leg.br/media/sapl/public/materialegislativa/2019/580/projeto_de_lei_complementar_no_3_de_2019i.pdf", "ementa": "Disp\u00f5e sobre altera\u00e7\u00e3o da Lei Complementar n\u00b0 52/2016, que institui o Plano de Carreiras, de Cargos, e Vencimentos dos Servidores Municipais de Piumhi e d\u00e1 outras provid\u00eancias."}, {"id": "995", "ano": "2019", "numero": "6", "tipo__sigla": "PLC", "tipo__descricao": "Projeto de Lei Complementar", "autoria": "Chefe do Poder Executivo Municipal", "texto_original": "http://sapl.piumhi.mg.leg.br/media/sapl/public/materialegislativa/2019/995/projeto_de_lei_complementar_no_6_de_2019.pdf", "ementa": "Disp\u00f5e sobre a concess\u00e3o de incentivos fiscais e econ\u00f4micos a empresas que vierem a se instalar ou expandir no Munic\u00edpio de Piumhi/MG e d\u00e1 outras provid\u00eancias."}, {"id": "1053", "ano": "2019", "numero": "8", "tipo__sigla": "PLC", "tipo__descricao": "Projeto de Lei Complementar", "autoria": "Chefe do Poder Executivo Municipal", "texto_original": "http://sapl.piumhi.mg.leg.br/media/sapl/public/materialegislativa/2019/1053/oficio_no_172_-_2019.pdf", "ementa": "Disp\u00f5e sobre altera\u00e7\u00e3o da Lei Complementar n\u00b0 52/2018, que Institui o Plano de Carreiras, de Cargos, e Vencimentos dos Servidores Municipais de Piumhi e d\u00e1 outras provid\u00eancias."}, {"id": "1054", "ano": "2019", "numero": "9", "tipo__sigla": "PLC", "tipo__descricao": "Projeto de Lei Complementar", "autoria": "Chefe do Poder Executivo Municipal", "texto_original": "http://sapl.piumhi.mg.leg.br/media/sapl/public/materialegislativa/2019/1054/oficio_no_173_-_2019_-_projeto_de_lei_complementar_no_9.pdf", "ementa": "Disp\u00f5e sobre altera\u00e7\u00e3o da Lei Complementar n\u00b0 52/2018, que Institui o Plano de Carreiras, de Cargos, e Vencimentos dos Servidores Municipais de Piumhi e d\u00e1 outras provid\u00eancias."}, {"id": "1055", "ano": "2019", "numero": "10", "tipo__sigla": "PLC", "tipo__descricao": "Projeto de Lei Complementar", "autoria": "Chefe do Poder Executivo Municipal", "texto_original": "http://sapl.piumhi.mg.leg.br/media/sapl/public/materialegislativa/2019/1055/oficio_no_174_-_2019_-_projeto_de_lei_complemen_QyA2opO.pdf", "ementa": "Disp\u00f5e sobre altera\u00e7\u00e3o da Lei Complementar n\u00b0 52/2018, que Institui o Plano de Carreiras, de Cargos, e Vencimentos dos Servidores Municipais de Piumhi e d\u00e1 outras provid\u00eancias."}, {"id": "1056", "ano": "2019", "numero": "11", "tipo__sigla": "PLC", "tipo__descricao": "Projeto de Lei Complementar", "autoria": "Chefe do Poder Executivo Municipal", "texto_original": "http://sapl.piumhi.mg.leg.br/media/sapl/public/materialegislativa/2019/1056/oficio_no_177_-_2019_-_projeto_de_lei_complemen_dU54Eic.pdf", "ementa": "\u201cAltera e acresce dispositivos \u00e0 Lei Complementar n\u00b0 51/2017 que disp\u00f5e sobre a Estrutura Organizacional e Administrativa do Munic\u00edpio de Piumhi e d\u00e1 outras provid\u00eancias\""}, {"id": "1057", "ano": "2019", "numero": "12", "tipo__sigla": "PLC", "tipo__descricao": "Projeto de Lei Complementar", "autoria": "Chefe do Poder Executivo Municipal", "texto_original": "http://sapl.piumhi.mg.leg.br/media/", "ementa": "Disp\u00f5e sobre altera\u00e7\u00e3o da Lei Complementar n\u00b0 52/2018, que Institui o Plano de Carreiras, de Cargos, e Vencimentos dos Servidores Municipais de Piumhi e d\u00e1 outras provid\u00eancias."}, {"id": "1058", "ano": "2019", "numero": "13", "tipo__sigla": "PLC", "tipo__descricao": "Projeto de Lei Complementar", "autoria": "Chefe do Poder Executivo Municipal", "texto_original": "http://sapl.piumhi.mg.leg.br/media/sapl/public/materialegislativa/2019/1058/oficio_no_176_-_projeto_de_lei_complementar_no__WUeLu7M.pdf", "ementa": "\u201cAltera e acresce dispositivos \u00e0 Lei Complementar n\u00b0 51/2017 que disp\u00f5e sobre a Estrutura Organizacional e Administrativa do Munic\u00edpio de Piumhi e d\u00e1 outras provid\u00eancias\u201d"}, {"id": "1373", "ano": "2019", "numero": "16", "tipo__sigla": "PLC", "tipo__descricao": "Projeto de Lei Complementar", "autoria": "Chefe do Poder Executivo Municipal", "texto_original": "http://sapl.piumhi.mg.leg.br/media/sapl/public/materialegislativa/2019/1373/projeto_de_lei_complementar_no_16-2019.pdf", "ementa": "Disp\u00f5e sobre altera\u00e7\u00e3o dos artigos 108, \u00a71\u00b0; 109, caput e 119, \u00a71\u00b0 da Lei Complementar Municipal n\u00b0 005/2006."}, {"id": "898", "ano": "2019", "numero": "16", "tipo__sigla": "PLO", "tipo__descricao": "Projeto de Lei Ordin\u00e1ria", "autoria": "Gleisson Professor de Biologia", "texto_original": "http://sapl.piumhi.mg.leg.br/media/sapl/public/materialegislativa/2019/898/projeto_de_lei_no_16_-_2019_2i.pdf", "ementa": "Declara como de utilidade p\u00fablica municipal a ASSOCIA\u00c7\u00c3O DE PROTE\u00c7\u00c3O AOS ANIMAIS DE RUA DE PIUMHI - C\u00c3O VIVER ASSOCIADOS - e d\u00e1 outras provid\u00eancias."}, {"id": "910", "ano": "2019", "numero": "18", "tipo__sigla": "PLO", "tipo__descricao": "Projeto de Lei Ordin\u00e1ria", "autoria": "Chefe do Poder Executivo Municipal", "texto_original": "http://sapl.piumhi.mg.leg.br/media/sapl/public/materialegislativa/2019/910/projeto_de_lei_no_18_-2019_oficio_no_85_-_2019i.pdf", "ementa": "Disp\u00f5e sobre desafeta\u00e7\u00e3o de bem p\u00fablico e d\u00e1 outras provid\u00eancias."}, {"id": "963", "ano": "2019", "numero": "20", "tipo__sigla": "PLO", "tipo__descricao": "Projeto de Lei Ordin\u00e1ria", "autoria": "Segundinho", "texto_original": "http://sapl.piumhi.mg.leg.br/media/sapl/public/materialegislativa/2019/963/projeto_de_lei_no_20-2019.pdf", "ementa": "\u201cD\u00e1 nome Olinda Soares Arantes - \u00e0 \"Rua 01\u201d, no loteamento \u201cPara\u00edso Bela Vista\u201d - Bairro Bela Vista, no Munic\u00edpio de Piumhi-MG, e d\u00e1 outras provid\u00eancias\u201d."}, {"id": "964", "ano": "2019", "numero": "21", "tipo__sigla": "PLO", "tipo__descricao": "Projeto de Lei Ordin\u00e1ria", "autoria": "Segundinho", "texto_original": "http://sapl.piumhi.mg.leg.br/media/sapl/public/materialegislativa/2019/964/projeto_de_lei_no_21_-_2019i.pdf", "ementa": "\u201cD\u00e1 nome\"Rua Oliveira Arantes\u201d - \u00e0 \"Rua 02\u201d, no loteamento \u201cPara\u00edso Bela Vista\u201d - Bairro Bela Vista, no Munic\u00edpio de Piumhi-MG, e d\u00e1 outras provid\u00eancias\u201d."}, {"id": "965", "ano": "2019", "numero": "22", "tipo__sigla": "PLO", "tipo__descricao": "Projeto de Lei Ordin\u00e1ria", "autoria": "Segundinho", "texto_original": "http://sapl.piumhi.mg.leg.br/media/sapl/public/materialegislativa/2019/965/projeto_de_lei_no_22-_2019i.pdf", "ementa": "\u201cD\u00e1 nome Arnaldo Soares Da Cunha - \u00e0 \"Rua 03 \u201d, no loteamento \u201cPara\u00edso Bela Vista\u201d - Bairro Bela Vista, no Munic\u00edpio de Piumhi-MG, e d\u00e1 outras provid\u00eancias\u201d."}, {"id": "966", "ano": "2019", "numero": "23", "tipo__sigla": "PLO", "tipo__descricao": "Projeto de Lei Ordin\u00e1ria", "autoria": "Segundinho", "texto_original": "http://sapl.piumhi.mg.leg.br/media/sapl/public/materialegislativa/2019/966/projeto_de_lei_no_23_-_2019i.pdf", "ementa": "\u201cD\u00e1 nome Josaf\u00e1 Martins De Faria - \u00e0 \"Rua 04 \u201d, no loteamento \u201cPara\u00edso Bela Vista\u201d - Bairro Bela Vista, no Munic\u00edpio de Piumhi-MG, e d\u00e1 outras provid\u00eancias\u201d."}, {"id": "967", "ano": "2019", "numero": "24", "tipo__sigla": "PLO", "tipo__descricao": "Projeto de Lei Ordin\u00e1ria", "autoria": "Segundinho", "texto_original": "http://sapl.piumhi.mg.leg.br/media/sapl/public/materialegislativa/2019/967/projeto_de_lei_no_24_-_2019i.pdf", "ementa": "\u201cD\u00e1 nome \u00c1lvaro Cardoso de Faria Filho - \u00e0 \"Rua 05\u201d, no loteamento \u201cPara\u00edso Bela Vista\u201d - Bairro Bela Vista, no Munic\u00edpio de Piumhi-MG, e d\u00e1 outras provid\u00eancias\u201d."}, {"id": "968", "ano": "2019", "numero": "25", "tipo__sigla": "PLO", "tipo__descricao": "Projeto de Lei Ordin\u00e1ria", "autoria": "Segundinho", "texto_original": "http://sapl.piumhi.mg.leg.br/media/sapl/public/materialegislativa/2019/968/projeto_de_lei_no_25_-_2019i.pdf", "ementa": "\u201cD\u00e1 nome - Rolando Arantes (Di Arantes) \u00e0 \"Avenida\u201d, do loteamento Para\u00edso Bela Vista\u201d - Bairro Bela Vista, no Munic\u00edpio de Piumhi-MG, e d\u00e1 outras provid\u00eancias\u201d."}, {"id": "969", "ano": "2019", "numero": "26", "tipo__sigla": "PLO", "tipo__descricao": "Projeto de Lei Ordin\u00e1ria", "autoria": "Segundinho", "texto_original": "http://sapl.piumhi.mg.leg.br/media/sapl/public/materialegislativa/2019/969/projeto_de_lei_no_26_-_2019i.pdf", "ementa": "\u201cD\u00e1 nome Pra\u00e7a dos Ip\u00eas - \u00e0 pra\u00e7a do loteamento \u201cPara\u00edso Bela Vista\u201d - Bairro Bela Vista, no Munic\u00edpio de Piumhi-MG, e d\u00e1 outras provid\u00eancias\u201d."}, {"id": "1006", "ano": "2019", "numero": "27", "tipo__sigla": "PLO", "tipo__descricao": "Projeto de Lei Ordin\u00e1ria", "autoria": "Chefe do Poder Executivo Municipal", "texto_original": "http://sapl.piumhi.mg.leg.br/media/sapl/public/materialegislativa/2019/1006/projeto_de_lei_no_27_-_2019i.pdf", "ementa": "Disp\u00f5e sobre a antecipa\u00e7\u00e3o de 50% (cinquenta por cento) do 13\u00b0 sal\u00e1rio aos servidores p\u00fablicos, ativos, inativos, pensionistas e secret\u00e1rios da Administra\u00e7\u00e3o Direta Municipal e do Servi\u00e7o Aut\u00f4nomo de Agua e Esgoto e d\u00e1 outras provid\u00eancias."}, {"id": "1007", "ano": "2019", "numero": "28", "tipo__sigla": "PLO", "tipo__descricao": "Projeto de Lei Ordin\u00e1ria", "autoria": "Chefe do Poder Executivo Municipal", "texto_original": "http://sapl.piumhi.mg.leg.br/media/sapl/public/materialegislativa/2019/1007/projeto_de_lei_no_28_-_2019i.pdf", "ementa": "Disp\u00f5e sobre o pagamento do 13\u00b0 sal\u00e1rio aos Agentes Pol\u00edticos do Munic\u00edpio de Piumhi e d\u00e1 outras provid\u00eancias."}, {"id": "999", "ano": "2019", "numero": "30", "tipo__sigla": "PLO", "tipo__descricao": "Projeto de Lei Ordin\u00e1ria", "autoria": "Chefe do Poder Executivo Municipal", "texto_original": "http://sapl.piumhi.mg.leg.br/media/sapl/public/materialegislativa/2019/999/oficio_130_-_2019_ref_proj_lei_30.pdf", "ementa": "Disp\u00f5e sobre a convalida\u00e7\u00e3o ao disposto na Lei Municipal n\u00ba 2.320/2018, de 24 de janeiro de 2.018, e d\u00e1 outras provid\u00eancias."}, {"id": "998", "ano": "2019", "numero": "31", "tipo__sigla": "PLO", "tipo__descricao": "Projeto de Lei Ordin\u00e1ria", "autoria": "Chefe do Poder Executivo Municipal", "texto_original": "http://sapl.piumhi.mg.leg.br/media/sapl/public/materialegislativa/2019/998/oficio_131_-_2019_ref_proj_lei_31.pdf", "ementa": "\"Autoriza a donat\u00e1ria oriunda da lei 2.049/2011 a construir nos lotes recebidos ern doa\u00e7\u00e3o e d\u00e1 outras provid\u00eancias\"."}, {"id": "1073", "ano": "2019", "numero": "39", "tipo__sigla": "PLO", "tipo__descricao": "Projeto de Lei Ordin\u00e1ria", "autoria": "Chefe do Poder Executivo Municipal", "texto_original": "http://sapl.piumhi.mg.leg.br/media/sapl/public/materialegislativa/2019/1073/projeto_de_lei_no_39_-_2019_2vuXAHy.pdf", "ementa": "Autoriza o munic\u00edpio de Piumhi - MG a contratar com o Banco de Desenvolvimento de Minas Gerais S/A - BDMG, Opera\u00e7\u00f5es de Cr\u00e9dito com outorga de garantia e d\u00e1 outras provid\u00eancias."}, {"id": "1235", "ano": "2019", "numero": "46", "tipo__sigla": "PLO", "tipo__descricao": "Projeto de Lei Ordin\u00e1ria", "autoria": "Chefe do Poder Executivo Municipal", "texto_original": "http://sapl.piumhi.mg.leg.br/media/sapl/public/materialegislativa/2019/1235/projeto_de_lei_no_46-2019.pdf", "ementa": "\"Ratifica a ades\u00e3o do munic\u00edpio de Piumhi ao protocolo de inten\u00e7\u00f5es do Cons\u00f3rcio P\u00fablico: Associa\u00e7\u00e3o P\u00fablica dos Munic\u00edpios da Microrregi\u00e3o do M\u00e9dio Rio Grande - Cons\u00f3rcio AMEG e d\u00e1 outras provid\u00eancias\"."}, {"id": "1312", "ano": "2019", "numero": "51", "tipo__sigla": "PLO", "tipo__descricao": "Projeto de Lei Ordin\u00e1ria", "autoria": "Chefe do Poder Executivo Municipal", "texto_original": "http://sapl.piumhi.mg.leg.br/media/sapl/public/materialegislativa/2019/1312/projeto_de_lei_no51-2019.pdf", "ementa": "Disp\u00f5e sobre a autoriza\u00e7\u00e3o do Poder Executivo a proceder \u00e0 desafeta\u00e7\u00e3o e doa\u00e7\u00e3o de \u00e1rea urbana de propriedade do Munic\u00edpio \u00e0 Igreja Evang\u00e9lica Face a Face com Deus e d\u00e1 outras provid\u00eancias."}, {"id": "1307", "ano": "2019", "numero": "52", "tipo__sigla": "PLO", "tipo__descricao": "Projeto de Lei Ordin\u00e1ria", "autoria": "Chefe do Poder Executivo Municipal", "texto_original": "http://sapl.piumhi.mg.leg.br/media/sapl/public/materialegislativa/2019/1307/projeto_de_lei_no_52-2019_17j3QRE.pdf", "ementa": "Disp\u00f5e sobre a autoriza\u00e7\u00e3o do Poder Executivo a proceder \u00e0 desafeta\u00e7\u00e3o e doa\u00e7\u00e3o de \u00e1rea urbana de propriedade do Munic\u00edpio \u00e0 Igreja Evang\u00e9lica Pentecostal Restaura Nossa Terra e d\u00e1 outras provid\u00eancias."}, {"id": "1308", "ano": "2019", "numero": "53", "tipo__sigla": "PLO", "tipo__descricao": "Projeto de Lei Ordin\u00e1ria", "autoria": "Chefe do Poder Executivo Municipal", "texto_original": "http://sapl.piumhi.mg.leg.br/media/sapl/public/materialegislativa/2019/1308/projeto_de_lei_no_53-2019.pdf", "ementa": "Disp\u00f5e sobre a autoriza\u00e7\u00e3o do Poder Executivo a proceder \u00e0 desafeta\u00e7\u00e3o e doa\u00e7\u00e3o de \u00e1rea urbana de propriedade do Munic\u00edpio \u00e0 Igreja Pentecostal Cristo \u00e9 Vida e d\u00e1 outras provid\u00eancias."}, {"id": "1396", "ano": "2019", "numero": "67", "tipo__sigla": "PLO", "tipo__descricao": "Projeto de Lei Ordin\u00e1ria", "autoria": "Chefe do Poder Executivo Municipal", "texto_original": "http://sapl.piumhi.mg.leg.br/media/sapl/public/materialegislativa/2019/1396/projeto_de_lei_no_67-2019.pdf", "ementa": "Institui o programa Adote um bem p\u00fablico no Munic\u00edpio de Piumhi e d\u00e1 outras provid\u00eancias."}, {"id": "890", "ano": "2019", "numero": "1", "tipo__sigla": "REL", "tipo__descricao": "Relat\u00f3rio", "autoria": "Shirley da Educa\u00e7\u00e3o", "texto_original": "http://sapl.piumhi.mg.leg.br/media/sapl/public/materialegislativa/2019/890/relatorio_no_1_-_2019_-_gabpresi.pdf", "ementa": "Em atendimento aos preceitos contidos no par\u00e1grafo \u00fanico do art. 143 do Regimento Interno desta Casa, segundo os quais \u201co vereador requisitante, no prazo de 15 dias ap\u00f3s o recebimento dos documentos/informa\u00e7\u00f5es, apresentar\u00e1 relat\u00f3rio sucinto para leitura em plen\u00e1rio, das conclus\u00f5es abstra\u00eddas dos referidos documentos \u201d, passo a relatar o que segue, abaixo:\r\nPor meio do Of\u00edcio 139/2018, esta vereadora subscritora solicitou informa\u00e7\u00f5es ao prefeito municipal acerca dos valores arrecadados pelo Munic\u00edpio com rela\u00e7\u00e3o aos acordos realizados durante a semana de concilia\u00e7\u00e3o realizada no f\u00f3rum, bem como informa\u00e7\u00f5es sobre a aplica\u00e7\u00e3o dos valores arrecadados.\r\nO Sr. Prefeito prestou os esclarecimentos por meio do Of\u00edcio n. 29/2019. informando o valor arrecadado mas deixou de prestar informa\u00e7\u00f5es precisas sobre a aplica\u00e7\u00e3o dos referidos recursos, sob argumentos de que o imposto tem car\u00e1ter n\u00e3o vinculativo, podendo ser aplicado em servi\u00e7os diretos."}, {"id": "944", "ano": "2019", "numero": "2", "tipo__sigla": "REL", "tipo__descricao": "Relat\u00f3rio", "autoria": "", "texto_original": "http://sapl.piumhi.mg.leg.br/media/sapl/public/materialegislativa/2019/944/relatorio_no_02-2019.pdf", "ementa": "Por meio do Requerimento n\u00ba 04/2019, esta vereadora subscritora juntamente com os colegas Jos\u00e9 Segundo Faria, Jos\u00e9 Wellington da Silva e, Magno Manoel Marques, solicitaram ao prefeito municipal c\u00f3pia de documentos e informa\u00e7\u00f5es acerca das Secretarias Adjuntas, cargos e vagas que se pretende criar no \u00e2mbito da Administra\u00e7\u00e3o, atrav\u00e9s dos Projetos de Leis Complementares ns. 01 e 02/2019."}, {"id": "979", "ano": "2019", "numero": "3", "tipo__sigla": "REL", "tipo__descricao": "Relat\u00f3rio", "autoria": "Shirley da Educa\u00e7\u00e3o", "texto_original": "http://sapl.piumhi.mg.leg.br/media/sapl/public/materialegislativa/2019/979/relatorio_no_3_2019_ref_oficio_saae_piu_173_-_2018i.pdf", "ementa": "Relat\u00f3rio relativo \u00e0s informa\u00e7\u00f5es solicitadas ao Diretor Executivo do SAAE, Sr. Od\u00e9cio da Silva Melo, atrav\u00e9s do Of\u00edcio Circular n\u00b0 143/2018, referente aos servidores efetivos, que est\u00e3o sendo aproveitados em outras fun\u00e7\u00f5es, que n\u00e3o a de seus cargos."}, {"id": "1002", "ano": "2019", "numero": "4", "tipo__sigla": "REL", "tipo__descricao": "Relat\u00f3rio", "autoria": "CLJR - Comiss\u00e3o de Legisla\u00e7\u00e3o, Justi\u00e7a e Reda\u00e7\u00e3o", "texto_original": "http://sapl.piumhi.mg.leg.br/media/sapl/public/materialegislativa/2019/1002/relatorio_no_04_-_2019_ref_oficio_no_05_-_2019_cljri.pdf", "ementa": "Em atendimento aos preceitos contidos no par\u00e1grafo \u00fanico do art. 143 do Regimento Interno desta Casa. segundo os quais apresentamos o presente relat\u00f3rio relativo aos documentos solicitados atrav\u00e9s do Of\u00edcio n\u00ba 05/2019 C.L.J.R referente aos Processo Seletivo Simplificado n\u00b0 21/2018 (DT2019).\r\nO presente pedido de informa\u00e7\u00f5es teve como motiva\u00e7\u00e3o o cumprimento do papel de fiscalizador popular. De posse da vasta documenta\u00e7\u00e3o encaminhada pelo Executivo foi poss\u00edvel identificar toda a rela\u00e7\u00e3o dos classificados e aprovados juntamente com os t\u00edtulos dos candidatos."}, {"id": "1545", "ano": "2019", "numero": "5", "tipo__sigla": "REL", "tipo__descricao": "Relat\u00f3rio", "autoria": "CFO - Comiss\u00e3o de Finan\u00e7as e Or\u00e7amento", "texto_original": "http://sapl.piumhi.mg.leg.br/media/sapl/public/materialegislativa/2019/1545/relatorio_no_05-2019.pdf", "ementa": "\u201cDa Comiss\u00e3o de Finan\u00e7as e Or\u00e7amento referente aos documentos do Servi\u00e7o Aut\u00f4nomo de \u00c1gua e Esgoto - SAAE de Piumhi-MG, relativos aos meses de setembro/2018, outubro/2018, novembro/2018 e dezembro/2018 e dos balancetes das receitas e despesas dos exerc\u00edcios de 2017, 2018 e 2019\u201d."}, {"id": "1263", "ano": "2019", "numero": "6", "tipo__sigla": "REL", "tipo__descricao": "Relat\u00f3rio", "autoria": "Guininho do Man\u00e9, Sargento Z\u00e9 Welington, Segundinho, Shirley da Educa\u00e7\u00e3o", "texto_original": "http://sapl.piumhi.mg.leg.br/media/sapl/public/materialegislativa/2019/1263/relatorio_no_06-2019_-_oficio_no_09-2019.pdf", "ementa": "Vereadores solicitaram ao prefeito municipal c\u00f3pia de documentos/informa\u00e7\u00f5es complementares acerca das Secretarias Adjuntas, cargos e vagas que se pretende criar no \u00e2mbito da Administra\u00e7\u00e3o, atrav\u00e9s dos Projetos de Leis Complementares n\u00bas. 01 e 02/2019."}, {"id": "1546", "ano": "2019", "numero": "7", "tipo__sigla": "REL", "tipo__descricao": "Relat\u00f3rio", "autoria": "CFO - Comiss\u00e3o de Finan\u00e7as e Or\u00e7amento", "texto_original": "http://sapl.piumhi.mg.leg.br/media/sapl/public/materialegislativa/2019/1546/relatorio_no_07-2019.pdf", "ementa": "Da Comiss\u00e3o de Finan\u00e7as e Or\u00e7amento referente aos documentos do Servi\u00e7o Aut\u00f4nomo de \u00c1gua e Esgoto - SAAE de Piumhi-MG, relativos aos meses de janeiro/2019, fevereiro/2019, mar\u00e7o/2019."}, {"id": "1547", "ano": "2019", "numero": "8", "tipo__sigla": "REL", "tipo__descricao": "Relat\u00f3rio", "autoria": "CFO - Comiss\u00e3o de Finan\u00e7as e Or\u00e7amento", "texto_original": "http://sapl.piumhi.mg.leg.br/media/sapl/public/materialegislativa/2019/1547/relatorio_no_08-2019.pdf", "ementa": "Da Comiss\u00e3o de Finan\u00e7as e Or\u00e7amento referente \u00e0 movimenta\u00e7\u00e3o do Munic\u00edpio de Piumhi-MG, nos meses de outubro/2018, novembro/2018 e dezembro/2018."}, {"id": "1139", "ano": "2019", "numero": "9", "tipo__sigla": "REL", "tipo__descricao": "Relat\u00f3rio", "autoria": "CFO - Comiss\u00e3o de Finan\u00e7as e Or\u00e7amento", "texto_original": "http://sapl.piumhi.mg.leg.br/media/sapl/public/materialegislativa/2019/1139/relatorio_no_09_-_2019.pdf", "ementa": "Da Comiss\u00e3o de Finan\u00e7as e Or\u00e7amento referente aos documentos do Servi\u00e7o Aut\u00f4nomo de \u00c1gua e Esgoto - SAAE de Piumhi-MG, relativo ao m\u00eas de abril/2019."}, {"id": "1548", "ano": "2019", "numero": "10", "tipo__sigla": "REL", "tipo__descricao": "Relat\u00f3rio", "autoria": "CFO - Comiss\u00e3o de Finan\u00e7as e Or\u00e7amento", "texto_original": "http://sapl.piumhi.mg.leg.br/media/sapl/public/materialegislativa/2019/1548/relatorio_no_10-2019.pdf", "ementa": "Da Comiss\u00e3o de Finan\u00e7as e Or\u00e7amento referente \u00e0 movimenta\u00e7\u00e3o do Munic\u00edpio de Piumhi-MG, nos meses de janeiro/2019, fevereiro/2019 e mar\u00e7o/2019."}, {"id": "1140", "ano": "2019", "numero": "11", "tipo__sigla": "REL", "tipo__descricao": "Relat\u00f3rio", "autoria": "CFO - Comiss\u00e3o de Finan\u00e7as e Or\u00e7amento, CLJR - Comiss\u00e3o de Legisla\u00e7\u00e3o, Justi\u00e7a e Reda\u00e7\u00e3o, CSPPMUC - Comiss\u00e3o de Servi\u00e7os e Pol\u00edticas P\u00fablicas Municipais, Urbanismo e Cidadania", "texto_original": "http://sapl.piumhi.mg.leg.br/media/sapl/public/materialegislativa/2019/1140/relatorio_no_11_-_2019.pdf", "ementa": "Da Comiss\u00e3o de Legisla\u00e7\u00e3o, Justi\u00e7a e Reda\u00e7\u00e3o, Comiss\u00e3o de Finan\u00e7as e Or\u00e7amento e Comiss\u00e3o de Servi\u00e7os e Pol\u00edticas P\u00fablicas Municipais, Urbanismo e\r\nCidadania referente ao processo licitat\u00f3rio relativo \u00e0 constru\u00e7\u00e3o da ponte na Rua Jo\u00e3o Pinheiro, encaminhado pelo Chefe do Poder Executivo Municipal atrav\u00e9s do Of\u00edcio n\u00b0 141/2019."}, {"id": "1549", "ano": "2019", "numero": "12", "tipo__sigla": "REL", "tipo__descricao": "Relat\u00f3rio", "autoria": "CFO - Comiss\u00e3o de Finan\u00e7as e Or\u00e7amento", "texto_original": "http://sapl.piumhi.mg.leg.br/media/sapl/public/materialegislativa/2019/1549/relatorio_no_12-2019.pdf", "ementa": "Da Comiss\u00e3o de Finan\u00e7as e Or\u00e7amento referente \u00e0 movimenta\u00e7\u00e3o do Munic\u00edpio de Piumhi-MG, no m\u00eas de abril/2019."}, {"id": "1141", "ano": "2019", "numero": "13", "tipo__sigla": "REL", "tipo__descricao": "Relat\u00f3rio", "autoria": "CFO - Comiss\u00e3o de Finan\u00e7as e Or\u00e7amento", "texto_original": "http://sapl.piumhi.mg.leg.br/media/sapl/public/materialegislativa/2019/1141/relatorio_no_13_-_2019.pdf", "ementa": "Da Comiss\u00e3o de Finan\u00e7as e Or\u00e7amento referente aos Processos Licitat\u00f3rios Tomada de Pre\u00e7os n\u00b0 02/2018, incluindo notas de empenhos e notas fiscais; Preg\u00e3o Presencial n\u00b0 16/2018 (Registro de Pre\u00e7os), incluindo notas de empenhos e notas fiscais; Preg\u00e3o Presencial n\u00b0 12/2018 - Outubro, incluindo notas de empenhos e notas fiscais; e Preg\u00e3o Eletr\u00f4nico n\u00b0 12/2018 incluindo, notas de empenhos e notas fiscais, encaminhados pelo Servi\u00e7o Aut\u00f4nomo de \u00c1gua e Esgoto - SAAE de Piumhi, atrav\u00e9s dos Of\u00edcios: SAAE-PIU 49/2019 e SAAE-PIU 56/2019\u201d."}, {"id": "1142", "ano": "2019", "numero": "14", "tipo__sigla": "REL", "tipo__descricao": "Relat\u00f3rio", "autoria": "CFO - Comiss\u00e3o de Finan\u00e7as e Or\u00e7amento", "texto_original": "http://sapl.piumhi.mg.leg.br/media/sapl/public/materialegislativa/2019/1142/relatorio_no_14_-_2019.pdf", "ementa": "Da Comiss\u00e3o de Finan\u00e7as e Or\u00e7amento referente \u00e0 movimenta\u00e7\u00e3o do Munic\u00edpio de Piumhi-MG, no m\u00eas de maio/2019."}, {"id": "1143", "ano": "2019", "numero": "15", "tipo__sigla": "REL", "tipo__descricao": "Relat\u00f3rio", "autoria": "CFO - Comiss\u00e3o de Finan\u00e7as e Or\u00e7amento", "texto_original": "http://sapl.piumhi.mg.leg.br/media/sapl/public/materialegislativa/2019/1143/relatorio_no_15_-_2019.pdf", "ementa": "Da Comiss\u00e3o de Finan\u00e7as e Or\u00e7amento referente aos documentos do Servi\u00e7o Aut\u00f4nomo de \u00c1gua e Esgoto - SAAE de Piumhi-MG, relativo ao m\u00eas de maio/2019."}, {"id": "1144", "ano": "2019", "numero": "16", "tipo__sigla": "REL", "tipo__descricao": "Relat\u00f3rio", "autoria": "CFO - Comiss\u00e3o de Finan\u00e7as e Or\u00e7amento", "texto_original": "http://sapl.piumhi.mg.leg.br/media/sapl/public/materialegislativa/2019/1144/relatorio_no_16_-_2019.pdf", "ementa": "Da Comiss\u00e3o de Finan\u00e7as e Or\u00e7amento referente aos processos licitat\u00f3rios Tomada de Pre\u00e7os n\u00b0s 03/2018 e 04/2018, incluindo requisi\u00e7\u00f5es de servi\u00e7os e medi\u00e7\u00f5es, enviado pelo Diretor Executivo do SAAE de Piumhi atrav\u00e9s do Oficio n\u00b0 SAAE-PIU- 84/2019, em resposta ao Oficio n\u00b0 37/2019/CFO e ao processo licitat\u00f3rio, modalidade preg\u00e3o registro de pre\u00e7os n\u00b0 14/2019 - objeto: Loca\u00e7\u00e3o de \u00f4nibus, enviado pelo Chefe do Poder Executivo Municipal atrav\u00e9s do Of\u00edcio n\u00b0 170/2019, em resposta ao Oficio n\u00b0 44/2019/CFO."}, {"id": "1262", "ano": "2019", "numero": "17", "tipo__sigla": "REL", "tipo__descricao": "Relat\u00f3rio", "autoria": "CFO - Comiss\u00e3o de Finan\u00e7as e Or\u00e7amento", "texto_original": "http://sapl.piumhi.mg.leg.br/media/sapl/public/materialegislativa/2019/1262/relatorio_no_17-2019_yMGtuuV.pdf", "ementa": "Da Comiss\u00e3o de Finan\u00e7as e Or\u00e7amento referente aos documentos do Servi\u00e7o Aut\u00f4nomo de \u00c1gua e Esgoto - SAAE de Piumhi-MG, relativo aos meses de junho/2019 e julho/2019 e os demonstrativos de saldos financeiros dos \u00faltimos 24 (vinte e quatro) meses."}, {"id": "1324", "ano": "2019", "numero": "18", "tipo__sigla": "REL", "tipo__descricao": "Relat\u00f3rio", "autoria": "CFO - Comiss\u00e3o de Finan\u00e7as e Or\u00e7amento", "texto_original": "http://sapl.piumhi.mg.leg.br/media/sapl/public/materialegislativa/2019/1324/relatorio_no_18-2019.pdf", "ementa": "Da Comiss\u00e3o de Finan\u00e7as e Or\u00e7amento referente \u00e0 movimenta\u00e7\u00e3o do Munic\u00edpio de Piumhi-MG, nos meses de junho/2019, julho/2019 e agosto/2019, bem como Processo Licitat\u00f3rio (Preg\u00e3o 12/2019 - Processo 74/2019) e Processo Licitat\u00f3rio (Preg\u00e3o Registro de Pre\u00e7os 35/2019 - Processo 79/2019)."}, {"id": "1325", "ano": "2019", "numero": "19", "tipo__sigla": "REL", "tipo__descricao": "Relat\u00f3rio", "autoria": "CFO - Comiss\u00e3o de Finan\u00e7as e Or\u00e7amento, CLJR - Comiss\u00e3o de Legisla\u00e7\u00e3o, Justi\u00e7a e Reda\u00e7\u00e3o, CSPPMUC - Comiss\u00e3o de Servi\u00e7os e Pol\u00edticas P\u00fablicas Municipais, Urbanismo e Cidadania", "texto_original": "http://sapl.piumhi.mg.leg.br/media/sapl/public/materialegislativa/2019/1325/relatorio_no_19-2019.pdf", "ementa": "Da Comiss\u00e3o de Legisla\u00e7\u00e3o, Justi\u00e7a e Reda\u00e7\u00e3o, Comiss\u00e3o de Finan\u00e7as e Or\u00e7amento e Comiss\u00e3o de -Servi\u00e7os e Pol\u00edticas P\u00fablicas Municipais, Urbanismo e Cidadania referente ao processo licitat\u00f3rio instaurado para a terceiriza\u00e7\u00e3o dos servi\u00e7os de transporte escolar."}, {"id": "1326", "ano": "2019", "numero": "20", "tipo__sigla": "REL", "tipo__descricao": "Relat\u00f3rio", "autoria": "CFO - Comiss\u00e3o de Finan\u00e7as e Or\u00e7amento", "texto_original": "http://sapl.piumhi.mg.leg.br/media/sapl/public/materialegislativa/2019/1326/relatorio_no_20-2019.pdf", "ementa": "Da Comiss\u00e3o de Finan\u00e7as e Or\u00e7amento referente aos documentos do Servi\u00e7o Aut\u00f4nomo de \u00c1gua e Esgoto - SAAE de Piumhi-MG, relativo ao m\u00eas de agosto/2019."}, {"id": "1327", "ano": "2019", "numero": "21", "tipo__sigla": "REL", "tipo__descricao": "Relat\u00f3rio", "autoria": "CFO - Comiss\u00e3o de Finan\u00e7as e Or\u00e7amento", "texto_original": "http://sapl.piumhi.mg.leg.br/media/sapl/public/materialegislativa/2019/1327/relatorio_no_21-2019.pdf", "ementa": "Da Comiss\u00e3o de Finan\u00e7as e Or\u00e7amento referente aos documentos do Servi\u00e7o Aut\u00f4nomo de \u00c1gua e Esgoto - SAAE de Piumhi-MG, relativo ao m\u00eas de setembro/2019."}, {"id": "1328", "ano": "2019", "numero": "22", "tipo__sigla": "REL", "tipo__descricao": "Relat\u00f3rio", "autoria": "CFO - Comiss\u00e3o de Finan\u00e7as e Or\u00e7amento", "texto_original": "http://sapl.piumhi.mg.leg.br/media/sapl/public/materialegislativa/2019/1328/relatorio_no_22-2019.pdf", "ementa": "Da Comiss\u00e3o de Finan\u00e7as e Or\u00e7amento referente \u00e0 movimenta\u00e7\u00e3o do Munic\u00edpio de Piumhi-MG, no m\u00eas de setembro/2019."}, {"id": "1543", "ano": "2019", "numero": "23", "tipo__sigla": "REL", "tipo__descricao": "Relat\u00f3rio", "autoria": "CFO - Comiss\u00e3o de Finan\u00e7as e Or\u00e7amento", "texto_original": "http://sapl.piumhi.mg.leg.br/media/sapl/public/materialegislativa/2019/1543/relatorio_no_23-2019.pdf", "ementa": "\u201cDa Comiss\u00e3o de Finan\u00e7as e Or\u00e7amento referente aos documentos do Servi\u00e7o Aut\u00f4nomo de \u00c1gua e Esgoto - SAAE de Piumhi-MG, relativo ao m\u00eas de outubro/2019 e novembro/2019\u201d."}, {"id": "1544", "ano": "2019", "numero": "24", "tipo__sigla": "REL", "tipo__descricao": "Relat\u00f3rio", "autoria": "CFO - Comiss\u00e3o de Finan\u00e7as e Or\u00e7amento", "texto_original": "http://sapl.piumhi.mg.leg.br/media/sapl/public/materialegislativa/2019/1544/relatorio_no_24-2019.pdf", "ementa": "\u201cDa Comiss\u00e3o de Finan\u00e7as e Or\u00e7amento referente \u00e0 movimenta\u00e7\u00e3o do Munic\u00edpio de Piumhi-MG, no m\u00eas de outubro/2019\u201d."}, {"id": "723", "ano": "2019", "numero": "1", "tipo__sigla": "REQ", "tipo__descricao": "Requerimento", "autoria": "CLJR - Comiss\u00e3o de Legisla\u00e7\u00e3o, Justi\u00e7a e Reda\u00e7\u00e3o, CSPPMUC - Comiss\u00e3o de Servi\u00e7os e Pol\u00edticas P\u00fablicas Municipais, Urbanismo e Cidadania", "texto_original": "http://sapl.piumhi.mg.leg.br/media/sapl/public/materialegislativa/2019/723/requerimento_no_01_-_2019i.pdf", "ementa": "A COMISS\u00c3O DE LEGISLA\u00c7\u00c3O, JUSTI\u00c7A E REDA\u00c7\u00c3O E COMISS\u00c3O DE SERVI\u00c7OS E POL\u00cdTICAS P\u00daBLICAS MUNICIPAIS, URBANISMO E CIDADANIA, com fulcro no art. 49, \u00a7 3o, inciso II, do Regimento Interno, v\u00eam atrav\u00e9s deste, requerer de V. Exa que a an\u00e1lise e delibera\u00e7\u00e3o do Projeto de Lei n\u00b0 57/2018 de autoria do Vereador Ant\u00f4nio Fernando Gomes que \u201cDisp\u00f5e sobre o preenchimento de Declara\u00e7\u00e3o de \u00d3bito pelos M\u00e9dicos do Munic\u00edpio de Piumhi que atendem nas Unidades B\u00e1sicas de Sa\u00fade ou pelo Sistema de Assist\u00eancia Domiciliar em Piumhi\u201d, protocolizado nesta Casa Legislativa em 06 de dezembro de 2018, ocorra de forma conjunta entre estas Comiss\u00f5es Permanentes."}, {"id": "2143", "ano": "2019", "numero": "2", "tipo__sigla": "REQ", "tipo__descricao": "Requerimento", "autoria": "CLJR - Comiss\u00e3o de Legisla\u00e7\u00e3o, Justi\u00e7a e Reda\u00e7\u00e3o, CSPPMUC - Comiss\u00e3o de Servi\u00e7os e Pol\u00edticas P\u00fablicas Municipais, Urbanismo e Cidadania", "texto_original": "http://sapl.piumhi.mg.leg.br/media/sapl/public/materialegislativa/2019/2143/requerimento_no_02-2019.pdf", "ementa": "A COMISS\u00c3O DE LEGISLA\u00c7\u00c3O, JUSTI\u00c7A E REDA\u00c7\u00c3O E COMISS\u00c3O DE SERVI\u00c7OS E POL\u00cdTICAS P\u00daBLICAS MUNICIPAIS, URBANISMO E CIDADANIA, com fulcro no art. 49, \u00a7 3\u00ba, inciso II, do Regimento Interno, v\u00eam atrav\u00e9s deste, requerer de V. Exa que a an\u00e1lise e delibera\u00e7\u00e3o do Projeto de Lei n\u00b0 58/2018 de autoria do Vereador Jos\u00e9 Seabra de Oliveira que \u201cD\u00e1 nome de Jos\u00e9 Germano da Costa (Z\u00e9 Ces\u00e1rio), \u00e0 Estrada de Acesso as Torres da Serra da Pimenta no Km 260 da MG 050, no Munic\u00edpio de Piumhi-MG, e d\u00e1 outras provid\u00eancias\u201d, protocolizado nesta Casa Legislativa em 07 de dezembro de 2018, ocorra de forma conjunta entre estas Comiss\u00f5es Permanentes."}, {"id": "720", "ano": "2019", "numero": "3", "tipo__sigla": "REQ", "tipo__descricao": "Requerimento", "autoria": "Guininho do Man\u00e9, Sargento Z\u00e9 Welington, Segundinho, Shirley da Educa\u00e7\u00e3o", "texto_original": "http://sapl.piumhi.mg.leg.br/media/sapl/public/materialegislativa/2019/720/requerimento_no_03_-_2019i_yh0uzRb.pdf", "ementa": "Os Vereadores que este subscrevem, v\u00eam respeitosamente perante V. Exa., com fulcro no art. 141, VII do Regimento Interno, requerer \u00e0 inclus\u00e3o do oficio n\u00b0 04/2018 protocolado no dia 08 de fevereiro de 2019, na pauta da T Sess\u00e3o Ordin\u00e1ria a ser realizada no dia 11 -02-2019."}, {"id": "756", "ano": "2019", "numero": "4", "tipo__sigla": "REQ", "tipo__descricao": "Requerimento", "autoria": "Fernando Detetive, Gleisson Professor de Biologia, Guininho do Man\u00e9, J\u00fanior Boi, Sargento Z\u00e9 Welington, Seabra da Farm\u00e1cia, Segundinho, Shirley da Educa\u00e7\u00e3o", "texto_original": "http://sapl.piumhi.mg.leg.br/media/sapl/public/materialegislativa/2019/756/requerimento_no_04_-_2019i_mpVg6V2.pdf", "ementa": "A obra de uma Marginal nesta localidade, ora solicitada, se faz necess\u00e1ria para proporcionar mais seguran\u00e7a e conforto aos usu\u00e1rios que passam por ali diariamente. Com sua constru\u00e7\u00e3o, o tr\u00e1fego de passagem, sobretudo o de caminh\u00f5es, ser\u00e1 distribu\u00eddo e desviado para a Marginal.\r\nA popula\u00e7\u00e3o e todos quantos residem nos bairros Nova Piumhi. Capoeiras e Cruzeiro, seja ve\u00edculos de com\u00e9rcio ou de passeio, utilizam o acesso pela Rodovia MG - 50-, motivo pelo qual, antes que acidentes grav\u00edssimos ocorra naquele local, poder\u00e1 a Secretaria de Estado de Transporte e Obras P\u00fablicas - SETOP - e a concession\u00e1ria AB Nascentes das Gerais sanar o problema com a constru\u00e7\u00e3o da Marginal."}, {"id": "740", "ano": "2019", "numero": "5", "tipo__sigla": "REQ", "tipo__descricao": "Requerimento", "autoria": "CFO - Comiss\u00e3o de Finan\u00e7as e Or\u00e7amento, CLJR - Comiss\u00e3o de Legisla\u00e7\u00e3o, Justi\u00e7a e Reda\u00e7\u00e3o, CSPPMUC - Comiss\u00e3o de Servi\u00e7os e Pol\u00edticas P\u00fablicas Municipais, Urbanismo e Cidadania", "texto_original": "http://sapl.piumhi.mg.leg.br/media/sapl/public/materialegislativa/2019/740/requerimento_no_05_-_2019i.pdf", "ementa": "A COMISS\u00c3O DE LEGISLA\u00c7\u00c3O, JUSTI\u00c7A E REDA\u00c7\u00c3O. COMISS\u00c3O DE FINAN\u00c7AS E OR\u00c7AMENTO E COMISS\u00c3O DE SERVI\u00c7OS E POL\u00cdTICAS P\u00daBLICAS MUNICIPAIS, URBANISMO E CIDADANIA. com fulcro no art. 49, \u00a7 3\u00ba, inciso II, do Regimento Interno, v\u00eam atrav\u00e9s deste, requerer de V. Exa que a an\u00e1lise e delibera\u00e7\u00e3o do Projeto de Decreto Legislativo n\u00b0 03/2018 de autoria do Vereador Jos\u00e9 Segundo Faria que \u201cDisp\u00f5e sobre a Homenagem \u201cTrof\u00e9u Ra\u00e7a Negra\u201d em Comemora\u00e7\u00e3o ao Dia Nacional da Consci\u00eancia Negra e d\u00e1 outras provid\u00eancias\u201d, protocolizado nesta Casa Legislativa em 06 de dezembro de 2018, ocorra de forma conjunta entre estas Comiss\u00f5es Permanentes."}, {"id": "741", "ano": "2019", "numero": "6", "tipo__sigla": "REQ", "tipo__descricao": "Requerimento", "autoria": "CFO - Comiss\u00e3o de Finan\u00e7as e Or\u00e7amento, CLJR - Comiss\u00e3o de Legisla\u00e7\u00e3o, Justi\u00e7a e Reda\u00e7\u00e3o, CSPPMUC - Comiss\u00e3o de Servi\u00e7os e Pol\u00edticas P\u00fablicas Municipais, Urbanismo e Cidadania", "texto_original": "http://sapl.piumhi.mg.leg.br/media/sapl/public/materialegislativa/2019/741/requerimento_no_06_-_2019i.pdf", "ementa": "A COMISS\u00c3O DE LEGISLA\u00c7\u00c3O, JUSTI\u00c7A E REDAC\u00c0O, COMISS\u00c3O DE FINAN\u00c7AS E OR\u00c7AMENTO E COMISS\u00c3O DE SERVI\u00c7OS E POL\u00cdTICAS P\u00daBLICAS MUNICIPAIS. URBANISMO E CIDADANIA, com fulcro no art. 49, \u00a7 3o, inciso II, do Regimento Interno, v\u00eam atrav\u00e9s deste, requerer de V. Exa que a an\u00e1lise e delibera\u00e7\u00e3o do Projeto de Lei n\u00b0 56/2018 de autoria do Vereador Jos\u00e9 Segundo Faria que \u201cDisp\u00f5e sobre o acesso gratuito de pessoas com defici\u00eancia em eventos esportivos e socioculturais no \u00e2mbito do Munic\u00edpio de Piumhi\u201d, protocolizado nesta Casa Legislativa em 06 de dezembro de 2018, ocorra de forma conjunta entre estas Comiss\u00f5es Permanentes."}, {"id": "742", "ano": "2019", "numero": "7", "tipo__sigla": "REQ", "tipo__descricao": "Requerimento", "autoria": "CLJR - Comiss\u00e3o de Legisla\u00e7\u00e3o, Justi\u00e7a e Reda\u00e7\u00e3o, CSPPMUC - Comiss\u00e3o de Servi\u00e7os e Pol\u00edticas P\u00fablicas Municipais, Urbanismo e Cidadania", "texto_original": "http://sapl.piumhi.mg.leg.br/media/sapl/public/materialegislativa/2019/742/requerimento_no_07_-_2019i.pdf", "ementa": "A COMISS\u00c3O DE LEGISLA\u00c7\u00c3O. JUSTI\u00c7A E REDA\u00c7\u00c3O E COMISS\u00c3O DE SERVI\u00c7OS E POL\u00cdTICAS P\u00daBLICAS MUNICIPAIS, URBANISMO E CIDADANIA. com fulcro no art. 49, \u00a7 3o, inciso II, do Regimento Interno, v\u00eam atrav\u00e9s deste, requerer de V. Exa que a an\u00e1lise e delibera\u00e7\u00e3o do Projeto de Lei n\u00b0 59/2018 de autoria do Chefe do Poder Executivo Municipal que \u201cD\u00e1 nome de Andr\u00e9 Mour\u00e3o \u00e0 Creche situada na Rua Agneltina Guimar\u00e3es, n\u00b0 109, Bairro Novo Tempo em Piumhi- MG\u201d, protocolizado nesta Casa Legislativa em 07 de dezembro de 2018, ocorra de forma conjunta entre estas Comiss\u00f5es Permanentes."}, {"id": "743", "ano": "2019", "numero": "8", "tipo__sigla": "REQ", "tipo__descricao": "Requerimento", "autoria": "CFO - Comiss\u00e3o de Finan\u00e7as e Or\u00e7amento, CLJR - Comiss\u00e3o de Legisla\u00e7\u00e3o, Justi\u00e7a e Reda\u00e7\u00e3o, CSPPMUC - Comiss\u00e3o de Servi\u00e7os e Pol\u00edticas P\u00fablicas Municipais, Urbanismo e Cidadania", "texto_original": "http://sapl.piumhi.mg.leg.br/media/sapl/public/materialegislativa/2019/743/requerimento_no_08_-_2019i.pdf", "ementa": "A COMISS\u00c3O DE LEGISLA\u00c7\u00c3O, JUSTI\u00c7A E REDA\u00c7\u00c3O, COMISS\u00c3O DE FINAN\u00c7AS E OR\u00c7AMENTO E COMISS\u00c3O DE SERVI\u00c7OS E POL\u00cdTICAS P\u00daBLICAS MUNICIPAIS, URBANISMO E CIDADANIA. com fulcro no art. 49, \u00a7 3\u00ba, inciso II, do Regimento Interno, v\u00eam atrav\u00e9s deste, requerer de V. Exa que a an\u00e1lise e delibera\u00e7\u00e3o do Projeto de Lei n\u00b0 04/2019 de autoria do Chefe do Poder Executivo Municipal que \u201cInclui par\u00e1grafo \u00fanico no artigo 2\u00ba da Lei n\u00b0 2.372/2018, de 17 de dezembro de 2018, autorizando a desafeta\u00e7\u00e3o de \u00e1rea e d\u00e1 outras provid\u00eancias, protocolizado nesta Casa Legislativa em 28 de janeiro de 2019, ocorra de forma conjunta entre estas Comiss\u00f5es Permanentes."}, {"id": "744", "ano": "2019", "numero": "9", "tipo__sigla": "REQ", "tipo__descricao": "Requerimento", "autoria": "CFO - Comiss\u00e3o de Finan\u00e7as e Or\u00e7amento, CLJR - Comiss\u00e3o de Legisla\u00e7\u00e3o, Justi\u00e7a e Reda\u00e7\u00e3o, CSPPMUC - Comiss\u00e3o de Servi\u00e7os e Pol\u00edticas P\u00fablicas Municipais, Urbanismo e Cidadania", "texto_original": "http://sapl.piumhi.mg.leg.br/media/sapl/public/materialegislativa/2019/744/requerimento_no_09_-_2019i.pdf", "ementa": "A COMISS\u00c3O DE LEGISLA\u00c7\u00c3O, JUSTI\u00c7A E REDA\u00c7\u00c3O, COMISS\u00c3O DE FINAN\u00c7AS E OR\u00c7AMENTO E COMISS\u00c3O DE SERVI\u00c7OS E POL\u00cdTICAS P\u00daBLICAS MUNICIPAIS. URBANISMO E CIDADANIA, com fulcro no art. 49, \u00a7 3\u00ba, inciso II, do Regimento Interno, v\u00eam atrav\u00e9s deste, requerer de V. Exa que a an\u00e1lise e delibera\u00e7\u00e3o do Projeto de Lei n\u00b0 05/2019 de autoria do Chefe do Poder Executivo Municipal que \u201cInclui par\u00e1grafo \u00fanico no artigo 2\u00b0 da Lei n\u00b0 2.373/2018, de 17 de dezembro de 2018, autorizando a desafeta\u00e7\u00e3o de \u00e1rea e d\u00e1 outras provid\u00eancias\", protocolizado nesta Casa Legislativa em 28 de janeiro de 2019, ocorra de forma conjunta entre estas Comiss\u00f5es Permanentes."}, {"id": "736", "ano": "2019", "numero": "11", "tipo__sigla": "REQ", "tipo__descricao": "Requerimento", "autoria": "Fernando Detetive", "texto_original": "http://sapl.piumhi.mg.leg.br/media/sapl/public/materialegislativa/2019/736/requerimento_no_11_-_2019i.pdf", "ementa": "O Vereador que o presente subscreve, requer de Vossa Excel\u00eancia que seja estudada a possibilidade de disponibilizar o ve\u00edculo oficial (TOYOTA COROLLA - Placa: PWJ -7821- renavam: 00001057168553) da C\u00e2mara Municipal, para:\r\nDIA: 26/02/2019 HOR\u00c1RIO: 04:00 horas\r\nCIDADE DESTINO: Belo Horizonte-MG LOCAL: Cidade Administrativa\r\nJUSTIFICATIVA\r\nEste Vereador, ora Subscritor, tem uma reuni\u00e3o agendada com o Chefe da Pol\u00edcia Civil Delegado Geral, Wagner Pinto de Souza, na cidade de Belo Horizonte-MG, no dia 26/02/2019 e se far\u00e1 acompanhado pelo Deputado Estadual C\u00e1ssio Soares."}, {"id": "747", "ano": "2019", "numero": "12", "tipo__sigla": "REQ", "tipo__descricao": "Requerimento", "autoria": "CFO - Comiss\u00e3o de Finan\u00e7as e Or\u00e7amento, CLJR - Comiss\u00e3o de Legisla\u00e7\u00e3o, Justi\u00e7a e Reda\u00e7\u00e3o", "texto_original": "http://sapl.piumhi.mg.leg.br/media/sapl/public/materialegislativa/2019/747/requerimento_no_12_-_2019i.pdf", "ementa": "A COMISS\u00c3O DE LEGISLA\u00c7\u00c3O, JUSTI\u00c7A E REDA\u00c7\u00c3O E COMISS\u00c3O DE FINAN\u00c7AS E OR\u00c7AMENTO. com fulcro no art. 49, \u00a7 3o, inciso II, do Regimento Interno, v\u00eam atrav\u00e9s deste, requerer de V. Exa que a an\u00e1lise e delibera\u00e7\u00e3o do Projeto de Lei n\u00b0 06/2019 de autoria do Chefe do Poder Executivo Municipal que \u201cConcede piso salarial profissional aos Agentes Comunit\u00e1rios de Sa\u00fade e Agentes de Combate \u00e0s Endemias e d\u00e1 outras provid\u00eancias\u201d, protocolizado nesta Casa Legislativa em 15 de fevereiro de 2019, ocorra de forma conjunta entre estas Comiss\u00f5es Permanentes."}, {"id": "755", "ano": "2019", "numero": "13", "tipo__sigla": "REQ", "tipo__descricao": "Requerimento", "autoria": "Shirley da Educa\u00e7\u00e3o", "texto_original": "http://sapl.piumhi.mg.leg.br/media/sapl/public/materialegislativa/2019/755/requerimento_no_13-2019.pdf", "ementa": "presente requerimento refere-se aos Impactos Or\u00e7ament\u00e1rios encaminhados a esta Casa Legislativa ao longo desta legislatura (2017/2018/2019) em todos os Projetos vindos do Executivo criando algum tipo de despesa.\r\nTenho observado ao longo deste per\u00edodo, que os percentuais demonstrados nos referidos Impactos t\u00eam oscilado frequentemente (aumentando e diminuindo sem uma necess\u00e1ria justificativa t\u00e9cnica) de uma forma, no m\u00ednimo, curiosa, para n\u00e3o dizer estranha."}, {"id": "748", "ano": "2019", "numero": "14", "tipo__sigla": "REQ", "tipo__descricao": "Requerimento", "autoria": "Fernando Detetive", "texto_original": "http://sapl.piumhi.mg.leg.br/media/sapl/public/materialegislativa/2019/748/requerimento_no_14_-_2019i.pdf", "ementa": "O Vereador que o presente subscreve, requer de Vossa Excel\u00eancia que seja estudada a possibilidade de disponibilizar o ve\u00edculo oficial (TOYOTA COROLLA - Placa: PWJ -7821- renavam: 00001057168553) da C\u00e2mara Municipal, para:\r\nDIA: 12/03/2019 HOR\u00c1RIO: 04:00 horas CIDADE DESTINO: Belo Horizonte-MG LOCAL: Assembleia Legislativa\r\n\r\nJUSTIFICATIVA\r\nEste Vereador, ora subscritor, tem uma reuni\u00e3o agendada com o Chefe da Pol\u00edcia Civil Delegado Geral, Wagner Pinto de Souza, na cidade de Belo Horizonte-MG, no dia 12/03/2019 e se far\u00e1 realizada no gabinete do Deputado Estadual C\u00e1ssio Soares."}, {"id": "825", "ano": "2019", "numero": "16", "tipo__sigla": "REQ", "tipo__descricao": "Requerimento", "autoria": "CFO - Comiss\u00e3o de Finan\u00e7as e Or\u00e7amento, CLJR - Comiss\u00e3o de Legisla\u00e7\u00e3o, Justi\u00e7a e Reda\u00e7\u00e3o", "texto_original": "http://sapl.piumhi.mg.leg.br/media/sapl/public/materialegislativa/2019/825/requerimento_no_16_-_2019i.pdf", "ementa": "Os Membros da Comiss\u00e3o de Legisla\u00e7\u00e3o, Justi\u00e7a e Reda\u00e7\u00e3o e Comiss\u00e3o de Finan\u00e7as e Or\u00e7amento, que abaixo subscrevem, vem atrav\u00e9s do presente requerer de V. Exa, cm conformidade o art. 144, \u00a7 Io, II c/c art. 164, \u00a7 2o, do Regimento Interno desta egr\u00e9gia Casa, a inclus\u00e3o cm REGIME DE URG\u00caNCIA ESPECIAL do Projeto de Lei n\u00b0 06/2019 que \"Concede piso salarial profissional aos Agentes Comunit\u00e1rios de Sa\u00fade e Agentes de Combate \u00e0s Endemias e d\u00e1 outras providencias\u201d.\r\nA urg\u00eancia da delibera\u00e7\u00e3o do Projeto de Lei cm \u00fanica discuss\u00e3o c vota\u00e7\u00e3o na S\u00e9tima Sess\u00e3o Ordin\u00e1ria que ser\u00e1 realizada no dia 18/03 do corrente ano, se faz necess\u00e1ria, tendo em vista que o piso nacional estabelecido pela Lei Federal n\u00b0 13.708/2018, entrou em vigor a partir de janeiro do corrente ano, nada mais justo \u00e9 a aprova\u00e7\u00e3o do presente projeto antes da confec\u00e7\u00e3o da folha de pagamento do m\u00eas de mar\u00e7o, com as diferen\u00e7as retroativas."}, {"id": "819", "ano": "2019", "numero": "17", "tipo__sigla": "REQ", "tipo__descricao": "Requerimento", "autoria": "CLJR - Comiss\u00e3o de Legisla\u00e7\u00e3o, Justi\u00e7a e Reda\u00e7\u00e3o, CSPPMUC - Comiss\u00e3o de Servi\u00e7os e Pol\u00edticas P\u00fablicas Municipais, Urbanismo e Cidadania", "texto_original": "http://sapl.piumhi.mg.leg.br/media/sapl/public/materialegislativa/2019/819/requerimento_no_17_-_2019i_aDgGSz3.pdf", "ementa": "A COMISS\u00c3O DE LEGISLA\u00c7\u00c3O, JUSTI\u00c7A E REDA\u00c7\u00c3O E COMISS\u00c3O DE SERVI\u00c7OS E POL\u00cdTICAS P\u00daBLICAS MUNICIPAIS, URBANISMO E CIDADANIA, com fulcro no art. 49, \u00a7 3\u00ba, inciso II, do Regimento Interno, v\u00eam atrav\u00e9s deste, requerer de V. Exa que a an\u00e1lise e delibera\u00e7\u00e3o do Projeto de Lei n\u00b0 08/2019 de autoria do Chefe do Poder Executivo Municipal que \u201cAutoriza os donat\u00e1rios oriundos da Lei 2.039/2011 a constru\u00edrem nos lotes recebidos em doa\u00e7\u00e3o e d\u00e1 outras provid\u00eancias\u201d, protocolizado nesta Casa Legislativa em 08 de mar\u00e7o de 2019, conforme Mensagem Aditiva ao referido projeto, ocorra de forma conjunta entre estas Comiss\u00f5es Permanentes."}, {"id": "853", "ano": "2019", "numero": "18", "tipo__sigla": "REQ", "tipo__descricao": "Requerimento", "autoria": "Sargento Z\u00e9 Welington", "texto_original": "http://sapl.piumhi.mg.leg.br/media/sapl/public/materialegislativa/2019/853/requerimento_no_18_-_2019i.pdf", "ementa": "O Vereador que abaixo subscreve, vem atrav\u00e9s do presente, requerer que V. Exa autorize o Setor competente (Secretaria de Apoio e/ou Departamento de Contabilidade) a fornecer a este Requerente c\u00f3pia de todos os comprovantes de despesas com a constru\u00e7\u00e3o da sala do DETRAN no \u00e2mbito da C\u00e2mara Municipal de Piumhi, compreendendo notas fiscais, notas de empenho e processos licitat\u00f3rios correspondentes.\r\nEste Vereador, ora subscritor, tem como justificativa a relev\u00e2ncia da repercuss\u00e3o nas redes sociais, onde os mun\u00edcipes alegam que o DETRAN n\u00e3o vai disponibilizar o acesso para as provas de legisla\u00e7\u00e3o."}, {"id": "818", "ano": "2019", "numero": "19", "tipo__sigla": "REQ", "tipo__descricao": "Requerimento", "autoria": "CLJR - Comiss\u00e3o de Legisla\u00e7\u00e3o, Justi\u00e7a e Reda\u00e7\u00e3o, CSPPMUC - Comiss\u00e3o de Servi\u00e7os e Pol\u00edticas P\u00fablicas Municipais, Urbanismo e Cidadania", "texto_original": "http://sapl.piumhi.mg.leg.br/media/sapl/public/materialegislativa/2019/818/requerimento_no_19-2019.pdf", "ementa": "Os Membros da Comiss\u00e3o de Legisla\u00e7\u00e3o, Justi\u00e7a e Reda\u00e7\u00e3o e Comiss\u00e3o de Servi\u00e7os e Pol\u00edticas P\u00fablicas Municipais, Urbanismo e Cidadania, que abaixo subscrevem, v\u00eam atrav\u00e9s do presente requerer de V. Exa, em conformidade o art. 144, \u00a7 1\u00ba, II c/c art. 164, \u00a7 2\u00ba, do Regimento Interno desta egr\u00e9gia Casa, a inclus\u00e3o em REGIME DE URG\u00caNCIA ESPECIAL do Projeto de Lei n\u00ba 08/2019 de autoria do Chefe do Poder Executivo Municipal que \u201cAutoriza os donat\u00e1rios oriundos da Lei 2.039/2011 a constru\u00edrem nos lotes recebidos em doa\u00e7\u00e3o e d\u00e1 outras provid\u00eancias\u201d."}, {"id": "860", "ano": "2019", "numero": "20", "tipo__sigla": "REQ", "tipo__descricao": "Requerimento", "autoria": "CFO - Comiss\u00e3o de Finan\u00e7as e Or\u00e7amento", "texto_original": "http://sapl.piumhi.mg.leg.br/media/sapl/public/materialegislativa/2019/860/requerimento_no_20_-_2019i.pdf", "ementa": "A COMISS\u00c3O DE LEGISLA\u00c7\u00c3O, JUSTI\u00c7A E REDA\u00c7\u00c3O E COMISS\u00c3O DE FINAN\u00c7AS E OR\u00c7AMENTO. com fulcro no art. 49, \u00a7 3o, inciso II, do Regimento Interno, v\u00eam atrav\u00e9s deste, requerer de V. Exa que a an\u00e1lise e delibera\u00e7\u00e3o do Projeto de Lei Complementar n\u00b0 05/2019 de autoria do Chefe do Poder Executivo Municipal que \"Disp\u00f5e sobre a autoriza\u00e7\u00e3o ao Poder Executivo para conceder desconto no pagamento em at\u00e9 03 (tr\u00eas) parcelas do Imposto Predial e Territorial Urbano (IPTU) e d\u00e1 outras provid\u00eancias\u201d, protocolizado nesta Casa Legislativa em 15 de mar\u00e7o de 2019, ocorra de forma conjunta entre estas Comiss\u00f5es Permanentes."}, {"id": "862", "ano": "2019", "numero": "21", "tipo__sigla": "REQ", "tipo__descricao": "Requerimento", "autoria": "CFO - Comiss\u00e3o de Finan\u00e7as e Or\u00e7amento, CLJR - Comiss\u00e3o de Legisla\u00e7\u00e3o, Justi\u00e7a e Reda\u00e7\u00e3o", "texto_original": "http://sapl.piumhi.mg.leg.br/media/sapl/public/materialegislativa/2019/862/requerimento_no_21_-_2019i.pdf", "ementa": "Os Membros da Comiss\u00e3o de Legisla\u00e7\u00e3o, Justi\u00e7a e Reda\u00e7\u00e3o e Comiss\u00e3o de Finan\u00e7as e Or\u00e7amento, que abaixo subscrevem, v\u00eam atrav\u00e9s do presente requerer de V. Exa, em conformidade o art. 144, \u00a7 Io, II c/c art. 164, \u00a7 2o, do Regimento Interno desta egr\u00e9gia Casa, a inclus\u00e3o em REGIME DE URG\u00caNCIA ESPECIAL do Projeto de Lei Complementar n\u00b0 05/2019 de autoria do Chefe do Poder Executivo Municipal que \"Disp\u00f5e sobre a autoriza\u00e7\u00e3o ao Poder Executivo para conceder desconto no pagamento em at\u00e9 03 (tr\u00eas) parcelas do Imposto Predial e Territorial Urbano (IPTU) e d\u00e1 outras provid\u00eancias\u201d."}, {"id": "889", "ano": "2019", "numero": "22", "tipo__sigla": "REQ", "tipo__descricao": "Requerimento", "autoria": "Guininho do Man\u00e9, Sargento Z\u00e9 Welington, Segundinho, Shirley da Educa\u00e7\u00e3o", "texto_original": "http://sapl.piumhi.mg.leg.br/media/sapl/public/materialegislativa/2019/889/requerimento_no_22_-_2019i.pdf", "ementa": "Os Vereadores que abaixo subscrevem, vem atrav\u00e9s do presente, requerer de V. Exa a prorroga\u00e7\u00e3o do prazo previsto no Paragrafo \u00danico do art. 143 do Regimento Interno, para apresenta\u00e7\u00e3o do Relat\u00f3rio referente ao Of\u00edcio n\u00b0 40/2019 de autoria do Chefe do Poder Executivo Municipal, em resposta ao Of\u00edcio n\u00b0 04/2019 da lavra destes Vereadores.\r\nEstes Vereadores, ora subscritores, tem como justificativa a raz\u00e3o da forma gen\u00e9rica que as informa\u00e7\u00f5es foram prestadas, tornando complexa a an\u00e1lise e conclus\u00e3o."}, {"id": "904", "ano": "2019", "numero": "23", "tipo__sigla": "REQ", "tipo__descricao": "Requerimento", "autoria": "CLJR - Comiss\u00e3o de Legisla\u00e7\u00e3o, Justi\u00e7a e Reda\u00e7\u00e3o", "texto_original": "http://sapl.piumhi.mg.leg.br/media/sapl/public/materialegislativa/2019/904/requerimento_no_23-2019.pdf", "ementa": "A COMISS\u00c3O DE LEGISLA\u00c7\u00c3O, JUSTI\u00c7A E REDA\u00c7\u00c3O e COMISS\u00c3O DE SERVI\u00c7OS E POL\u00cdTICAS P\u00daBLICAS MUNICIPAIS, URBANISMO E CIDADANIA, nomeadas atrav\u00e9s da Portaria n\u00b0 010/2018 para promoverem o Estudo e Elabora\u00e7\u00e3o da Revis\u00e3o do Plano Diretor Municipal, bem como o Estudo e Elabora\u00e7\u00e3o de Minuta de Projeto de Lei visando normatizar o uso e parcelamento do solo, v\u00eam REQUERER nos termos do art. 3\u00ba da citada Portaria alterada pela Portaria n. 015/2019, a prorroga\u00e7\u00e3o do pra/.o por mais 06 (seis) meses, para conclus\u00e3o dos trabalhos."}, {"id": "977", "ano": "2019", "numero": "24", "tipo__sigla": "REQ", "tipo__descricao": "Requerimento", "autoria": "CLJR - Comiss\u00e3o de Legisla\u00e7\u00e3o, Justi\u00e7a e Reda\u00e7\u00e3o, CSPPMUC - Comiss\u00e3o de Servi\u00e7os e Pol\u00edticas P\u00fablicas Municipais, Urbanismo e Cidadania", "texto_original": "http://sapl.piumhi.mg.leg.br/media/sapl/public/materialegislativa/2019/977/requerimento_no_24_-_2019i.pdf", "ementa": "A COMISS\u00c3O DE LEGISLA\u00c7\u00c3O, JUSTI\u00c7A E REDA\u00c7\u00c3O E COMISS\u00c3O DE SERVI\u00c7OS E POL\u00cdTICAS P\u00daBLICAS MUNICIPAIS, URBANISMO E CIDADANIA, com  fulcro no art. 49, \u00a7 3\u00ba,  inciso II, do Regimento Interno, vem atrav\u00e9s deste, requerer de  V. Exa que a an\u00e1lise e delibera\u00e7\u00e3o do Projeto de Lei n\u00ba 09/2019 de autoria do Vereador Jos\u00e9 Welington da Silva que \u201cD\u00e1 nome Jos\u00e9 Jader Melo -  \u00e0 \u201cRua A\u201d, no  Loteamento Maria Luiza - Bairro Lagoa de Tr\u00e1s, no Munic\u00edpio de Piumhi-MG, e d\u00e1 outras provid\u00eancias\u201d, ocorra de forma conjunta entre estas Comiss\u00f5es Permanentes."}, {"id": "901", "ano": "2019", "numero": "25", "tipo__sigla": "REQ", "tipo__descricao": "Requerimento", "autoria": "CFO - Comiss\u00e3o de Finan\u00e7as e Or\u00e7amento, CLJR - Comiss\u00e3o de Legisla\u00e7\u00e3o, Justi\u00e7a e Reda\u00e7\u00e3o, CSPPMUC - Comiss\u00e3o de Servi\u00e7os e Pol\u00edticas P\u00fablicas Municipais, Urbanismo e Cidadania", "texto_original": "http://sapl.piumhi.mg.leg.br/media/sapl/public/materialegislativa/2019/901/requerimento_no_25_-_2019i.pdf", "ementa": "A COMISS\u00c3O DE LEGISLA\u00c7\u00c3O, JUSTI\u00c7A E REDA\u00c7\u00c3O, COMISS\u00c3O DE FINAN\u00c7AS E OR\u00c7AMENTO E COMISS\u00c3O DE SERVI\u00c7OS E POL\u00cdTICAS P\u00daBLICAS MUNICIPAIS, URBANISMO E CIDADANIA. com fulcro no art. 49, \u00a7 3\u00ba, inciso II, do Regimento Interno, v\u00eam atrav\u00e9s deste, requerer de V. Exa que a an\u00e1lise e delibera\u00e7\u00e3o do Projeto de Lei n\u00b0 12/2019 de autoria do Chefe do Poder Executivo Municipal que \u201cDisp\u00f5e sobre a Pol\u00edtica Municipal de Atendimento dos Direitos da Crian\u00e7a c do Adolescente e d\u00e1 outras provid\u00eancias\u201d, protocolizado nesta Casa Legislativa em 25 de mar\u00e7o de 2019, ocorra de forma conjunta entre estas Comiss\u00f5es Permanentes."}, {"id": "874", "ano": "2019", "numero": "27", "tipo__sigla": "REQ", "tipo__descricao": "Requerimento", "autoria": "Fernando Detetive", "texto_original": "http://sapl.piumhi.mg.leg.br/media/sapl/public/materialegislativa/2019/874/requerimento_no_27_-_2019i.pdf", "ementa": "O Vereador Ant\u00f4nio Fernando Gomes solicita autoriza\u00e7\u00e3o para utiliza\u00e7\u00e3o do Plenarinho da C\u00e2mara Municipal de Piumhi, na data de 28/03/2019, no hor\u00e1rio das\r\n18h30 onde se realizar\u00e1 reuni\u00e3o juntamente com os integrados da JBS para fins de estudar a possibilidade da cria\u00e7\u00e3o de uma associa\u00e7\u00e3o de criadores de frangos em nosso munic\u00edpio \u00e7 regi\u00e3o"}, {"id": "1344", "ano": "2019", "numero": "28", "tipo__sigla": "REQ", "tipo__descricao": "Requerimento", "autoria": "CFO - Comiss\u00e3o de Finan\u00e7as e Or\u00e7amento, CLJR - Comiss\u00e3o de Legisla\u00e7\u00e3o, Justi\u00e7a e Reda\u00e7\u00e3o, CSPPMUC - Comiss\u00e3o de Servi\u00e7os e Pol\u00edticas P\u00fablicas Municipais, Urbanismo e Cidadania", "texto_original": "http://sapl.piumhi.mg.leg.br/media/sapl/public/materialegislativa/2019/1344/requerimento_no_28-2019.pdf", "ementa": "A COMISS\u00c3O DE LEGISLA\u00c7\u00c3O, JUSTI\u00c7A E REDA\u00c7\u00c3O, COMISS\u00c3O DE FINAN\u00c7AS E OR\u00c7AMENTO E COMISS\u00c3O DE SERVI\u00c7OS E POL\u00cdTICAS P\u00daBLICAS MUNICIPAIS, URBANISMO E CIDADANIA, com fulcro no art. 49, \u00a7 3\u00ba, inciso II. do Regimento Interno, v\u00eam atrav\u00e9s deste, requerer de V. Exa que a an\u00e1lise e delibera\u00e7\u00e3o do Projeto de Lei n\u00b0 10/2019 de autoria do Chefe do Poder Executivo Municipal que \u201cPermite o Poder Executivo Municipal a autorizar o uso de espa\u00e7o p\u00fablico para instala\u00e7\u00e3o de rel\u00f3gio eletr\u00f4nico informativo, e d\u00e1 outras provid\u00eancias\u201d, protocolizado nesta Casa Legislativa em 15 de mar\u00e7o de 2019, ocorra de forma conjunta entre estas Comiss\u00f5es Permanentes."}, {"id": "1357", "ano": "2019", "numero": "29", "tipo__sigla": "REQ", "tipo__descricao": "Requerimento", "autoria": "CFO - Comiss\u00e3o de Finan\u00e7as e Or\u00e7amento, CLJR - Comiss\u00e3o de Legisla\u00e7\u00e3o, Justi\u00e7a e Reda\u00e7\u00e3o, CSPPMUC - Comiss\u00e3o de Servi\u00e7os e Pol\u00edticas P\u00fablicas Municipais, Urbanismo e Cidadania", "texto_original": "http://sapl.piumhi.mg.leg.br/media/sapl/public/materialegislativa/2019/1357/requerimento_no_29-2019.pdf", "ementa": "A COMISS\u00c3O DE LEGISLA\u00c7\u00c3O, JUSTI\u00c7A E REDA\u00c7\u00c3O, COMISS\u00c3O DE FINAN\u00c7AS E OR\u00c7AMENTO E COMISS\u00c3O DE SERVI\u00c7OS E POL\u00cdTICAS P\u00daBLICAS MUNICIPAIS, URBANISMO E CIDADANIA. com fulcro no art. 49, \u00a7 3\u00ba, inciso II, do Regimento Interno, v\u00eam atrav\u00e9s deste, requerer de V. Exa que a an\u00e1lise e delibera\u00e7\u00e3o do Projeto de Lei n\u00b0 11/2019 de autoria do Chefe do Poder Executivo Municipal que \u201cAutoriza o Poder Executivo Municipal a proceder \u00e0 concess\u00e3o do uso, para instala\u00e7\u00e3o e manuten\u00e7\u00e3o de placas indicativas de vias e logradouros p\u00fablicos da zona urbana do Munic\u00edpio, mediante explora\u00e7\u00e3o de servi\u00e7os de publicidade\u201d, protocolizado nesta Casa Legislativa em 15 de mar\u00e7o de 2019. ocorra de forma conjunta entre estas Comiss\u00f5es Permanentes."}, {"id": "947", "ano": "2019", "numero": "30", "tipo__sigla": "REQ", "tipo__descricao": "Requerimento", "autoria": "CLJR - Comiss\u00e3o de Legisla\u00e7\u00e3o, Justi\u00e7a e Reda\u00e7\u00e3o, CSPPMUC - Comiss\u00e3o de Servi\u00e7os e Pol\u00edticas P\u00fablicas Municipais, Urbanismo e Cidadania", "texto_original": "http://sapl.piumhi.mg.leg.br/media/sapl/public/materialegislativa/2019/947/requerimento_no_30_-_2019_ref_projeto_lei_no_15_-_2019i.pdf", "ementa": "\u201cD\u00e1 nome de Bairro Alvorada ao Loteamento Alvorada e d\u00e1 outras provid\u00eancias\u201d"}, {"id": "948", "ano": "2019", "numero": "31", "tipo__sigla": "REQ", "tipo__descricao": "Requerimento", "autoria": "CLJR - Comiss\u00e3o de Legisla\u00e7\u00e3o, Justi\u00e7a e Reda\u00e7\u00e3o, CSPPMUC - Comiss\u00e3o de Servi\u00e7os e Pol\u00edticas P\u00fablicas Municipais, Urbanismo e Cidadania", "texto_original": "http://sapl.piumhi.mg.leg.br/media/sapl/public/materialegislativa/2019/948/requerimento_no_31_-_2019_ref_projeto_lei_no_16_-_2019i.pdf", "ementa": "\"Declara como de utilidade p\u00fablica municipal a Associa\u00e7\u00e3o de Prote\u00e7\u00e3o aos Animais de Rua de Piumhi - C\u00e3o Viver Associados e d\u00e1 outras provid\u00eancias\u201d"}, {"id": "1338", "ano": "2019", "numero": "32", "tipo__sigla": "REQ", "tipo__descricao": "Requerimento", "autoria": "CFO - Comiss\u00e3o de Finan\u00e7as e Or\u00e7amento, CLJR - Comiss\u00e3o de Legisla\u00e7\u00e3o, Justi\u00e7a e Reda\u00e7\u00e3o, CSPPMUC - Comiss\u00e3o de Servi\u00e7os e Pol\u00edticas P\u00fablicas Municipais, Urbanismo e Cidadania", "texto_original": "http://sapl.piumhi.mg.leg.br/media/sapl/public/materialegislativa/2019/1338/requerimento_no_32-2019.pdf", "ementa": "A COMISS\u00c3O DE LEGISLA\u00c7\u00c3O, JUSTI\u00c7A E REDA\u00c7\u00c3O, COMISS\u00c3O DE FINAN\u00c7AS E OR\u00c7AMENTO E COMISS\u00c3O DE SERVI\u00c7OS E POL\u00cdTICAS P\u00daBLICAS MUNICIPAIS, URBANISMO E CIDADANIA, com fulcro no art. 49, \u00a7 3\u00ba, inciso II, do Regimento Interno, v\u00eam atrav\u00e9s deste, requerer de V. Exa que a an\u00e1lise e delibera\u00e7\u00e3o do Projeto de Lei n\u00b0 07/2019 de autoria do Chefe do Poder Executivo Municipal que \"Autoriza o Munic\u00edpio de Piumhi a celebrar conv\u00eanio com o Munic\u00edpio de Capit\u00f3lio e d\u00e1 outras providencias\", protocolizado nesta Casa Legislativa em 25 de fevereiro de 2019. ocorra de forma conjunta entre estas Comiss\u00f5es Permanentes."}, {"id": "950", "ano": "2019", "numero": "33", "tipo__sigla": "REQ", "tipo__descricao": "Requerimento", "autoria": "CFO - Comiss\u00e3o de Finan\u00e7as e Or\u00e7amento, CLJR - Comiss\u00e3o de Legisla\u00e7\u00e3o, Justi\u00e7a e Reda\u00e7\u00e3o, CSPPMUC - Comiss\u00e3o de Servi\u00e7os e Pol\u00edticas P\u00fablicas Municipais, Urbanismo e Cidadania", "texto_original": "http://sapl.piumhi.mg.leg.br/media/sapl/public/materialegislativa/2019/950/requerimento_no_33-2019.pdf", "ementa": "\u201cRequer a inclus\u00e3o em regime de urg\u00eancia especial do Projeto de Lei n\u00ba 07/2019/Mensagem Aditiva que \"Autoriza o Munic\u00edpio de Piumhi a celebrar conv\u00eanio com o Munic\u00edpio de Capit\u00f3lio e d\u00e1 outras provid\u00eancias\u201d"}, {"id": "951", "ano": "2019", "numero": "34", "tipo__sigla": "REQ", "tipo__descricao": "Requerimento", "autoria": "CFO - Comiss\u00e3o de Finan\u00e7as e Or\u00e7amento, CLJR - Comiss\u00e3o de Legisla\u00e7\u00e3o, Justi\u00e7a e Reda\u00e7\u00e3o, CSPPMUC - Comiss\u00e3o de Servi\u00e7os e Pol\u00edticas P\u00fablicas Municipais, Urbanismo e Cidadania", "texto_original": "http://sapl.piumhi.mg.leg.br/media/sapl/public/materialegislativa/2019/951/requerimento_no_34-2019.pdf", "ementa": "\u201cRequer a inclus\u00e3o em regime de urg\u00eancia especial do Projeto de Lei n\u00ba 11/2019 que \"Autoriza o Poder Executivo Municipal a proceder \u00e0 concess\u00e3o do uso, para instala\u00e7\u00e3o e manuten\u00e7\u00e3o de placas indicativas de vias e logradouros p\u00fablicos da zona urbana do Munic\u00edpio, mediante explora\u00e7\u00e3o de servi\u00e7os de publicidade\u201d."}, {"id": "946", "ano": "2019", "numero": "35", "tipo__sigla": "REQ", "tipo__descricao": "Requerimento", "autoria": "Departamento de Apoio - Se\u00e7\u00e3o Legislativa - DASL", "texto_original": "http://sapl.piumhi.mg.leg.br/media/sapl/public/materialegislativa/2019/946/requerimento_no_35_-_2019i.pdf", "ementa": "Em atendimento ao Vereador Ant\u00f4nio Fernando Gomes solicito autoriza\u00e7\u00e3o para utiliza\u00e7\u00e3o do Plenarinho da C\u00e2mara Municipal de Piumhi, na data de 03/05/2019, no hor\u00e1rio das 16h00 onde se realizar\u00e1 reuni\u00e3o juntamente com os integrantes da JBS para fins relacionados \u00e0 associa\u00e7\u00e3o de criadores de frangos em nosso munic\u00edpio e regi\u00e3o."}, {"id": "1459", "ano": "2019", "numero": "36", "tipo__sigla": "REQ", "tipo__descricao": "Requerimento", "autoria": "Guininho do Man\u00e9, J\u00fanior Boi, Sargento Z\u00e9 Welington, Seabra da Farm\u00e1cia, Segundinho", "texto_original": "http://sapl.piumhi.mg.leg.br/media/sapl/public/materialegislativa/2019/1459/requerimento_no_36-2019.pdf", "ementa": "A COMISS\u00c3O DE LEGISLA\u00c7\u00c3O, JUSTI\u00c7A E REDA\u00c7\u00c3O E COMISS\u00c3O DE FINAN\u00c7AS E OR\u00c7AMENTO, com fulcro no art. 49, \u00a7 3\u00ba, inciso II, do Regimento Interno, vem atrav\u00e9s deste, requerer de V. Exa que a an\u00e1lise e delibera\u00e7\u00e3o do Projeto de Lei n\" 17/2019 de autoria do Chefe do Poder Executivo Municipal que \u201cAutoriza o Poder Executivo a conceder Anistia Fiscal como forma de manuten\u00e7\u00e3o do Programa de Recupera\u00e7\u00e3o de Cr\u00e9ditos Tribut\u00e1rios relativos a impostos e taxas, criado pela Lei Municipal n\u00b0 1709/2005 e d\u00e1 outras provid\u00eancias\u201d, protocolizado nesta Casa Legislativa em 04 de abril de 2019, ocorra de forma conjunta entre estas Comiss\u00f5es Permanentes."}, {"id": "1461", "ano": "2019", "numero": "37", "tipo__sigla": "REQ", "tipo__descricao": "Requerimento", "autoria": "CLJR - Comiss\u00e3o de Legisla\u00e7\u00e3o, Justi\u00e7a e Reda\u00e7\u00e3o, CSPPMUC - Comiss\u00e3o de Servi\u00e7os e Pol\u00edticas P\u00fablicas Municipais, Urbanismo e Cidadania", "texto_original": "http://sapl.piumhi.mg.leg.br/media/sapl/public/materialegislativa/2019/1461/requerimento_no_37-2019.pdf", "ementa": "A COMISS\u00c3O DE LEGISLA\u00c7\u00c3O, JUSTI\u00c7A E REDA\u00c7\u00c3O E COMISS\u00c3O DE SERVI\u00c7OS E POL\u00cdTICAS P\u00daBLICAS MUNICIPAIS, URBANISMO E CIDADANIA, com fulcro no art. 49, \u00a7 3\u00ba, inciso II, do Regimento Interno, vem atrav\u00e9s deste, requerer de V. Exa que a an\u00e1lise e delibera\u00e7\u00e3o do Projeto de Lei n\u00b0 18/2019 de autoria do Chefe do Poder Executivo Municipal que \u201cDisp\u00f5e sobre desafeta\u00e7\u00e3o de bem p\u00fablico c d\u00e1 outras provid\u00eancias\", protocolizado nesta Casa Legislativa em 08 de abril de 2019. ocorra de forma conjunta entre estas Comiss\u00f5es Permanentes."}, {"id": "970", "ano": "2019", "numero": "38", "tipo__sigla": "REQ", "tipo__descricao": "Requerimento", "autoria": "CFO - Comiss\u00e3o de Finan\u00e7as e Or\u00e7amento, CLJR - Comiss\u00e3o de Legisla\u00e7\u00e3o, Justi\u00e7a e Reda\u00e7\u00e3o", "texto_original": "http://sapl.piumhi.mg.leg.br/media/sapl/public/materialegislativa/2019/970/requerimento_no_38-2019.pdf", "ementa": "\u201cRequer a inclus\u00e3o em regime de urg\u00eancia especial do Projeto de Lei n\u00ba 17/2019 de autoria do Chefe do Poder Executivo Municipal que \"Autoriza o Poder Executivo a conceder Anistia Fiscal como forma de manuten\u00e7\u00e3o do Programa de Recupera\u00e7\u00e3o de Cr\u00e9ditos Tribut\u00e1rios relativos a impostos e taxas, criado pela Lei Municipal n\u00b0 1709/2005 e d\u00e1 outras provid\u00eancias\u201d."}, {"id": "971", "ano": "2019", "numero": "39", "tipo__sigla": "REQ", "tipo__descricao": "Requerimento", "autoria": "CLJR - Comiss\u00e3o de Legisla\u00e7\u00e3o, Justi\u00e7a e Reda\u00e7\u00e3o, CSPPMUC - Comiss\u00e3o de Servi\u00e7os e Pol\u00edticas P\u00fablicas Municipais, Urbanismo e Cidadania", "texto_original": "http://sapl.piumhi.mg.leg.br/media/sapl/public/materialegislativa/2019/971/requerimento_no_39-2019.pdf", "ementa": "Requer a inclus\u00e3o em regime de urg\u00eancia especial do Projeto de Lei n\u00ba 18/2019 de autoria do Chefe do Poder Executivo Municipal que \u201cDisp\u00f5e sobre desafeta\u00e7\u00e3o de bem p\u00fablico e d\u00e1 outras provid\u00eancias\u201d."}, {"id": "972", "ano": "2019", "numero": "40", "tipo__sigla": "REQ", "tipo__descricao": "Requerimento", "autoria": "Sargento Z\u00e9 Welington, Segundinho, Shirley da Educa\u00e7\u00e3o", "texto_original": "http://sapl.piumhi.mg.leg.br/media/sapl/public/materialegislativa/2019/972/requerimento_no_40_-_2019i_B6gv67G.pdf", "ementa": "Os Vereadores que abaixo subscrevem, v\u00eam atrav\u00e9s do presente, requerer de V. Exa a prorroga\u00e7\u00e3o do prazo por mais 15 (quinze) dias \u00fateis, para emiss\u00e3o de Relat\u00f3rio referente ao Of\u00edcio n\u00b0 365/2018 de autoria do Chefe do Poder Executivo Municipal, em resposta ao Of\u00edcio Circular n\u00b0 142/2018 da lavra destes Vereadores."}, {"id": "1280", "ano": "2019", "numero": "41", "tipo__sigla": "REQ", "tipo__descricao": "Requerimento", "autoria": "CLJR - Comiss\u00e3o de Legisla\u00e7\u00e3o, Justi\u00e7a e Reda\u00e7\u00e3o, CSPPMUC - Comiss\u00e3o de Servi\u00e7os e Pol\u00edticas P\u00fablicas Municipais, Urbanismo e Cidadania", "texto_original": "http://sapl.piumhi.mg.leg.br/media/sapl/public/materialegislativa/2019/1280/requerimento_no_41-2019.pdf", "ementa": "A COMISS\u00c3O DE LEGISLA\u00c7\u00c3O, JUSTI\u00c7A E REDA\u00c7\u00c3O E COMISS\u00c3O DE SERVI\u00c7OS E POL\u00cdTICAS P\u00daBLICAS MUNICIPAIS, URBANISMO E CIDADANIA, com fulcro no art. 49, \u00a7 3\u00ba, inciso II, do Regimento Interno, v\u00eam atrav\u00e9s deste, requerer de V. Exa que a an\u00e1lise e delibera\u00e7\u00e3o do Projeto de Resolu\u00e7\u00e3o n\u00b0 02/2019 de autoria da Mesa Diretora do Poder Legislativo de Piumhi que \u201cDisp\u00f5e sobre os servi\u00e7os de Ouvidoria no \u00e2mbito da C\u00e2mara Municipal de Piumhi-MG e d\u00e1 outras provid\u00eancias\u201d, protocolizado nesta Casa Legislativa em 05 de abril de 2019, ocorra de forma conjunta entre estas Comiss\u00f5es Permanentes."}, {"id": "1194", "ano": "2019", "numero": "42", "tipo__sigla": "REQ", "tipo__descricao": "Requerimento", "autoria": "CFO - Comiss\u00e3o de Finan\u00e7as e Or\u00e7amento, CLJR - Comiss\u00e3o de Legisla\u00e7\u00e3o, Justi\u00e7a e Reda\u00e7\u00e3o", "texto_original": "http://sapl.piumhi.mg.leg.br/media/sapl/public/materialegislativa/2019/1194/requerimento_no_42-2019.pdf", "ementa": "A COMISS\u00c3O DE LEGISLA\u00c7\u00c3O, JUSTI\u00c7A E REDA\u00c7\u00c3O E COMISS\u00c3O DE FINAN\u00c7AS E OR\u00c7AMENTO, com fulcro no art. 49, \u00a7 3\u00ba, inciso II, do Regimento Interno, v\u00eam atrav\u00e9s deste, requerer de V. Exa que a an\u00e1lise e delibera\u00e7\u00e3o do Projeto de Lei n\" 19/2019 de autoria do Chefe do Poder Executivo Municipal que \"Disp\u00f5e sobre as Diretrizes para a elabora\u00e7\u00e3o da Lei Or\u00e7ament\u00e1ria de 2020 e d\u00e1 outras provid\u00eancias\u201d, protocolizado nesta Casa Legislativa em 15 de abril de 2019, ocorra de forma conjunta entre estas Comiss\u00f5es Permanentes."}, {"id": "1119", "ano": "2019", "numero": "43", "tipo__sigla": "REQ", "tipo__descricao": "Requerimento", "autoria": "CFO - Comiss\u00e3o de Finan\u00e7as e Or\u00e7amento, CLJR - Comiss\u00e3o de Legisla\u00e7\u00e3o, Justi\u00e7a e Reda\u00e7\u00e3o, CSPPMUC - Comiss\u00e3o de Servi\u00e7os e Pol\u00edticas P\u00fablicas Municipais, Urbanismo e Cidadania", "texto_original": "http://sapl.piumhi.mg.leg.br/media/sapl/public/materialegislativa/2019/1119/requerimento_no_43_-_2019.pdf", "ementa": "A COMISS\u00c3O DE LEGISLA\u00c7\u00c3O, JUSTI\u00c7A E REDA\u00c7\u00c3O, COMISS\u00c3O DE FINAN\u00c7AS E OR\u00c7AMENTO E COMISS\u00c3O PE SERVI\u00c7OS E POL\u00cdTICAS P\u00daBLICAS MUNICIPAIS, URBANISMO E CIDADANIA. com fulcro no art. 49, \u00a7 3\u00ba, inciso II, do Regimento Interno, v\u00eam atrav\u00e9s deste, requerer de V. Exa que a an\u00e1lise e delibera\u00e7\u00e3o do Projeto de Lei n\u00b0 14/2019 de autoria do Chefe do Poder Executivo Municipal que \u201cAltera o Art. 5\u00ba, incisos I e II, par\u00e1grafos \u00a7\u00a7 2\u00b0 e 4\u00ba da Lei n\u00b0 1906/2009 que \u201cCria o Fundo Municipal de Habita\u00e7\u00e3o de Interesse Social - FHIS e institui o Conselho Gestor do FHIS\u201d, protocolizado nesta Casa Legislativa em 26 de mar\u00e7o de 2019, ocorra de forma conjunta entre estas Comiss\u00f5es Permanentes."}, {"id": "1369", "ano": "2019", "numero": "44", "tipo__sigla": "REQ", "tipo__descricao": "Requerimento", "autoria": "CFO - Comiss\u00e3o de Finan\u00e7as e Or\u00e7amento, CLJR - Comiss\u00e3o de Legisla\u00e7\u00e3o, Justi\u00e7a e Reda\u00e7\u00e3o, CSPPMUC - Comiss\u00e3o de Servi\u00e7os e Pol\u00edticas P\u00fablicas Municipais, Urbanismo e Cidadania", "texto_original": "http://sapl.piumhi.mg.leg.br/media/sapl/public/materialegislativa/2019/1369/requerimento_no_44-2019.pdf", "ementa": "A COMISS\u00c3O DE LEGISLA\u00c7\u00c3O, JUSTI\u00c7A E REDA\u00c7\u00c3O, COMISS\u00c3O DE FINAN\u00c7AS E OR\u00c7AMENTO E COMISS\u00c3O DE SERVI\u00c7OS E POL\u00cdTICAS P\u00daBLICAS MUNICIPAIS, URBANISMO E CIDADANIA. com fulcro no art. 49, \u00a7 3\u00ba, inciso II, do Regimento Interno, v\u00eam atrav\u00e9s deste, requerer de V. Exa que a an\u00e1lise e delibera\u00e7\u00e3o do Projeto de Lei n\u00b0 13/2019/Mensagem Aditiva de autoria do Chefe do Poder Executivo Municipal que \u201cAutoriza o Poder Executivo a firmar conv\u00eanio com o Sindicato dos Produtores Rurais de Piumhi e d\u00e1 outras provid\u00eancias\u201d, protocolizado nesta Casa Legislativa em 26 de mar\u00e7o de 2019, ocorra de forma conjunta entre estas Comiss\u00f5es Permanentes."}, {"id": "2669", "ano": "2019", "numero": "45", "tipo__sigla": "REQ", "tipo__descricao": "Requerimento", "autoria": "CFO - Comiss\u00e3o de Finan\u00e7as e Or\u00e7amento, CLJR - Comiss\u00e3o de Legisla\u00e7\u00e3o, Justi\u00e7a e Reda\u00e7\u00e3o, CSPPMUC - Comiss\u00e3o de Servi\u00e7os e Pol\u00edticas P\u00fablicas Municipais, Urbanismo e Cidadania", "texto_original": "http://sapl.piumhi.mg.leg.br/media/sapl/public/materialegislativa/2019/2669/requerimento_no_45-2019.pdf", "ementa": "A COMISS\u00c3O DE LEGISLA\u00c7\u00c3O, JUSTI\u00c7A E REDA\u00c7\u00c3O, COMISS\u00c3O DE FINAN\u00c7AS E OR\u00c7AMENTO E COMISS\u00c3O DE SERVI\u00c7OS E POL\u00cdTICAS P\u00daBLICAS MUNICIPAIS, URBANISMO E CIDADANIA, com fulcro no art. 49, \u00a7 3\u00ba, inciso II, do Regimento Interno, v\u00eam atrav\u00e9s deste, requerer de V. Exa que a an\u00e1lise e delibera\u00e7\u00e3o do Projeto de Lei Complementar n\u00b0 04/2019 de autoria do Chefe do Poder Executivo Municipal que \u201cDisp\u00f5e sobre a organiza\u00e7\u00e3o administrativa do Servi\u00e7o Aut\u00f4nomo de \u00c1gua e Esgoto de Piumhi - Minas Gerais, sua reestrutura\u00e7\u00e3o e a compet\u00eancia de seus \u00f3rg\u00e3os e sobre a reestrutura\u00e7\u00e3o do Plano de Carreiras, de Cargos e Vencimentos dos Servidores da Autarquia e d\u00e1 outras provid\u00eancias\u201d, protocolizado nesta Casa Legislativa em 21 de fevereiro de 2019, ocorra de forma conjunta entre estas Comiss\u00f5es Permanentes."}, {"id": "1464", "ano": "2019", "numero": "46", "tipo__sigla": "REQ", "tipo__descricao": "Requerimento", "autoria": "CLJR - Comiss\u00e3o de Legisla\u00e7\u00e3o, Justi\u00e7a e Reda\u00e7\u00e3o, CSPPMUC - Comiss\u00e3o de Servi\u00e7os e Pol\u00edticas P\u00fablicas Municipais, Urbanismo e Cidadania", "texto_original": "http://sapl.piumhi.mg.leg.br/media/sapl/public/materialegislativa/2019/1464/requerimento_no_46-2019.pdf", "ementa": "A COMISS\u00c3O DE LEGISLA\u00c7\u00c3O, JUSTI\u00c7A E REDA\u00c7\u00c3O E COMISS\u00c3O DE SERVI\u00c7OS E POL\u00cdTICAS P\u00daBLICAS MUNICIPAIS, URBANISMO E CIDADANIA, com fulcro no art. 49, \u00a7 3\u00ba, inciso II, do Regimento Interno, v\u00eam atrav\u00e9s deste, requerer de V. Exa que a an\u00e1lise e delibera\u00e7\u00e3o do Projeto de Lei n\" 20/2019 de autoria do Vereador/Vice-Presidente Jos\u00e9 Segundo Faria que \u201cD\u00e1 nome Olinda Soares Arantes - \u00e0 \"Rua 01\u201d, no loteamento \u201cPara\u00edso Bela Vista\u201d - Bairro Bela Vista, no Munic\u00edpio de Piumhi-MG, e d\u00e1 outras provid\u00eancias\u201d, protocolizado nesta Casa Legislativa em 26 de abril de 2019, ocorra de forma conjunta entre estas Comiss\u00f5es Permanentes."}, {"id": "1467", "ano": "2019", "numero": "47", "tipo__sigla": "REQ", "tipo__descricao": "Requerimento", "autoria": "CLJR - Comiss\u00e3o de Legisla\u00e7\u00e3o, Justi\u00e7a e Reda\u00e7\u00e3o, CSPPMUC - Comiss\u00e3o de Servi\u00e7os e Pol\u00edticas P\u00fablicas Municipais, Urbanismo e Cidadania", "texto_original": "http://sapl.piumhi.mg.leg.br/media/sapl/public/materialegislativa/2019/1467/requerimento_no_47-2019.pdf", "ementa": "A COMISS\u00c3O DE LEGISLA\u00c7\u00c3O, JUSTI\u00c7A E REDA\u00c7\u00c3O E COMISS\u00c3O DE SERVI\u00c7OS E POL\u00cdTICAS P\u00daBLICAS MUNICIPAIS, URBANISMO E CIDADANIA, com fulcro no art. 49, \u00a7 3\u00ba, inciso II, do Regimento Interno, v\u00eam atrav\u00e9s deste, requerer de V. Exa que a an\u00e1lise e delibera\u00e7\u00e3o do Projeto de Lei n\" 21/2019 de autoria do Vereador/Vice-Presidente Jos\u00e9 Segundo Faria que \"D\u00e1 nome Oliveira Arantes \u00e0 \"Rua 02\u201d, no loteamento \"Para\u00edso Bela Vista\u201d - Bairro Bela Vista, no Munic\u00edpio de Piumhi-MG, e d\u00e1 outras provid\u00eancias\u201d, protocolizado nesta Casa Legislativa em 26 de abril de 2019, ocorra de forma conjunta entre estas Comiss\u00f5es Permanentes."}, {"id": "1470", "ano": "2019", "numero": "48", "tipo__sigla": "REQ", "tipo__descricao": "Requerimento", "autoria": "CLJR - Comiss\u00e3o de Legisla\u00e7\u00e3o, Justi\u00e7a e Reda\u00e7\u00e3o, CSPPMUC - Comiss\u00e3o de Servi\u00e7os e Pol\u00edticas P\u00fablicas Municipais, Urbanismo e Cidadania", "texto_original": "http://sapl.piumhi.mg.leg.br/media/sapl/public/materialegislativa/2019/1470/requerimento_no_48-2019.pdf", "ementa": "A COMISS\u00c3O DE LEGISLA\u00c7\u00c3O, JUSTI\u00c7A E REDA\u00c7\u00c3O E COMISS\u00c3O DE SERVI\u00c7OS E POL\u00cdTICAS P\u00daBLICAS MUNICIPAIS. URBANISMO E CIDADANIA, com lulcro no art. 49, \u00a7 3\u00ba, inciso II, do Regimento Interno, v\u00eam atrav\u00e9s deste, requerer de V. Exa que a an\u00e1lise e delibera\u00e7\u00e3o do Projeto de Lei n\u00b0 22/2019 de autoria do Vereador/Vice-Presidente Jos\u00e9 Segundo Faria que \u201cD\u00e1 nome Arnaldo Soares da Cunha \u00e0 \"Rua 03\u201d, no loteamento \"Para\u00edso Bela Vista\u201d - Bairro Bela Vista, no Munic\u00edpio de Piumhi-MG, e d\u00e1 outras provid\u00eancias\u201d, protocolizado nesta Casa Legislativa em 26 de abril de 2019, ocorra de forma conjunta entre estas Comiss\u00f5es Permanentes."}, {"id": "1473", "ano": "2019", "numero": "49", "tipo__sigla": "REQ", "tipo__descricao": "Requerimento", "autoria": "CLJR - Comiss\u00e3o de Legisla\u00e7\u00e3o, Justi\u00e7a e Reda\u00e7\u00e3o, CSPPMUC - Comiss\u00e3o de Servi\u00e7os e Pol\u00edticas P\u00fablicas Municipais, Urbanismo e Cidadania", "texto_original": "http://sapl.piumhi.mg.leg.br/media/sapl/public/materialegislativa/2019/1473/requerimento_n_o_49-2019.pdf", "ementa": "A COMISS\u00c3O DE LEGISLA\u00c7\u00c3O, JUSTI\u00c7A E REDA\u00c7\u00c3O E COMISS\u00c3O DE SERVI\u00c7OS E POL\u00cdTICAS P\u00daBLICAS MUNICIPAIS, URBANISMO E CIDADANIA, com fulcro no art. 49, \u00a7 3\u00ba, inciso II, do Regimento Interno, v\u00eam atrav\u00e9s deste, requerer de V. Exa que a an\u00e1lise e delibera\u00e7\u00e3o do Projeto de Lei n\u00b0 23/2019 de autoria do Vereador/Vice-Presidente Jos\u00e9 Segundo Faria que \u201cD\u00e1 nome Josaf\u00e1 Martins de Faria - \u00e0 \u201cRua 04\", no loteamento \u201cPara\u00edso Bela Vista\u201d - Bairro Bela Vista, no Munic\u00edpio de Piumhi-MG, e d\u00e1 outras provid\u00eancias\u201d, protocolizado nesta Casa Legislativa em 26 de abril de 2019, ocorra de forma conjunta entre estas Comiss\u00f5es Permanentes."}, {"id": "1476", "ano": "2019", "numero": "50", "tipo__sigla": "REQ", "tipo__descricao": "Requerimento", "autoria": "CLJR - Comiss\u00e3o de Legisla\u00e7\u00e3o, Justi\u00e7a e Reda\u00e7\u00e3o, CSPPMUC - Comiss\u00e3o de Servi\u00e7os e Pol\u00edticas P\u00fablicas Municipais, Urbanismo e Cidadania", "texto_original": "http://sapl.piumhi.mg.leg.br/media/sapl/public/materialegislativa/2019/1476/requerimento_no_50-2019.pdf", "ementa": "A COMISS\u00c3O DE LEGISLA\u00c7\u00c3O, JUSTI\u00c7A E REDA\u00c7\u00c3O E COMISS\u00c3O DE SERVI\u00c7OS E POL\u00cdTICAS P\u00daBLICAS MUNICIPAIS, URBANISMO E CIDADANIA, com fulcro no art. 49, \u00a7 3\u00ba, inciso II, do Regimento Interno, v\u00eam atrav\u00e9s deste, requerer de V. Exa que a an\u00e1lise e delibera\u00e7\u00e3o do Projeto de Lei n\u00b0 24/2019 de autoria do Vereador/Vice-Presidente Jos\u00e9 Segundo Faria que \u201cD\u00e1 nome \u00c1lvaro Cardoso de Faria Filho - \u00e0 \u201cRua 05\u201d, no loteamento \u201cPara\u00edso Bela Vista\u201d - Bairro Bela Vista, no Munic\u00edpio de Piumhi-MG, e d\u00e1 outras provid\u00eancias\u201d, protocolizado nesta Casa Legislativa em 26 de abril de 2019, ocorra de forma conjunta entre estas Comiss\u00f5es Permanentes."}, {"id": "1479", "ano": "2019", "numero": "51", "tipo__sigla": "REQ", "tipo__descricao": "Requerimento", "autoria": "CLJR - Comiss\u00e3o de Legisla\u00e7\u00e3o, Justi\u00e7a e Reda\u00e7\u00e3o, CSPPMUC - Comiss\u00e3o de Servi\u00e7os e Pol\u00edticas P\u00fablicas Municipais, Urbanismo e Cidadania", "texto_original": "http://sapl.piumhi.mg.leg.br/media/sapl/public/materialegislativa/2019/1479/requerimento_no_51-2019.pdf", "ementa": "A COMISS\u00c3O DE LEGISLA\u00c7\u00c3O, JUSTI\u00c7A E REDA\u00c7\u00c3O E COMISS\u00c3O DE SERVI\u00c7OS E POL\u00cdTICAS P\u00daBLICAS MUNICIPAIS, URBANISMO E CIDADANIA, com fulcro no art. 49, \u00a7 3\u00ba, inciso II, do Regimento Interno, v\u00eam atrav\u00e9s deste, requerer dc V. Exa que a an\u00e1lise e delibera\u00e7\u00e3o do Projeto de Lei n\u00b0 25/2019 de autoria do Vereador/Vice-Presidente Jos\u00e9 Segundo faria que \u201cD\u00e1 nome Rolando Arantes (Di Arantes) \u00e0 \u201cAvenida\u201d, do loteamento \u201cPara\u00edso Bela Vista\u201d - Bairro Bela Vista, no Munic\u00edpio de Piumhi-MG, e d\u00e1 outras provid\u00eancias\u201d, protocolizado nesta Casa Legislativa em 26 de abril de 2019, ocorra de forma conjunta entre estas Comiss\u00f5es Permanentes."}, {"id": "1481", "ano": "2019", "numero": "52", "tipo__sigla": "REQ", "tipo__descricao": "Requerimento", "autoria": "CLJR - Comiss\u00e3o de Legisla\u00e7\u00e3o, Justi\u00e7a e Reda\u00e7\u00e3o, CSPPMUC - Comiss\u00e3o de Servi\u00e7os e Pol\u00edticas P\u00fablicas Municipais, Urbanismo e Cidadania", "texto_original": "http://sapl.piumhi.mg.leg.br/media/sapl/public/materialegislativa/2019/1481/requerimento_no_52-2019.pdf", "ementa": "A COMISS\u00c3O DE LEGISLA\u00c7\u00c3O, JUSTI\u00c7A E REDA\u00c7\u00c3O E COMISS\u00c3O DE SERVI\u00c7OS E POL\u00cdTICAS P\u00daBLICAS MUNICIPAIS, URBANISMO E CIDADANIA, com fulcro no art. 49, \u00a7 3\u00ba, inciso II, do Regimento Interno, v\u00eam atrav\u00e9s deste, requerer de V. Exa que a an\u00e1lise e delibera\u00e7\u00e3o do Projeto de Lei n\u00b0 26/2019 de autoria do Vereador/Vice-Presidente Jos\u00e9 Segundo Faria que \u201cD\u00e1 nome Pra\u00e7a dos Ip\u00eas - \u00e0 pra\u00e7a do loteamento \u201cPara\u00edso Bela Vista\u201d - Bairro Bela Vista, no Munic\u00edpio de Piumhi- MG, e d\u00e1 outras provid\u00eancias\u201d, protocolizado nesta Casa Legislativa cm 26 de abril de 2019. ocorra de forma conjunta entre estas Comiss\u00f5es Permanentes."}, {"id": "1009", "ano": "2019", "numero": "53", "tipo__sigla": "REQ", "tipo__descricao": "Requerimento", "autoria": "Shirley da Educa\u00e7\u00e3o", "texto_original": "http://sapl.piumhi.mg.leg.br/media/sapl/public/materialegislativa/2019/1009/requerimento_no_53_-_2019.pdf", "ementa": "Analisando a composi\u00e7\u00e3o das Comiss\u00f5es Permanentes, constatei infring\u00eancia ao Regimento Interno desta Casa Legislativa, espeeificamente o art. 36, segundo o qual \"na constitui\u00e7\u00e3o das Comiss\u00f5es assegurar-se-\u00e1, tanto quanto poss\u00edvel, a representa\u00e7\u00e3o proporcional dos partidos que participam da Casa"}, {"id": "1497", "ano": "2019", "numero": "54", "tipo__sigla": "REQ", "tipo__descricao": "Requerimento", "autoria": "CFO - Comiss\u00e3o de Finan\u00e7as e Or\u00e7amento, CLJR - Comiss\u00e3o de Legisla\u00e7\u00e3o, Justi\u00e7a e Reda\u00e7\u00e3o", "texto_original": "http://sapl.piumhi.mg.leg.br/media/sapl/public/materialegislativa/2019/1497/requerimento_no_54-2019.pdf", "ementa": "A COMISS\u00c3O DE LEGISLA\u00c7\u00c3O, JUSTI\u00c7A E REDA\u00c7\u00c3O E COMISS\u00c3O DE FINAN\u00c7AS E OR\u00c7AMENTO, com fulcro no art. 49, \u00a7 3\u00b0, inciso II, do \"Regimento Interno, v\u00eam atrav\u00e9s deste, requerer de V. Exa que a an\u00e1lise e delibera\u00e7\u00e3o do Projeto de Lei n\u00b0 30/2019 de autoria do Chefe do Poder Executivo Municipal que \u201cDisp\u00f5e sobre a convalida\u00e7\u00e3o ao disposto na Lei n\u00b0 2.320/18, de 24 de janeiro de 2018, e d\u00e1 outras provid\u00eancias\u201d, protocolizado nesta Casa Legislativa em 16 de maio de 2019, ocorra de forma conjunta entre estas Comiss\u00f5es Permanentes."}, {"id": "1500", "ano": "2019", "numero": "55", "tipo__sigla": "REQ", "tipo__descricao": "Requerimento", "autoria": "CLJR - Comiss\u00e3o de Legisla\u00e7\u00e3o, Justi\u00e7a e Reda\u00e7\u00e3o", "texto_original": "http://sapl.piumhi.mg.leg.br/media/sapl/public/materialegislativa/2019/1500/requerimento_no_55-2019.pdf", "ementa": "A COMISS\u00c3O DE LEGISLA\u00c7\u00c3O, JUSTI\u00c7A E REDA\u00c7\u00c3O E COMISS\u00c3O DE SERVI\u00c7OS E POL\u00cdTICAS P\u00daBLICAS MUNICIPAIS, URBANISMO E CIDADANIA, com fulcro no art. 49, \u00a7 3\u00ba, inciso II, do Regimento Interno, v\u00eam atrav\u00e9s deste, requerer de V. Exa, que a an\u00e1lise e delibera\u00e7\u00e3o do Projeto de Lei n\u00b0 31/2019 de autoria do Chefe do Poder Executivo Municipal que \u201cAutoriza a donat\u00e1ria oriunda da Lei n\u00b0 2.049/2011 a construir nos lotes recebidos em doa\u00e7\u00e3o e d\u00e1 outras provid\u00eancias\u201d, protocolizado nesta Casa Legislativa em 16 de maio de 2019, ocorra de forma conjunta entre estas Comiss\u00f5es Permanentes."}, {"id": "1003", "ano": "2019", "numero": "56", "tipo__sigla": "REQ", "tipo__descricao": "Requerimento", "autoria": "CFO - Comiss\u00e3o de Finan\u00e7as e Or\u00e7amento", "texto_original": "http://sapl.piumhi.mg.leg.br/media/sapl/public/materialegislativa/2019/1003/requerimento_no_56-2019.pdf", "ementa": "\u201cDisp\u00f5e sobre a convalida\u00e7\u00e3o ao disposto na Lei n\u00b0 2.320/18, de 24 de janeiro de 2018, e d\u00e1 outras provid\u00eancias e d\u00e1 outras provid\u00eancias\u201d."}, {"id": "1004", "ano": "2019", "numero": "57", "tipo__sigla": "REQ", "tipo__descricao": "Requerimento", "autoria": "CLJR - Comiss\u00e3o de Legisla\u00e7\u00e3o, Justi\u00e7a e Reda\u00e7\u00e3o, CSPPMUC - Comiss\u00e3o de Servi\u00e7os e Pol\u00edticas P\u00fablicas Municipais, Urbanismo e Cidadania", "texto_original": "http://sapl.piumhi.mg.leg.br/media/sapl/public/materialegislativa/2019/1004/requerimento_no_57-2019.pdf", "ementa": "\u201cAutoriza a donat\u00e1ria oriunda da Lei n\u00b0 2.049/2011 a construir nos lotes recebidos em doa\u00e7\u00e3o e d\u00e1 outras provid\u00eancias\u201d"}, {"id": "1005", "ano": "2019", "numero": "58", "tipo__sigla": "REQ", "tipo__descricao": "Requerimento", "autoria": "Shirley da Educa\u00e7\u00e3o", "texto_original": "http://sapl.piumhi.mg.leg.br/media/sapl/public/materialegislativa/2019/1005/requerimento_no_58_-_2019.pdf", "ementa": "solicitando-lhe c\u00f3pia da folha de pagamento de todos os servidores efetivos e comissionados do munic\u00edpio do m\u00eas de abril 2019."}, {"id": "1027", "ano": "2019", "numero": "60", "tipo__sigla": "REQ", "tipo__descricao": "Requerimento", "autoria": "", "texto_original": "http://sapl.piumhi.mg.leg.br/media/sapl/public/materialegislativa/2019/1027/requerimento_no_60_-_2019_LMtLwAj.pdf", "ementa": "Requerimento n\u00b0 60/2019"}, {"id": "1486", "ano": "2019", "numero": "61", "tipo__sigla": "REQ", "tipo__descricao": "Requerimento", "autoria": "CFO - Comiss\u00e3o de Finan\u00e7as e Or\u00e7amento, CLJR - Comiss\u00e3o de Legisla\u00e7\u00e3o, Justi\u00e7a e Reda\u00e7\u00e3o", "texto_original": "http://sapl.piumhi.mg.leg.br/media/sapl/public/materialegislativa/2019/1486/requerimento_no_61-2019.pdf", "ementa": "A COMISS\u00c3O DE LEGISLA\u00c7\u00c3O, JUSTI\u00c7A E REDA\u00c7\u00c3O E COMISS\u00c3O DE FINAN\u00c7AS E OR\u00c7AMENTO, com fulcro no art. 49, \u00a7 3\u00ba, inciso II, do Regimento Interno, v\u00eam atrav\u00e9s deste, requerer de V. Exa que a an\u00e1lise e delibera\u00e7\u00e3o do Projeto de Lei n\u00b0 27/2019/Mensagem Aditiva de autoria do Chefe do Poder Executivo Municipal que \u201cDisp\u00f5e sobre a antecipa\u00e7\u00e3o de 50% (cinquenta por cento) do 13\u00b0 sal\u00e1rio aos servidores p\u00fablicos, ativos, inativos e pensionistas da Administra\u00e7\u00e3o Direta Municipal e do Servi\u00e7o Aut\u00f4nomo de \u00c1gua e Esgoto e d\u00e1 outras provid\u00eancias\u201d, protocolizado nesta Casa Legislativa em 14 de maio de 2019, ocorra de forma conjunta entre estas Comiss\u00f5es Permanentes."}, {"id": "1490", "ano": "2019", "numero": "62", "tipo__sigla": "REQ", "tipo__descricao": "Requerimento", "autoria": "CFO - Comiss\u00e3o de Finan\u00e7as e Or\u00e7amento, CLJR - Comiss\u00e3o de Legisla\u00e7\u00e3o, Justi\u00e7a e Reda\u00e7\u00e3o", "texto_original": "http://sapl.piumhi.mg.leg.br/media/sapl/public/materialegislativa/2019/1490/requerimento_no_62-2019.pdf", "ementa": "A COMISS\u00c3O DE LEGISLA\u00c7\u00c3O, JUSTI\u00c7A E REDA\u00c7\u00c3O E COMISS\u00c3O DE FINAN\u00c7AS E OR\u00c7AMENTO. com fulcro no art. 49, \u00a7 3\u00ba, inciso II, do Regimento Interno, v\u00eam atrav\u00e9s deste, requerer de V. Exa que a an\u00e1lise e delibera\u00e7\u00e3o do Projeto de Lei n\u00b0 28/2019 de autoria do Chefe do Poder Executivo Municipal que \"Disp\u00f5e sobre o pagamento do 13\u00b0 sal\u00e1rio aos Agentes Pol\u00edticos do Munic\u00edpio de Piumhi e d\u00e1 outras provid\u00eancias\u201d, protocolizado nesta Casa Legislativa em 14 de maio de 2019. ocorra de forma conjunta entre estas Comiss\u00f5es Permanentes."}, {"id": "1493", "ano": "2019", "numero": "63", "tipo__sigla": "REQ", "tipo__descricao": "Requerimento", "autoria": "CFO - Comiss\u00e3o de Finan\u00e7as e Or\u00e7amento, CLJR - Comiss\u00e3o de Legisla\u00e7\u00e3o, Justi\u00e7a e Reda\u00e7\u00e3o", "texto_original": "http://sapl.piumhi.mg.leg.br/media/sapl/public/materialegislativa/2019/1493/requerimento_no_63-2019.pdf", "ementa": "A COMISS\u00c3O DE LEGISLA\u00c7\u00c3O, JUSTI\u00c7A E REDA\u00c7\u00c3O E COMISS\u00c3O DE FINAN\u00c7AS E OR\u00c7AMENTO, com fulcro no art. 49, \u00a7 3\u00ba, inciso II, do Regimento Interno, v\u00eam atrav\u00e9s deste, requerer de V. Exa que a an\u00e1lise e delibera\u00e7\u00e3o do Projeto de Lei n\u00ba 29/2019 de autoria da Mesa Diretora do Poder Legislativo de Piumhi que \u201cDisp\u00f5e sobre a antecipa\u00e7\u00e3o de 50% (cinquenta por cento) do 13\u00b0 sal\u00e1rio aos servidores da C\u00e2mara Municipal de Piumhi e d\u00e1 outras provid\u00eancias\u201d, protocolizado nesta Casa Legislativa em 16 de maio de 2019, ocorra de forma conjunta entre estas Comiss\u00f5es Permanentes."}, {"id": "1514", "ano": "2019", "numero": "64", "tipo__sigla": "REQ", "tipo__descricao": "Requerimento", "autoria": "CFO - Comiss\u00e3o de Finan\u00e7as e Or\u00e7amento, CLJR - Comiss\u00e3o de Legisla\u00e7\u00e3o, Justi\u00e7a e Reda\u00e7\u00e3o", "texto_original": "http://sapl.piumhi.mg.leg.br/media/sapl/public/materialegislativa/2019/1514/requerimento_no_64-2019.pdf", "ementa": "A COMISS\u00c3O DE LEGISLA\u00c7\u00c3O. JUSTI\u00c7A E REDA\u00c7\u00c3O E COMISS\u00c3O DE FINAN\u00c7AS E OR\u00c7AMENTO, com fulcro no art. 49, \u00a7 3\u00ba, inciso II, do Regimento Interno, v\u00eam atrav\u00e9s deste, requerer de V. Exa que a an\u00e1lise e delibera\u00e7\u00e3o do Projeto de Lei n\u00b0 35/2019 de autoria da Mesa Diretora do Poder Legislativo de Piumhi que \"\u2018Altera dispositivos da Lei n\u00b0 2.345/2018 \u2018Disp\u00f5e sobre as viagens oficiais e a concess\u00e3o de di\u00e1rias aos Vereadores e Servidores P\u00fablicos do Poder Legislativo de Piumhi e d\u00e1 outras provid\u00eancias\u2019 e d\u00e1 outras provid\u00eancias\u201d, protocolizado nesta Casa Legislativa em 05 de junho de 2019, ocorra de forma conjunta entre estas Comiss\u00f5es Permanentes."}, {"id": "1042", "ano": "2019", "numero": "65", "tipo__sigla": "REQ", "tipo__descricao": "Requerimento", "autoria": "CLJR - Comiss\u00e3o de Legisla\u00e7\u00e3o, Justi\u00e7a e Reda\u00e7\u00e3o", "texto_original": "http://sapl.piumhi.mg.leg.br/media/sapl/public/materialegislativa/2019/1042/requerimento_no_65-2019.pdf", "ementa": "REQUERIMENTO N\u00ba 65/2019 da COMISS\u00c3O DE LEGISLA\u00c7\u00c3O, JUSTI\u00c7A E REDA\u00c7\u00c3O e da COMISS\u00c3O DE FINAN\u00c7AS E OR\u00c7AMENTO, requerendo a inclus\u00e3o em REGIME DE URG\u00caNCIA ESPECIAL do  Projeto de Lei n\u00ba 27/2019/Mensagem Aditiva de autoria do Chefe do Poder Executivo Municipal que \u201cDisp\u00f5e sobre a antecipa\u00e7\u00e3o de 50% (cinquenta por cento) do 13\u00b0 sal\u00e1rio aos servidores p\u00fablicos, ativos, inativos e pensionistas da Administra\u00e7\u00e3o Direta Municipal e do Servi\u00e7o Aut\u00f4nomo de \u00c1gua e Esgoto e d\u00e1 outras provid\u00eancias\u201d."}, {"id": "1043", "ano": "2019", "numero": "66", "tipo__sigla": "REQ", "tipo__descricao": "Requerimento", "autoria": "CFO - Comiss\u00e3o de Finan\u00e7as e Or\u00e7amento, CLJR - Comiss\u00e3o de Legisla\u00e7\u00e3o, Justi\u00e7a e Reda\u00e7\u00e3o", "texto_original": "http://sapl.piumhi.mg.leg.br/media/sapl/public/materialegislativa/2019/1043/requerimento_no_66-2019.pdf", "ementa": "REQUERIMENTO N\u00ba 66/2019 da COMISS\u00c3O DE LEGISLA\u00c7\u00c3O, JUSTI\u00c7A E REDA\u00c7\u00c3O e da COMISS\u00c3O DE FINAN\u00c7AS E OR\u00c7AMENTO, requerendo a inclus\u00e3o em REGIME DE URG\u00caNCIA ESPECIAL  do  Projeto de Lei n\u00ba 28/2019 de autoria do Chefe do Poder Executivo Municipal que \u201cDisp\u00f5e sobre o pagamento do 13\u00b0 sal\u00e1rio aos Agentes Pol\u00edticos do Munic\u00edpio de Piumhi e d\u00e1 outras provid\u00eancias\u201d."}, {"id": "1044", "ano": "2019", "numero": "67", "tipo__sigla": "REQ", "tipo__descricao": "Requerimento", "autoria": "CFO - Comiss\u00e3o de Finan\u00e7as e Or\u00e7amento, CLJR - Comiss\u00e3o de Legisla\u00e7\u00e3o, Justi\u00e7a e Reda\u00e7\u00e3o", "texto_original": "http://sapl.piumhi.mg.leg.br/media/sapl/public/materialegislativa/2019/1044/requerimento_no_67-2019.pdf", "ementa": "REQUERIMENTO N\u00ba 67/2019 COMISS\u00c3O DE LEGISLA\u00c7\u00c3O, JUSTI\u00c7A E REDA\u00c7\u00c3O e  da COMISS\u00c3O DE FINAN\u00c7AS E OR\u00c7AMENTO, requerendo a inclus\u00e3o em REGIME DE URG\u00caNCIA ESPECIAL do Projeto de Lei n\u00ba 29/2019 de autoria da Mesa Diretora do Poder Legislativo de Piumhi que \u201cDisp\u00f5e sobre a antecipa\u00e7\u00e3o de 50% (cinquenta por cento) do 13\u00b0 sal\u00e1rio aos servidores da C\u00e2mara Municipal de Piumhi e d\u00e1 outras provid\u00eancias\u201d."}, {"id": "1045", "ano": "2019", "numero": "68", "tipo__sigla": "REQ", "tipo__descricao": "Requerimento", "autoria": "CFO - Comiss\u00e3o de Finan\u00e7as e Or\u00e7amento, CLJR - Comiss\u00e3o de Legisla\u00e7\u00e3o, Justi\u00e7a e Reda\u00e7\u00e3o", "texto_original": "http://sapl.piumhi.mg.leg.br/media/sapl/public/materialegislativa/2019/1045/requerimento_no_68-2019.pdf", "ementa": "REQUERIMENTO N\u00ba 68/2019 COMISS\u00c3O DE LEGISLA\u00c7\u00c3O, JUSTI\u00c7A E REDA\u00c7\u00c3O e da COMISS\u00c3O DE FINAN\u00c7AS E OR\u00c7AMENTO, requerendo a inclus\u00e3o em REGIME DE URG\u00caNCIA ESPECIAL do Projeto de Lei n\u00ba 35/2019 de autoria da Mesa Diretora do Poder Legislativo de Piumhi que \u201cAltera dispositivos da Lei n\u00b0 2.345/2018 \u2018Disp\u00f5e sobre as viagens oficiais e a concess\u00e3o de di\u00e1rias aos Vereadores e Servidores P\u00fablicos do Poder Legislativo de Piumhi e d\u00e1 outras provid\u00eancias\u2019 e d\u00e1 outras provid\u00eancias\u201d."}, {"id": "1506", "ano": "2019", "numero": "69", "tipo__sigla": "REQ", "tipo__descricao": "Requerimento", "autoria": "CFO - Comiss\u00e3o de Finan\u00e7as e Or\u00e7amento, CLJR - Comiss\u00e3o de Legisla\u00e7\u00e3o, Justi\u00e7a e Reda\u00e7\u00e3o, CSPPMUC - Comiss\u00e3o de Servi\u00e7os e Pol\u00edticas P\u00fablicas Municipais, Urbanismo e Cidadania", "texto_original": "http://sapl.piumhi.mg.leg.br/media/sapl/public/materialegislativa/2019/1506/requerimento_no_69-2019.pdf", "ementa": "A COMISS\u00c3O DE LEGISLA\u00c7\u00c3O, JUSTI\u00c7A E REDA\u00c7\u00c3O, COMISS\u00c3O DE FINAN\u00c7AS E OR\u00c7AMENTO E COMISS\u00c3O DE SERVI\u00c7OS E POL\u00cdTICAS P\u00daBLICAS MUNICIPAIS, URBANISMO E CIDADANIA, com fulcro no art. 49, \u00a7 3\u00ba, inciso II, do Regimento Interno, v\u00eam atrav\u00e9s deste, requerer de V. Exa que a an\u00e1lise e delibera\u00e7\u00e3o do Projeto de Lei n\u00b0 33/2019 de autoria do Vice-Presidente Jos\u00e9 Segundo Faria, Vereador Jos\u00e9 Welington da Silva e do Presidente Ant\u00f4nio Ast\u00e9sio Tavares que \u201cDisp\u00f5e sobre a veda\u00e7\u00e3o de nomea\u00e7\u00e3o, no \u00e2mbito da Administra\u00e7\u00e3o p\u00fablica direta e indireta, no Munic\u00edpio de Piumhi/MG. de pessoas condenadas pela pr\u00e1tica dos crimes previstos na Lei Federal n\u00b0 11.340/2006, Lei Maria da Penha, e d\u00e1 outras provid\u00eancias\u201d, protocolizado nesta Casa Legislativa em 21 de maio de 2019, ocorra de forma conjunta entre estas Comiss\u00f5es Permanentes."}, {"id": "1135", "ano": "2019", "numero": "70", "tipo__sigla": "REQ", "tipo__descricao": "Requerimento", "autoria": "CLJR - Comiss\u00e3o de Legisla\u00e7\u00e3o, Justi\u00e7a e Reda\u00e7\u00e3o, CSPPMUC - Comiss\u00e3o de Servi\u00e7os e Pol\u00edticas P\u00fablicas Municipais, Urbanismo e Cidadania", "texto_original": "http://sapl.piumhi.mg.leg.br/media/sapl/public/materialegislativa/2019/1135/requerimento_no_70_-_2019.pdf", "ementa": "A COMISS\u00c3O DE LEGISLA\u00c7\u00c3O, JUSTI\u00c7A E REDA\u00c7\u00c3O E COMISS\u00c3O DE SERVI\u00c7OS E POL\u00cdTICAS P\u00daBLICAS MUNICIPAIS, URBANISMO E CIDADANIA. com fulcro no art. 49. \u00a7 3\u00ba, inciso II, do Regimento Interno, v\u00eam atrav\u00e9s deste, requerer de V. Exa que a an\u00e1lise e delibera\u00e7\u00e3o do Projeto de Lei n\" 32/2019 de autoria dos Vereadores: Ant\u00f4nio Ast\u00e9sio Tavares, Gleisson Ara\u00fajo Nunes, Jos\u00e9 Ant\u00f4nio Camargo J\u00fanior, Jos\u00e9 Seabra de Oliveira, Jos\u00e9 Segundo Faria, Jos\u00e9 Wclington da Silva, Magno Manoel Marques e Shirley Elaine Gon\u00e7alves Faria que \u201cDeclara como de utilidade p\u00fablica municipal a Associa\u00e7\u00e3o Atl\u00e9tica Banco do Brasil - AABB Piumhi - e d\u00e1 outras provid\u00eancias\u201d, protocolizado nesta Casa Legislativa em 21 de maio de 2019, ocorra de forma conjunta entre estas Comiss\u00f5es Permanentes."}, {"id": "1070", "ano": "2019", "numero": "71", "tipo__sigla": "REQ", "tipo__descricao": "Requerimento", "autoria": "Ast\u00e9sio, Guininho do Man\u00e9, Segundinho, Shirley da Educa\u00e7\u00e3o", "texto_original": "http://sapl.piumhi.mg.leg.br/media/sapl/public/materialegislativa/2019/1070/requerimento_no_71_-_2019.pdf", "ementa": "A MESA DIRETORA DO PODER LEGISLATIVO DE PIUMHI, que abaixo subscreve, vem atrav\u00e9s do presente requerer de V. Exa, em conformidade o art. 144, \u00a7 I\u00ba, III c/c art. 164, \u00a7 2\u00ba, do Regimento Interno desta egr\u00e9gia Casa, a inclus\u00e3o em REGIME DE URG\u00caNCIA ESPECIAL do Projeto de Resolu\u00e7\u00e3o n\u00b0 04, de 28 de junho de 2019 de sua autoria que \u201cTransfere a sede da C\u00e2mara Municipal de Piumhi para realiza\u00e7\u00e3o de Sess\u00e3o Solene e d\u00e1 outras provid\u00eancias\u201d."}, {"id": "1204", "ano": "2019", "numero": "72", "tipo__sigla": "REQ", "tipo__descricao": "Requerimento", "autoria": "CFO - Comiss\u00e3o de Finan\u00e7as e Or\u00e7amento, CLJR - Comiss\u00e3o de Legisla\u00e7\u00e3o, Justi\u00e7a e Reda\u00e7\u00e3o, CSPPMUC - Comiss\u00e3o de Servi\u00e7os e Pol\u00edticas P\u00fablicas Municipais, Urbanismo e Cidadania", "texto_original": "http://sapl.piumhi.mg.leg.br/media/sapl/public/materialegislativa/2019/1204/requerimento_no_72-2019.pdf", "ementa": "A COMISS\u00c3O DE LEGISLA\u00c7\u00c3O, JUSTI\u00c7A E REDA\u00c7\u00c3O. COMISS\u00c3O DE FINAN\u00c7AS E OR\u00c7AMENTO E COMISS\u00c3O DE SERVI\u00c7OS E POL\u00cdTICAS P\u00daBLICAS MUNICIPAIS, URBANISMO E CIDADANIA, com fulcro no art. 49, \u00a7 3\u00ba, inciso II, do Regimento Interno, v\u00eam atrav\u00e9s deste, requerer de V. Exa que a an\u00e1lise e delibera\u00e7\u00e3o do Projeto de Lei Complementar n\u00b0 06/2019 de autoria do Chefe do Poder Executivo Municipal que \u201cAltera dispositivo da Lei Complementar n\u00b0 34/2013 que Disp\u00f5e sobre a concess\u00e3o de incentivos fiscais e econ\u00f4micos a empresas que vierem a se instalar ou expandir no munic\u00edpio de Piumhi/MG e d\u00e1 outras provid\u00eancias\u201d, protocolizado nesta Casa Legislativa em 08 de maio de 2019, ocorra de forma conjunta entre .estas Comiss\u00f5es\r\nPermanentes."}, {"id": "1071", "ano": "2019", "numero": "73", "tipo__sigla": "REQ", "tipo__descricao": "Requerimento", "autoria": "Sargento Z\u00e9 Welington, Segundinho", "texto_original": "http://sapl.piumhi.mg.leg.br/media/sapl/public/materialegislativa/2019/1071/requerimento_no_73_-_2019.pdf", "ementa": "Em cordial visita, sirvo-me do presente expediente para, nos termos ido art. 143. inc. 1. do Regimento Interno desta Casa, requerer de V. Exa que seja submetido o presente requerimento \u00e0 delibera\u00e7\u00e3o Plen\u00e1ria para, ap\u00f3s aprova\u00e7\u00e3o ser o mesmo encaminhado ao Excelent\u00edssimo Senhor Prefeito Municipal Adeberto Jos\u00e9 de Melo, solicitando-lhe as informa\u00e7\u00f5es a seguir: a) Tendo em vista que os atendimentos odontol\u00f3gicos passaram a se:- marcados, quantos pacientes foram atendidos em cada PSF do munic\u00edpio; b) Onde fica disponibilizado a lista de espera, para que os mesmos tenham acesso \u00e0 quantas pessoas est\u00e3o aguardando."}, {"id": "1083", "ano": "2019", "numero": "74", "tipo__sigla": "REQ", "tipo__descricao": "Requerimento", "autoria": "Ast\u00e9sio", "texto_original": "http://sapl.piumhi.mg.leg.br/media/sapl/public/materialegislativa/2019/1083/requerimento_no_74_-_2019.pdf", "ementa": "Solicita autoriza\u00e7\u00e3o para utiliza\u00e7\u00e3o do Plenarinho da C\u00e2mara Municipal de Piumhi, na data de 10/07/2019, no hor\u00e1rio das 09:00 hs."}, {"id": "1084", "ano": "2019", "numero": "75", "tipo__sigla": "REQ", "tipo__descricao": "Requerimento", "autoria": "Fernando Detetive", "texto_original": "http://sapl.piumhi.mg.leg.br/media/sapl/public/materialegislativa/2019/1084/requerimento_no_75_-_2019.pdf", "ementa": "Solicita autoriza\u00e7\u00e3o para participar da visita t\u00e9cnica na Associa\u00e7\u00e3o dos Coletores de Res\u00edduos S\u00f3lidos de Itapira/SP no dia 09 do corrente m\u00eas e ano e  no dia 10 na Cooperativa Reviver em Itatiba/SP."}, {"id": "1087", "ano": "2019", "numero": "76", "tipo__sigla": "REQ", "tipo__descricao": "Requerimento", "autoria": "Segundinho", "texto_original": "http://sapl.piumhi.mg.leg.br/media/sapl/public/materialegislativa/2019/1087/requerimento_no_76-2019.pdf", "ementa": "A COMISS\u00c3O DE LEGISLA\u00c7\u00c3O, JUSTI\u00c7A E REDAC\u00c0O. COMISS\u00c3O DE FINAN\u00c7AS E OR\u00c7AMENTO E COMISS\u00c3O DE SERVI\u00c7OS E POL\u00cdTICAS P\u00daBLICAS MUNICIPAIS, URBANISMO E CIDADANIA, com fulcro no art 49, \u00a7 3\u00ba, inciso II, do Regimento Interno, v\u00eam atrav\u00e9s deste, requerer de V. Ex\u00aa. que a an\u00e1lise e delibera\u00e7\u00e3o do Projeto de Lei n\u00b0 34/2019 de autoria dos Vereadores Jos\u00e9 Welington da Silva, Jos\u00e9 Segundo Faria e Ant\u00f4nio Ast\u00e9sio Tavares que \u201cInstitui no \u00e2mbito municipal de Piumhi- MG o \u201cPr\u00eamio Boina de Ouro - Policial Nota 10\u201d, e d\u00e1 outras provid\u00eancias\u201d, protocolizado nesta Casa Legislativa em 21 de maio de 2019, ocorra de forma conjunta entre estas Comiss\u00f5es Permanentes."}, {"id": "1093", "ano": "2019", "numero": "77", "tipo__sigla": "REQ", "tipo__descricao": "Requerimento", "autoria": "CFO - Comiss\u00e3o de Finan\u00e7as e Or\u00e7amento, CLJR - Comiss\u00e3o de Legisla\u00e7\u00e3o, Justi\u00e7a e Reda\u00e7\u00e3o, CSPPMUC - Comiss\u00e3o de Servi\u00e7os e Pol\u00edticas P\u00fablicas Municipais, Urbanismo e Cidadania", "texto_original": "http://sapl.piumhi.mg.leg.br/media/sapl/public/materialegislativa/2019/1093/requerimento_no_77-2019.pdf", "ementa": "A COMISS\u00c3O DE LEGISLA\u00c7\u00c3O. JUSTI\u00c7A E REDA\u00c7\u00c3O, COMISS\u00c3O DE FINAN\u00c7AS E OR\u00c7AMENTO E COMISS\u00c3O DE SERVI\u00c7OS E POL\u00cdTICAS P\u00daBLICAS MUNICIPAIS. URBANISMO E CIDADANIA. com fulcro no art. 49, \u00a7 3\u00ba, inciso II, do Regimento Interno, v\u00eam atrav\u00e9s deste, requerer de V. Ex\u00aa que a an\u00e1lise e delibera\u00e7\u00e3o do Projeto de Lei n\u00b0 36/2019 de autoria do Chefe do Poder Executivo Municipal que \"\u2018Estabelece normas e condi\u00e7\u00f5es para Parcelamento, Ocupa\u00e7\u00e3o e Uso do Solo Urbano no Munic\u00edpio de Piumhi\u201d, protocolizado nesta Casa Legislativa em 06 de junho de 2019, ocorra de forma conjunta entre estas Comiss\u00f5es Permanentes."}, {"id": "1094", "ano": "2019", "numero": "78", "tipo__sigla": "REQ", "tipo__descricao": "Requerimento", "autoria": "CLJR - Comiss\u00e3o de Legisla\u00e7\u00e3o, Justi\u00e7a e Reda\u00e7\u00e3o, CSPPMUC - Comiss\u00e3o de Servi\u00e7os e Pol\u00edticas P\u00fablicas Municipais, Urbanismo e Cidadania", "texto_original": "http://sapl.piumhi.mg.leg.br/media/sapl/public/materialegislativa/2019/1094/requerimento_no_78-2019.pdf", "ementa": "A COMISS\u00c3O DE LEGISLA\u00c7\u00c3O, JUSTI\u00c7A E REDA\u00c7\u00c3O E COMISS\u00c3O DE SERVI\u00c7OS E POL\u00cdTICAS P\u00daBLICAS MUNICIPAIS, URBANISMO E CIDADANIA,\r\ncom fulcro no art. 49, \u00a7 3\u00ba, inciso II, do Regimento Interno, v\u00eam atrav\u00e9s deste, requerer de V. Exa que a an\u00e1lise e delibera\u00e7\u00e3o do Projeto de Lei Complementar n\u00b0 07/2019 de autoria do Chefe do Poder Executivo Municipal que \u201cDisp\u00f5e sobre a fixa\u00e7\u00e3o dos limites do per\u00edmetro urbano da cidade de Piumhi e d\u00e1 outras provid\u00eancias\u201d, protocolizado nesta Casa Legislativa em 22 de maio de 2019, ocorra de forma conjunta entre estas Comiss\u00f5es Permanentes."}, {"id": "1095", "ano": "2019", "numero": "79", "tipo__sigla": "REQ", "tipo__descricao": "Requerimento", "autoria": "Segundinho", "texto_original": "http://sapl.piumhi.mg.leg.br/media/sapl/public/materialegislativa/2019/1095/requerimento_no_79-2019.pdf", "ementa": "A COMISS\u00c3O DE LEGISLA\u00c7\u00c3O, JUSTI\u00c7A E REDAC\u00c0O. COMISS\u00c3O DE FINAN\u00c7AS E OR\u00c7AMENTO E COMISS\u00c3O DE SERVI\u00c7OS E POL\u00cdTICAS P\u00daBLICAS MUNICIPAIS. URBANISMO E CIDADANIA. com fulcro no art. 49, \u00a7 3\u00ba, inciso II, do Regimento Interno, v\u00eam atrav\u00e9s deste, requerer de V. Ex\u00aa que a an\u00e1lise e delibera\u00e7\u00e3o do Projeto de Lei Complementar n\u00b0 14/2019 de autoria do Chefe do Poder Executivo Municipal que \u201cAltera a Lei Complementar n\u00b0 005/2006 que disp\u00f5e do Plano Diretor do Munic\u00edpio de Piumhi, nos termos do cap\u00edtulo III da Lei n\u00b0 10.257, de 10.257, de 10 de julho de 2001 - Estatuto da Cidade\u201d, protocolizado nesta Casa Legislativa em 26 de junho de 2019, ocorra de forma conjunta entre estas Comiss\u00f5es Permanentes."}, {"id": "1075", "ano": "2019", "numero": "80", "tipo__sigla": "REQ", "tipo__descricao": "Requerimento", "autoria": "CLJR - Comiss\u00e3o de Legisla\u00e7\u00e3o, Justi\u00e7a e Reda\u00e7\u00e3o, CSPPMUC - Comiss\u00e3o de Servi\u00e7os e Pol\u00edticas P\u00fablicas Municipais, Urbanismo e Cidadania", "texto_original": "http://sapl.piumhi.mg.leg.br/media/sapl/public/materialegislativa/2019/1075/requerimento_no_80-2019.pdf", "ementa": "Os Membros da Comiss\u00e3o de Legisla\u00e7\u00e3o, Justi\u00e7a e Reda\u00e7\u00e3o e Comiss\u00e3o de Servi\u00e7os e Pol\u00edticas P\u00fablicas Municipais, Urbanismo e Cidadania, que abaixo subscrevem, v\u00eam atrav\u00e9s do presente requerer de V. Ex\u00aa, em conformidade o art. 144, \u00a7 Io, II c/c art. 164, \u00a7 2\u00ba, do Regimento Interno desta egr\u00e9gia Casa, a inclus\u00e3o em REGIME DE URG\u00caNCIA ESPECIAL do Projeto de Lei n\u00b0 32/2019 de autoria dos Vereadores: Ant\u00f4nio Ast\u00e9sio Tavares, Gleisson Ara\u00fajo Nunes, Jos\u00e9 Ant\u00f4nio Camargo J\u00fanior, Jos\u00e9 Seabra de Oliveira, Jos\u00e9 Segundo Faria, Jos\u00e9 Welington da Silva, Magno Manoel Marques e Shirley Elaine Gon\u00e7alves Faria que \u201cDeclara como de utilidade p\u00fablica municipal a Associa\u00e7\u00e3o Atl\u00e9tica Banco do Brasil - AABB Piumhi - e d\u00e1 outras provid\u00eancias\u201d."}, {"id": "1076", "ano": "2019", "numero": "81", "tipo__sigla": "REQ", "tipo__descricao": "Requerimento", "autoria": "CFO - Comiss\u00e3o de Finan\u00e7as e Or\u00e7amento, CLJR - Comiss\u00e3o de Legisla\u00e7\u00e3o, Justi\u00e7a e Reda\u00e7\u00e3o, CSPPMUC - Comiss\u00e3o de Servi\u00e7os e Pol\u00edticas P\u00fablicas Municipais, Urbanismo e Cidadania", "texto_original": "http://sapl.piumhi.mg.leg.br/media/sapl/public/materialegislativa/2019/1076/requerimento_no_81-2019.pdf", "ementa": "Os Membros da Comiss\u00e3o de Legisla\u00e7\u00e3o, Justi\u00e7a e Reda\u00e7\u00e3o, Comiss\u00e3o de Finan\u00e7as e Or\u00e7amento e Comiss\u00e3o de Servi\u00e7os e Pol\u00edticas P\u00fablicas Municipais, Urbanismo e Cidadania, que abaixo subscrevem, v\u00eam atrav\u00e9s do presente requerer de V. Ex\u00aa, em conformidade o art. 144, \u00a7 Io, II c/c art. 164, \u00a7 2\u00ba, do Regimento Interno desta egr\u00e9gia Casa, a inclus\u00e3o em REGIME DE URG\u00caNCIA ESPECIAL do Projeto de Lei n\u00b0 33/2019 de autoria do Vice-Presidente Jos\u00e9 Segundo Faria, Vereador Jos\u00e9 Welington da Silva e do Presidente Ant\u00f4nio Ast\u00e9sio Tavares que \u201cDisp\u00f5e sobre a veda\u00e7\u00e3o de nomea\u00e7\u00e3o, no \u00e2mbito da Administra\u00e7\u00e3o p\u00fablica direta e indireta, no Munic\u00edpio de Piumhi/MG, de pessoas condenadas pela pr\u00e1tica dos crimes previstos na Lei Federal n\u00b0 11.340/2006, Lei Maria da Penha, e d\u00e1 outras provid\u00eancias\u201d."}, {"id": "1090", "ano": "2019", "numero": "82", "tipo__sigla": "REQ", "tipo__descricao": "Requerimento", "autoria": "Gleisson Professor de Biologia, Guininho do Man\u00e9, Sargento Z\u00e9 Welington, Segundinho, Shirley da Educa\u00e7\u00e3o", "texto_original": "http://sapl.piumhi.mg.leg.br/media/sapl/public/materialegislativa/2019/1090/requerimento_no_82_-_2019.pdf", "ementa": "Tendo em vista que se encontra em tramita\u00e7\u00e3o nesta Casa Legislativa, os Projetos de Lei Complementares n. 08/2019, 09/2019, 10/2019, 11/2019, 12/2019 e 13/2019, relativos a cria\u00e7\u00e3o de cargos/vagas no \u00e2mbito do Poder Executivo e; considerando o entendimento un\u00e2nime de todos os vereadores desta Casa em rela\u00e7\u00e3o a aprova\u00e7\u00e3o do Projeto de Lei Complementar n\u00b0 08/2019 em raz\u00e3o da grande relev\u00e2ncia dos trabalhos prestados pelo jur\u00eddico em apoio \u00e0s entidades filantr\u00f3picas do munic\u00edpio, \u00e9 o presente para requerer de V. Exa., que os demais Projetos Complementares (09, 10, 11, 12 e 13/2019), sejam colocados na mesma pauta e data em que ser\u00e1 votado o Projeto de Lei Complementar n. 08/2019, para aprecia\u00e7\u00e3o e delibera\u00e7\u00e3o de todos eles de uma s\u00f3 vez, por se tratar de assuntos conexos e de grande repercuss\u00e3o no munic\u00edpio."}, {"id": "1217", "ano": "2019", "numero": "83", "tipo__sigla": "REQ", "tipo__descricao": "Requerimento", "autoria": "CFO - Comiss\u00e3o de Finan\u00e7as e Or\u00e7amento, CLJR - Comiss\u00e3o de Legisla\u00e7\u00e3o, Justi\u00e7a e Reda\u00e7\u00e3o, CSPPMUC - Comiss\u00e3o de Servi\u00e7os e Pol\u00edticas P\u00fablicas Municipais, Urbanismo e Cidadania", "texto_original": "http://sapl.piumhi.mg.leg.br/media/sapl/public/materialegislativa/2019/1217/requerimento_no_83-2019.pdf", "ementa": "A COMISS\u00c3O DE LEGISLA\u00c7\u00c3O, JUSTI\u00c7A E REDA\u00c7\u00c3O, COMISS\u00c3O DE FINAN\u00c7AS E OR\u00c7AMENTO E COMISS\u00c3O DE SERVI\u00c7OS E POL\u00cdTICAS P\u00daBLICAS MUNICIPAIS, URBANISMO E CIDADANIA. com fulcro no art. 49, \u00a7 3 o, inciso II, do Regimento Interno, v\u00eam atrav\u00e9s deste, requerer de V. Exa que a an\u00e1lise e delibera\u00e7\u00e3o do Projeto de Lei n\u00b0 38/2019 de autoria do Chefe do Poder Executivo Municipal que \u201cAutoriza o Munic\u00edpio de Piumhi a receber, por doa\u00e7\u00e3o, sem encargos, de estabelecimentos banc\u00e1rios, comerciais ou industriais deste Munic\u00edpio, lixeiras, bancos de pra\u00e7a, biciclet\u00e1rios, uniformes esportivos e materiais esportivos em geral e d\u00e1 outras providencias\u201d, protocolizado nesta Casa Legislativa em 28 de junho de 2019, ocorra de forma conjunta entre estas Comiss\u00f5es Permanentes."}, {"id": "1206", "ano": "2019", "numero": "84", "tipo__sigla": "REQ", "tipo__descricao": "Requerimento", "autoria": "CFO - Comiss\u00e3o de Finan\u00e7as e Or\u00e7amento, CLJR - Comiss\u00e3o de Legisla\u00e7\u00e3o, Justi\u00e7a e Reda\u00e7\u00e3o, CSPPMUC - Comiss\u00e3o de Servi\u00e7os e Pol\u00edticas P\u00fablicas Municipais, Urbanismo e Cidadania", "texto_original": "http://sapl.piumhi.mg.leg.br/media/sapl/public/materialegislativa/2019/1206/requerimento_no_84-2019.pdf", "ementa": "A COMISS\u00c3O DE LEGISLA\u00c7\u00c3O. JUSTI\u00c7A E REDA\u00c7\u00c3O, COMISS\u00c3O DE FINAN\u00c7AS E OR\u00c7AMENTO E COMISS\u00c3O DE SERVI\u00c7OS E POL\u00cdTICAS P\u00daBLICAS MUNICIPAIS. URBANISMO E CIDADANIA, com fulcro no art. 56 do Regimento Interno, v\u00eam atrav\u00e9s deste, requerer de V. Exa a prorroga\u00e7\u00e3o do prazo por mais 15 (quinze) dias \u00fateis, para discuss\u00e3o e an\u00e1lise do Projeto de Lei Complementar n\u00b0 06/2019 de autoria do Poder Executivo Municipal que \u201cAltera dispositivo da Lei Complementar n\u00b0 34/2013 que Disp\u00f5e sobre a concess\u00e3o de incentivos fiscais e econ\u00f4micos a empresas que vierem a se instalar ou expandir no Munic\u00edpio de Piumhi/MG e d\u00e1 outras provid\u00eancias\u2019', cujo prazo expira no dia 13 de agosto de 2019, tendo em vista a complexidade e relev\u00e2ncia da mat\u00e9ria que necessita de melhor an\u00e1lise e estudo por estas Comiss\u00f5es."}, {"id": "1109", "ano": "2019", "numero": "85", "tipo__sigla": "REQ", "tipo__descricao": "Requerimento", "autoria": "CFO - Comiss\u00e3o de Finan\u00e7as e Or\u00e7amento, CLJR - Comiss\u00e3o de Legisla\u00e7\u00e3o, Justi\u00e7a e Reda\u00e7\u00e3o, CSPPMUC - Comiss\u00e3o de Servi\u00e7os e Pol\u00edticas P\u00fablicas Municipais, Urbanismo e Cidadania", "texto_original": "http://sapl.piumhi.mg.leg.br/media/sapl/public/materialegislativa/2019/1109/requerimento_no_85-2019_4c7fEMA.pdf", "ementa": "Os Membros da Comiss\u00e3o de Legisla\u00e7\u00e3o, Justi\u00e7a e Reda\u00e7\u00e3o, Comiss\u00e3o de Finan\u00e7as e Or\u00e7amento e Comiss\u00e3o de Servi\u00e7os e Pol\u00edticas P\u00fablicas Municipais, Urbanismo e Cidadania, que abaixo subscrevem, v\u00eam atrav\u00e9s do presente requerer de V. Exa, em conformidade o art. 144, \u00a7 1\u00b0, II c/c art. 164, \u00a7 2\u00b0, do Regimento Interno desta egr\u00e9gia Casa, a inclus\u00e3o em REGIME DE URG\u00caNCIA ESPECIAL do Projeto de Lei n\u00b0 34/2019 de autoria dos Vereadores Jos\u00e9 Welington da Silva, Jos\u00e9 Segundo Faria e Ant\u00f4nio Ast\u00e9sio Tavares que \u201cInstitui no \u00e2mbito municipal de Piumhi-MG o \u201cPr\u00eamio Boina de Ouro - Policial Nota 10\u201d, e d\u00e1 outras provid\u00eancias\u201d."}, {"id": "2668", "ano": "2019", "numero": "86", "tipo__sigla": "REQ", "tipo__descricao": "Requerimento", "autoria": "CFO - Comiss\u00e3o de Finan\u00e7as e Or\u00e7amento, CLJR - Comiss\u00e3o de Legisla\u00e7\u00e3o, Justi\u00e7a e Reda\u00e7\u00e3o", "texto_original": "http://sapl.piumhi.mg.leg.br/media/sapl/public/materialegislativa/2019/2668/requerimento_no_86-2019.pdf", "ementa": "A COMISS\u00c3O DE LEGISLA\u00c7\u00c3O, JUSTI\u00c7A E REDA\u00c7\u00c3O e COMISS\u00c3O DE FINAN\u00c7AS E OR\u00c7AMENTO, com fulcro no art. 49, \u00a7 3\u00ba, inciso II, do Regimento Interno, v\u00eam atrav\u00e9s deste, requerer de V. Exa que a an\u00e1lise e delibera\u00e7\u00e3o do Projeto de Lei Complementar n\u00b0 08/2019 de autoria do Chefe do Poder Executivo Municipal que \u201cDisp\u00f5e sobre altera\u00e7\u00e3o da Lei Complementar n\u00b0 52/2018, que Institui o Plano de Carreiras, de Cargos, e Vencimentos dos Servidores Municipais de Piumhi e d\u00e1 outras provid\u00eancias\u201d, protocolizado nesta Casa Legislativa em 19 de junho de 2019, ocorra de forma conjunta entre estas Comiss\u00f5es Permanentes."}, {"id": "2671", "ano": "2019", "numero": "87", "tipo__sigla": "REQ", "tipo__descricao": "Requerimento", "autoria": "CFO - Comiss\u00e3o de Finan\u00e7as e Or\u00e7amento, CLJR - Comiss\u00e3o de Legisla\u00e7\u00e3o, Justi\u00e7a e Reda\u00e7\u00e3o", "texto_original": "http://sapl.piumhi.mg.leg.br/media/sapl/public/materialegislativa/2019/2671/requerimento_no_87-2019.pdf", "ementa": "A COMISS\u00c3O DE LEGISLA\u00c7\u00c3O, JUSTI\u00c7A E REDA\u00c7\u00c3O e COMISS\u00c3O DE FINAN\u00c7AS E OR\u00c7AMENTO, com fulcro no art. 49, \u00a7 3\u00ba, inciso II, do Regimento Interno, v\u00eam atrav\u00e9s deste, requerer de V. Exa que a an\u00e1lise e delibera\u00e7\u00e3o do Projeto de Lei Complementar n\u00b0 09/2019 de autoria do Chefe do Poder Executivo Municipal que \u201cDisp\u00f5e sobre altera\u00e7\u00e3o da Lei Complementar n\u00b0 52/2018, que Institui o Plano de Carreiras, de Cargos, e Vencimentos dos Servidores Municipais de Piumhi e d\u00e1 outras provid\u00eancias\u201d, protocolizado nesta Casa Legislativa em 19 de junho de 2019, ocorra de forma conjunta entre estas Comiss\u00f5es Permanentes."}, {"id": "2675", "ano": "2019", "numero": "88", "tipo__sigla": "REQ", "tipo__descricao": "Requerimento", "autoria": "CFO - Comiss\u00e3o de Finan\u00e7as e Or\u00e7amento, CLJR - Comiss\u00e3o de Legisla\u00e7\u00e3o, Justi\u00e7a e Reda\u00e7\u00e3o", "texto_original": "http://sapl.piumhi.mg.leg.br/media/sapl/public/materialegislativa/2019/2675/requerimento_no_88-2019.pdf", "ementa": "A COMISS\u00c3O DE LEGISLA\u00c7\u00c3O, JUSTI\u00c7A E REDA\u00c7\u00c3O e COMISS\u00c3O DE FINAN\u00c7AS E OR\u00c7AMENTO, com fulcro no art. 49, \u00a7 3\u00ba, inciso II, do Regimento Interno, v\u00eam atrav\u00e9s deste, requerer de V. Exa que a an\u00e1lise e delibera\u00e7\u00e3o do Projeto de Lei Complementar n\u00b0 10/2019 de autoria do Chefe do Poder Executivo Municipal que \u201cDisp\u00f5e sobre altera\u00e7\u00e3o da Lei Complementar n\u00b0 52/2018, que Institui o Plano de Carreiras, de Cargos, e Vencimentos dos Servidores Municipais de Piumhi e d\u00e1 outras provid\u00eancias\u201d, protocolizado nesta Casa Legislativa em 19 de junho de 2019, ocorra de forma conjunta entre estas Comiss\u00f5es Permanentes."}, {"id": "2676", "ano": "2019", "numero": "89", "tipo__sigla": "REQ", "tipo__descricao": "Requerimento", "autoria": "CFO - Comiss\u00e3o de Finan\u00e7as e Or\u00e7amento, CLJR - Comiss\u00e3o de Legisla\u00e7\u00e3o, Justi\u00e7a e Reda\u00e7\u00e3o", "texto_original": "http://sapl.piumhi.mg.leg.br/media/sapl/public/materialegislativa/2019/2676/requerimento_no89-2019.pdf", "ementa": "A COMISS\u00c3O DE LEGISLA\u00c7\u00c3O, JUSTI\u00c7A E REDA\u00c7\u00c3O e COMISS\u00c3O DE FINAN\u00c7AS E OR\u00c7AMENTO, com fulcro no art. 49, \u00a7 3\u00ba, inciso II, do Regimento Interno, v\u00eam atrav\u00e9s deste, requerer de V. Exa que a an\u00e1lise e delibera\u00e7\u00e3o do Projeto de Lei Complementar n\u00b0 11/2019 de autoria do Chefe do Poder Executivo Municipal que \u201cAltera e acresce dispositivos \u00e0 Lei Complementar n\u00b0 51 /2017 que disp\u00f5e sobre a Estrutura Organizacional e Administrativa do Munic\u00edpio de Piumhi e d\u00e1 outras provid\u00eancias\u201d, protocolizado nesta Casa Legislativa em 19 de junho de 2019, ocorra de forma conjunta entre estas Comiss\u00f5es Permanentes."}, {"id": "2677", "ano": "2019", "numero": "90", "tipo__sigla": "REQ", "tipo__descricao": "Requerimento", "autoria": "CFO - Comiss\u00e3o de Finan\u00e7as e Or\u00e7amento, CLJR - Comiss\u00e3o de Legisla\u00e7\u00e3o, Justi\u00e7a e Reda\u00e7\u00e3o", "texto_original": "http://sapl.piumhi.mg.leg.br/media/sapl/public/materialegislativa/2019/2677/requerimento_no90-2019.pdf", "ementa": "A COMISS\u00c3O DE LEGISLA\u00c7\u00c3O, JUSTI\u00c7A E REDA\u00c7\u00c3O e COMISS\u00c3O DE FINAN\u00c7AS E OR\u00c7AMENTO, com fulcro no art. 49, \u00a7 3\u00ba, inciso II, do Regimento Interno, v\u00eam atrav\u00e9s deste, requerer de V. Exa que a an\u00e1lise e delibera\u00e7\u00e3o do Projeto de Lei Complementar n\u00b0 12/2019 de autoria do Chefe do Poder Executivo Municipal que \u201cDisp\u00f5e sobre altera\u00e7\u00e3o da Lei Complementar n\u00b0 52/2018, que Institui o Plano de Carreiras, de Cargos, e Vencimentos dos Servidores Municipais de Piumhi e d\u00e1 outras provid\u00eancias\u201d, protocolizado nesta Casa Legislativa em 19 de junho de 2019, ocorra de forma conjunta entre estas Comiss\u00f5es Permanentes."}, {"id": "2678", "ano": "2019", "numero": "91", "tipo__sigla": "REQ", "tipo__descricao": "Requerimento", "autoria": "CFO - Comiss\u00e3o de Finan\u00e7as e Or\u00e7amento, CLJR - Comiss\u00e3o de Legisla\u00e7\u00e3o, Justi\u00e7a e Reda\u00e7\u00e3o", "texto_original": "http://sapl.piumhi.mg.leg.br/media/sapl/public/materialegislativa/2019/2678/requerimento_no91-2019.pdf", "ementa": "A COMISS\u00c3O DE LEGISLA\u00c7\u00c3O, JUSTI\u00c7A E REDA\u00c7\u00c3O e COMISS\u00c3O DE FINAN\u00c7AS E OR\u00c7AMENTO, com fulcro no art. 49, \u00a7 3\u00ba, inciso II, do Regimento Interno, v\u00eam atrav\u00e9s deste, requerer de V. Exa que a an\u00e1lise e delibera\u00e7\u00e3o do Projeto de Lei Complementar n\u00b0 13/2019 de autoria do Chefe do Poder Executivo Municipal que \u201cAltera e acresce dispositivos \u00e0 Lei Complementar n\u00b0 51/2017 que disp\u00f5e sobre a Estrutura Organizacional e Administrativa do Munic\u00edpio de Piumhi e d\u00e1 outras provid\u00eancias\u201d, protocolizado nesta Casa Legislativa em 19 de junho de 2019, ocorra de forma conjunta entre estas Comiss\u00f5es Permanentes."}, {"id": "1256", "ano": "2019", "numero": "92", "tipo__sigla": "REQ", "tipo__descricao": "Requerimento", "autoria": "CFO - Comiss\u00e3o de Finan\u00e7as e Or\u00e7amento, CLJR - Comiss\u00e3o de Legisla\u00e7\u00e3o, Justi\u00e7a e Reda\u00e7\u00e3o, CSPPMUC - Comiss\u00e3o de Servi\u00e7os e Pol\u00edticas P\u00fablicas Municipais, Urbanismo e Cidadania", "texto_original": "http://sapl.piumhi.mg.leg.br/media/sapl/public/materialegislativa/2019/1256/requerimento_no_92-2019.pdf", "ementa": "A COMISS\u00c3O DE LEGISLA\u00c7\u00c3O, JUSTI\u00c7A E REDA\u00c7\u00c3O. COMISS\u00c3O DE FINAN\u00c7AS E OR\u00c7AMENTO e COMISS\u00c3O DE SERVI\u00c7OS E POL\u00cdTICAS P\u00daBLICAS MUNICIPAIS, URBANISMO E CIDADANIA. com fulcro no art. 49, \u00a7 3\u00ba, inciso II, do Regimento Interno, v\u00eam atrav\u00e9s deste, requerer de V. Exa que a an\u00e1lise e delibera\u00e7\u00e3o do Projeto de Lei n\u00b0 40/2019 de autoria do Chefe do Poder Executivo Municipal que \u201cRevoga a Lei n\u00b0 2.164/2014, que Disp\u00f5e sobre a autoriza\u00e7\u00e3o ao Poder Executivo para proceder a doa\u00e7\u00e3o de um lote de terreno de propriedade do Munic\u00edpio \u00e0 Associa\u00e7\u00e3o dos Queijeiros do Alto S\u00e3o Francisco - ASQASF\u201d, protocolizado nesta Casa Legislativa em 24 de julho de 2019, ocorra de forma conjunta entre estas Comiss\u00f5es Permanentes."}, {"id": "1271", "ano": "2019", "numero": "93", "tipo__sigla": "REQ", "tipo__descricao": "Requerimento", "autoria": "CFO - Comiss\u00e3o de Finan\u00e7as e Or\u00e7amento, CLJR - Comiss\u00e3o de Legisla\u00e7\u00e3o, Justi\u00e7a e Reda\u00e7\u00e3o, CSPPMUC - Comiss\u00e3o de Servi\u00e7os e Pol\u00edticas P\u00fablicas Municipais, Urbanismo e Cidadania", "texto_original": "http://sapl.piumhi.mg.leg.br/media/sapl/public/materialegislativa/2019/1271/requerimento_no_93-2019.pdf", "ementa": "A COMISS\u00c3O DE LEGISLA\u00c7\u00c3O, JUSTI\u00c7A E REDA\u00c7\u00c3O, COMISS\u00c3O DE FINAN\u00c7AS E OR\u00c7AMENTO e COMISS\u00c3O DE SERVI\u00c7OS E POL\u00cdTICAS P\u00daBLICAS MUNICIPAIS. URBANISMO E CIDADANIA. com fulcro no art. 49, \u00a7 3\u00ba, inciso II, do Regimento Interno, v\u00eam atrav\u00e9s deste, requerer de V. Exa que a an\u00e1lise e delibera\u00e7\u00e3o do Projeto de Lei n\u00b0 37/2019 de autoria do Chefe do Poder Executivo Municipal que \u201cAutoriza a celebra\u00e7\u00e3o de Conv\u00eanio de Coopera\u00e7\u00e3o entre o Munic\u00edpio de Piumhi, com a interveni\u00eancia do Servi\u00e7o Aut\u00f4nomo de \u00c1gua e Esgoto, e a Ag\u00eancia Reguladora Intermunicipal de Saneamento B\u00e1sico de Minas Gerais - ARISB-MG para regula\u00e7\u00e3o e fiscaliza\u00e7\u00e3o dos servi\u00e7os de saneamento b\u00e1sico, e d\u00e1 outras provid\u00eancias\u201d, protocolizado nesta Casa Legislativa em 26 de junho de 2019, ocorra de forma conjunta entre estas Comiss\u00f5es Permanentes."}, {"id": "1182", "ano": "2019", "numero": "94", "tipo__sigla": "REQ", "tipo__descricao": "Requerimento", "autoria": "CFO - Comiss\u00e3o de Finan\u00e7as e Or\u00e7amento, CLJR - Comiss\u00e3o de Legisla\u00e7\u00e3o, Justi\u00e7a e Reda\u00e7\u00e3o, CSPPMUC - Comiss\u00e3o de Servi\u00e7os e Pol\u00edticas P\u00fablicas Municipais, Urbanismo e Cidadania", "texto_original": "http://sapl.piumhi.mg.leg.br/media/sapl/public/materialegislativa/2019/1182/requerimento_no_94-2019.pdf", "ementa": "A COMISS\u00c3O DE LEGISLA\u00c7\u00c3O. JUSTI\u00c7A E REDA\u00c7\u00c3O. COMISS\u00c3O DE FINAN\u00c7AS E OR\u00c7AMENTO e COMISS\u00c3O DE SERVI\u00c7OS E POL\u00cdTICAS P\u00daBLICAS MUNICIPAIS. URBANISMO E CIDADANIA. com fulcro no art. 49, \u00a7 3\u00ba, inciso II, do Regimento Interno, v\u00eam atrav\u00e9s deste, requerer de V. Exa que a an\u00e1lise e delibera\u00e7\u00e3o do Projeto de Decreto Legislativo n\u00b0 03/2019 de autoria dos Vereadores do Poder Legislativo de Piumhi que \u201cDisp\u00f5e sobre a outorga do \u2018Pr\u00eamio Boina de Ouro - Policial Nota 10\u2019, no ano de 2019, e d\u00e1 outras provid\u00eancias\u201d, protocolizado nesta Casa Legislativa em 06 de setembro de 2019, ocorra de forma conjunta entre estas Comiss\u00f5es Permanentes."}, {"id": "1180", "ano": "2019", "numero": "95", "tipo__sigla": "REQ", "tipo__descricao": "Requerimento", "autoria": "CLJR - Comiss\u00e3o de Legisla\u00e7\u00e3o, Justi\u00e7a e Reda\u00e7\u00e3o, CSPPMUC - Comiss\u00e3o de Servi\u00e7os e Pol\u00edticas P\u00fablicas Municipais, Urbanismo e Cidadania", "texto_original": "http://sapl.piumhi.mg.leg.br/media/sapl/public/materialegislativa/2019/1180/requerimento_no_95-2019_h4YcR1o.pdf", "ementa": "A COMISS\u00c3O DE LEGISLA\u00c7\u00c3O. JUSTI\u00c7A E REDA\u00c7\u00c3O E COMISS\u00c3O DE SERVI\u00c7OS E POL\u00cdTICAS P\u00daBLICAS MUNICIPAIS. URBANISMO E CIDADANIA, com fulcro no art. 49, \u00a7 3\u00ba, inciso II, do Regimento Interno, v\u00eam atrav\u00e9s deste, requerer de V. Exa que a an\u00e1lise e delibera\u00e7\u00e3o do Projeto de Lei n\u00b0 41/2019 de autoria do Chefe do Poder Executivo Municipal que \u201cDenomina \u2018Rua Salviano Damacena\u2019, o logradouro p\u00fablico ainda n\u00e3o nominado por lei, no Bairro Bela Vista e d\u00e1 outras provid\u00eancias\u201d, protocolizado nesta Casa Legislativa em 26 de agosto de 2019, ocorra de forma conjunta entre estas Comiss\u00f5es Permanentes."}, {"id": "1191", "ano": "2019", "numero": "96", "tipo__sigla": "REQ", "tipo__descricao": "Requerimento", "autoria": "", "texto_original": "http://sapl.piumhi.mg.leg.br/media/sapl/public/materialegislativa/2019/1191/requerimento_no_96-2019.pdf", "ementa": "Os Membros da Comiss\u00e3o de Legisla\u00e7\u00e3o, Justi\u00e7a e Reda\u00e7\u00e3o, Comiss\u00e3o de Finan\u00e7as e Or\u00e7amento e Comiss\u00e3o de Servi\u00e7os e Pol\u00edticas P\u00fablicas Municipais, Urbanismo e Cidadania, que abaixo subscrevem, v\u00eam atrav\u00e9s do presente requerer de V. Exa, em conformidade o art. 144, \u00a7 I\u00ba, II c/c art. 164, \u00a7 2\u00ba, do Regimento Interno desta egr\u00e9gia Casa, a inclus\u00e3o em REGIME DE URG\u00caNCIA ESPECIAL do Projeto de Lei n\u00b0 40/2019 de autoria do Chefe do Poder Executivo Municipal que \u201cRevoga a Lei n\u00b0 2.164/2014, que Disp\u00f5e sobre a autoriza\u00e7\u00e3o ao Poder Executivo para proceder a doa\u00e7\u00e3o de um lote de terreno de propriedade do Munic\u00edpio \u00e0 Associa\u00e7\u00e3o dos Queijeiros do Alto S\u00e3o Francisco - ASQASF\u201d."}, {"id": "2781", "ano": "2019", "numero": "97", "tipo__sigla": "REQ", "tipo__descricao": "Requerimento", "autoria": "CFO - Comiss\u00e3o de Finan\u00e7as e Or\u00e7amento, CLJR - Comiss\u00e3o de Legisla\u00e7\u00e3o, Justi\u00e7a e Reda\u00e7\u00e3o", "texto_original": "http://sapl.piumhi.mg.leg.br/media/sapl/public/materialegislativa/2019/2781/requerimento_no_97-2019.pdf", "ementa": "A COMISS\u00c3O DE LEGISLA\u00c7\u00c3O, JUSTI\u00c7A E REDA\u00c7\u00c3O E COMISS\u00c3O DE FINAN\u00c7AS E OR\u00c7AMENTO, com fulcro no art. 49, \u00a7 3\u00ba, inciso II, do Regimento Interno, v\u00eam atrav\u00e9s deste, requerer de V. Exa que a an\u00e1lise e delibera\u00e7\u00e3o do Projeto de Lei n\u00b0 42/2019 de autoria do Chefe do Poder Executivo Municipal que \u201cEstima a receita e fixa a despesa do munic\u00edpio para o exerc\u00edcio de 2020\u201d, protocolizado nesta Casa Legislativa em 30 de agosto de 2019, ocorra de forma conjunta entre estas Comiss\u00f5es Permanentes."}, {"id": "1219", "ano": "2019", "numero": "98", "tipo__sigla": "REQ", "tipo__descricao": "Requerimento", "autoria": "CFO - Comiss\u00e3o de Finan\u00e7as e Or\u00e7amento, CLJR - Comiss\u00e3o de Legisla\u00e7\u00e3o, Justi\u00e7a e Reda\u00e7\u00e3o", "texto_original": "http://sapl.piumhi.mg.leg.br/media/sapl/public/materialegislativa/2019/1219/requerimento_no_98-2019_ref_proj._de_resolucao__qgHYM5y.pdf", "ementa": "A COMISS\u00c3O DE LEGISLA\u00c7\u00c3O, JUSTI\u00c7A E REDA\u00c7\u00c3O E COMISS\u00c3O DE FINAN\u00c7AS E OR\u00c7AMENTO, com fulcro no art. 49, \u00a7 3\u00ba, inciso II, do Regimento Interno, v\u00eam atrav\u00e9s deste, requerer de V. Exa que a an\u00e1lise e delibera\u00e7\u00e3o do Projeto de Resolu\u00e7\u00e3o n\u00b0 05/2019 de autoria da Mesa Diretora do Poder Legislativo de Piumhi que \u201cInstitui o 'Banco de Horas\u2019 no \u00e2mbito da C\u00e2mara Municipal de Piumhi e d\u00e1 outras provid\u00eancias \u201d, protocolizado nesta Casa Legislativa em 02 de agosto de 2019, ocorra de forma conjunta entre estas Comiss\u00f5es Permanentes."}, {"id": "1220", "ano": "2019", "numero": "99", "tipo__sigla": "REQ", "tipo__descricao": "Requerimento", "autoria": "CSPPMUC - Comiss\u00e3o de Servi\u00e7os e Pol\u00edticas P\u00fablicas Municipais, Urbanismo e Cidadania", "texto_original": "http://sapl.piumhi.mg.leg.br/media/sapl/public/materialegislativa/2019/1220/requerimento_no_99-2019.pdf", "ementa": "A COMISS\u00c3O DE SERVI\u00c7OS E POL\u00cdTICAS P\u00daBLICAS MUNICIPAIS. URBANISMO E CIDADANIA. atrav\u00e9s de sua Presidente, ora subscritora, com fulcro no art. 56 do Regimento Interno, vem atrav\u00e9s deste, requerer de V. Exa a prorroga\u00e7\u00e3o do prazo por mais 15 (quinze) dias \u00fateis, para discuss\u00e3o e an\u00e1lise do Projeto de Lei Complementar n\u00b0 08/2019 de autoria do Chefe do Poder Executivo Municipal que \"Disp\u00f5e sobre altera\u00e7\u00e3o da Lei Complementar n\u00b0 52/2018, que institui o Plano de Carreiras, de Cargos, e Vencimentos dos Servidores Municipais de Piumhi e d\u00e1 outras provid\u00eancias\u201d, cujo prazo expira no dia 30 de setembro de 2019."}, {"id": "1221", "ano": "2019", "numero": "100", "tipo__sigla": "REQ", "tipo__descricao": "Requerimento", "autoria": "CSPPMUC - Comiss\u00e3o de Servi\u00e7os e Pol\u00edticas P\u00fablicas Municipais, Urbanismo e Cidadania", "texto_original": "http://sapl.piumhi.mg.leg.br/media/sapl/public/materialegislativa/2019/1221/requerimento_no_100-2019.pdf", "ementa": "A COMISS\u00c3O DE SERVI\u00c7OS E POL\u00cdTICAS P\u00daBLICAS MUNICIPAIS. URBANISMO E CIDADANIA, atrav\u00e9s de sua Presidente, ora subscritora, com fulcro no art. 56 do Regimento Interno, vem atrav\u00e9s deste, requerer de V. Exa a prorroga\u00e7\u00e3o do prazo por mais 15 (quinze) dias \u00fateis, para discuss\u00e3o e an\u00e1lise do Projeto de Lei Complementar n\u00b0 09/2019 de autoria do Chefe do Poder Executivo Municipal que \"Disp\u00f5e sobre altera\u00e7\u00e3o da Lei Complementar n\u00b0 52/2018, que institui o Plano de Carreiras, de Cargos, e Vencimentos dos Servidores Municipais de Piumhi e d\u00e1 outras provid\u00eancias\u201d, cujo prazo expira no dia 30 de setembro de 2019."}, {"id": "1222", "ano": "2019", "numero": "101", "tipo__sigla": "REQ", "tipo__descricao": "Requerimento", "autoria": "CSPPMUC - Comiss\u00e3o de Servi\u00e7os e Pol\u00edticas P\u00fablicas Municipais, Urbanismo e Cidadania", "texto_original": "http://sapl.piumhi.mg.leg.br/media/sapl/public/materialegislativa/2019/1222/requerimento_no_101-2019.pdf", "ementa": "A COMISS\u00c3O DE SERVI\u00c7OS E POL\u00cdTICAS P\u00daBLICAS MUNICIPAIS. URBANISMO E CIDADANIA. atrav\u00e9s de sua Presidente, ora subscritora, com fulcro no art. 56 do Regimento Interno, vem atrav\u00e9s deste, requerer de V. Exa a prorroga\u00e7\u00e3o do prazo por mais 15 (quinze) dias \u00fateis, para discuss\u00e3o e an\u00e1lise do Projeto de Lei Complementar n\u00b0 10/2019 de autoria do Chefe do Poder Executivo Municipal que \"Disp\u00f5e sobre altera\u00e7\u00e3o da Lei Complementar n\u00b0 52/2018, que institui o Plano de Carreiras, de Cargos, e Vencimentos dos Servidores Municipais de Piumhi e d\u00e1 outras provid\u00eancias\u201d, cujo prazo expira no dia 30 de setembro de 2019."}, {"id": "1223", "ano": "2019", "numero": "102", "tipo__sigla": "REQ", "tipo__descricao": "Requerimento", "autoria": "CSPPMUC - Comiss\u00e3o de Servi\u00e7os e Pol\u00edticas P\u00fablicas Municipais, Urbanismo e Cidadania", "texto_original": "http://sapl.piumhi.mg.leg.br/media/sapl/public/materialegislativa/2019/1223/requerimento_no_102-2019.pdf", "ementa": "A COMISS\u00c3O DE SERVI\u00c7OS E POL\u00cdTICAS P\u00daBLICAS MUNICIPAIS. URBANISMO E CIDADANIA. atrav\u00e9s de sua Presidente, ora subscritora, com fulcro no art. 56 do Regimento Interno, vem atrav\u00e9s deste, requerer de V. Exa a prorroga\u00e7\u00e3o do prazo por mais 15 (quinze) dias \u00fateis, para discuss\u00e3o e an\u00e1lise do Projeto de Lei Complementar n\u00b0 11/2019 de autoria do Chefe do Poder Executivo Municipal que \u201cAltera e acresce dispositivos \u00e0 Lei Complementar n\u00b0 51/2017 que disp\u00f5e sobre a Estrutura Organizacional e Administrativa do Munic\u00edpio de Piumhi e d\u00e1 outras provid\u00eancias\u201d, cujo prazo expira no dia 30 de setembro de 2019."}, {"id": "1224", "ano": "2019", "numero": "103", "tipo__sigla": "REQ", "tipo__descricao": "Requerimento", "autoria": "CSPPMUC - Comiss\u00e3o de Servi\u00e7os e Pol\u00edticas P\u00fablicas Municipais, Urbanismo e Cidadania", "texto_original": "http://sapl.piumhi.mg.leg.br/media/sapl/public/materialegislativa/2019/1224/requerimento_no_103-2019.pdf", "ementa": "A COMISS\u00c3O DE SERVI\u00c7OS E POL\u00cdTICAS P\u00daBLICAS MUNICIPAIS. URBANISMO E CIDADANIA. atrav\u00e9s de sua Presidente, ora subscritora, com fulcro no art. 56 do Regimento Interno, vem atrav\u00e9s deste, requerer de V. Exa a prorroga\u00e7\u00e3o do prazo por mais 15 (quinze) dias \u00fateis, para discuss\u00e3o e an\u00e1lise do Projeto de Lei Complementar n\u00b0 12/2019 de autoria do Chefe do Poder Executivo Municipal que \"Disp\u00f5e sobre altera\u00e7\u00e3o da Lei Complementar n\u00b0 52/2018, que institui o Plano de Carreiras, de Cargos, e Vencimentos dos Servidores Municipais de Piumhi e d\u00e1 outras provid\u00eancias\u201d, cujo prazo expira no dia 30 de setembro de 2019."}, {"id": "1225", "ano": "2019", "numero": "104", "tipo__sigla": "REQ", "tipo__descricao": "Requerimento", "autoria": "CSPPMUC - Comiss\u00e3o de Servi\u00e7os e Pol\u00edticas P\u00fablicas Municipais, Urbanismo e Cidadania", "texto_original": "http://sapl.piumhi.mg.leg.br/media/sapl/public/materialegislativa/2019/1225/requerimento__no_104-2019.pdf", "ementa": "A COMISS\u00c3O DE SERVI\u00c7OS E POL\u00cdTICAS P\u00daBLICAS MUNICIPAIS. URBANISMO E CIDADANIA, atrav\u00e9s de sua Presidente, ora subscritora, com fulcro no art. 56 do Regimento Interno, vem atrav\u00e9s deste, requerer de V. Exa a prorroga\u00e7\u00e3o do prazo por mais 15 (quinze) dias \u00fateis, para discuss\u00e3o e an\u00e1lise do Projeto de Lei Complementar n\u00b0 13/2019 de autoria do Chefe do Poder Executivo Municipal que \u201cAltera e acresce dispositivos \u00e0 Lei Complementar n\u00b0 51/2017 que disp\u00f5e sobre a Estrutura Organizacional e Administrativa do Munic\u00edpio de Piumhi e d\u00e1 outras provid\u00eancias\u201d, cujo prazo expira no dia 30 de setembro de 2019."}, {"id": "1226", "ano": "2019", "numero": "105", "tipo__sigla": "REQ", "tipo__descricao": "Requerimento", "autoria": "CSPPMUC - Comiss\u00e3o de Servi\u00e7os e Pol\u00edticas P\u00fablicas Municipais, Urbanismo e Cidadania", "texto_original": "http://sapl.piumhi.mg.leg.br/media/sapl/public/materialegislativa/2019/1226/requerimento_no_105-2019.pdf", "ementa": "A COMISS\u00c3O DE SERVI\u00c7OS E POL\u00cdTICAS P\u00daBLICAS MUNICIPAIS, URBANISMO E CIDADANIA, atrav\u00e9s de sua Presidente Shirley Elaine Gon\u00e7alves Faria, com fulcro no art. 188 do Regimento Interno desta Casa Legislativa c/c os arts. 21, IX, \u00a7 Io e 28, XIII e XVIII da Lei Org\u00e2nica Municipal, vem, atrav\u00e9s do presente, requerer de V. Exa a Convoca\u00e7\u00e3o da Secret\u00e1ria Municipal de Sa\u00fade, Sra. Aline Silva Barbosa de Castro e do M\u00e9dico Regulador do SUS, Dr. Rodrigo Lana Martins, para apresentarem-se na 7\u00aa Sess\u00e3o Extraordin\u00e1ria (Audi\u00eancia P\u00fablica) a realizar-se \u00e0s 20h30 do dia 07/10/2019 (segunda-feira), na sede da C\u00e2mara Municipal de Piumhi-MG na Sala das Sess\u00f5es \u201cVereador Jos\u00e9 Soares de Oliveira Sobrinho\u201d, a fim de prestarem esclarecimentos acerca das cirurgias emergenciais, entre outros temas relacionados."}, {"id": "1227", "ano": "2019", "numero": "106", "tipo__sigla": "REQ", "tipo__descricao": "Requerimento", "autoria": "CSPPMUC - Comiss\u00e3o de Servi\u00e7os e Pol\u00edticas P\u00fablicas Municipais, Urbanismo e Cidadania", "texto_original": "http://sapl.piumhi.mg.leg.br/media/sapl/public/materialegislativa/2019/1227/requerimento_no_106-2019.pdf", "ementa": "A COMISS\u00c3O DE SERVI\u00c7OS E POL\u00cdTICAS P\u00daBLICAS MUNICIPAIS, URBANISMO E CIDADANIA, atrav\u00e9s de sua Presidente Shirley Elaine Gon\u00e7alves Faria, com fulcro no art. 143, II do Regimento Interno, vem, atrav\u00e9s do presente, requerer de V. Exa sejam convidados o Provedor da Santa de Miseric\u00f3rdia de Piumhi, Sr. Jos\u00e9 Soares de Melo e a Diretora T\u00e9cnica da Santa Casa de Miseric\u00f3rdia de Piumhi, Dra. Graciele Paiz, para participarem da 7\u00aa Sess\u00e3o Extraordin\u00e1ria (Audi\u00eancia P\u00fablica) a realizar-se \u00e0s 20h30 do dia 07/10/2019 (segunda-feira), na sede da C\u00e2mara Municipal de Piumhi-MG na Sala das Sess\u00f5es \u201cVereador Jos\u00e9 Soares de Oliveira Sobrinho\u201d, a fim de prestarem esclarecimentos acerca das cirurgias emergenciais, entre outros temas relacionados."}, {"id": "1248", "ano": "2019", "numero": "107", "tipo__sigla": "REQ", "tipo__descricao": "Requerimento", "autoria": "Seabra da Farm\u00e1cia, Segundinho", "texto_original": "http://sapl.piumhi.mg.leg.br/media/sapl/public/materialegislativa/2019/1248/requerimento_no_107-2019_SNApl2g.pdf", "ementa": "A COMISS\u00c3O DE LEGISLA\u00c7\u00c3O, JUSTI\u00c7A E REDA\u00c7\u00c3O E COMISS\u00c3O DE FINAN\u00c7AS E OR\u00c7AMENTO, com fulcro no art. 49, \u00a7 3\u00ba, inciso II, do Regimento Interno, vem atrav\u00e9s deste, requerer de V. Exa que a an\u00e1lise e delibera\u00e7\u00e3o do Projeto de Lei n\" 43/2019 de autoria do Chefe do Poder Executivo Municipal que \u201cIncluem novas a\u00e7\u00f5es a Lei 2.316/2017, Plano Plurianual 2018-2021 do Munic\u00edpio de Piumhi para o exerc\u00edcio de 2019\u201d. protocolizado nesta Casa Legislativa em 30 de agosto de 2019, ocorra de forma conjunta entre estas Comiss\u00f5es Permanentes."}, {"id": "1249", "ano": "2019", "numero": "108", "tipo__sigla": "REQ", "tipo__descricao": "Requerimento", "autoria": "CFO - Comiss\u00e3o de Finan\u00e7as e Or\u00e7amento, CLJR - Comiss\u00e3o de Legisla\u00e7\u00e3o, Justi\u00e7a e Reda\u00e7\u00e3o, CSPPMUC - Comiss\u00e3o de Servi\u00e7os e Pol\u00edticas P\u00fablicas Municipais, Urbanismo e Cidadania, Seabra da Farm\u00e1cia, Segundinho, Shirley da Educa\u00e7\u00e3o", "texto_original": "http://sapl.piumhi.mg.leg.br/media/sapl/public/materialegislativa/2019/1249/requerimento_no_108-2019_Vhx1Jh1.pdf", "ementa": "A COMISS\u00c3O DE LEGISLA\u00c7\u00c3O, JUSTI\u00c7A E REDA\u00c7\u00c3O, COMISS\u00c3O DE FINAN\u00c7AS E OR\u00c7AMENTO e COMISS\u00c3O DE SERVI\u00c7OS E POL\u00cdTICAS P\u00daBLICAS MUNICIPAIS, URBANISMO E CIDADANIA, com fulcro no art. 49, \u00a7 3\u00ba, inciso II, do Regimento Interno, v\u00eam atrav\u00e9s deste, requerer de V. Exa que a an\u00e1lise e delibera\u00e7\u00e3o do Projeto de Lei n\u00b0 44/2019 de autoria do Chefe do Poder Executivo Municipal que \u201cAutoriza o Poder Executivo Municipal a participar do Programa Minha Casa, Minha Vida - PMCMV e autoriza a doa\u00e7\u00e3o de lotes vinculados ao respectivo programa para pessoas f\u00edsicas de baixa renda que se enquadrem na forma e nas condi\u00e7\u00f5es estabelecidas pela Lei n\u00b0 11.977/2009 e d\u00e1 outras provid\u00eancias\u201d, protocolizado nesta Casa Legislativa em 10 de setembro de 2019, ocorra de forma conjunta entre estas Comiss\u00f5es Permanentes."}, {"id": "1254", "ano": "2019", "numero": "109", "tipo__sigla": "REQ", "tipo__descricao": "Requerimento", "autoria": "Shirley da Educa\u00e7\u00e3o", "texto_original": "http://sapl.piumhi.mg.leg.br/media/sapl/public/materialegislativa/2019/1254/requerimento_no_109-2019.pdf", "ementa": "Solicita que seja encaminhado ao Minist\u00e9rio P\u00fablico de Piumhi, Of\u00edcio protocolado acompanhado de c\u00f3pia do Parecer Ministerial extra\u00eddo do site oficial do Tribunal de Contas, solicitando sua juntada aos autos do Inqu\u00e9rito que l\u00e1 tramita, cujo n. esta Casa j\u00e1 disp\u00f5e (no Departamento de Apoio), a fim de que seja dado conhecimento \u00e0 Promotoria desta cidade e venha subsidiar a apura\u00e7\u00e3o do caso auxiliando os n. Promotores"}, {"id": "1255", "ano": "2019", "numero": "110", "tipo__sigla": "REQ", "tipo__descricao": "Requerimento", "autoria": "CFO - Comiss\u00e3o de Finan\u00e7as e Or\u00e7amento, CLJR - Comiss\u00e3o de Legisla\u00e7\u00e3o, Justi\u00e7a e Reda\u00e7\u00e3o, CSPPMUC - Comiss\u00e3o de Servi\u00e7os e Pol\u00edticas P\u00fablicas Municipais, Urbanismo e Cidadania", "texto_original": "http://sapl.piumhi.mg.leg.br/media/sapl/public/materialegislativa/2019/1255/requerimento_no_110-2019_RWnyaim.pdf", "ementa": "A COMISS\u00c3O DE LEGISLA\u00c7\u00c3O, JUSTI\u00c7A E REDA\u00c7\u00c3O, COMISS\u00c3O 1)E FINAN\u00c7AS E OR\u00c7AMENTO e COMISS\u00c3O I)E SERVI\u00c7OS E POL\u00cdTICAS P\u00daBLICAS MUNICIPAIS, URBANISMO E CIDADANIA. com fulcro no art. 49, \u00a7 3o, inciso II, do Regimento Interno, v\u00eam atrav\u00e9s deste, requerer de V. Exa que a an\u00e1lise e delibera\u00e7\u00e3o do Projeto de Lei n\u00b0 47/2019 de autoria do Chefe do Poder Executivo Municipal que \u201cAutoriza o Poder Executivo Municipal a participar do Programa Minha Casa, Minha Vida \u2014 PMCMV e autoriza a doa\u00e7\u00e3o de lotes vinculados ao respectivo programa para pessoas f\u00edsicas de baixa renda que se enquadrem na forma e nas condi\u00e7\u00f5es estabelecidas pela Lei n\u00b0 11.977/2009 c d\u00e1 outras providencias\u201d, protocolizado nesta Casa Legislativa em 30 de setembro de 2019, ocorra de forma conjunta entre estas Comiss\u00f5es Permanentes."}, {"id": "1253", "ano": "2019", "numero": "111", "tipo__sigla": "REQ", "tipo__descricao": "Requerimento", "autoria": "Segundinho", "texto_original": "http://sapl.piumhi.mg.leg.br/media/sapl/public/materialegislativa/2019/1253/requerimento_no_111-2019.pdf", "ementa": "Solicita informa\u00e7\u00f5es e provid\u00eancias com rela\u00e7\u00e3o ao tr\u00e2nsito de Piumhi."}, {"id": "1258", "ano": "2019", "numero": "112", "tipo__sigla": "REQ", "tipo__descricao": "Requerimento", "autoria": "Segundinho", "texto_original": "http://sapl.piumhi.mg.leg.br/media/sapl/public/materialegislativa/2019/1258/requerimento_no_112-2019.pdf", "ementa": "Os Vereadores que abaixo subscrevem, no uso de suas atribui\u00e7\u00f5es regimentais, v\u00eam atrav\u00e9s do presente, requerer de V. Exa, em conformidade o art. 144, \u00a7 I\u00ba, II c/c art. 164, \u00a7 2\u00ba, do Regimento Interno desta egr\u00e9gia Casa, a inclus\u00e3o em REGIME DE URG\u00caNCIA ESPECIAL do Projeto de Lei n\u00b0 44/2019 de autoria do Chefe do Poder Executivo Municipal que \u201cAutoriza o Poder Executivo Municipal a participar do Programa Minha Casa Minha Vida - PMCMV e autoriza a doa\u00e7\u00e3o de lotes vinculados ao respectivo programa para pessoas f\u00edsicas de baixa renda que se enquadrem na forma e nas condi\u00e7\u00f5es estabelecidas pela Lei n\u00b0 11.977/2009 e d\u00e1 outras provid\u00eancias\u201d."}, {"id": "1259", "ano": "2019", "numero": "113", "tipo__sigla": "REQ", "tipo__descricao": "Requerimento", "autoria": "", "texto_original": "http://sapl.piumhi.mg.leg.br/media/sapl/public/materialegislativa/2019/1259/requerimento_no_113-2019.pdf", "ementa": "Os Vereadores que abaixo subscrevem, no uso de suas atribui\u00e7\u00f5es regimentais, v\u00eam atrav\u00e9s do presente, requerer de V. Exa, em conformidade o art. 144, \u00a7 Io, II c/c art. 164, \u00a7 2o, do Regimento Interno desta egr\u00e9gia Casa, a inclus\u00e3o em REGIME DE URG\u00caNCIA ESPECIAL do Projeto de Lei n\u00b0 47/2019 de autoria do Chefe do Poder Executivo Municipal que \u201cAutoriza o Poder Executivo Municipal a participar do Programa Minha Casa. Minha Vida - PMCMV e autoriza a doa\u00e7\u00e3o de lotes vinculados ao respectivo programa para pessoas f\u00edsicas de baixa renda que se enquadrem na forma e nas condi\u00e7\u00f5es estabelecidas pela Lei n\u00b0 11.977/2009 e d\u00e1 outras provid\u00eancias\u201d."}, {"id": "1283", "ano": "2019", "numero": "114", "tipo__sigla": "REQ", "tipo__descricao": "Requerimento", "autoria": "CSPPMUC - Comiss\u00e3o de Servi\u00e7os e Pol\u00edticas P\u00fablicas Municipais, Urbanismo e Cidadania", "texto_original": "http://sapl.piumhi.mg.leg.br/media/sapl/public/materialegislativa/2019/1283/requerimento_no_114-2019.pdf", "ementa": "A COMISS\u00c3O DE SERVI\u00c7OS E POL\u00cdTICAS P\u00daBLICAS MUNICIPAIS, URBANISMO E CIDADANIA, requer de V. Exa. que seja prorrogada por mais 15 dias \u00fateis para emiss\u00e3o de Relat\u00f3rio referente \u00e0s informa\u00e7\u00f5es prestadas, relativas aos questionamentos sobre a frota municipal."}, {"id": "1330", "ano": "2019", "numero": "115", "tipo__sigla": "REQ", "tipo__descricao": "Requerimento", "autoria": "CFO - Comiss\u00e3o de Finan\u00e7as e Or\u00e7amento, CLJR - Comiss\u00e3o de Legisla\u00e7\u00e3o, Justi\u00e7a e Reda\u00e7\u00e3o, CSPPMUC - Comiss\u00e3o de Servi\u00e7os e Pol\u00edticas P\u00fablicas Municipais, Urbanismo e Cidadania", "texto_original": "http://sapl.piumhi.mg.leg.br/media/sapl/public/materialegislativa/2019/1330/requerimento_no_115-2019.pdf", "ementa": "A COMISS\u00c3O DE LEGISLA\u00c7\u00c3O, JUSTI\u00c7A E REDA\u00c7\u00c3O, COMISS\u00c3O DE FINAN\u00c7AS E OR\u00c7AMENTO e COMISS\u00c3O DE SERVI\u00c7OS E POL\u00cdTICAS P\u00daBLICAS MUNICIPAIS, URBANISMO E CIDADANIA. com fulcro no art. 49, \u00a7 3\u00ba, inciso II, do Regimento Interno, vem atrav\u00e9s deste, requerer de V. Exa que a an\u00e1lise e delibera\u00e7\u00e3o do Projeto de Lei n\" 46/2019 de autoria do Chefe do Poder Executivo Municipal que \"Ratifica a ades\u00e3o do Munic\u00edpio de Piumhi ao Protocolo de Inten\u00e7\u00f5es do Cons\u00f3rcio P\u00fablico: Associa\u00e7\u00e3o P\u00fablica dos Munic\u00edpios da Microrregi\u00e3o do M\u00e9dio Rio Grande Cons\u00f3rcio AMEG e d\u00e1 outras providencias\u201d, protocolizado nesta Casa Legislativa em 27 de setembro de 2019, ocorra de forma conjunta entre estas Comiss\u00f5es Permanentes."}, {"id": "1274", "ano": "2019", "numero": "116", "tipo__sigla": "REQ", "tipo__descricao": "Requerimento", "autoria": "CFO - Comiss\u00e3o de Finan\u00e7as e Or\u00e7amento, CLJR - Comiss\u00e3o de Legisla\u00e7\u00e3o, Justi\u00e7a e Reda\u00e7\u00e3o, CSPPMUC - Comiss\u00e3o de Servi\u00e7os e Pol\u00edticas P\u00fablicas Municipais, Urbanismo e Cidadania", "texto_original": "http://sapl.piumhi.mg.leg.br/media/sapl/public/materialegislativa/2019/1274/requerimento_no_116-2019_uKrNJKc.pdf", "ementa": "Os Membros da Comiss\u00e3o de Legisla\u00e7\u00e3o, Justi\u00e7a e Reda\u00e7\u00e3o, Comiss\u00e3o de Finan\u00e7as e Or\u00e7amento e Comiss\u00e3o de Servi\u00e7os e Pol\u00edticas P\u00fablicas Municipais, Urbanismo e Cidadania, que abaixo subscrevem, v\u00eam atrav\u00e9s do presente requerer de V. Exa. em conformidade o art. 144. \u00a7 Io, II c/c art. 164, \u00a7 2\u00ba, do Regimento Interno desta egr\u00e9gia Casa, a inclus\u00e3o em REGIME DE URG\u00caNCIA ESPECIAL do Projeto de Lei n\u00b0 46/2019 de autoria do Chefe do Poder Executivo Municipal que \u201cRatifica a ades\u00e3o do Munic\u00edpio de Piumhi ao Protocolo de Inten\u00e7\u00f5es do Cons\u00f3rcio P\u00fablico: Associa\u00e7\u00e3o P\u00fablica dos Munic\u00edpios da Microrregi\u00e3o do M\u00e9dio Rio Grande - Cons\u00f3rcio AMEG e d\u00e1 outras provid\u00eancias\u201d."}, {"id": "1275", "ano": "2019", "numero": "117", "tipo__sigla": "REQ", "tipo__descricao": "Requerimento", "autoria": "Sargento Z\u00e9 Welington, Segundinho", "texto_original": "http://sapl.piumhi.mg.leg.br/media/sapl/public/materialegislativa/2019/1275/requerimento_no_117-2019.pdf", "ementa": "Requeremos de V. Exa, nos termos do art. 143, inc. I, do Regimento Interno desta Casa que seja submetido o presente requerimento \u00e0 delibera\u00e7\u00e3o Plen\u00e1ria para, ap\u00f3s aprova\u00e7\u00e3o ser o mesmo encaminhado ao Excelent\u00edssimo Senhor Prefeito Municipal Adeberto Jos\u00e9 de Melo, solicitando-lhe as informa\u00e7\u00f5es a seguir: a) Qual o pre\u00e7o m\u00e9dio das cestas b\u00e1sicas licitadas pelo munic\u00edpio; b) Qual a quantidade exata de cestas mensais;"}, {"id": "1276", "ano": "2019", "numero": "118", "tipo__sigla": "REQ", "tipo__descricao": "Requerimento", "autoria": "Sargento Z\u00e9 Welington, Segundinho", "texto_original": "http://sapl.piumhi.mg.leg.br/media/sapl/public/materialegislativa/2019/1276/requerimento_no_118-2019.pdf", "ementa": "Requeremos de V. Exa, nos termos do art. 143, inc. 11, do Regimento Interno desta Casa que seja submetido o presente requerimento \u00e0 delibera\u00e7\u00e3o Plen\u00e1ria para. ap\u00f3s aprova\u00e7\u00e3o ser o mesmo encaminhado ao Senhor Diretor Executivo do SAAE Piumhi Od\u00e9cio da Silva Melo. solicitando-lhe as informa\u00e7\u00f5es a seguir: a) Qual o pre\u00e7o m\u00e9dio das cestas b\u00e1sicas licitadas pelo SAAE; b) Qual a quantidade exata de cestas mensais; c) At\u00e9 quando estar\u00e1 vigente a licita\u00e7\u00e3o atual;"}, {"id": "1277", "ano": "2019", "numero": "119", "tipo__sigla": "REQ", "tipo__descricao": "Requerimento", "autoria": "Sargento Z\u00e9 Welington, Segundinho", "texto_original": "http://sapl.piumhi.mg.leg.br/media/sapl/public/materialegislativa/2019/1277/requerimento_no_119-2019.pdf", "ementa": "Requeremos de V. Exa, nos termos do art. 143, inc. I, do Regimento Interno desta Casa que seja submetido o presente requerimento \u00e0 delibera\u00e7\u00e3o Plen\u00e1ria para, ap\u00f3s aprova\u00e7\u00e3o ser o mesmo encaminhado ao Excelent\u00edssimo Senhor Prefeito Municipal Adeberto Jos\u00e9 de Melo, solicitando-lhe a listagem de todos os cidad\u00e3os que recebem a meia cesta b\u00e1sica do munic\u00edpio."}, {"id": "1288", "ano": "2019", "numero": "120", "tipo__sigla": "REQ", "tipo__descricao": "Requerimento", "autoria": "Shirley da Educa\u00e7\u00e3o", "texto_original": "http://sapl.piumhi.mg.leg.br/media/sapl/public/materialegislativa/2019/1288/requerimento_no_120-2019.pdf", "ementa": "A Vereadora que abaixo subscreve, vem respeitosamente perante V. Exa., diante da decis\u00e3o que negou o pedido de instaurar\u00e3o de CPI para apura\u00e7\u00e3o das irregularidades apontadas na constru\u00e7\u00e3o da ponte que liga o bairro Capoeiras e; com fundamento no \u00a7 3\u00ba, do art. 73 do Regimento Interno desta Casa, apresentar RECURSO ao PLEN\u00c1RIO constitu\u00eddo e composto por todos n\u00f3s vereadores eleitos democraticamente pelo povo, PARA O FIM \u00daNICO DE QUE O PEDIDO DE INSTAURA\u00c7\u00c3O DE CPI SEJA REANALISADO EM SEUS TERMOS E APROVADO PELO PLEN\u00c1RIO DESTA CASA. de forma a honrar o compromisso e juramento que fizemos \u00e0 popula\u00e7\u00e3o na representa\u00e7\u00e3o de seus direitos que lhe s\u00e3o garantidos legal e constitucionalmente.\r\nRequer, por fim, que o presente recurso seja levado ao PLEN\u00c1RIO na primeira Sess\u00e3o Ordin\u00e1ria ap\u00f3s seu regular protocolo, ou seja. dia 04/11/2019 (segunda-feira) pr\u00f3xima."}, {"id": "1285", "ano": "2019", "numero": "121", "tipo__sigla": "REQ", "tipo__descricao": "Requerimento", "autoria": "Fernando Detetive", "texto_original": "http://sapl.piumhi.mg.leg.br/media/sapl/public/materialegislativa/2019/1285/requerimento_no_121-2019.pdf", "ementa": "O Vereador que o presente subscreve, requer de Vossa Excel\u00eancia que seja estudada a possibilidade de disponibilizar o ve\u00edculo oficial (TOYOTA COROLLA - Placa: PWJ - 7821, da C\u00e2mara Municipal, para reuni\u00e3o agendada na cidade de Belo Horizonte no dia 01/11/2019."}, {"id": "1297", "ano": "2019", "numero": "122", "tipo__sigla": "REQ", "tipo__descricao": "Requerimento", "autoria": "CFO - Comiss\u00e3o de Finan\u00e7as e Or\u00e7amento, CLJR - Comiss\u00e3o de Legisla\u00e7\u00e3o, Justi\u00e7a e Reda\u00e7\u00e3o, CSPPMUC - Comiss\u00e3o de Servi\u00e7os e Pol\u00edticas P\u00fablicas Municipais, Urbanismo e Cidadania", "texto_original": "http://sapl.piumhi.mg.leg.br/media/sapl/public/materialegislativa/2019/1297/requerimento_no_122-2019.pdf", "ementa": "A COMISS\u00c3O DE LEGISLA\u00c7\u00c3O, JUSTI\u00c7A E REDA\u00c7\u00c3O, COMISS\u00c3O DE FINAN\u00c7AS E OR\u00c7AMENTO e COMISS\u00c3O DE SERVI\u00c7OS E POL\u00cdTICAS P\u00daBLICAS MUNICIPAIS, URBANISMO E CIDADANIA. com fulcro no art. 49. \u00a7 3\u00ba, inciso II. do Regimento Interno, v\u00eam atrav\u00e9s deste, requerer de V. Exa que a an\u00e1lise e delibera\u00e7\u00e3o do Projeto de Lei n\u00b0 45/2019 de autoria do Chefe do Poder Executivo Municipal que \u201cAutoriza o Poder Executivo Municipal a conceder a t\u00edtulo oneroso ou gratuito, a pessoas f\u00edsicas ou jur\u00eddicas, o uso e ocupa\u00e7\u00e3o de bens municipais para fins de realiza\u00e7\u00e3o de eventos e/ou explora\u00e7\u00e3o econ\u00f4mica, mediante os instrumentos da permiss\u00e3o e concess\u00e3o e d\u00e1 outras provid\u00eancias\", protocolizado nesta Casa Legislativa em 20 de setembro de 2019, ocorra de forma conjunta entre estas Comiss\u00f5es Permanentes."}, {"id": "1298", "ano": "2019", "numero": "123", "tipo__sigla": "REQ", "tipo__descricao": "Requerimento", "autoria": "CSPPMUC - Comiss\u00e3o de Servi\u00e7os e Pol\u00edticas P\u00fablicas Municipais, Urbanismo e Cidadania", "texto_original": "http://sapl.piumhi.mg.leg.br/media/sapl/public/materialegislativa/2019/1298/requerimento_no_123-2019.pdf", "ementa": "A COMISS\u00c3O DE SERVI\u00c7OS E POL\u00cdTICAS P\u00daBLICAS MUNICIPAIS, URBANISMO E CIDADANIA. atrav\u00e9s de sua Presidente, ora subscritora, no uso das atribui\u00e7\u00f5es previstas no art. 43 do Regimento Interno, requer de V. Exa sua inclus\u00e3o para an\u00e1lise, estudo e emiss\u00e3o de parecer sobre a mat\u00e9ria objeto do Projeto de Lei Complementar n\u00b0 04/2019, por entender que a reestrutura\u00e7\u00e3o, inclusive das compet\u00eancias dos \u00f3rg\u00e3os do SAAE no Plano de Carreiras, de Cargos e Vencimentos dos servidores tem rela\u00e7\u00e3o direta com suas atribui\u00e7\u00f5es, em especial as previstas no inciso II. Nestes termos, Pede-se deferimento."}, {"id": "1341", "ano": "2019", "numero": "124", "tipo__sigla": "REQ", "tipo__descricao": "Requerimento", "autoria": "Gleisson Professor de Biologia, Guininho do Man\u00e9, J\u00fanior Boi, Shirley da Educa\u00e7\u00e3o", "texto_original": "http://sapl.piumhi.mg.leg.br/media/sapl/public/materialegislativa/2019/1341/requerimento_no_124-2019.pdf", "ementa": "Os Vereadores que abaixo subscrevem, vem atrav\u00e9s do presente, requerer de V. Exa a prorroga\u00e7\u00e3o do prazo previsto no Paragrafo \u00danico do art. 143 do Regimento Interno, para apresenta\u00e7\u00e3o do Relat\u00f3rio referente ao Of\u00edcio n\u00b0 146/2019 de autoria do Diretor Executivo do SAAE Piumhi Od\u00e9cio da Silva Melo, em resposta ao Of\u00edcio n\u00b0 78/2019 da Comiss\u00e3o de Servi\u00e7os e Pol\u00edticas P\u00fablicas Municipais, Urbanismo e Cidadania."}, {"id": "1332", "ano": "2019", "numero": "125", "tipo__sigla": "REQ", "tipo__descricao": "Requerimento", "autoria": "CSPPMUC - Comiss\u00e3o de Servi\u00e7os e Pol\u00edticas P\u00fablicas Municipais, Urbanismo e Cidadania", "texto_original": "http://sapl.piumhi.mg.leg.br/media/sapl/public/materialegislativa/2019/1332/requerimento_no_125-2019.pdf", "ementa": "A COMISS\u00c3O DE SERVI\u00c7OS E POL\u00cdTICAS P\u00daBLICAS MUNICIPAIS, URBANISMO E CIDADANIA, atrav\u00e9s de sua Presidente, ora subscritora, com fulcro no art. 56 do Regimento Interno, vem atrav\u00e9s deste, requerer de V. Exa a prorroga\u00e7\u00e3o do prazo por mais 15 (quinze) dias \u00fateis, para discuss\u00e3o e an\u00e1lise do Projeto de Lei Complementar n\u00b0 04/2019 de autoria do Chefe do Poder Executivo Municipal que '\u2018Disp\u00f5e sobre a organiza\u00e7\u00e3o administrativa do Servi\u00e7o Aut\u00f4nomo de \u00c1gua e Esgoto de Piumhi - Minas Gerais, sua reestrutura\u00e7\u00e3o e a compet\u00eancia de seus \u00f3rg\u00e3os e sobre a reestrutura\u00e7\u00e3o do Plano de Carreiras, de Cargos e Vencimentos dos Servidores da Autarquia e d\u00e1 outras provid\u00eancias\u201d, cujo prazo expira no dia 29 de novembro de 2019."}, {"id": "1401", "ano": "2019", "numero": "126", "tipo__sigla": "REQ", "tipo__descricao": "Requerimento", "autoria": "CFO - Comiss\u00e3o de Finan\u00e7as e Or\u00e7amento, CLJR - Comiss\u00e3o de Legisla\u00e7\u00e3o, Justi\u00e7a e Reda\u00e7\u00e3o, CSPPMUC - Comiss\u00e3o de Servi\u00e7os e Pol\u00edticas P\u00fablicas Municipais, Urbanismo e Cidadania", "texto_original": "http://sapl.piumhi.mg.leg.br/media/sapl/public/materialegislativa/2019/1401/requerimento_no_126-2019.pdf", "ementa": "A COMISS\u00c3O DE LEGISLA\u00c7\u00c3O, JUSTI\u00c7A E REDA\u00c7\u00c3O, COMISS\u00c3O PE FINAN\u00c7AS E OR\u00c7AMENTO e COMISS\u00c3O DE SERVI\u00c7OS E POL\u00cdTICAS P\u00daBLICAS MUNICIPAIS, URBANISMO E CIDADANIA, com fulcro no art. 49, \u00a7 3\u00ba, inciso II, do Regimento Interno, v\u00eam atrav\u00e9s deste, requerer de V. Exa que a an\u00e1lise e delibera\u00e7\u00e3o do Projeto de Lei n\u00b0 48/2019 de autoria do Chefe do Poder Executivo Municipal que \"Disp\u00f5e sobre a autoriza\u00e7\u00e3o do Poder Executivo a proceder \u00e0 desafeta\u00e7\u00e3o e doa\u00e7\u00e3o de \u00e1rea urbana de propriedade do Munic\u00edpio \u00e0 Igreja Evang\u00e9lica Crist\u00e3 Pentecostal e d\u00e1 outras provid\u00eancias\u201d, protocolizado nesta Casa Legislativa em 13 de novembro de 2019, ocorra de forma conjunta entre estas Comiss\u00f5es Permanentes."}, {"id": "1402", "ano": "2019", "numero": "127", "tipo__sigla": "REQ", "tipo__descricao": "Requerimento", "autoria": "CFO - Comiss\u00e3o de Finan\u00e7as e Or\u00e7amento, CLJR - Comiss\u00e3o de Legisla\u00e7\u00e3o, Justi\u00e7a e Reda\u00e7\u00e3o, CSPPMUC - Comiss\u00e3o de Servi\u00e7os e Pol\u00edticas P\u00fablicas Municipais, Urbanismo e Cidadania", "texto_original": "http://sapl.piumhi.mg.leg.br/media/sapl/public/materialegislativa/2019/1402/requerimento_no_127-2019.pdf", "ementa": "A COMISS\u00c3O DE LEGISLA\u00c7\u00c3O, JUSTI\u00c7A E REDA\u00c7\u00c3O, COMISS\u00c3O DE FINAN\u00c7AS E OR\u00c7AMENTO e COMISS\u00c3O DE SERVI\u00c7OS E POL\u00cdTICAS P\u00daBLICAS MUNICIPAIS, URBANISMO E CIDADANIA, com fulcro no art. 49, \u00a7 3\u00ba, inciso II, do Regimento Interno, v\u00eam atrav\u00e9s deste, requerer de V. Exa que a an\u00e1lise e delibera\u00e7\u00e3o do Projeto de Lei n\u00b0 49/2019 de autoria do Chefe do Poder Executivo Municipal que \u201cDisp\u00f5e sobre a autoriza\u00e7\u00e3o do Poder Executivo a proceder \u00e0 desafeta\u00e7\u00e3o e doa\u00e7\u00e3o de \u00e1rea urbana de propriedade do Munic\u00edpio \u00e0 Igreja do Evangelho Quadrangular e d\u00e1 outras provid\u00eancias\u201d, protocolizado nesta Casa Legislativa em 13 de novembro de 2019, ocorra de forma conjunta entre estas Comiss\u00f5es Permanentes."}, {"id": "1403", "ano": "2019", "numero": "128", "tipo__sigla": "REQ", "tipo__descricao": "Requerimento", "autoria": "CFO - Comiss\u00e3o de Finan\u00e7as e Or\u00e7amento, CLJR - Comiss\u00e3o de Legisla\u00e7\u00e3o, Justi\u00e7a e Reda\u00e7\u00e3o, CSPPMUC - Comiss\u00e3o de Servi\u00e7os e Pol\u00edticas P\u00fablicas Municipais, Urbanismo e Cidadania", "texto_original": "http://sapl.piumhi.mg.leg.br/media/sapl/public/materialegislativa/2019/1403/requerimento_no_128-2019.pdf", "ementa": "A COMISS\u00c3O DE LEGISLA\u00c7\u00c3O, JUSTI\u00c7A E REDA\u00c7\u00c3O. COMISS\u00c3O DE FINAN\u00c7AS E OR\u00c7AMENTO e COMISS\u00c3O DE SERVI\u00c7OS E POL\u00cdTICAS PUBLICAS MUNICIPAIS, URBANISMO E CIDADANIA, com fulcro no art. 49, \u00a7 3\u00ba, inciso II, do Regimento Interno, v\u00eam atrav\u00e9s deste, requerer de V. Exa que a an\u00e1lise e delibera\u00e7\u00e3o do Projeto de Lei n\u00b0 50/2019 de autoria do Chefe do Poder Executivo Municipal que \u201cDisp\u00f5e sobre a autoriza\u00e7\u00e3o do Poder Executivo a proceder \u00e0 desafeta\u00e7\u00e3o e a doa\u00e7\u00e3o de \u00e1rea urbana de propriedade do Munic\u00edpio \u00e0 Igreja Batista Vale de B\u00ean\u00e7\u00e3os e d\u00e1 outras provid\u00eancias'\u2019, protocolizado nesta Casa Legislativa em 13 de novembro de 2019, ocorra de forma conjunta entre estas Comiss\u00f5es Permanentes."}, {"id": "1404", "ano": "2019", "numero": "129", "tipo__sigla": "REQ", "tipo__descricao": "Requerimento", "autoria": "CFO - Comiss\u00e3o de Finan\u00e7as e Or\u00e7amento, CLJR - Comiss\u00e3o de Legisla\u00e7\u00e3o, Justi\u00e7a e Reda\u00e7\u00e3o, CSPPMUC - Comiss\u00e3o de Servi\u00e7os e Pol\u00edticas P\u00fablicas Municipais, Urbanismo e Cidadania", "texto_original": "http://sapl.piumhi.mg.leg.br/media/sapl/public/materialegislativa/2019/1404/requerimento_no_129-2019.pdf", "ementa": "A COMISS\u00c3O DE LEGISLA\u00c7\u00c3O, JUSTI\u00c7A E REDA\u00c7\u00c3O, COMISS\u00c3O DE FINAN\u00c7AS E OR\u00c7AMENTO e COMISS\u00c3O DE SERVI\u00c7OS E POL\u00cdTICAS P\u00daBLICAS MUNICIPAIS, URBANISMO E CIDADANIA, com fulcro no art. 49. \u00a7 3\u00ba, inciso II, do Regimento Interno, v\u00eam atrav\u00e9s deste, requerer de V. Exa que a an\u00e1lise e delibera\u00e7\u00e3o do Projeto de Lei n\u00b0 51/2019 de autoria do Chefe do Poder Executivo Municipal que \u201cDisp\u00f5e sobre a autoriza\u00e7\u00e3o do Poder Executivo a proceder \u00e0 desafeta\u00e7\u00e3o e a doa\u00e7\u00e3o de \u00e1rea urbana de propriedade do Munic\u00edpio \u00e0 Igreja Evang\u00e9lica Face a Face com Deus e d\u00e1 outras provid\u00eancias*\u2019, protocolizado nesta Casa Legislativa em 13 de novembro de 2019, ocorra de forma conjunta entre estas Comiss\u00f5es Permanentes."}, {"id": "1405", "ano": "2019", "numero": "130", "tipo__sigla": "REQ", "tipo__descricao": "Requerimento", "autoria": "CFO - Comiss\u00e3o de Finan\u00e7as e Or\u00e7amento, CLJR - Comiss\u00e3o de Legisla\u00e7\u00e3o, Justi\u00e7a e Reda\u00e7\u00e3o, CSPPMUC - Comiss\u00e3o de Servi\u00e7os e Pol\u00edticas P\u00fablicas Municipais, Urbanismo e Cidadania", "texto_original": "http://sapl.piumhi.mg.leg.br/media/sapl/public/materialegislativa/2019/1405/requerimento_no_130-2019.pdf", "ementa": "A COMISS\u00c3O DE LEGISLA\u00c7\u00c3O, JUSTI\u00c7A E REDA\u00c7\u00c3O, COMISS\u00c3O DE FINAN\u00c7AS E OR\u00c7AMENTO e COMISS\u00c3O DE SERVI\u00c7OS E POL\u00cdTICAS P\u00daBLICAS MUNICIPAIS, URBANISMO E CIDADANIA, com fulcro no art. 49. \u00a7 3\u00ba, inciso II, do Regimento Interno, v\u00eam atrav\u00e9s deste, requerer de V. Exa que a an\u00e1lise e delibera\u00e7\u00e3o do Projeto de Lei n\u00b0 52/2019 de autoria do Chefe do Poder Executivo Municipal que \u201cDisp\u00f5e sobre a autoriza\u00e7\u00e3o do Poder Executivo a proceder \u00e0 desafeta\u00e7\u00e3o e doa\u00e7\u00e3o de \u00e1rea urbana de propriedade do Munic\u00edpio \u00e0 Igreja Evang\u00e9lica Pentecostal Restaura Nossa Terra e d\u00e1 outras provid\u00eancias\u201d, protocolizado nesta Casa Legislativa em 13 de novembro de 2019, ocorra de forma conjunta entre estas Comiss\u00f5es Permanentes."}, {"id": "1406", "ano": "2019", "numero": "131", "tipo__sigla": "REQ", "tipo__descricao": "Requerimento", "autoria": "CFO - Comiss\u00e3o de Finan\u00e7as e Or\u00e7amento, CLJR - Comiss\u00e3o de Legisla\u00e7\u00e3o, Justi\u00e7a e Reda\u00e7\u00e3o, CSPPMUC - Comiss\u00e3o de Servi\u00e7os e Pol\u00edticas P\u00fablicas Municipais, Urbanismo e Cidadania", "texto_original": "http://sapl.piumhi.mg.leg.br/media/sapl/public/materialegislativa/2019/1406/requerimento_no_131-2019.pdf", "ementa": "A COMISS\u00c3O DE LEGISLA\u00c7\u00c3O, JUSTI\u00c7A E REDA\u00c7\u00c3O, COMISS\u00c3O DE FINAN\u00c7AS E OR\u00c7AMENTO e COMISS\u00c3O DE SERVI\u00c7OS E POL\u00cdTICAS P\u00daBLICAS MUNICIPAIS, URBANISMO E CIDADANIA, com fulcro no art. 49. \u00a7 3\u00ba, inciso II, do Regimento Interno, v\u00eam atrav\u00e9s deste, requerer de V. Exa que a an\u00e1lise e delibera\u00e7\u00e3o do Projeto de Lei n\u00b0 53/2019 de autoria do Chefe do Poder Executivo Municipal que \u2018\u2018Disp\u00f5e sobre a autoriza\u00e7\u00e3o do Poder Executivo a proceder \u00e0 desafeta\u00e7\u00e3o e doa\u00e7\u00e3o de \u00e1rea urbana de propriedade do Munic\u00edpio \u00e0 Igreja Pentecostal Cristo \u00e9 Vida e d\u00e1 outras provid\u00eancias\u201d, protocolizado nesta Casa Legislativa em 13 de novembro de 2019, ocorra de forma conjunta entre estas Comiss\u00f5es Permanentes."}, {"id": "1407", "ano": "2019", "numero": "132", "tipo__sigla": "REQ", "tipo__descricao": "Requerimento", "autoria": "CFO - Comiss\u00e3o de Finan\u00e7as e Or\u00e7amento, CLJR - Comiss\u00e3o de Legisla\u00e7\u00e3o, Justi\u00e7a e Reda\u00e7\u00e3o, CSPPMUC - Comiss\u00e3o de Servi\u00e7os e Pol\u00edticas P\u00fablicas Municipais, Urbanismo e Cidadania", "texto_original": "http://sapl.piumhi.mg.leg.br/media/sapl/public/materialegislativa/2019/1407/requerimento_no_132-2019.pdf", "ementa": "A COMISS\u00c3O DE LEGISLA\u00c7\u00c3O, JUSTI\u00c7A E REDA\u00c7\u00c3O, COMISS\u00c3O DE FINAN\u00c7AS E OR\u00c7AMENTO e COMISS\u00c3O DE SERVI\u00c7OS E POL\u00cdTICAS P\u00daBLICAS MUNICIPAIS, URBANISMO E CIDADANIA, com fulcro no art. 49. \u00a7 3\u00ba, inciso II, do Regimento Interno, v\u00eam atrav\u00e9s deste, requerer de V. Exa que a an\u00e1lise e delibera\u00e7\u00e3o do Projeto de Lei n\u00b0 54/2019 de autoria do Chefe do Poder Executivo Municipal que \u201cDisp\u00f5e sobre a autoriza\u00e7\u00e3o do Poder Executivo a proceder a desafeta\u00e7\u00e3o e doa\u00e7\u00e3o de \u00e1rea urbana de propriedade do Munic\u00edpio \u00e0 Conven\u00e7\u00e3o das Igrejas Evang\u00e9licas Pentecostais Q Brasil Para Cristo e d\u00e1 outras provid\u00eancias'\u2019, protocolizado nesta Casa Legislativa em 13 de novembro de 2019, ocorra de forma conjunta entre estas Comiss\u00f5es Permanentes."}, {"id": "1408", "ano": "2019", "numero": "133", "tipo__sigla": "REQ", "tipo__descricao": "Requerimento", "autoria": "CFO - Comiss\u00e3o de Finan\u00e7as e Or\u00e7amento, CLJR - Comiss\u00e3o de Legisla\u00e7\u00e3o, Justi\u00e7a e Reda\u00e7\u00e3o, CSPPMUC - Comiss\u00e3o de Servi\u00e7os e Pol\u00edticas P\u00fablicas Municipais, Urbanismo e Cidadania", "texto_original": "http://sapl.piumhi.mg.leg.br/media/sapl/public/materialegislativa/2019/1408/requerimento_no_133-2019...pdf", "ementa": "A COMISS\u00c3O DE LEGISLA\u00c7\u00c3O, JUSTI\u00c7A E REDA\u00c7\u00c3O, COMISS\u00c3O DE FINAN\u00c7AS E OR\u00c7AMENTO e COMISS\u00c3O DE SERVI\u00c7OS E POL\u00cdTICAS PUBLICAS MUNICIPAIS, URBANISMO E CIDADANIA, com fulcro no art. 49, \u00a7 3\u00ba, inciso II, do Regimento Interno, v\u00eam atrav\u00e9s deste, requerer de V. Exa que a an\u00e1lise e delibera\u00e7\u00e3o do Projeto de Lei n\u00b0 55/2019 de autoria do Chefe do Poder Executivo Municipal que \"Disp\u00f5e sobre a autoriza\u00e7\u00e3o do Poder Executivo a proceder a desafeta\u00e7\u00e3o e doa\u00e7\u00e3o de \u00e1rea urbana de propriedade do Munic\u00edpio \u00e0 Igreja Mundial do Poder de Deus e d\u00e1 outras provid\u00eancias\" protocolizado nesta Casa Legislativa em 13 de novembro de 2019, ocorra de forma conjunta entre estas Comiss\u00f5es Permanentes."}, {"id": "1409", "ano": "2019", "numero": "134", "tipo__sigla": "REQ", "tipo__descricao": "Requerimento", "autoria": "CFO - Comiss\u00e3o de Finan\u00e7as e Or\u00e7amento, CLJR - Comiss\u00e3o de Legisla\u00e7\u00e3o, Justi\u00e7a e Reda\u00e7\u00e3o, CSPPMUC - Comiss\u00e3o de Servi\u00e7os e Pol\u00edticas P\u00fablicas Municipais, Urbanismo e Cidadania", "texto_original": "http://sapl.piumhi.mg.leg.br/media/sapl/public/materialegislativa/2019/1409/requerimento_no_134-2019.pdf", "ementa": "A COMISS\u00c3O DE LEGISLA\u00c7\u00c3O, JUSTI\u00c7A E REDA\u00c7\u00c3O, COMISS\u00c3O DE FINAN\u00c7AS E OR\u00c7AMENTO e COMISS\u00c3O DE SERVI\u00c7OS E POL\u00cdTICAS\r\nP\u00daBLICAS MUNICIPAIS, URBANISMO E CIDADANIA, com fulcro no art. 49, \u00a7 3\u00ba, inciso II, do Regimento Interno, v\u00eam atrav\u00e9s deste, requerer de V. Exa que a an\u00e1lise e delibera\u00e7\u00e3o do Projeto de Lei n\u00b0 56/2019 que \u201cDisp\u00f5e sobre desafeta\u00e7\u00e3o e permuta de bem p\u00fablico e d\u00e1 outras provid\u00eancias\u201d, protocolizado nesta Casa Legislativa em 13 de novembro de 2019, ocorra de forma conjunta entre estas Comiss\u00f5es Permanentes."}, {"id": "1410", "ano": "2019", "numero": "135", "tipo__sigla": "REQ", "tipo__descricao": "Requerimento", "autoria": "CFO - Comiss\u00e3o de Finan\u00e7as e Or\u00e7amento, CLJR - Comiss\u00e3o de Legisla\u00e7\u00e3o, Justi\u00e7a e Reda\u00e7\u00e3o, CSPPMUC - Comiss\u00e3o de Servi\u00e7os e Pol\u00edticas P\u00fablicas Municipais, Urbanismo e Cidadania", "texto_original": "http://sapl.piumhi.mg.leg.br/media/sapl/public/materialegislativa/2019/1410/requerimento_no_135-2019.pdf", "ementa": "A COMISS\u00c3O DE LEGISLA\u00c7\u00c3O, JUSTI\u00c7A E REDA\u00c7\u00c3O, COMISS\u00c3O DE FINAN\u00c7AS E OR\u00c7AMENTO e COMISS\u00c3O DE SERVI\u00c7OS E POL\u00cdTICAS P\u00daBLICAS MUNICIPAIS, URBANISMO E CIDADANIA, com fulcro no art 49, \u00a7 3\u00ba, inciso II, do Regimento Interno, v\u00eam atrav\u00e9s deste, requerer de V. Exa que a an\u00e1lise e delibera\u00e7\u00e3o do Projeto de Lei n\u00b0 57/2019 de autoria do Chefe do Poder Executivo Municipal que \u201cDisp\u00f5e sobre o trabalho do menor aprendiz no \u00e2mbito da Administra\u00e7\u00e3o P\u00fablica Direta e Indireta do Munic\u00edpio de Piumhi-MG e d\u00e1 outras provid\u00eancias\u201d, protocolizado nesta Casa Legislativa em 14 de novembro de 2019, ocorra de forma conjunta entre estas Comiss\u00f5es Permanentes."}, {"id": "1411", "ano": "2019", "numero": "136", "tipo__sigla": "REQ", "tipo__descricao": "Requerimento", "autoria": "CFO - Comiss\u00e3o de Finan\u00e7as e Or\u00e7amento, CLJR - Comiss\u00e3o de Legisla\u00e7\u00e3o, Justi\u00e7a e Reda\u00e7\u00e3o", "texto_original": "http://sapl.piumhi.mg.leg.br/media/sapl/public/materialegislativa/2019/1411/requerimento_no_136-2019.pdf", "ementa": "A COMISS\u00c3O DE LEGISLA\u00c7\u00c3O, JUSTI\u00c7A E REDA\u00c7\u00c3O e COMISS\u00c3O DE FINAN\u00c7AS E OR\u00c7AMENTO, com fulcro no art. 49, \u00a7 3\u00ba, inciso II, do Regimento Interno, v\u00eam atrav\u00e9s deste, requerer de V. Exa que a an\u00e1lise e delibera\u00e7\u00e3o do Projeto Resolu\u00e7\u00e3o n\u00ba 06/2019 de autoria da Mesa Diretora do Poder Legislativo de Piumhi que \u201cAutoriza o pagamento de subs\u00eddios dos Vereadores, vencimentos dos Servidores e demais despesas de manuten\u00e7\u00e3o at\u00e9 o dia 20/12/2019 e d\u00e1 outras provid\u00eancias\u201d, protocolizado nesta Casa Legislativa em 14 de novembro de 2019, ocorra de forma conjunta entre estas Comiss\u00f5es Permanentes."}, {"id": "1356", "ano": "2019", "numero": "137", "tipo__sigla": "REQ", "tipo__descricao": "Requerimento", "autoria": "CLJR - Comiss\u00e3o de Legisla\u00e7\u00e3o, Justi\u00e7a e Reda\u00e7\u00e3o", "texto_original": "http://sapl.piumhi.mg.leg.br/media/sapl/public/materialegislativa/2019/1356/requerimento_no_137-2019.pdf", "ementa": "A COMISS\u00c3O DE LEGISLA\u00c7\u00c3O, JUSTI\u00c7A E REDA\u00c7\u00c3O, COMISS\u00c3O DE FINAN\u00c7AS E OR\u00c7AMENTO e COMISS\u00c3O DE SERVI\u00c7OS E POL\u00cdTICAS P\u00daBLICAS MUNICIPAIS, URBANISMO E CIDADANIA. com fulcro nos \u00a7\u00a7 Io estabelecidos nas Portarias n\u00b0s 08, 09 e 10/2019, v\u00eam atrav\u00e9s deste, requerer de V. Exa que o hor\u00e1rio da reuni\u00e3o ordin\u00e1ria conjunta dessas comiss\u00f5es, a ser realizada no dia 27/11/2019 seja alterada para as 15:30."}, {"id": "1362", "ano": "2019", "numero": "138", "tipo__sigla": "REQ", "tipo__descricao": "Requerimento", "autoria": "CFO - Comiss\u00e3o de Finan\u00e7as e Or\u00e7amento, CLJR - Comiss\u00e3o de Legisla\u00e7\u00e3o, Justi\u00e7a e Reda\u00e7\u00e3o, CSPPMUC - Comiss\u00e3o de Servi\u00e7os e Pol\u00edticas P\u00fablicas Municipais, Urbanismo e Cidadania", "texto_original": "http://sapl.piumhi.mg.leg.br/media/sapl/public/materialegislativa/2019/1362/requerimento_no_138-2019.pdf", "ementa": "Os Membros da Comiss\u00e3o de Legisla\u00e7\u00e3o, Justi\u00e7a e Reda\u00e7\u00e3o, Comiss\u00e3o de Finan\u00e7as e Or\u00e7amento e Comiss\u00e3o de Servi\u00e7os e Pol\u00edticas P\u00fablicas Municipais, Urbanismo e Cidadania, que abaixo subscrevem, v\u00eam atrav\u00e9s do presente requerer de V. Exa, em conformidade o art. 144. \u00a7 I\u00ba, II c/c art. 164, \u00a7 2\u00ba, do Regimento Interno desta egr\u00e9gia Casa, a inclus\u00e3o em REGIME DE URG\u00caNCIA ESPECIAL do Projeto de Lei n\u00b0 45/2019 de autoria do Chefe do Poder Executivo Municipal que \u201cAutoriza o Poder Executivo Municipal a conceder a t\u00edtulo oneroso ou gratuito, a pessoas f\u00edsicas ou jur\u00eddicas, o uso e ocupa\u00e7\u00e3o de bens municipais para fins de realiza\u00e7\u00e3o de eventos e/ou explora\u00e7\u00e3o econ\u00f4mica, mediante os instrumentos da permiss\u00e3o e concess\u00e3o e d\u00e1 outras provid\u00eancias\u2019'. A urg\u00eancia da delibera\u00e7\u00e3o do Projeto de Lei em \u00fanica discuss\u00e3o e vota\u00e7\u00e3o na 42\u00aa Sess\u00e3o Ordin\u00e1ria a ser realizada no dia 02 de dezembro de 2019 (segunda-feira) faz-se necess\u00e1ria, tendo em vista o cumprimento da pauta do legislativo, considerando..."}, {"id": "1363", "ano": "2019", "numero": "139", "tipo__sigla": "REQ", "tipo__descricao": "Requerimento", "autoria": "CFO - Comiss\u00e3o de Finan\u00e7as e Or\u00e7amento, CLJR - Comiss\u00e3o de Legisla\u00e7\u00e3o, Justi\u00e7a e Reda\u00e7\u00e3o, CSPPMUC - Comiss\u00e3o de Servi\u00e7os e Pol\u00edticas P\u00fablicas Municipais, Urbanismo e Cidadania", "texto_original": "http://sapl.piumhi.mg.leg.br/media/sapl/public/materialegislativa/2019/1363/requerimento_no_139-2019.pdf", "ementa": "Os Membros da Comiss\u00e3o de Legisla\u00e7\u00e3o, Justi\u00e7a e Reda\u00e7\u00e3o, Comiss\u00e3o de Finan\u00e7as e Or\u00e7amento e Comiss\u00e3o de Servi\u00e7os e Pol\u00edticas P\u00fablicas Municipais, Urbanismo e Cidadania. Que abaixo subscrevem, v\u00eam atrav\u00e9s do presente requerer de V. Exa, em conformidade o art. 144. \u00a7 I\u00ba, II c/c art. 164, \u00a7 2\u00ba, do Regimento Interno desta egr\u00e9gia Casa, a inclus\u00e3o em REGIME DE URG\u00caNCIA ESPECIAL do Projeto de Lei n\u00b0 57/2019 de autoria do Chefe do Poder Executivo Municipal que \"Disp\u00f5e sobre o trabalho do menor aprendiz no \u00e2mbito da Administra\u00e7\u00e3o P\u00fablica Direta e Indireta do Munic\u00edpio de Piumhi-MG e d\u00e1 outras provid\u00eancias\u201d. A urg\u00eancia da delibera\u00e7\u00e3o do Projeto de Lei em \u00fanica discuss\u00e3o e vota\u00e7\u00e3o na 42\u00aa Sess\u00e3o Ordin\u00e1ria a ser realizada no dia 02 de dezembro de 2019 (segunda-feira) faz-se necess\u00e1ria, tendo em vista que o senhor Prefeito Municipal requereu, em conformidade com o art. 40 da Lei Org\u00e2nica Municipal c/c arts. 127 e 167 do Regimento Interno do Poder Legislativo de Piumhi-MG, a aprecia\u00e7\u00e3o do projeto..."}, {"id": "1364", "ano": "2019", "numero": "140", "tipo__sigla": "REQ", "tipo__descricao": "Requerimento", "autoria": "CFO - Comiss\u00e3o de Finan\u00e7as e Or\u00e7amento, CLJR - Comiss\u00e3o de Legisla\u00e7\u00e3o, Justi\u00e7a e Reda\u00e7\u00e3o", "texto_original": "http://sapl.piumhi.mg.leg.br/media/sapl/public/materialegislativa/2019/1364/requerimento_no_140-2019.pdf", "ementa": "Os Membros da Comiss\u00e3o de Legisla\u00e7\u00e3o, Justi\u00e7a e Reda\u00e7\u00e3o e Comiss\u00e3o de Finan\u00e7as e Or\u00e7amento, que abaixo subscrevem, v\u00eam atrav\u00e9s do presente requerer de V. Exa. em conformidade o art. 144, \u00a7 I\u00ba, III c/c art. 164, \u00a7 2\u00ba, do Regimento Interno desta egr\u00e9gia Casa, a inclus\u00e3o em REGIME DE URG\u00caNCIA ESPECIAL do Projeto de Resolu\u00e7\u00e3o n\u00b0 06, de 14 de novembro de 2019 de autoria da Mesa Diretora do Poder Legislativo de Piumhi que \u201cAutoriza o pagamento de subs\u00eddios dos vereadores, vencimentos dos servidores e demais despesas de manuten\u00e7\u00e3o at\u00e9 dia 20/12/2019 e d\u00e1 outras provid\u00eancias\u201d.\r\nA urg\u00eancia da delibera\u00e7\u00e3o do Projeto de Resolu\u00e7\u00e3o em \u00fanica discuss\u00e3o e vota\u00e7\u00e3o na 42\u00aa Sess\u00e3o Ordin\u00e1ria a ser realizada no dia 02 de dezembro de 2019 (segunda-feira) faz-se necess\u00e1ria, tendo em vista o cumprimento da pauta do legislativo, considerando o encerramento da 3\u00aa Sess\u00e3o Legislativa Ordin\u00e1ria, prevista o dia 15 de dezembro de 2019..."}, {"id": "1361", "ano": "2019", "numero": "141", "tipo__sigla": "REQ", "tipo__descricao": "Requerimento", "autoria": "Mesa Diretora - MD", "texto_original": "http://sapl.piumhi.mg.leg.br/media/sapl/public/materialegislativa/2019/1361/requerimento_no_141-2019.pdf", "ementa": "A MESA DIRETORA DO PODER LEGISLATIVO DE PlUMHI, no uso de suas atribui\u00e7\u00f5es contidas do Regimento Interno desta Casa Legislativa, vem atrav\u00e9s deste, em conformidade o art. 144, \u00a7 I\u00ba, III c/c art. 164, \u00a7 2\u00ba, do Regimento Interno desta egr\u00e9gia Casa, requerer de V. Exa a inclus\u00e3o em REGIME DE URG\u00caNCIA ESPECIAL do PROJETO DE RESOLU\u00c7\u00c3O N\u00b0 07, DE 28 DE NOVEMBRO DE 2019 que \u201cDisp\u00f5e sobre a aprova\u00e7\u00e3o do Parecer Pr\u00e9vio, processo n\u00b0 958815, em apenso: Pedido de Reexame n\u00b0 1007832, do Tribunal de Contas do Estado de Minas Gerais, relativamente \u00e0s Contas do Executivo Municipal do exerc\u00edcio de 2014 e d\u00e1 outras provid\u00eancias\u201d. A urg\u00eancia da delibera\u00e7\u00e3o do Projeto em \u00fanica discuss\u00e3o e vota\u00e7\u00e3o na 9\u00aa Sess\u00e3o Extraordin\u00e1ria a ser realizada no dia 02 de dezembro de 2019 se faz necess\u00e1ria, tendo em vista que a Portaria n\u00b0 035/2019 publicada em 11 de novembro de 2019, designou a data do julgamento da Presta\u00e7\u00e3o de Contas do Munic\u00edpio, exerc\u00edcio 2014, para o dia 02/12/2019 (segunda-feira) \u00e0s 20h30, em Sess\u00e3o..."}, {"id": "1417", "ano": "2019", "numero": "142", "tipo__sigla": "REQ", "tipo__descricao": "Requerimento", "autoria": "CLJR - Comiss\u00e3o de Legisla\u00e7\u00e3o, Justi\u00e7a e Reda\u00e7\u00e3o, CSPPMUC - Comiss\u00e3o de Servi\u00e7os e Pol\u00edticas P\u00fablicas Municipais, Urbanismo e Cidadania", "texto_original": "http://sapl.piumhi.mg.leg.br/media/sapl/public/materialegislativa/2019/1417/requerimento_no_142-2019.pdf", "ementa": "A COMISS\u00c3O DE LEGISLA\u00c7\u00c3O, JUSTI\u00c7A E REDA\u00c7\u00c3O e COMISS\u00c3O DE SERVI\u00c7OS E POL\u00cdTICAS P\u00daBLICAS, MUNICIPAIS, URBANISMO E CIDADANIA, com fulcro no art. 49, \u00a7 3\u00ba, inciso II, do Regimento Interno, v\u00eam atrav\u00e9s deste, requerer de V. Exa que a an\u00e1lise e delibera\u00e7\u00e3o do Projeto de Lei n\u00b0 58/2019 de autoria do Vereador/Presidente Ant\u00f4nio Ast\u00e9sio Tavares que \u201cD\u00e1 nome de Bairro Morada P\u00e9 da Serra ao Chacreamento \u2018Morada P\u00e9 da Serra' e d\u00e1 outras provid\u00eancias'\u2019, protocolizado nesta Casa Legislativa em 18 de novembro de 2019, ocorra de forma conjunta entre estas Comiss\u00f5es Permanentes."}, {"id": "1418", "ano": "2019", "numero": "143", "tipo__sigla": "REQ", "tipo__descricao": "Requerimento", "autoria": "CLJR - Comiss\u00e3o de Legisla\u00e7\u00e3o, Justi\u00e7a e Reda\u00e7\u00e3o, CSPPMUC - Comiss\u00e3o de Servi\u00e7os e Pol\u00edticas P\u00fablicas Municipais, Urbanismo e Cidadania", "texto_original": "http://sapl.piumhi.mg.leg.br/media/sapl/public/materialegislativa/2019/1418/requerimento_no_143-2019.pdf", "ementa": "A COMISS\u00c3O DE LEGISLA\u00c7\u00c3O, JUSTI\u00c7A E REDA\u00c7\u00c3O E COMISS\u00c3O DE SERVI\u00c7OS E POL\u00cdTICAS P\u00daBLICAS, MUNICIPAIS, URBANISMO E CIDADANIA, com fulcro no art. 49, \u00a7 3\u00ba, inciso II, do Regimento Interno, v\u00eam atrav\u00e9s deste, requerer de V. Exa que a an\u00e1lise e delibera\u00e7\u00e3o do Projeto de Lei n\u00b0 59/2019 de autoria do Vereador Jos\u00e9 Seabra de Oliveira que \u2018\"D\u00e1 nome de Mois\u00e9s Soares de Oliveira \u00e0 Rua A do Bairro Nova Piumhi, no Munic\u00edpio de Piumhi- MG, e d\u00e1 outras provid\u00eancias\", protocolizado nesta Casa Legislativa em 18 de novembro de 2019, ocorra de forma conjunta entre estas Comiss\u00f5es Permanentes."}, {"id": "1419", "ano": "2019", "numero": "144", "tipo__sigla": "REQ", "tipo__descricao": "Requerimento", "autoria": "CLJR - Comiss\u00e3o de Legisla\u00e7\u00e3o, Justi\u00e7a e Reda\u00e7\u00e3o, CSPPMUC - Comiss\u00e3o de Servi\u00e7os e Pol\u00edticas P\u00fablicas Municipais, Urbanismo e Cidadania", "texto_original": "http://sapl.piumhi.mg.leg.br/media/sapl/public/materialegislativa/2019/1419/requerimento_no_144-2019.pdf", "ementa": "A COMISS\u00c3O DE LEGISLA\u00c7\u00c3O, JUSTI\u00c7A E REDA\u00c7\u00c3O, COMISS\u00c3O DE FINAN\u00c7AS E OR\u00c7AMENTO e COMISS\u00c3O DE SERVI\u00c7OS E POL\u00cdTICAS P\u00daBLICAS, MUNICIPAIS, URBANISMO E CIDADANIA. com fulcro no art. 49, \u00a7 3\u00ba, inciso II, do Regimento Interno, v\u00eam atrav\u00e9s deste, requerer de V. Exa que a an\u00e1lise e delibera\u00e7\u00e3o do Projeto de Lei n\u00b0 61/2019 de autoria do Chefe do Poder Executivo Municipal que \u201cRegulamenta a concess\u00e3o de hor\u00e1rio especial de trabalho ao servidor p\u00fablico com dependente portador de defici\u00eancia, no \u00e2mbito do Munic\u00edpio de Piumhi-MG e d\u00e1 outras provid\u00eancias\u201d, protocolizado nesta Casa Legislativa em 18 de novembro de 2019, ocorra de forma conjunta entre estas Comiss\u00f5es Permanentes."}, {"id": "2549", "ano": "2019", "numero": "145", "tipo__sigla": "REQ", "tipo__descricao": "Requerimento", "autoria": "CFO - Comiss\u00e3o de Finan\u00e7as e Or\u00e7amento, CLJR - Comiss\u00e3o de Legisla\u00e7\u00e3o, Justi\u00e7a e Reda\u00e7\u00e3o", "texto_original": "http://sapl.piumhi.mg.leg.br/media/sapl/public/materialegislativa/2019/2549/requerimento_no_145-2019.pdf", "ementa": "A COMISS\u00c3O DE LEGISLA\u00c7\u00c3O, JUSTI\u00c7A E REDA\u00c7\u00c3O E COMISS\u00c3O DE FINAN\u00c7AS E OR\u00c7AMENTO, com fulcro no art. 49, \u00a7 3\u00ba, inciso II, do Regimento Interno, v\u00eam atrav\u00e9s deste, requerer de V. Exa que a an\u00e1lise e delibera\u00e7\u00e3o do Projeto de Lei n\u00b0 60/2019 de autoria do Chefe do Poder Executivo Municipal que \u201cAltera o anexo I da Lei n\u00b0 2.314/2017, modificada pela Lei 2.353/2018. que \u201cDisp\u00f5e sobre o pagamento de di\u00e1rias de viagem a agentes pol\u00edticos e servidores municipais e d\u00e1 outras provid\u00eancias\", protocolizado nesta Casa Legislativa em 18 de novembro de 2019, ocorra de forma conjunta entre estas Comiss\u00f5es Permanentes."}, {"id": "2555", "ano": "2019", "numero": "146", "tipo__sigla": "REQ", "tipo__descricao": "Requerimento", "autoria": "CLJR - Comiss\u00e3o de Legisla\u00e7\u00e3o, Justi\u00e7a e Reda\u00e7\u00e3o", "texto_original": "http://sapl.piumhi.mg.leg.br/media/sapl/public/materialegislativa/2019/2555/requerimento_no_146-2019.pdf", "ementa": "A COMISS\u00c3O DE LEGISLA\u00c7\u00c3O, JUSTI\u00c7A E REDA\u00c7\u00c3O, COMISS\u00c3O DE FINAN\u00c7AS E OR\u00c7AMENTO e COMISS\u00c3O DE SERVI\u00c7OS E POL\u00cdTICAS P\u00daBLICAS, MUNICIPAIS, URBANISMO E CIDADANIA. com fulcro no art. 49, \u00a7 3\u00ba, inciso II, do Regimento Interno, v\u00eam atrav\u00e9s deste, requerer de V. Exa que a an\u00e1lise e delibera\u00e7\u00e3o do Projeto de Lei n\u00b0 62/2019 de autoria da Mesa Diretora do Poder Legislativo de Piumhi e do Vereador Jos\u00e9 Welington da Silva que \u201cDisp\u00f5e sobre a cria\u00e7\u00e3o de Cart\u00e3o Alimenta\u00e7\u00e3o aos servidores p\u00fablicos da C\u00e2mara Municipal de Piumhi/MG, e d\u00e1 outras provid\u00eancias\u201d, protocolizado nesta Casa Legislativa em 22 de novembro de 2019, ocorra de forma conjunta entre estas Comiss\u00f5es Permanentes."}, {"id": "2557", "ano": "2019", "numero": "147", "tipo__sigla": "REQ", "tipo__descricao": "Requerimento", "autoria": "CFO - Comiss\u00e3o de Finan\u00e7as e Or\u00e7amento, CLJR - Comiss\u00e3o de Legisla\u00e7\u00e3o, Justi\u00e7a e Reda\u00e7\u00e3o, CSPPMUC - Comiss\u00e3o de Servi\u00e7os e Pol\u00edticas P\u00fablicas Municipais, Urbanismo e Cidadania", "texto_original": "http://sapl.piumhi.mg.leg.br/media/sapl/public/materialegislativa/2019/2557/requerimento_no_147-2019.pdf", "ementa": "A COMISS\u00c3O DE LEGISLA\u00c7\u00c3O, JUSTI\u00c7A E REDA\u00c7\u00c3O, COMISS\u00c3O DE FINAN\u00c7AS E OR\u00c7AMENTO e COMISS\u00c3O DE SERVI\u00c7OS E POL\u00cdTICAS P\u00daBLICAS, MUNICIPAIS, URBANISMO E CIDADANIA, com fulcro no art. 49, \u00a7 3\u00ba, inciso II, do Regimento Interno, v\u00eam atrav\u00e9s deste, requerer de V. Exa que a an\u00e1lise e delibera\u00e7\u00e3o do Projeto de Lei n\u00b0 63/2019 de autoria do Chefe do Poder Executivo Municipal que \u201cDisp\u00f5e sobre cria\u00e7\u00e3o e denomina\u00e7\u00e3o do Centro Municipal de Educa\u00e7\u00e3o Infantil Andr\u00e9 Mour\u00e3o e d\u00e1 outras provid\u00eancias\u201d, protocolizado nesta Casa Legislativa em 22 de novembro de 2019, ocorra de forma conjunta entre estas Comiss\u00f5es Permanentes."}, {"id": "1374", "ano": "2019", "numero": "148", "tipo__sigla": "REQ", "tipo__descricao": "Requerimento", "autoria": "CFO - Comiss\u00e3o de Finan\u00e7as e Or\u00e7amento, CLJR - Comiss\u00e3o de Legisla\u00e7\u00e3o, Justi\u00e7a e Reda\u00e7\u00e3o, CSPPMUC - Comiss\u00e3o de Servi\u00e7os e Pol\u00edticas P\u00fablicas Municipais, Urbanismo e Cidadania", "texto_original": "http://sapl.piumhi.mg.leg.br/media/sapl/public/materialegislativa/2019/1374/requerimento_no_148-2019.pdf", "ementa": "Os Membros da Comiss\u00e3o de Legisla\u00e7\u00e3o, Justi\u00e7a e Reda\u00e7\u00e3o, Comiss\u00e3o de Finan\u00e7as e Or\u00e7amento e Comiss\u00e3o de Servi\u00e7os e Pol\u00edticas P\u00fablicas Municipais, Urbanismo e Cidadania, que abaixo subscrevem, v\u00eam atrav\u00e9s do presente requerer de V. Exa, em conformidade o art. 144, \u00a7 1\u00ba, II c/c art. 164, \u00a7 2\u00ba, do Regimento Interno desta egr\u00e9gia Casa, a inclus\u00e3o em REGIME DE URG\u00caNCIA ESPECIAL do Projeto de Lei n\u00ba 48/2019 de autoria do Chefe do Poder Executivo Municipal que \u201cDisp\u00f5e sobre a autoriza\u00e7\u00e3o do Poder Executivo a proceder \u00e0 desafeta\u00e7\u00e3o e doa\u00e7\u00e3o de \u00e1rea urbana de propriedade do Munic\u00edpio \u00e0 Igreja Evang\u00e9lica Crist\u00e3 Pentecostal e d\u00e1 outras provid\u00eancias\u201d."}, {"id": "1375", "ano": "2019", "numero": "149", "tipo__sigla": "REQ", "tipo__descricao": "Requerimento", "autoria": "CFO - Comiss\u00e3o de Finan\u00e7as e Or\u00e7amento, CLJR - Comiss\u00e3o de Legisla\u00e7\u00e3o, Justi\u00e7a e Reda\u00e7\u00e3o, CSPPMUC - Comiss\u00e3o de Servi\u00e7os e Pol\u00edticas P\u00fablicas Municipais, Urbanismo e Cidadania", "texto_original": "http://sapl.piumhi.mg.leg.br/media/sapl/public/materialegislativa/2019/1375/requerimento_no_149-2019.pdf", "ementa": "Os Membros da Comiss\u00e3o de Legisla\u00e7\u00e3o, Justi\u00e7a e Reda\u00e7\u00e3o, Comiss\u00e3o de Finan\u00e7as e Or\u00e7amento e Comiss\u00e3o de Servi\u00e7os e Pol\u00edticas P\u00fablicas Municipais, Urbanismo e Cidadania, que abaixo subscrevem, v\u00eam atrav\u00e9s do presente requerer de V. Exa, em conformidade o art. 144, \u00a7 1\u00ba, II c/c art. 164, \u00a7 2\u00ba, do Regimento Interno desta egr\u00e9gia Casa, a inclus\u00e3o em REGIME DE URG\u00caNCIA ESPECIAL do Projeto de Lei n\u00ba 49/2019 de autoria do Chefe do Poder Executivo Municipal que \u201cDisp\u00f5e sobre a autoriza\u00e7\u00e3o do Poder Executivo a proceder \u00e0 desafeta\u00e7\u00e3o e doa\u00e7\u00e3o de \u00e1rea urbana de propriedade do Munic\u00edpio \u00e0 Igreja do Evangelho Quadrangular e d\u00e1 outras provid\u00eancias\u201d."}, {"id": "1376", "ano": "2019", "numero": "150", "tipo__sigla": "REQ", "tipo__descricao": "Requerimento", "autoria": "CFO - Comiss\u00e3o de Finan\u00e7as e Or\u00e7amento, CLJR - Comiss\u00e3o de Legisla\u00e7\u00e3o, Justi\u00e7a e Reda\u00e7\u00e3o, CSPPMUC - Comiss\u00e3o de Servi\u00e7os e Pol\u00edticas P\u00fablicas Municipais, Urbanismo e Cidadania", "texto_original": "http://sapl.piumhi.mg.leg.br/media/sapl/public/materialegislativa/2019/1376/requerimento_no_150-2019.pdf", "ementa": "Os Membros da Comiss\u00e3o de Legisla\u00e7\u00e3o, Justi\u00e7a e Reda\u00e7\u00e3o, Comiss\u00e3o de Finan\u00e7as e Or\u00e7amento e Comiss\u00e3o de Servi\u00e7os e Pol\u00edticas P\u00fablicas Municipais, Urbanismo e Cidadania, que abaixo subscrevem, v\u00eam atrav\u00e9s do presente requerer de V. Exa, em conformidade o art. 144, \u00a7 1\u00ba, II c/c art. 164, \u00a7 2\u00ba, do Regimento Interno desta egr\u00e9gia Casa, a inclus\u00e3o em REGIME DE URG\u00caNCIA ESPECIAL do Projeto de Lei n\u00ba 50/2019 de autoria do Chefe do Poder Executivo Municipal que \u201cDisp\u00f5e sobre a autoriza\u00e7\u00e3o do Poder Executivo a proceder  \u00e0 desafeta\u00e7\u00e3o e a doa\u00e7\u00e3o de \u00e1rea urbana de propriedade do Munic\u00edpio \u00e0 Igreja Batista Vale das Ben\u00e7\u00e3os e d\u00e1 outras provid\u00eancias\u201d."}, {"id": "1377", "ano": "2019", "numero": "151", "tipo__sigla": "REQ", "tipo__descricao": "Requerimento", "autoria": "CLJR - Comiss\u00e3o de Legisla\u00e7\u00e3o, Justi\u00e7a e Reda\u00e7\u00e3o", "texto_original": "http://sapl.piumhi.mg.leg.br/media/sapl/public/materialegislativa/2019/1377/requerimento_no_151-2019.pdf", "ementa": "Os Membros da Comiss\u00e3o de Legisla\u00e7\u00e3o, Justi\u00e7a e Reda\u00e7\u00e3o, Comiss\u00e3o de Finan\u00e7as e Or\u00e7amento e Comiss\u00e3o de Servi\u00e7os e Pol\u00edticas P\u00fablicas Municipais, Urbanismo e Cidadania, que abaixo subscrevem, v\u00eam atrav\u00e9s do presente requerer de V. Exa, em conformidade o art. 144, \u00a7 1\u00ba, II c/c art. 164, \u00a7 2\u00ba, do Regimento Interno desta egr\u00e9gia Casa, a inclus\u00e3o em REGIME DE URG\u00caNCIA ESPECIAL do Projeto de Lei n\u00ba 51/2019 de autoria do Chefe do Poder Executivo Municipal que \u201cDisp\u00f5e sobre a autoriza\u00e7\u00e3o do Poder Executivo a proceder  \u00e0 desafeta\u00e7\u00e3o e a doa\u00e7\u00e3o de \u00e1rea urbana de propriedade do Munic\u00edpio \u00e0 Igreja Evang\u00e9lica Face a Face com Deus e d\u00e1 outras provid\u00eancias."}, {"id": "1378", "ano": "2019", "numero": "152", "tipo__sigla": "REQ", "tipo__descricao": "Requerimento", "autoria": "CLJR - Comiss\u00e3o de Legisla\u00e7\u00e3o, Justi\u00e7a e Reda\u00e7\u00e3o", "texto_original": "http://sapl.piumhi.mg.leg.br/media/sapl/public/materialegislativa/2019/1378/requerimento_no_152-2019.pdf", "ementa": "Os Membros da Comiss\u00e3o de Legisla\u00e7\u00e3o, Justi\u00e7a e Reda\u00e7\u00e3o, Comiss\u00e3o de Finan\u00e7as e Or\u00e7amento e Comiss\u00e3o de Servi\u00e7os e Pol\u00edticas P\u00fablicas Municipais, Urbanismo e Cidadania, que abaixo subscrevem, v\u00eam atrav\u00e9s do presente requerer de V. Exa, em conformidade o art. 144, \u00a7 1\u00ba, II c/c art. 164, \u00a7 2\u00ba, do Regimento Interno desta egr\u00e9gia Casa, a inclus\u00e3o em REGIME DE URG\u00caNCIA ESPECIAL do Projeto de Lei n\u00ba 52/2019 de autoria do Chefe do Poder Executivo Municipal que \u201cDisp\u00f5e sobre a autoriza\u00e7\u00e3o do Poder Executivo a proceder \u00e0 desafeta\u00e7\u00e3o e doa\u00e7\u00e3o de \u00e1rea urbana de propriedade do Munic\u00edpio \u00e0 Igreja Evang\u00e9lica Pentecostal Restaura Nossa Terra e d\u00e1 outras provid\u00eancias\u201d."}, {"id": "1379", "ano": "2019", "numero": "153", "tipo__sigla": "REQ", "tipo__descricao": "Requerimento", "autoria": "CLJR - Comiss\u00e3o de Legisla\u00e7\u00e3o, Justi\u00e7a e Reda\u00e7\u00e3o", "texto_original": "http://sapl.piumhi.mg.leg.br/media/sapl/public/materialegislativa/2019/1379/requerimento_no_153-2019.pdf", "ementa": "Os Membros da Comiss\u00e3o de Legisla\u00e7\u00e3o, Justi\u00e7a e Reda\u00e7\u00e3o, Comiss\u00e3o de Finan\u00e7as e Or\u00e7amento e Comiss\u00e3o de Servi\u00e7os e Pol\u00edticas P\u00fablicas Municipais, Urbanismo e Cidadania, que abaixo subscrevem, v\u00eam atrav\u00e9s do presente requerer de V. Exa, em conformidade o art. 144, \u00a7 1\u00ba, II c/c art. 164, \u00a7 2\u00ba, do Regimento Interno desta egr\u00e9gia Casa, a inclus\u00e3o em REGIME DE URG\u00caNCIA ESPECIAL do Projeto de Lei n\u00ba 53/2019 de autoria do Chefe do Poder Executivo Municipal que \u201cDisp\u00f5e sobre a autoriza\u00e7\u00e3o do Poder Executivo a proceder \u00e0 desafeta\u00e7\u00e3o e doa\u00e7\u00e3o de \u00e1rea urbana de propriedade do Munic\u00edpio \u00e0 Igreja Pentecostal Cristo \u00e9 Vida e d\u00e1 outras provid\u00eancias\u201d."}, {"id": "1380", "ano": "2019", "numero": "154", "tipo__sigla": "REQ", "tipo__descricao": "Requerimento", "autoria": "CFO - Comiss\u00e3o de Finan\u00e7as e Or\u00e7amento, CLJR - Comiss\u00e3o de Legisla\u00e7\u00e3o, Justi\u00e7a e Reda\u00e7\u00e3o, CSPPMUC - Comiss\u00e3o de Servi\u00e7os e Pol\u00edticas P\u00fablicas Municipais, Urbanismo e Cidadania", "texto_original": "http://sapl.piumhi.mg.leg.br/media/sapl/public/materialegislativa/2019/1380/requerimento_no_154-2019.pdf", "ementa": "Os Membros da Comiss\u00e3o de Legisla\u00e7\u00e3o, Justi\u00e7a e Reda\u00e7\u00e3o, Comiss\u00e3o de Finan\u00e7as e Or\u00e7amento e Comiss\u00e3o de Servi\u00e7os e Pol\u00edticas P\u00fablicas Municipais, Urbanismo e Cidadania, que abaixo subscrevem, v\u00eam atrav\u00e9s do presente requerer de V. Exa, em conformidade o art. 144, \u00a7 1\u00ba, II c/c art. 164, \u00a7 2\u00ba, do Regimento Interno desta egr\u00e9gia Casa, a inclus\u00e3o em REGIME DE URG\u00caNCIA ESPECIAL do Projeto de Lei n\u00ba 54/2019 de autoria do Chefe do Poder Executivo Municipal que \u201cDisp\u00f5e sobre a autoriza\u00e7\u00e3o do Poder Executivo a proceder a desafeta\u00e7\u00e3o e doa\u00e7\u00e3o de \u00e1rea urbana de propriedade do Munic\u00edpio \u00e0 Conven\u00e7\u00e3o das Igrejas Evang\u00e9licas Pentecostais O Brasil para Cristo e d\u00e1 outras provid\u00eancias\u201d."}, {"id": "1381", "ano": "2019", "numero": "155", "tipo__sigla": "REQ", "tipo__descricao": "Requerimento", "autoria": "CFO - Comiss\u00e3o de Finan\u00e7as e Or\u00e7amento, CLJR - Comiss\u00e3o de Legisla\u00e7\u00e3o, Justi\u00e7a e Reda\u00e7\u00e3o, CSPPMUC - Comiss\u00e3o de Servi\u00e7os e Pol\u00edticas P\u00fablicas Municipais, Urbanismo e Cidadania", "texto_original": "http://sapl.piumhi.mg.leg.br/media/sapl/public/materialegislativa/2019/1381/requerimento_no_155-2019.pdf", "ementa": "Os Membros da Comiss\u00e3o de Legisla\u00e7\u00e3o, Justi\u00e7a e Reda\u00e7\u00e3o, Comiss\u00e3o de Finan\u00e7as e Or\u00e7amento e Comiss\u00e3o de Servi\u00e7os e Pol\u00edticas P\u00fablicas Municipais, Urbanismo e Cidadania, que abaixo subscrevem, v\u00eam atrav\u00e9s do presente requerer de V. Exa, em conformidade o art. 144, \u00a7 1\u00ba, II c/c art. 164, \u00a7 2\u00ba, do Regimento Interno desta egr\u00e9gia Casa, a inclus\u00e3o em REGIME DE URG\u00caNCIA ESPECIAL do Projeto de Lei n\u00ba 55/2019 de autoria do Chefe do Poder Executivo Municipal que \u201cDisp\u00f5e sobre a autoriza\u00e7\u00e3o do Poder Executivo a proceder a desafeta\u00e7\u00e3o e doa\u00e7\u00e3o de \u00e1rea urbana de propriedade do Munic\u00edpio \u00e0  Igreja Mundial do Poder de Deus e d\u00e1 outras provid\u00eancias\u201d."}, {"id": "1382", "ano": "2019", "numero": "156", "tipo__sigla": "REQ", "tipo__descricao": "Requerimento", "autoria": "CFO - Comiss\u00e3o de Finan\u00e7as e Or\u00e7amento, CLJR - Comiss\u00e3o de Legisla\u00e7\u00e3o, Justi\u00e7a e Reda\u00e7\u00e3o, CSPPMUC - Comiss\u00e3o de Servi\u00e7os e Pol\u00edticas P\u00fablicas Municipais, Urbanismo e Cidadania", "texto_original": "http://sapl.piumhi.mg.leg.br/media/sapl/public/materialegislativa/2019/1382/requerimento_no_156-2019.pdf", "ementa": "Os Membros da Comiss\u00e3o de Legisla\u00e7\u00e3o, Justi\u00e7a e Reda\u00e7\u00e3o e Comiss\u00e3o de Finan\u00e7as e Or\u00e7amento, que abaixo subscrevem, v\u00eam atrav\u00e9s do presente requerer de V. Exa, em conformidade o art. 144, \u00a7 1\u00ba, II c/c art. 164, \u00a7 2\u00ba, do Regimento Interno desta egr\u00e9gia Casa, a inclus\u00e3o em REGIME DE URG\u00caNCIA ESPECIAL do Projeto de Lei n\u00ba 60/2019 de autoria do Chefe do Poder Executivo Municipal que \u201cAltera o anexo I da Lei n\u00ba 2.314/2017, modificada pela Lei 2.353/2018, que \u201cDisp\u00f5e sobre o pagamento de di\u00e1rias de viagem a agentes pol\u00edticos e servidores municipais e d\u00e1 outras provid\u00eancias\u201d."}, {"id": "1383", "ano": "2019", "numero": "157", "tipo__sigla": "REQ", "tipo__descricao": "Requerimento", "autoria": "CFO - Comiss\u00e3o de Finan\u00e7as e Or\u00e7amento, CLJR - Comiss\u00e3o de Legisla\u00e7\u00e3o, Justi\u00e7a e Reda\u00e7\u00e3o, CSPPMUC - Comiss\u00e3o de Servi\u00e7os e Pol\u00edticas P\u00fablicas Municipais, Urbanismo e Cidadania", "texto_original": "http://sapl.piumhi.mg.leg.br/media/sapl/public/materialegislativa/2019/1383/requerimento_no_157-2019.pdf", "ementa": "Os Membros da Comiss\u00e3o de Legisla\u00e7\u00e3o, Justi\u00e7a e Reda\u00e7\u00e3o, Comiss\u00e3o de Finan\u00e7as e Or\u00e7amento e Comiss\u00e3o de Servi\u00e7os e Pol\u00edticas P\u00fablicas Municipais, Urbansimo e Cidadania, que abaixo subscrevem, v\u00eam atrav\u00e9s do presente requerer de V. Exa, em conformidade o art. 144, \u00a7 1\u00ba, II c/c art. 164, \u00a7 2\u00ba, do Regimento Interno desta egr\u00e9gia Casa, a inclus\u00e3o em REGIME DE URG\u00caNCIA ESPECIAL do Projeto de Lei n\u00ba 61/2019  de autoria do Chefe do Poder Executivo Municipal que \u201cRegulamenta a concess\u00e3o de hor\u00e1rio especial de trabalho ao servidor p\u00fablico com dependente portador de defici\u00eancia, no \u00e2mbito do Munic\u00edpio de Piumhi-MG e d\u00e1 outras provid\u00eancias\u201d."}, {"id": "1384", "ano": "2019", "numero": "158", "tipo__sigla": "REQ", "tipo__descricao": "Requerimento", "autoria": "CFO - Comiss\u00e3o de Finan\u00e7as e Or\u00e7amento, CLJR - Comiss\u00e3o de Legisla\u00e7\u00e3o, Justi\u00e7a e Reda\u00e7\u00e3o, CSPPMUC - Comiss\u00e3o de Servi\u00e7os e Pol\u00edticas P\u00fablicas Municipais, Urbanismo e Cidadania", "texto_original": "http://sapl.piumhi.mg.leg.br/media/sapl/public/materialegislativa/2019/1384/requerimento_no_158-2019.pdf", "ementa": "Os Membros da Comiss\u00e3o de Legisla\u00e7\u00e3o, Justi\u00e7a e Reda\u00e7\u00e3o, Comiss\u00e3o de Finan\u00e7as e Or\u00e7amento e Comiss\u00e3o de Servi\u00e7os e Pol\u00edticas P\u00fablicas Municipais, Urbansimo e Cidadania, que abaixo subscrevem, v\u00eam atrav\u00e9s do presente requerer de V. Exa, em conformidade o art. 144, \u00a7 1\u00ba, II c/c art. 164, \u00a7 2\u00ba, do Regimento Interno desta egr\u00e9gia Casa, a inclus\u00e3o em REGIME DE URG\u00caNCIA ESPECIAL do Projeto de Lei n\u00ba 62/2019  de autoria da Mesa Diretora do Poder Legislativo de Piumhi e do Vereador Jos\u00e9 Welington da Silva \u201cDisp\u00f5e sobre a cria\u00e7\u00e3o de Cart\u00e3o Alimenta\u00e7\u00e3o aos servidores p\u00fablicos da C\u00e2mara Municipal de Piumhi/MG, e d\u00e1 outras provid\u00eancias\u201d."}, {"id": "1385", "ano": "2019", "numero": "159", "tipo__sigla": "REQ", "tipo__descricao": "Requerimento", "autoria": "CFO - Comiss\u00e3o de Finan\u00e7as e Or\u00e7amento, CLJR - Comiss\u00e3o de Legisla\u00e7\u00e3o, Justi\u00e7a e Reda\u00e7\u00e3o, CSPPMUC - Comiss\u00e3o de Servi\u00e7os e Pol\u00edticas P\u00fablicas Municipais, Urbanismo e Cidadania", "texto_original": "http://sapl.piumhi.mg.leg.br/media/sapl/public/materialegislativa/2019/1385/requerimento_no_159-2019.pdf", "ementa": "Os Membros da Comiss\u00e3o de Legisla\u00e7\u00e3o, Justi\u00e7a e Reda\u00e7\u00e3o, Comiss\u00e3o de Finan\u00e7as e Or\u00e7amento e Comiss\u00e3o de Servi\u00e7os e Pol\u00edticas P\u00fablicas Municipais, Urbansimo e Cidadania, que abaixo subscrevem, v\u00eam atrav\u00e9s do presente requerer de V. Exa, em conformidade o art. 144, \u00a7 1\u00ba, II c/c art. 164, \u00a7 2\u00ba, do Regimento Interno desta egr\u00e9gia Casa, a inclus\u00e3o em REGIME DE URG\u00caNCIA ESPECIAL do Projeto de Lei n\u00ba 63/2019 de autoria do Chefe do Poder Executivo Municipal que \u201cDisp\u00f5e sobre cria\u00e7\u00e3o e denomina\u00e7\u00e3o do Centro Municipal de Educa\u00e7\u00e3o Infantil Andr\u00e9 Mour\u00e3o e d\u00e1 outras provid\u00eancias\u201d."}, {"id": "1386", "ano": "2019", "numero": "160", "tipo__sigla": "REQ", "tipo__descricao": "Requerimento", "autoria": "Ast\u00e9sio, Fernando Detetive, Gleisson Professor de Biologia, J\u00fanior Boi, Sargento Z\u00e9 Welington, Seabra da Farm\u00e1cia, Segundinho", "texto_original": "http://sapl.piumhi.mg.leg.br/media/sapl/public/materialegislativa/2019/1386/requerimento_no_160-2019.docx", "ementa": "Os Vereadores que abaixo subscrevem, no uso de suas atribui\u00e7\u00f5es regimentais, v\u00eam atrav\u00e9s do presente, requerer de V. Exa, em conformidade o art. 144, \u00a7 1\u00ba, I do Regimento Interno desta egr\u00e9gia Casa, que o Projeto de Lei Complementar n\u00ba 08/2019 de autoria do Chefe do Poder Executivo Municipal que \u201cDisp\u00f5e sobre altera\u00e7\u00e3o da Lei Complementar n\u00ba 52/2018, que Institui o Plano de Carreiras, de Cargos, e Vencimentos dos Servidores Municipais de Piumhi e d\u00e1 outras provid\u00eancias\u201d, seja deliberado em \u00fanica discuss\u00e3o e vota\u00e7\u00e3o na 43\u00aa Sess\u00e3o Ordin\u00e1ria a ser realizada no dia 09 de dezembro de 2019 (segunda-feira) \u00e0s 19h30, tendo em vista o cumprimento da pauta do legislativo, considerando o encerramento da 3\u00aa Sess\u00e3o Legislativa Ordin\u00e1ria previsto para o dia 15 de dezembro de 2019."}, {"id": "1387", "ano": "2019", "numero": "161", "tipo__sigla": "REQ", "tipo__descricao": "Requerimento", "autoria": "Ast\u00e9sio, Fernando Detetive, Gleisson Professor de Biologia, J\u00fanior Boi, Sargento Z\u00e9 Welington, Seabra da Farm\u00e1cia, Segundinho", "texto_original": "http://sapl.piumhi.mg.leg.br/media/sapl/public/materialegislativa/2019/1387/requerimento_no_161-2019.docx", "ementa": "Os Vereadores que abaixo subscrevem, no uso de suas atribui\u00e7\u00f5es regimentais, v\u00eam atrav\u00e9s do presente, requerer de V. Exa, em conformidade o art. 144, \u00a7 1\u00ba, I do Regimento Interno desta egr\u00e9gia Casa, que o Projeto de Lei Complementar n\u00ba 09/2019 de autoria do Chefe do Poder Executivo Municipal que \u201cDisp\u00f5e sobre altera\u00e7\u00e3o da Lei Complementar n\u00ba 52/2018, que Institui o Plano de Carreiras, de Cargos, e Vencimentos dos Servidores Municipais de Piumhi e d\u00e1 outras provid\u00eancias\u201d, seja deliberado em \u00fanica discuss\u00e3o e vota\u00e7\u00e3o na 43\u00aa Sess\u00e3o Ordin\u00e1ria a ser realizada no dia 09 de dezembro de 2019 (segunda-feira) \u00e0s 19h30, tendo em vista o cumprimento da pauta do legislativo, considerando o encerramento da 3\u00aa Sess\u00e3o Legislativa Ordin\u00e1ria previsto para o dia 15 de dezembro de 2019."}, {"id": "1388", "ano": "2019", "numero": "162", "tipo__sigla": "REQ", "tipo__descricao": "Requerimento", "autoria": "Ast\u00e9sio, Fernando Detetive, Gleisson Professor de Biologia, J\u00fanior Boi, Sargento Z\u00e9 Welington, Seabra da Farm\u00e1cia, Segundinho", "texto_original": "http://sapl.piumhi.mg.leg.br/media/sapl/public/materialegislativa/2019/1388/requerimento_no_162-2019.docx", "ementa": "Os Vereadores que abaixo subscrevem, no uso de suas atribui\u00e7\u00f5es regimentais, v\u00eam atrav\u00e9s do presente, requerer de V. Exa, em conformidade o art. 144, \u00a7 1\u00ba, I do Regimento Interno desta egr\u00e9gia Casa, que o Projeto de Lei Complementar n\u00ba 10/2019 de autoria do Chefe do Poder Executivo Municipal que \u201cDisp\u00f5e sobre altera\u00e7\u00e3o da Lei Complementar n\u00ba 52/2018, que Institui o Plano de Carreiras, de Cargos, e Vencimentos dos Servidores Municipais de Piumhi e d\u00e1 outras provid\u00eancias\u201d, seja deliberado em \u00fanica discuss\u00e3o e vota\u00e7\u00e3o na 43\u00aa Sess\u00e3o Ordin\u00e1ria a ser realizada no dia 09 de dezembro de 2019 (segunda-feira) \u00e0s 19h30, tendo em vista o cumprimento da pauta do legislativo, considerando o encerramento da 3\u00aa Sess\u00e3o Legislativa Ordin\u00e1ria previsto para o dia 15 de dezembro de 2019."}, {"id": "1389", "ano": "2019", "numero": "163", "tipo__sigla": "REQ", "tipo__descricao": "Requerimento", "autoria": "Ast\u00e9sio, Fernando Detetive, Gleisson Professor de Biologia, J\u00fanior Boi, Sargento Z\u00e9 Welington, Seabra da Farm\u00e1cia, Segundinho", "texto_original": "http://sapl.piumhi.mg.leg.br/media/sapl/public/materialegislativa/2019/1389/requerimento_no_163-2019.docx", "ementa": "Os Vereadores que abaixo subscrevem, no uso de suas atribui\u00e7\u00f5es regimentais, v\u00eam atrav\u00e9s do presente, requerer de V. Exa, em conformidade o art. 144, \u00a7 1\u00ba, I do Regimento Interno desta egr\u00e9gia Casa, que o Projeto de Lei Complementar n\u00ba 11/2019 de autoria do Chefe do Poder Executivo Municipal que \u201cAltera e acresce dispositivos \u00e0 Lei Complementar n\u00ba 51/2017 que disp\u00f5e sobre a Estrutura Organizacional e Administrativa do Munic\u00edpio de Piumhi e d\u00e1 outras provid\u00eancias\u201d, seja deliberado em \u00fanica discuss\u00e3o e vota\u00e7\u00e3o na 43\u00aa Sess\u00e3o Ordin\u00e1ria a ser realizada no dia 09 de dezembro de 2019 (segunda-feira) \u00e0s 19h30, tendo em vista o cumprimento da pauta do legislativo, considerando o encerramento da 3\u00aa Sess\u00e3o Legislativa Ordin\u00e1ria previsto para o dia 15 de dezembro de 2019."}, {"id": "1390", "ano": "2019", "numero": "164", "tipo__sigla": "REQ", "tipo__descricao": "Requerimento", "autoria": "Ast\u00e9sio, Fernando Detetive, Gleisson Professor de Biologia, J\u00fanior Boi, Sargento Z\u00e9 Welington, Seabra da Farm\u00e1cia, Segundinho", "texto_original": "http://sapl.piumhi.mg.leg.br/media/sapl/public/materialegislativa/2019/1390/requerimento_no_164-2019.docx", "ementa": "Os Vereadores que abaixo subscrevem, no uso de suas atribui\u00e7\u00f5es regimentais, v\u00eam atrav\u00e9s do presente, requerer de V. Exa, em conformidade o art. 144, \u00a7 1\u00ba, I do Regimento Interno desta egr\u00e9gia Casa, que o Projeto de Lei Complementar n\u00ba 12/2019 de autoria do Chefe do Poder Executivo Municipal que \u201cDisp\u00f5e sobre altera\u00e7\u00e3o da Lei Complementar n\u00ba 52/2018, que Institui o Plano de Carreiras, de Cargos, e Vencimentos dos Servidores Municipais de Piumhi e d\u00e1 outras provid\u00eancias\u201d, seja deliberado em \u00fanica discuss\u00e3o e vota\u00e7\u00e3o na 43\u00aa Sess\u00e3o Ordin\u00e1ria a ser realizada no dia 09 de dezembro de 2019 (segunda-feira) \u00e0s 19h30, tendo em vista o cumprimento da pauta do legislativo, considerando o encerramento da 3\u00aa Sess\u00e3o Legislativa Ordin\u00e1ria previsto para o dia 15 de dezembro de 2019."}, {"id": "1391", "ano": "2019", "numero": "165", "tipo__sigla": "REQ", "tipo__descricao": "Requerimento", "autoria": "Ast\u00e9sio, Fernando Detetive, Gleisson Professor de Biologia, J\u00fanior Boi, Sargento Z\u00e9 Welington, Seabra da Farm\u00e1cia, Segundinho", "texto_original": "http://sapl.piumhi.mg.leg.br/media/sapl/public/materialegislativa/2019/1391/requerimento_no_165-2019.docx", "ementa": "Os Vereadores que abaixo subscrevem, no uso de suas atribui\u00e7\u00f5es regimentais, v\u00eam atrav\u00e9s do presente, requerer de V. Exa, em conformidade o art. 144, \u00a7 1\u00ba, I do Regimento Interno desta egr\u00e9gia Casa, que o Projeto de Lei Complementar n\u00ba 13/2019 de autoria do Chefe do Poder Executivo Municipal que \u201cAltera e acresce dispositivos \u00e0 Lei Complementar n\u00ba 51/2017 que disp\u00f5e sobre a Estrutura Organizacional e Administrativa do Munic\u00edpio de Piumhi e d\u00e1 outras provid\u00eancias\u201d, seja deliberado em \u00fanica discuss\u00e3o e vota\u00e7\u00e3o na 43\u00aa Sess\u00e3o Ordin\u00e1ria a ser realizada no dia 09 de dezembro de 2019 (segunda-feira) \u00e0s 19h30, tendo em vista o cumprimento da pauta do legislativo, considerando o encerramento da 3\u00aa Sess\u00e3o Legislativa Ordin\u00e1ria previsto para o dia 15 de dezembro de 2019."}, {"id": "1437", "ano": "2019", "numero": "166", "tipo__sigla": "REQ", "tipo__descricao": "Requerimento", "autoria": "CFO - Comiss\u00e3o de Finan\u00e7as e Or\u00e7amento, CLJR - Comiss\u00e3o de Legisla\u00e7\u00e3o, Justi\u00e7a e Reda\u00e7\u00e3o", "texto_original": "http://sapl.piumhi.mg.leg.br/media/sapl/public/materialegislativa/2019/1437/requerimento_no_166-2019.pdf", "ementa": "A COMISS\u00c3O DE LEGISLA\u00c7\u00c3O, JUSTI\u00c7A E REDA\u00c7\u00c3O E COMISS\u00c3O DE FINAN\u00c7AS E OR\u00c7AMENTO, com fulcro no art. 49, \u00a7 3\u00ba, inciso II, do Regimento Interno, v\u00eam atrav\u00e9s deste, requerer de V. Exa que a an\u00e1lise e delibera\u00e7\u00e3o do Projeto de Lei Complementar n\u00b0 04/2019 de autoria do Chefe do Poder Executivo Municipal que \"Disp\u00f5e sobre a organiza\u00e7\u00e3o administrativa do Servi\u00e7o Aut\u00f4nomo de \u00c1gua e Esgoto de Piumhi - Minas Gerais, sua reestrutura\u00e7\u00e3o e a compet\u00eancia de seus \u00f3rg\u00e3os e sobre a reestrutura\u00e7\u00e3o do Plano de Carreiras, de Cargos e Vencimentos dos Servidores da Autarquia e d\u00e1 outras provid\u00eancias\u201d, protocolizado nesta Casa Legislativa em 21 de fevereiro de 2019 e da Mensagem Aditiva ao referido projeto, protocolizada em 22 de novembro de 2019, ocorra de forma conjunta entre estas Comiss\u00f5es Permanentes."}, {"id": "1438", "ano": "2019", "numero": "167", "tipo__sigla": "REQ", "tipo__descricao": "Requerimento", "autoria": "CFO - Comiss\u00e3o de Finan\u00e7as e Or\u00e7amento, CLJR - Comiss\u00e3o de Legisla\u00e7\u00e3o, Justi\u00e7a e Reda\u00e7\u00e3o, CSPPMUC - Comiss\u00e3o de Servi\u00e7os e Pol\u00edticas P\u00fablicas Municipais, Urbanismo e Cidadania", "texto_original": "http://sapl.piumhi.mg.leg.br/media/sapl/public/materialegislativa/2019/1438/requerimento_no_167-2019.pdf", "ementa": "A COMISS\u00c3O DE LEGISLA\u00c7\u00c3O, JUSTI\u00c7A E REDA\u00c7\u00c3O, COMISS\u00c3O DE FINAN\u00c7AS E OR\u00c7AMENTO E COMISS\u00c3O DE SERVI\u00c7OS E POL\u00cdTICAS P\u00daBLICAS MUNICIPAIS, URBANISMO E CIDADANIA, com fulcro no art. 49. \u00a7 3\u00ba, inciso II, do Regimento Interno, v\u00eam atrav\u00e9s deste, requerer de V. Exa que a an\u00e1lise e delibera\u00e7\u00e3o do Projeto de Lei n\u00b0 67/2019 de autoria do Chefe do Poder Executivo Municipal que \u201cInstitui o programa Adote um bem p\u00fablico no Munic\u00edpio de Piumhi e d\u00e1 outras provid\u00eancias\u201d, protocolizado nesta Casa Legislativa em 05 de dezembro de 2019, ocorra de forma conjunta entre estas Comiss\u00f5es Permanentes."}, {"id": "2567", "ano": "2019", "numero": "168", "tipo__sigla": "REQ", "tipo__descricao": "Requerimento", "autoria": "CLJR - Comiss\u00e3o de Legisla\u00e7\u00e3o, Justi\u00e7a e Reda\u00e7\u00e3o", "texto_original": "http://sapl.piumhi.mg.leg.br/media/sapl/public/materialegislativa/2019/2567/requerimento_no_168-2019.pdf", "ementa": "A COMISS\u00c3O DE LEGISLA\u00c7\u00c3O, JUSTI\u00c7A E REDA\u00c7\u00c3O, COMISS\u00c3O DE FINAN\u00c7AS E OR\u00c7AMENTO E COMISS\u00c3O DE SERVI\u00c7OS E POL\u00cdTICAS P\u00daBLICAS MUNICIPAIS, URBANISMO E CIDADANIA. com fulcro no art. 49, \u00a7 3\u00ba, inciso II, do Regimento Interno, v\u00eam atrav\u00e9s deste, requerer de V. Exa que a an\u00e1lise e delibera\u00e7\u00e3o do Projeto de Lei n\u00b0 68/2019 de autoria do Chefe do Poder Executivo Municipal que \u201cDisp\u00f5e sobre a Pol\u00edtica Municipal de Meio Ambiente, seus fins e mecanismo de formula\u00e7\u00e3o e aplica\u00e7\u00e3o, cria o Sistema Municipal de Meio Ambiente - SISMMA, estabelece o Licenciamento Ambiental Municipal de atividades e empreendimentos potencialmente causadores de polui\u00e7\u00e3o e/ou degrada\u00e7\u00e3o ambiental, especifica as san\u00e7\u00f5es aplic\u00e1veis \u00e0s condutas e atividades lesivas ao meio ambiente, e d\u00e1 outras providencias\u201d, protocolizado nesta Casa Legislativa em 10 de dezembro de 2019, ocorra de forma conjunta entre estas Comiss\u00f5es Permanentes."}, {"id": "2571", "ano": "2019", "numero": "169", "tipo__sigla": "REQ", "tipo__descricao": "Requerimento", "autoria": "CFO - Comiss\u00e3o de Finan\u00e7as e Or\u00e7amento, CLJR - Comiss\u00e3o de Legisla\u00e7\u00e3o, Justi\u00e7a e Reda\u00e7\u00e3o, CSPPMUC - Comiss\u00e3o de Servi\u00e7os e Pol\u00edticas P\u00fablicas Municipais, Urbanismo e Cidadania", "texto_original": "http://sapl.piumhi.mg.leg.br/media/sapl/public/materialegislativa/2019/2571/requerimento_no_169-2019.pdf", "ementa": "A COMISS\u00c3O DE LEGISLA\u00c7\u00c3O, JUSTI\u00c7A E REDA\u00c7\u00c3O, COMISS\u00c3O DE FINAN\u00c7AS E OR\u00c7AMENTO E COMISS\u00c3O DE SERVI\u00c7OS E POL\u00cdTICAS P\u00daBLICAS MUNICIPAIS, URBANISMO E CIDADANIA, com fulcro no art. 49, \u00a7 3\u00ba, inciso II, do Regimento Interno, v\u00eam atrav\u00e9s deste, requerer de V. Exa que a an\u00e1lise e delibera\u00e7\u00e3o do Projeto de Lei n\u00b0 69/2019 de autoria do Chefe do Poder Executivo Municipal que \u201cAutoriza a libera\u00e7\u00e3o de recursos, contribui\u00e7\u00f5es e aux\u00edlio financeiro no exerc\u00edcio financeiro de 2020 e d\u00e1 outras provid\u00eancias\u201d, protocolizado nesta Casa Legislativa em 12 de dezembro de 2019, ocorra de forma conjunta entre estas Comiss\u00f5es Permanentes."}, {"id": "2581", "ano": "2019", "numero": "170", "tipo__sigla": "REQ", "tipo__descricao": "Requerimento", "autoria": "CFO - Comiss\u00e3o de Finan\u00e7as e Or\u00e7amento, CLJR - Comiss\u00e3o de Legisla\u00e7\u00e3o, Justi\u00e7a e Reda\u00e7\u00e3o, CSPPMUC - Comiss\u00e3o de Servi\u00e7os e Pol\u00edticas P\u00fablicas Municipais, Urbanismo e Cidadania", "texto_original": "http://sapl.piumhi.mg.leg.br/media/sapl/public/materialegislativa/2019/2581/requerimento_no_170-2019.pdf", "ementa": "A COMISS\u00c3O DE LEGISLA\u00c7\u00c3O, JUSTI\u00c7A E REDA\u00c7\u00c3O, COMISS\u00c3O DE FINAN\u00c7AS E OR\u00c7AMENTO E COMISS\u00c3O DE SERVI\u00c7OS E POL\u00cdTICAS P\u00daBLICAS MUNICIPAIS, URBANISMO E CIDADANIA, com fulcro no art. 49, \u00a7 3\u00ba, inciso II, do Regimento Interno, v\u00eam atrav\u00e9s deste, requerer de V. Exa que a an\u00e1lise e delibera\u00e7\u00e3o do Projeto de Lei n\u00b0 70/2019 de autoria do Chefe do Poder Executivo Municipal que \u201cDisp\u00f5e sobre a desafeta\u00e7\u00e3o de bem p\u00fablico e autoriza\u00e7\u00e3o para doa\u00e7\u00e3o a APAE de Piumhi\u201d, protocolizado nesta Casa Legislativa em 13 de dezembro de 2019, ocorra de forma conjunta entre estas Comiss\u00f5es Permanentes."}, {"id": "2584", "ano": "2019", "numero": "171", "tipo__sigla": "REQ", "tipo__descricao": "Requerimento", "autoria": "CFO - Comiss\u00e3o de Finan\u00e7as e Or\u00e7amento, CLJR - Comiss\u00e3o de Legisla\u00e7\u00e3o, Justi\u00e7a e Reda\u00e7\u00e3o, CSPPMUC - Comiss\u00e3o de Servi\u00e7os e Pol\u00edticas P\u00fablicas Municipais, Urbanismo e Cidadania", "texto_original": "http://sapl.piumhi.mg.leg.br/media/sapl/public/materialegislativa/2019/2584/requerimento_no_171-2019.pdf", "ementa": "A COMISS\u00c3O DE LEGISLA\u00c7\u00c3O, JUSTI\u00c7A E REDA\u00c7\u00c3O, COMISS\u00c3O DE FINAN\u00c7AS E OR\u00c7AMENTO E COMISS\u00c3O DE SERVI\u00c7OS E POL\u00cdTICAS P\u00daBLICAS MUNICIPAIS, URBANISMO E CIDADANIA, com fulcro no art. 49. \u00a7 3\u00ba,inciso II, do Regimento Interno, v\u00eam atrav\u00e9s deste, requerer de V. Exa que a an\u00e1lise e delibera\u00e7\u00e3o do Projeto de Lei n\u00b0 71/2019 de autoria do Chefe do Poder Executivo Municipal que \u201cDisp\u00f5e sobre a desafeta\u00e7\u00e3o de bem p\u00fablico e autoriza\u00e7\u00e3o para doa\u00e7\u00e3o \u00e0 Ordem dos Advogados do Brasil - Se\u00e7\u00e3o de Minas Gerais - 77\u00aa Subse\u00e7\u00e3o de Piumhi e d\u00e1 outras provid\u00eancias\u201d, protocolizado nesta Casa Legislativa em 13 de dezembro de 2019. ocorra de forma conjunta entre estas Comiss\u00f5es Permanentes."}, {"id": "2587", "ano": "2019", "numero": "172", "tipo__sigla": "REQ", "tipo__descricao": "Requerimento", "autoria": "CFO - Comiss\u00e3o de Finan\u00e7as e Or\u00e7amento, CLJR - Comiss\u00e3o de Legisla\u00e7\u00e3o, Justi\u00e7a e Reda\u00e7\u00e3o, CSPPMUC - Comiss\u00e3o de Servi\u00e7os e Pol\u00edticas P\u00fablicas Municipais, Urbanismo e Cidadania", "texto_original": "http://sapl.piumhi.mg.leg.br/media/sapl/public/materialegislativa/2019/2587/requerimento_no_172-2019.pdf", "ementa": "A COMISS\u00c3O DE LEGISLA\u00c7\u00c3O, JUSTI\u00c7A E REDA\u00c7\u00c3O, COMISS\u00c3O DE FINAN\u00c7AS E OR\u00c7AMENTO E COMISS\u00c3O DE SERVI\u00c7OS E POL\u00cdTICAS P\u00daBLICAS MUNICIPAIS, URBANISMO E CIDADANIA, com fulcro no art. 49. \u00a7 3\u00ba, inciso II, do Regimento Interno, v\u00eam atrav\u00e9s deste, requerer de V. Exa que a an\u00e1lise e delibera\u00e7\u00e3o do Projeto de Lei n\u00b0 72/2019 de autoria do Chefe do Poder Executivo Municipal que \u201cDisp\u00f5e sobre a desafeta\u00e7\u00e3o de bem p\u00fablico e autoriza\u00e7\u00e3o para doa\u00e7\u00e3o \u00e0 Uni\u00e3o Federal e d\u00e1 outras provid\u00eancias\u2019', protocolizado nesta Casa Legislativa em 13 de dezembro de 2019, ocorra de forma conjunta entre estas Comiss\u00f5es Permanentes."}, {"id": "2590", "ano": "2019", "numero": "173", "tipo__sigla": "REQ", "tipo__descricao": "Requerimento", "autoria": "CFO - Comiss\u00e3o de Finan\u00e7as e Or\u00e7amento, CLJR - Comiss\u00e3o de Legisla\u00e7\u00e3o, Justi\u00e7a e Reda\u00e7\u00e3o, CSPPMUC - Comiss\u00e3o de Servi\u00e7os e Pol\u00edticas P\u00fablicas Municipais, Urbanismo e Cidadania", "texto_original": "http://sapl.piumhi.mg.leg.br/media/sapl/public/materialegislativa/2019/2590/requerimento_no_173-2019.pdf", "ementa": "COMISS\u00c3O DE LEGISLA\u00c7\u00c3O, JUSTI\u00c7A E REDA\u00c7\u00c3O, COMISS\u00c3O DE FINAN\u00c7AS E OR\u00c7AMENTO E COMISS\u00c3O DE SERVI\u00c7OS E POL\u00cdTICAS P\u00daBLICAS MUNICIPAIS, URBANISMO E CIDADANIA, com fulcro no art. 49. \u00a7 3\u00ba, inciso II. do Regimento Interno, v\u00eam atrav\u00e9s deste, requerer de V. Exa que a an\u00e1lise e delibera\u00e7\u00e3o do Projeto de Lei n\u00b0 73/2019 de autoria do Chefe do Poder Executivo Municipal que \u201cDisp\u00f5e sobre a desafeta\u00e7\u00e3o de bem p\u00fablico e autoriza\u00e7\u00e3o para doa\u00e7\u00e3o ao Lar S\u00e3o Francisco de Assis e d\u00e1 outras provid\u00eancias\u201d, protocolizado nesta Casa Legislativa em 13 de dezembro de 2019. ocorra de forma conjunta entre estas Comiss\u00f5es Permanentes."}, {"id": "1441", "ano": "2019", "numero": "174", "tipo__sigla": "REQ", "tipo__descricao": "Requerimento", "autoria": "Ast\u00e9sio, Fernando Detetive, Gleisson Professor de Biologia, Guininho do Man\u00e9, J\u00fanior Boi, Sargento Z\u00e9 Welington, Seabra da Farm\u00e1cia, Segundinho, Shirley da Educa\u00e7\u00e3o", "texto_original": "http://sapl.piumhi.mg.leg.br/media/sapl/public/materialegislativa/2019/1441/requerimento_no_174-2019.pdf", "ementa": "Considerando as raz\u00f5es que fundamentaram o requerimento de vista, consubstanciadas nas propostas de altera\u00e7\u00f5es do projeto apresentadas pelo Sindicato dos Servidores P\u00fablicos de Piumhi \u2013 SEMPRE e, tendo em vista serem em sua maioria de inciativa exclusiva do Chefe do Poder Executivo Municipal, n\u00e3o cabendo, portanto, a propositura de emendas por esta Casa Legislativa, os Vereadores que este subscrevem, requerem de V. Exa, em conformidade o art. 144, \u00a7 1\u00ba, II c/c art. 164, \u00a7 2\u00ba, do Regimento Interno desta egr\u00e9gia Casa, a inclus\u00e3o em REGIME DE URG\u00caNCIA ESPECIAL do Projeto de Lei n\u00ba 61/2019 de autoria do Chefe do Poder Executivo Municipal que \u201cRegulamenta a concess\u00e3o de hor\u00e1rio especial de trabalho ao servidor p\u00fablico com dependente portador de defici\u00eancia, no \u00e2mbito do Munic\u00edpio de Piumhi-MG e d\u00e1 outras provid\u00eancias\u201d, para delibera\u00e7\u00e3o em \u00fanica discuss\u00e3o e vota\u00e7\u00e3o na Sess\u00e3o Extraordin\u00e1ria a ser designada por Vossa Excel\u00eancia."}, {"id": "1442", "ano": "2019", "numero": "175", "tipo__sigla": "REQ", "tipo__descricao": "Requerimento", "autoria": "CFO - Comiss\u00e3o de Finan\u00e7as e Or\u00e7amento, CLJR - Comiss\u00e3o de Legisla\u00e7\u00e3o, Justi\u00e7a e Reda\u00e7\u00e3o, CSPPMUC - Comiss\u00e3o de Servi\u00e7os e Pol\u00edticas P\u00fablicas Municipais, Urbanismo e Cidadania", "texto_original": "http://sapl.piumhi.mg.leg.br/media/sapl/public/materialegislativa/2019/1442/requerimento_no_175-2019.pdf", "ementa": "Os Membros da Comiss\u00e3o de Legisla\u00e7\u00e3o, Justi\u00e7a e Reda\u00e7\u00e3o, Comiss\u00e3o de Finan\u00e7as e Or\u00e7amento e Comiss\u00e3o de Servi\u00e7os e Pol\u00edticas P\u00fablicas Municipais, Urbansimo e Cidadania, que abaixo subscrevem, v\u00eam atrav\u00e9s do presente requerer de V. Exa, em conformidade o art. 144, \u00a7 1\u00ba, II c/c art. 164, \u00a7 2\u00ba, do Regimento Interno desta egr\u00e9gia Casa, a inclus\u00e3o em REGIME DE URG\u00caNCIA ESPECIAL do Projeto de Lei n\u00ba 56/2019/Mensagem Aditiva de autoria do Chefe do Poder Executivo Municipal que \u201cDisp\u00f5e sobre desafeta\u00e7\u00e3o e permuta de bem p\u00fablico e d\u00e1 outras provid\u00eancias\u201d."}, {"id": "1443", "ano": "2019", "numero": "176", "tipo__sigla": "REQ", "tipo__descricao": "Requerimento", "autoria": "CFO - Comiss\u00e3o de Finan\u00e7as e Or\u00e7amento, CLJR - Comiss\u00e3o de Legisla\u00e7\u00e3o, Justi\u00e7a e Reda\u00e7\u00e3o, CSPPMUC - Comiss\u00e3o de Servi\u00e7os e Pol\u00edticas P\u00fablicas Municipais, Urbanismo e Cidadania", "texto_original": "http://sapl.piumhi.mg.leg.br/media/sapl/public/materialegislativa/2019/1443/requerimento_no_176-2019.pdf", "ementa": "Os Membros da Comiss\u00e3o de Legisla\u00e7\u00e3o, Justi\u00e7a e Reda\u00e7\u00e3o, Comiss\u00e3o de Finan\u00e7as e Or\u00e7amento e Comiss\u00e3o de Servi\u00e7os e Pol\u00edticas P\u00fablicas Municipais, Urbansimo e Cidadania, que abaixo subscrevem, v\u00eam atrav\u00e9s do presente requerer de V. Exa, em conformidade o art. 144, \u00a7 1\u00ba, II c/c art. 164, \u00a7 2\u00ba, do Regimento Interno desta egr\u00e9gia Casa, a inclus\u00e3o em REGIME DE URG\u00caNCIA ESPECIAL do Projeto de Lei n\u00ba 67/2019 de autoria do Chefe do Poder Executivo Municipal que \u201cInstitui o programa Adote um bem p\u00fablico no Munic\u00edpio de Piumhi e d\u00e1 outras provid\u00eancias\u201d."}, {"id": "1444", "ano": "2019", "numero": "177", "tipo__sigla": "REQ", "tipo__descricao": "Requerimento", "autoria": "CFO - Comiss\u00e3o de Finan\u00e7as e Or\u00e7amento, CLJR - Comiss\u00e3o de Legisla\u00e7\u00e3o, Justi\u00e7a e Reda\u00e7\u00e3o, CSPPMUC - Comiss\u00e3o de Servi\u00e7os e Pol\u00edticas P\u00fablicas Municipais, Urbanismo e Cidadania", "texto_original": "http://sapl.piumhi.mg.leg.br/media/sapl/public/materialegislativa/2019/1444/requerimento_no_177-2019.pdf", "ementa": "Os Membros da Comiss\u00e3o de Legisla\u00e7\u00e3o, Justi\u00e7a e Reda\u00e7\u00e3o, Comiss\u00e3o de Finan\u00e7as e Or\u00e7amento e Comiss\u00e3o de Servi\u00e7os e Pol\u00edticas P\u00fablicas Municipais, Urbansimo e Cidadania, que abaixo subscrevem, v\u00eam atrav\u00e9s do presente requerer de V. Exa, em conformidade o art. 144, \u00a7 1\u00ba, II c/c art. 164, \u00a7 2\u00ba, do Regimento Interno desta egr\u00e9gia Casa, a inclus\u00e3o em REGIME DE URG\u00caNCIA ESPECIAL do Projeto de Lei n\u00ba 68/2019 de autoria do Chefe do Poder Executivo Municipal que \u201cDisp\u00f5e sobre a Pol\u00edtica Municipal de Meio Ambiente, seus fins e mecanismo de formula\u00e7\u00e3o e aplica\u00e7\u00e3o, cria o Sistema Municipal de Meio Ambiente - SISMMA, estabelece o Licenciamento Ambiental Municipal de atividades e empreendimentos potencialmente causadores de polui\u00e7\u00e3o e/ou degrada\u00e7\u00e3o ambiental, especifica as san\u00e7\u00f5es aplic\u00e1veis \u00e0s condutas e atividades lesivas ao meio ambiente, e d\u00e1 outras providencias\u201d."}, {"id": "1445", "ano": "2019", "numero": "178", "tipo__sigla": "REQ", "tipo__descricao": "Requerimento", "autoria": "CFO - Comiss\u00e3o de Finan\u00e7as e Or\u00e7amento, CLJR - Comiss\u00e3o de Legisla\u00e7\u00e3o, Justi\u00e7a e Reda\u00e7\u00e3o, CSPPMUC - Comiss\u00e3o de Servi\u00e7os e Pol\u00edticas P\u00fablicas Municipais, Urbanismo e Cidadania", "texto_original": "http://sapl.piumhi.mg.leg.br/media/sapl/public/materialegislativa/2019/1445/requerimento_no_178-2019.pdf", "ementa": "Os Membros da Comiss\u00e3o de Legisla\u00e7\u00e3o, Justi\u00e7a e Reda\u00e7\u00e3o, Comiss\u00e3o de Finan\u00e7as e Or\u00e7amento e Comiss\u00e3o de Servi\u00e7os e Pol\u00edticas P\u00fablicas Municipais, Urbansimo e Cidadania, que abaixo subscrevem, v\u00eam atrav\u00e9s do presente requerer de V. Exa, em conformidade o art. 144, \u00a7 1\u00ba, II c/c art. 164, \u00a7 2\u00ba, do Regimento Interno desta egr\u00e9gia Casa, a inclus\u00e3o em REGIME DE URG\u00caNCIA ESPECIAL do Projeto de Lei n\u00ba 69/2019 de autoria do Chefe do Poder Executivo Municipal que \u201cAutoriza a libera\u00e7\u00e3o de recursos, contribui\u00e7\u00f5es e aux\u00edlio financeiro no exerc\u00edcio financeiro de 2020 e d\u00e1 outras provid\u00eancias\u201d."}, {"id": "1446", "ano": "2019", "numero": "179", "tipo__sigla": "REQ", "tipo__descricao": "Requerimento", "autoria": "CFO - Comiss\u00e3o de Finan\u00e7as e Or\u00e7amento, CLJR - Comiss\u00e3o de Legisla\u00e7\u00e3o, Justi\u00e7a e Reda\u00e7\u00e3o, CSPPMUC - Comiss\u00e3o de Servi\u00e7os e Pol\u00edticas P\u00fablicas Municipais, Urbanismo e Cidadania", "texto_original": "http://sapl.piumhi.mg.leg.br/media/sapl/public/materialegislativa/2019/1446/requerimento_no_179-2019.pdf", "ementa": "Os Membros da Comiss\u00e3o de Legisla\u00e7\u00e3o, Justi\u00e7a e Reda\u00e7\u00e3o, Comiss\u00e3o de Finan\u00e7as e Or\u00e7amento e Comiss\u00e3o de Servi\u00e7os e Pol\u00edticas P\u00fablicas Municipais, Urbansimo e Cidadania, que abaixo subscrevem, v\u00eam atrav\u00e9s do presente requerer de V. Exa, em conformidade o art. 144, \u00a7 1\u00ba, II c/c art. 164, \u00a7 2\u00ba, do Regimento Interno desta egr\u00e9gia Casa, a inclus\u00e3o em REGIME DE URG\u00caNCIA ESPECIAL do Projeto de Lei n\u00ba 70/2019 de autoria do Chefe do Poder Executivo Municipal que \u201cDisp\u00f5e sobre a desafeta\u00e7\u00e3o de bem p\u00fablico e autoriza\u00e7\u00e3o para doa\u00e7\u00e3o a APAE de Piumhi\u201d."}, {"id": "1447", "ano": "2019", "numero": "180", "tipo__sigla": "REQ", "tipo__descricao": "Requerimento", "autoria": "CFO - Comiss\u00e3o de Finan\u00e7as e Or\u00e7amento, CLJR - Comiss\u00e3o de Legisla\u00e7\u00e3o, Justi\u00e7a e Reda\u00e7\u00e3o, CSPPMUC - Comiss\u00e3o de Servi\u00e7os e Pol\u00edticas P\u00fablicas Municipais, Urbanismo e Cidadania", "texto_original": "http://sapl.piumhi.mg.leg.br/media/sapl/public/materialegislativa/2019/1447/requerimento_no_180-2019.pdf", "ementa": "Os Membros da Comiss\u00e3o de Legisla\u00e7\u00e3o, Justi\u00e7a e Reda\u00e7\u00e3o, Comiss\u00e3o de Finan\u00e7as e Or\u00e7amento e Comiss\u00e3o de Servi\u00e7os e Pol\u00edticas P\u00fablicas Municipais, Urbansimo e Cidadania, que abaixo subscrevem, v\u00eam atrav\u00e9s do presente requerer de V. Exa, em conformidade o art. 144, \u00a7 1\u00ba, II c/c art. 164, \u00a7 2\u00ba, do Regimento Interno desta egr\u00e9gia Casa, a inclus\u00e3o em REGIME DE URG\u00caNCIA ESPECIAL do Projeto de Lei n\u00ba 71/2019 de autoria do Chefe do Poder Executivo Municipal que \u201cDisp\u00f5e sobre a desafeta\u00e7\u00e3o de bem p\u00fablico e autoriza\u00e7\u00e3o para doa\u00e7\u00e3o \u00e0 Ordem dos Advogados do Brasil \u2013 Se\u00e7\u00e3o de Minas Gerais \u2013 77\u00aa Subse\u00e7\u00e3o de Piumhi e d\u00e1 outras provid\u00eancias\u201d."}, {"id": "1448", "ano": "2019", "numero": "181", "tipo__sigla": "REQ", "tipo__descricao": "Requerimento", "autoria": "CFO - Comiss\u00e3o de Finan\u00e7as e Or\u00e7amento, CLJR - Comiss\u00e3o de Legisla\u00e7\u00e3o, Justi\u00e7a e Reda\u00e7\u00e3o, CSPPMUC - Comiss\u00e3o de Servi\u00e7os e Pol\u00edticas P\u00fablicas Municipais, Urbanismo e Cidadania", "texto_original": "http://sapl.piumhi.mg.leg.br/media/sapl/public/materialegislativa/2019/1448/requerimento_no_181-2019.pdf", "ementa": "Os Membros da Comiss\u00e3o de Legisla\u00e7\u00e3o, Justi\u00e7a e Reda\u00e7\u00e3o, Comiss\u00e3o de Finan\u00e7as e Or\u00e7amento e Comiss\u00e3o de Servi\u00e7os e Pol\u00edticas P\u00fablicas Municipais, Urbansimo e Cidadania, que abaixo subscrevem, v\u00eam atrav\u00e9s do presente requerer de V. Exa, em conformidade o art. 144, \u00a7 1\u00ba, II c/c art. 164, \u00a7 2\u00ba, do Regimento Interno desta egr\u00e9gia Casa, a inclus\u00e3o em REGIME DE URG\u00caNCIA ESPECIAL do Projeto de Lei n\u00ba 72/2019 de autoria do Chefe do Poder Executivo Municipal que \u201cDisp\u00f5e sobre a desafeta\u00e7\u00e3o de bem p\u00fablico e autoriza\u00e7\u00e3o para doa\u00e7\u00e3o \u00e0 Uni\u00e3o Federal e d\u00e1 outras provid\u00eancias\u201d."}, {"id": "1449", "ano": "2019", "numero": "182", "tipo__sigla": "REQ", "tipo__descricao": "Requerimento", "autoria": "CFO - Comiss\u00e3o de Finan\u00e7as e Or\u00e7amento, CLJR - Comiss\u00e3o de Legisla\u00e7\u00e3o, Justi\u00e7a e Reda\u00e7\u00e3o, CSPPMUC - Comiss\u00e3o de Servi\u00e7os e Pol\u00edticas P\u00fablicas Municipais, Urbanismo e Cidadania", "texto_original": "http://sapl.piumhi.mg.leg.br/media/sapl/public/materialegislativa/2019/1449/requerimento_no_182-2019.pdf", "ementa": "Os Membros da Comiss\u00e3o de Legisla\u00e7\u00e3o, Justi\u00e7a e Reda\u00e7\u00e3o, Comiss\u00e3o de Finan\u00e7as e Or\u00e7amento e Comiss\u00e3o de Servi\u00e7os e Pol\u00edticas P\u00fablicas Municipais, Urbansimo e Cidadania, que abaixo subscrevem, v\u00eam atrav\u00e9s do presente requerer de V. Exa, em conformidade o art. 144, \u00a7 1\u00ba, II c/c art. 164, \u00a7 2\u00ba, do Regimento Interno desta egr\u00e9gia Casa, a inclus\u00e3o em REGIME DE URG\u00caNCIA ESPECIAL do Projeto de Lei n\u00ba 73/2019 de autoria do Chefe do Poder Executivo Municipal que \u201cDisp\u00f5e sobre a desafeta\u00e7\u00e3o de bem p\u00fablico e autoriza\u00e7\u00e3o para doa\u00e7\u00e3o ao Lar S\u00e3o Francisco de Assis e d\u00e1 outras provid\u00eancias\u201d."}, {"id": "1450", "ano": "2019", "numero": "183", "tipo__sigla": "REQ", "tipo__descricao": "Requerimento", "autoria": "J\u00fanior Boi, Sargento Z\u00e9 Welington, Seabra da Farm\u00e1cia", "texto_original": "http://sapl.piumhi.mg.leg.br/media/sapl/public/materialegislativa/2019/1450/requerimento_no_183-2019.pdf", "ementa": "Os Vereadores que abaixo subscrevem, no uso de suas atribui\u00e7\u00f5es regimentais, v\u00eam atrav\u00e9s do presente, requerer de V. Exa, em conformidade o art. 144, \u00a7 1\u00ba, I do Regimento Interno desta egr\u00e9gia Casa, que o Projeto de Lei Complementar n\u00ba 04/2019/Mensagem Aditiva de autoria do Chefe do Poder Executivo Municipal que \u201cDisp\u00f5e sobre a organiza\u00e7\u00e3o administrativa do Servi\u00e7o Aut\u00f4nomo de \u00c1gua e Esgoto de Piumhi \u2013 Minas Gerais, sua reestrutura\u00e7\u00e3o e a compet\u00eancia de seus \u00f3rg\u00e3os e sobre a reestrutura\u00e7\u00e3o do Plano de Carreiras, de Cargos e Vencimentos dos Servidores da Autarquia e d\u00e1 outras provid\u00eancias\u201d, seja deliberado em \u00fanica discuss\u00e3o e vota\u00e7\u00e3o na Sess\u00e3o Extraordin\u00e1ria a ser designada por Vossa Excel\u00eancia, tendo em vista o cumprimento da pauta do legislativo, considerando o in\u00edcio do recesso parlamentar no dia 16/12/2019 com t\u00e9rmino no dia 31/01/2020."}, {"id": "834", "ano": "2019", "numero": "1", "tipo__sigla": "REQAC", "tipo__descricao": "Requerimento - Assessoria Cont\u00e1bil", "autoria": "Assessoria Cont\u00e1bil - ASCONT", "texto_original": "http://sapl.piumhi.mg.leg.br/media/sapl/public/materialegislativa/2019/834/requerimento_mo_01_-_2019_contabili.pdf", "ementa": "Tendo em vista a necessidade de proceder com o Parecer Cont\u00e1bil referente ao Projeto de Lei Complementar n\u00b0 04/2019 de autoria do Chefe do Poder\r\nExecutivo Municipal que \u201cDisp\u00f5e sobre a organiza\u00e7\u00e3o administrativa do Servi\u00e7o Aut\u00f4nomo de Agua e Esgoto de Piumhi - Minas Gerais, sua reestrutura\u00e7\u00e3o e a compet\u00eancia de seus \u00f3rg\u00e3os e sobre a reestrutura\u00e7\u00e3o do Plano de Carreiras, de Cargos e Vencimentos dos Servidores da Autarquia e d\u00e1 outras provid\u00eancias\u2019' e devido a quest\u00e3o relevante e que implica melhor an\u00e1lise da mat\u00e9ria, requeiro de V. Exa a prorroga\u00e7\u00e3o do prazo por mais 10 (dez) dias \u00fateis, nos termos do art. 60, \u00a7 2\u00ba do Regimento Interno. Termos em que pede e espera deferimento."}, {"id": "906", "ano": "2019", "numero": "2", "tipo__sigla": "REQAC", "tipo__descricao": "Requerimento - Assessoria Cont\u00e1bil", "autoria": "Assessoria Cont\u00e1bil - ASCONT", "texto_original": "http://sapl.piumhi.mg.leg.br/media/sapl/public/materialegislativa/2019/906/requerimento_no_02_-_2019_contabili.pdf", "ementa": "\"Autoriza o Munic\u00edpio de Piumhi a celebrar conv\u00eanio com o Munic\u00edpio de Capit\u00f3lio e d\u00e1 outras provid\u00eancias\u201d"}, {"id": "1201", "ano": "2019", "numero": "3", "tipo__sigla": "REQAC", "tipo__descricao": "Requerimento - Assessoria Cont\u00e1bil", "autoria": "Assessoria Cont\u00e1bil - ASCONT", "texto_original": "http://sapl.piumhi.mg.leg.br/media/sapl/public/materialegislativa/2019/1201/requerimento_no_03-2019_-_assessoria_contabil.pdf", "ementa": "Tendo em vista a necessidade de proceder com o Parecer Cont\u00e1bil referente ao Projeto de Lei Complementar n\u00b0 06/2019 de autoria do Chefe do Poder Executivo Municipal que \"Altera Dispositivo da Lei Complementar n\u00b0 34/2013 que Disp\u00f5e sobre a concess\u00e3o de incentivos fiscais e econ\u00f4micos a empresas que vierem a se instalar ou expandir no Munic\u00edpio de Piumhi/MG e d\u00e1 outras provid\u00eancias\u201d e devido a quest\u00e3o relevante e que implica melhor an\u00e1lise da mat\u00e9ria, requeiro de V. Exa a prorroga\u00e7\u00e3o do prazo por mais 10 (dez) dias \u00fateis, nos termos do art. 60, \u00a7 2\u00ba do Regimento Interno."}, {"id": "1483", "ano": "2019", "numero": "4", "tipo__sigla": "REQAC", "tipo__descricao": "Requerimento - Assessoria Cont\u00e1bil", "autoria": "Assessoria Cont\u00e1bil - ASCONT", "texto_original": "http://sapl.piumhi.mg.leg.br/media/sapl/public/materialegislativa/2019/1483/requerimento_no_04-2019.pdf", "ementa": "Tendo em vista a necessidade de proceder com o Parecer Cont\u00e1bil referente ao Projeto de Lei n\u00b0 27/2019 de autoria do Chefe do Poder Executivo Municipal que \"Disp\u00f5e sobre a antecipa\u00e7\u00e3o de 50% (cinquenta por cento) do 13\u00b0 sal\u00e1rio aos servidores p\u00fablicos, ativos, inativos, pensionistas e Secret\u00e1rios da Administra\u00e7\u00e3o Direta Municipal e do Servi\u00e7o Aut\u00f4nomo de \u00c1gua e Esgoto e d\u00e1 outras provid\u00eancias\u201d e devido a quest\u00e3o relevante e que implica melhor an\u00e1lise da mat\u00e9ria, requeiro de V. Exa a prorroga\u00e7\u00e3o do pra/.o por mais 10 (dez) dias \u00fateis, nos termos do art. 60, \u00a7 2\u00ba do Regimento Interno. Termos em que pede e espera deferimento."}, {"id": "1488", "ano": "2019", "numero": "5", "tipo__sigla": "REQAC", "tipo__descricao": "Requerimento - Assessoria Cont\u00e1bil", "autoria": "Assessoria Cont\u00e1bil - ASCONT", "texto_original": "http://sapl.piumhi.mg.leg.br/media/sapl/public/materialegislativa/2019/1488/requerimento_no_05-2019.pdf", "ementa": "Tendo em vista a necessidade de proceder com o Parecer Cont\u00e1bil referente ao Projeto de Lei n\u00b0 28/2019 de autoria do Chefe do Poder Executivo Municipal que \"Disp\u00f5e sobre o pagamento do 13\u00b0 sal\u00e1rio aos Agentes Pol\u00edticos do Munic\u00edpio de Piumhi e d\u00e1 outras provid\u00eancias\u201d e devido a quest\u00e3o relevante e que implica melhor an\u00e1lise da mat\u00e9ria, requeiro de V. Exa a prorroga\u00e7\u00e3o do prazo por mais 10 (dez) dias \u00fateis, nos termos do art. 60, \u00a7 2\u00ba do Regimento Interno. Termos em que pede e espera deferimento."}, {"id": "1269", "ano": "2019", "numero": "9", "tipo__sigla": "REQAC", "tipo__descricao": "Requerimento - Assessoria Cont\u00e1bil", "autoria": "Assessoria Cont\u00e1bil - ASCONT", "texto_original": "http://sapl.piumhi.mg.leg.br/media/sapl/public/materialegislativa/2019/1269/requerimento_no_09-2019.pdf", "ementa": "Tendo em vista a necessidade de proceder com o Parecer Cont\u00e1bil referente ao Projeto de Lei n\u00b0 37/2019 de autoria do Chefe do Poder Executivo Municipal que \u201cAutoriza a celebra\u00e7\u00e3o de Conv\u00eanio de Coopera\u00e7\u00e3o entre o Munic\u00edpio de Piumhi, com a interven\u00e7\u00e3o do Servi\u00e7o Aut\u00f4nomo de \u00c1gua e Esgoto, e a Ag\u00eancia Reguladora Intermunicipal de Saneamento B\u00e1sico de Minas Gerais - ARISB-MG para regula\u00e7\u00e3o e fiscaliza\u00e7\u00e3o dos servi\u00e7os de saneamento b\u00e1sico, e d\u00e1 outras provid\u00eancias\u201d e devido a quest\u00e3o relevante e que implica melhor an\u00e1lise da mat\u00e9ria, requeiro de V. Exa a prorroga\u00e7\u00e3o do prazo por mais 10 (dez) dias \u00fateis, nos termos do art. 60. \u00a7 2\u00ba do Regimento Interno. Termos em que pede e espera deferimento."}, {"id": "2477", "ano": "2019", "numero": "10", "tipo__sigla": "REQAC", "tipo__descricao": "Requerimento - Assessoria Cont\u00e1bil", "autoria": "Assessoria Cont\u00e1bil - ASCONT", "texto_original": "http://sapl.piumhi.mg.leg.br/media/sapl/public/materialegislativa/2019/2477/requerimento_assessoria_contabil_10-2019.pdf", "ementa": "Tendo em vista a necessidade de proceder com o Parecer Cont\u00e1bil referente ao Projeto de Lei n\u00b0 45/2019 de autoria do Chefe do Poder Executivo Municipal que \u201cAutoriza o Poder Executivo Municipal a conceder a t\u00edtulo oneroso ou gratuito, a pessoas f\u00edsicas ou jur\u00eddicas, o uso e ocupa\u00e7\u00e3o de bens municipais para fins de realiza\u00e7\u00e3o de eventos c/ou explora\u00e7\u00e3o econ\u00f4mica, mediante os instrumentos da permiss\u00e3o e concess\u00e3o e d\u00e1 outras provid\u00eancias\u201d e devido a quest\u00e3o relevante e que implica melhor an\u00e1lise da mat\u00e9ria, requeiro de V. Exa a prorroga\u00e7\u00e3o do prazo por mais 10 (dez) dias \u00fateis, nos termos do art. 60, \u00a7 2\u00ba do Regimento Interno. Termos cm que pede e espera deferimento."}, {"id": "955", "ano": "2019", "numero": "1", "tipo__sigla": "REQAJ", "tipo__descricao": "Requerimento - Assessoria Jur\u00eddica", "autoria": "Assessoria Jur\u00eddica - ASJUR", "texto_original": "http://sapl.piumhi.mg.leg.br/media/sapl/public/materialegislativa/2019/955/requerimento_juridico_no_01_-_2019i.pdf", "ementa": "Tendo em vista a necessidade de proceder com o Parecer Jur\u00eddico referente ao Projeto de Lei Complementar n\u00b0 04/2019 de autoria do Chefe do Poder Executivo Municipal que \u201cDisp\u00f5e sobre a organiza\u00e7\u00e3o administrativa do Servi\u00e7o Aut\u00f3nomo de Agua e Esgoto de Piumhi - Minas Gerais, sua reestrutura\u00e7\u00e3o e a compet\u00eancia de seus \u00f3rg\u00e3os e sobre a reestrutura\u00e7\u00e3o do Plano de Carreiras, de Cargos e Vencimentos dos Servidores da Autarquia e d\u00e1 outras provid\u00eancias\u201d e devido a quest\u00e3o relevante e que implica melhor an\u00e1lise da mat\u00e9ria, requeremos de V. Exa a prorroga\u00e7\u00e3o do prazo por mais 10 (dez) dias \u00fateis, nos termos do art. 60, \u00a7 2\u00ba do Regimento Interno. Termos em que pede e espera deferimento."}, {"id": "1502", "ano": "2019", "numero": "2", "tipo__sigla": "REQAJ", "tipo__descricao": "Requerimento - Assessoria Jur\u00eddica", "autoria": "Assessoria Jur\u00eddica - ASJUR", "texto_original": "http://sapl.piumhi.mg.leg.br/media/sapl/public/materialegislativa/2019/1502/requerimento_no_02-2019.pdf", "ementa": "Tendo em vista a necessidade de proceder com o Parecer Jur\u00eddico referente ao Projeto de Lei n\u00b0 32/2019 de autoria dos Vereadores do Poder Legislativo de Piumhi que \u201cDeclara como de utilidade p\u00fablica municipal a Associa\u00e7\u00e3o Atl\u00e9tica Banco do Brasil - AABB Piumhi - e d\u00e1 outras provid\u00eancias\u201d e diante da necessidade de juntada de novos documentos, requeremos de V. Exa a prorroga\u00e7\u00e3o do prazo por mais 10 (dez) dias \u00fateis, nos termos do art. 60, \u00a7 2\u00ba do Regimento Interno. Termos cm que pede e espera deferimento."}, {"id": "1509", "ano": "2019", "numero": "3", "tipo__sigla": "REQAJ", "tipo__descricao": "Requerimento - Assessoria Jur\u00eddica", "autoria": "Assessoria Jur\u00eddica - ASJUR", "texto_original": "http://sapl.piumhi.mg.leg.br/media/sapl/public/materialegislativa/2019/1509/requerimento_no_03-2019.pdf", "ementa": "Tendo em vista a apresenta\u00e7\u00e3o de Emenda pelos autores do Projeto de Lei n\u00b0 34/2019 que \u201cInstitui no \u00e2mbito municipal de Piumhi-MG o \u201cPr\u00eamio Boina de Ouro - Policial Nota 10\u201d, e d\u00e1 outras provid\u00eancias\u201d, a qual necessita de leitura na 23\u00aa Sess\u00e3o Ordin\u00e1ria que ser\u00e1 realizada no dia 08/07/2019 e posterior an\u00e1lise e emiss\u00e3o de Parecer Jur\u00eddico, requeremos de V. Exa a prorroga\u00e7\u00e3o do prazo por mais 10 (dez) dias \u00fateis, para emiss\u00e3o de Parecer Jur\u00eddico, nos termos do art. 60, \u00a7 2\u00ba do Regimento Interno. Termos em que pede e espera deferimento."}, {"id": "1172", "ano": "2019", "numero": "4", "tipo__sigla": "REQAJ", "tipo__descricao": "Requerimento - Assessoria Jur\u00eddica", "autoria": "Assessoria Jur\u00eddica - ASJUR", "texto_original": "http://sapl.piumhi.mg.leg.br/media/sapl/public/materialegislativa/2019/1172/requerimento_no_04-2019.pdf", "ementa": "Requerimento solicitando prorroga\u00e7\u00e3o do prazo por mais 10 (dez) dias \u00fateis, do Parecer Jur\u00eddico referente ao Projeto de Resolu\u00e7\u00e3o n\u00ba 05/2019."}, {"id": "915", "ano": "2019", "numero": "1", "tipo__sigla": "VETO", "tipo__descricao": "Veto", "autoria": "Chefe do Poder Executivo Municipal", "texto_original": "http://sapl.piumhi.mg.leg.br/media/sapl/public/materialegislativa/2019/915/oficio_no_97_-_2019i.pdf", "ementa": "Encaminho a Vossa Excel\u00eancia Mensagem de Veto 01/2019 referente \u00e0 Proposi\u00e7\u00e3o de Lei 10/2019, que disp\u00f5e sobre o acesso gratuito de pessoas com defici\u00eancia em eventos esportivos e socioculturais no \u00e2mbito do Munic\u00edpio de Piumhi."}]}